{"id":96723,"date":"2017-09-05T11:14:32","date_gmt":"2017-09-05T09:14:32","guid":{"rendered":"http:\/\/batijournal.com\/?p=96723"},"modified":"2019-07-15T12:13:10","modified_gmt":"2019-07-15T10:13:10","slug":"premier-ministre-edouard-philippe-annonce-reforme-rsi","status":"publish","type":"post","link":"https:\/\/batijournal.com\/index.php\/premier-ministre-edouard-philippe-annonce-reforme-rsi\/96723\/","title":{"rendered":"Le Premier ministre, Edouard Philippe annonce la r\u00e9forme du RSI"},"content":{"rendered":"<p>En d\u00e9placement \u00e0 Dijon, le mardi 5 septembre 2017, le Premier ministre, Edouard Philippe, a annonc\u00e9 la fin du r\u00e9gime social des ind\u00e9pendants (RSI) au 1e janvier 2018. Une p\u00e9riode de transition de deux ans est programm\u00e9e pour rejoindre le r\u00e9gime g\u00e9n\u00e9ral. Parall\u00e8lement, une baisse de certaines cotisations compensera la hausse de la CSG annonc\u00e9e. Les autres cotisations resteront au niveau actuel et ne seront pas align\u00e9es sur celles des salari\u00e9s. Le Premier ministre a \u00e9galement annonc\u00e9 une \u00abann\u00e9e blanche\u00bb d\u2019exon\u00e9ration des cotisations sociales pour une entreprise nouvellement cr\u00e9\u00e9e \u00e0 partir du 1e janvier 2019 par un ind\u00e9pendant. Il a confirm\u00e9 le doublement des plafonds de revenus pour les micro-entreprises.<\/p>\n<p>&nbsp;<\/p>\n","protected":false},"excerpt":{"rendered":"<p>En d\u00e9placement \u00e0 Dijon, le mardi 5 septembre 2017, le Premier ministre, Edouard Philippe, a annonc\u00e9 la fin du r\u00e9gime social des ind\u00e9pendants (RSI) au 1e janvier 2018. Une p\u00e9riode de transition de deux ans est programm\u00e9e pour rejoindre le r\u00e9gime g\u00e9n\u00e9ral. Parall\u00e8lement, une baisse de certaines cotisations compensera la hausse de la CSG annonc\u00e9e. [&hellip;]<\/p>\n","protected":false},"author":17,"featured_media":89210,"comment_status":"closed","ping_status":"closed","sticky":false,"template":"","format":"standard","meta":{"_et_pb_use_builder":"","_et_pb_old_content":"","_et_gb_content_width":"","footnotes":""},"categories":[10736,10530,6345],"tags":[],"class_list":["post-96723","post","type-post","status-publish","format-standard","has-post-thumbnail","hentry","category-a-la-une","category-actualites","category-economie-marches"],"yoast_head":"<!-- This site is optimized with the Yoast SEO plugin v27.4 - https:\/\/yoast.com\/product\/yoast-seo-wordpress\/ -->\n<title>Le Premier ministre, Edouard Philippe annonce la r\u00e9forme du RSI<\/title>\n<meta name=\"robots\" content=\"index, follow, max-snippet:-1, max-image-preview:large, max-video-preview:-1\" \/>\n<link rel=\"canonical\" href=\"https:\/\/batijournal.com\/index.php\/premier-ministre-edouard-philippe-annonce-reforme-rsi\/96723\/\" \/>\n<meta property=\"og:locale\" content=\"fr_FR\" \/>\n<meta property=\"og:type\" content=\"article\" \/>\n<meta property=\"og:title\" content=\"Le Premier ministre, Edouard Philippe annonce la r\u00e9forme du RSI\" \/>\n<meta property=\"og:description\" content=\"En d\u00e9placement \u00e0 Dijon, le mardi 5 septembre 2017, le Premier ministre, Edouard Philippe, a annonc\u00e9 la fin du r\u00e9gime social des ind\u00e9pendants (RSI) au 1e janvier 2018. Une p\u00e9riode de transition de deux ans est programm\u00e9e pour rejoindre le r\u00e9gime g\u00e9n\u00e9ral. Parall\u00e8lement, une baisse de certaines cotisations compensera la hausse de la CSG annonc\u00e9e. [&hellip;]\" \/>\n<meta property=\"og:url\" content=\"https:\/\/batijournal.com\/index.php\/premier-ministre-edouard-philippe-annonce-reforme-rsi\/96723\/\" \/>\n<meta property=\"og:site_name\" content=\"Batijournal\" \/>\n<meta property=\"article:published_time\" content=\"2017-09-05T09:14:32+00:00\" \/>\n<meta property=\"article:modified_time\" content=\"2019-07-15T10:13:10+00:00\" \/>\n<meta property=\"og:image\" content=\"https:\/\/batijournal.com\/wp-content\/uploads\/2015\/09\/en-tete-rsi.jpg\" \/>\n\t<meta property=\"og:image:width\" content=\"1024\" \/>\n\t<meta property=\"og:image:height\" content=\"582\" \/>\n\t<meta property=\"og:image:type\" content=\"image\/jpeg\" \/>\n<meta name=\"author\" content=\"St\u00e9phane Miget\" \/>\n<meta name=\"twitter:card\" content=\"summary_large_image\" \/>\n<meta name=\"twitter:creator\" content=\"@bati_journal\" \/>\n<meta name=\"twitter:site\" content=\"@bati_journal\" \/>\n<meta name=\"twitter:label1\" content=\"\u00c9crit par\" \/>\n\t<meta name=\"twitter:data1\" content=\"St\u00e9phane Miget\" \/>\n\t<meta name=\"twitter:label2\" content=\"Dur\u00e9e de lecture estim\u00e9e\" \/>\n\t<meta name=\"twitter:data2\" content=\"1 minute\" \/>\n<script type=\"application\/ld+json\" class=\"yoast-schema-graph\">{\"@context\":\"https:\\\/\\\/schema.org\",\"@graph\":[{\"@type\":\"Article\",\"@id\":\"https:\\\/\\\/batijournal.com\\\/index.php\\\/premier-ministre-edouard-philippe-annonce-reforme-rsi\\\/96723\\\/#article\",\"isPartOf\":{\"@id\":\"https:\\\/\\\/batijournal.com\\\/index.php\\\/premier-ministre-edouard-philippe-annonce-reforme-rsi\\\/96723\\\/\"},\"author\":{\"name\":\"St\u00e9phane Miget\",\"@id\":\"https:\\\/\\\/batijournal.com\\\/#\\\/schema\\\/person\\\/1dc96ec6957aa1ccb25ebe78bb19f100\"},\"headline\":\"Le Premier ministre, Edouard Philippe annonce la r\u00e9forme du RSI\",\"datePublished\":\"2017-09-05T09:14:32+00:00\",\"dateModified\":\"2019-07-15T10:13:10+00:00\",\"mainEntityOfPage\":{\"@id\":\"https:\\\/\\\/batijournal.com\\\/index.php\\\/premier-ministre-edouard-philippe-annonce-reforme-rsi\\\/96723\\\/\"},\"wordCount\":133,\"image\":{\"@id\":\"https:\\\/\\\/batijournal.com\\\/index.php\\\/premier-ministre-edouard-philippe-annonce-reforme-rsi\\\/96723\\\/#primaryimage\"},\"thumbnailUrl\":\"https:\\\/\\\/batijournal.com\\\/wp-content\\\/uploads\\\/2015\\\/09\\\/en-tete-rsi.jpg\",\"articleSection\":[\"A la Une\",\"Actualit\u00e9s\",\"\u00c9conomie &amp; March\u00e9s\"],\"inLanguage\":\"fr-FR\"},{\"@type\":\"WebPage\",\"@id\":\"https:\\\/\\\/batijournal.com\\\/index.php\\\/premier-ministre-edouard-philippe-annonce-reforme-rsi\\\/96723\\\/\",\"url\":\"https:\\\/\\\/batijournal.com\\\/index.php\\\/premier-ministre-edouard-philippe-annonce-reforme-rsi\\\/96723\\\/\",\"name\":\"Le Premier ministre, Edouard Philippe annonce la r\u00e9forme du RSI\",\"isPartOf\":{\"@id\":\"https:\\\/\\\/batijournal.com\\\/#website\"},\"primaryImageOfPage\":{\"@id\":\"https:\\\/\\\/batijournal.com\\\/index.php\\\/premier-ministre-edouard-philippe-annonce-reforme-rsi\\\/96723\\\/#primaryimage\"},\"image\":{\"@id\":\"https:\\\/\\\/batijournal.com\\\/index.php\\\/premier-ministre-edouard-philippe-annonce-reforme-rsi\\\/96723\\\/#primaryimage\"},\"thumbnailUrl\":\"https:\\\/\\\/batijournal.com\\\/wp-content\\\/uploads\\\/2015\\\/09\\\/en-tete-rsi.jpg\",\"datePublished\":\"2017-09-05T09:14:32+00:00\",\"dateModified\":\"2019-07-15T10:13:10+00:00\",\"author\":{\"@id\":\"https:\\\/\\\/batijournal.com\\\/#\\\/schema\\\/person\\\/1dc96ec6957aa1ccb25ebe78bb19f100\"},\"breadcrumb\":{\"@id\":\"https:\\\/\\\/batijournal.com\\\/index.php\\\/premier-ministre-edouard-philippe-annonce-reforme-rsi\\\/96723\\\/#breadcrumb\"},\"inLanguage\":\"fr-FR\",\"potentialAction\":[{\"@type\":\"ReadAction\",\"target\":[\"https:\\\/\\\/batijournal.com\\\/index.php\\\/premier-ministre-edouard-philippe-annonce-reforme-rsi\\\/96723\\\/\"]}]},{\"@type\":\"ImageObject\",\"inLanguage\":\"fr-FR\",\"@id\":\"https:\\\/\\\/batijournal.com\\\/index.php\\\/premier-ministre-edouard-philippe-annonce-reforme-rsi\\\/96723\\\/#primaryimage\",\"url\":\"https:\\\/\\\/batijournal.com\\\/wp-content\\\/uploads\\\/2015\\\/09\\\/en-tete-rsi.jpg\",\"contentUrl\":\"https:\\\/\\\/batijournal.com\\\/wp-content\\\/uploads\\\/2015\\\/09\\\/en-tete-rsi.jpg\",\"width\":1024,\"height\":582},{\"@type\":\"BreadcrumbList\",\"@id\":\"https:\\\/\\\/batijournal.com\\\/index.php\\\/premier-ministre-edouard-philippe-annonce-reforme-rsi\\\/96723\\\/#breadcrumb\",\"itemListElement\":[{\"@type\":\"ListItem\",\"position\":1,\"name\":\"Accueil\",\"item\":\"https:\\\/\\\/batijournal.com\\\/\"},{\"@type\":\"ListItem\",\"position\":2,\"name\":\"A la Une\",\"item\":\"https:\\\/\\\/batijournal.com\\\/index.php\\\/category\\\/a-la-une\\\/\"},{\"@type\":\"ListItem\",\"position\":3,\"name\":\"Le Premier ministre, Edouard Philippe annonce la r\u00e9forme du RSI\"}]},{\"@type\":\"WebSite\",\"@id\":\"https:\\\/\\\/batijournal.com\\\/#website\",\"url\":\"https:\\\/\\\/batijournal.com\\\/\",\"name\":\"Batijournal\",\"description\":\"L&#039;actualit\u00e9 du b\u00e2timent\",\"potentialAction\":[{\"@type\":\"SearchAction\",\"target\":{\"@type\":\"EntryPoint\",\"urlTemplate\":\"https:\\\/\\\/batijournal.com\\\/?s={search_term_string}\"},\"query-input\":{\"@type\":\"PropertyValueSpecification\",\"valueRequired\":true,\"valueName\":\"search_term_string\"}}],\"inLanguage\":\"fr-FR\"},{\"@type\":\"Person\",\"@id\":\"https:\\\/\\\/batijournal.com\\\/#\\\/schema\\\/person\\\/1dc96ec6957aa1ccb25ebe78bb19f100\",\"name\":\"St\u00e9phane Miget\",\"image\":{\"@type\":\"ImageObject\",\"inLanguage\":\"fr-FR\",\"@id\":\"https:\\\/\\\/secure.gravatar.com\\\/avatar\\\/89915563d925342126b8ef0281b93d9d7fc337043e8df017f780908eb9644451?s=96&d=mm&r=g\",\"url\":\"https:\\\/\\\/secure.gravatar.com\\\/avatar\\\/89915563d925342126b8ef0281b93d9d7fc337043e8df017f780908eb9644451?s=96&d=mm&r=g\",\"contentUrl\":\"https:\\\/\\\/secure.gravatar.com\\\/avatar\\\/89915563d925342126b8ef0281b93d9d7fc337043e8df017f780908eb9644451?s=96&d=mm&r=g\",\"caption\":\"St\u00e9phane Miget\"},\"url\":\"https:\\\/\\\/batijournal.com\\\/index.php\\\/author\\\/stephane\\\/\"}]}<\/script>\n<!-- \/ Yoast SEO plugin. -->","yoast_head_json":{"title":"Le Premier ministre, Edouard Philippe annonce la r\u00e9forme du RSI","robots":{"index":"index","follow":"follow","max-snippet":"max-snippet:-1","max-image-preview":"max-image-preview:large","max-video-preview":"max-video-preview:-1"},"canonical":"https:\/\/batijournal.com\/index.php\/premier-ministre-edouard-philippe-annonce-reforme-rsi\/96723\/","og_locale":"fr_FR","og_type":"article","og_title":"Le Premier ministre, Edouard Philippe annonce la r\u00e9forme du RSI","og_description":"En d\u00e9placement \u00e0 Dijon, le mardi 5 septembre 2017, le Premier ministre, Edouard Philippe, a annonc\u00e9 la fin du r\u00e9gime social des ind\u00e9pendants (RSI) au 1e janvier 2018. Une p\u00e9riode de transition de deux ans est programm\u00e9e pour rejoindre le r\u00e9gime g\u00e9n\u00e9ral. Parall\u00e8lement, une baisse de certaines cotisations compensera la hausse de la CSG annonc\u00e9e. [&hellip;]","og_url":"https:\/\/batijournal.com\/index.php\/premier-ministre-edouard-philippe-annonce-reforme-rsi\/96723\/","og_site_name":"Batijournal","article_published_time":"2017-09-05T09:14:32+00:00","article_modified_time":"2019-07-15T10:13:10+00:00","og_image":[{"width":1024,"height":582,"url":"https:\/\/batijournal.com\/wp-content\/uploads\/2015\/09\/en-tete-rsi.jpg","type":"image\/jpeg"}],"author":"St\u00e9phane Miget","twitter_card":"summary_large_image","twitter_creator":"@bati_journal","twitter_site":"@bati_journal","twitter_misc":{"\u00c9crit par":"St\u00e9phane Miget","Dur\u00e9e de lecture estim\u00e9e":"1 minute"},"schema":{"@context":"https:\/\/schema.org","@graph":[{"@type":"Article","@id":"https:\/\/batijournal.com\/index.php\/premier-ministre-edouard-philippe-annonce-reforme-rsi\/96723\/#article","isPartOf":{"@id":"https:\/\/batijournal.com\/index.php\/premier-ministre-edouard-philippe-annonce-reforme-rsi\/96723\/"},"author":{"name":"St\u00e9phane Miget","@id":"https:\/\/batijournal.com\/#\/schema\/person\/1dc96ec6957aa1ccb25ebe78bb19f100"},"headline":"Le Premier ministre, Edouard Philippe annonce la r\u00e9forme du RSI","datePublished":"2017-09-05T09:14:32+00:00","dateModified":"2019-07-15T10:13:10+00:00","mainEntityOfPage":{"@id":"https:\/\/batijournal.com\/index.php\/premier-ministre-edouard-philippe-annonce-reforme-rsi\/96723\/"},"wordCount":133,"image":{"@id":"https:\/\/batijournal.com\/index.php\/premier-ministre-edouard-philippe-annonce-reforme-rsi\/96723\/#primaryimage"},"thumbnailUrl":"https:\/\/batijournal.com\/wp-content\/uploads\/2015\/09\/en-tete-rsi.jpg","articleSection":["A la Une","Actualit\u00e9s","\u00c9conomie &amp; March\u00e9s"],"inLanguage":"fr-FR"},{"@type":"WebPage","@id":"https:\/\/batijournal.com\/index.php\/premier-ministre-edouard-philippe-annonce-reforme-rsi\/96723\/","url":"https:\/\/batijournal.com\/index.php\/premier-ministre-edouard-philippe-annonce-reforme-rsi\/96723\/","name":"Le Premier ministre, Edouard Philippe annonce la r\u00e9forme du RSI","isPartOf":{"@id":"https:\/\/batijournal.com\/#website"},"primaryImageOfPage":{"@id":"https:\/\/batijournal.com\/index.php\/premier-ministre-edouard-philippe-annonce-reforme-rsi\/96723\/#primaryimage"},"image":{"@id":"https:\/\/batijournal.com\/index.php\/premier-ministre-edouard-philippe-annonce-reforme-rsi\/96723\/#primaryimage"},"thumbnailUrl":"https:\/\/batijournal.com\/wp-content\/uploads\/2015\/09\/en-tete-rsi.jpg","datePublished":"2017-09-05T09:14:32+00:00","dateModified":"2019-07-15T10:13:10+00:00","author":{"@id":"https:\/\/batijournal.com\/#\/schema\/person\/1dc96ec6957aa1ccb25ebe78bb19f100"},"breadcrumb":{"@id":"https:\/\/batijournal.com\/index.php\/premier-ministre-edouard-philippe-annonce-reforme-rsi\/96723\/#breadcrumb"},"inLanguage":"fr-FR","potentialAction":[{"@type":"ReadAction","target":["https:\/\/batijournal.com\/index.php\/premier-ministre-edouard-philippe-annonce-reforme-rsi\/96723\/"]}]},{"@type":"ImageObject","inLanguage":"fr-FR","@id":"https:\/\/batijournal.com\/index.php\/premier-ministre-edouard-philippe-annonce-reforme-rsi\/96723\/#primaryimage","url":"https:\/\/batijournal.com\/wp-content\/uploads\/2015\/09\/en-tete-rsi.jpg","contentUrl":"https:\/\/batijournal.com\/wp-content\/uploads\/2015\/09\/en-tete-rsi.jpg","width":1024,"height":582},{"@type":"BreadcrumbList","@id":"https:\/\/batijournal.com\/index.php\/premier-ministre-edouard-philippe-annonce-reforme-rsi\/96723\/#breadcrumb","itemListElement":[{"@type":"ListItem","position":1,"name":"Accueil","item":"https:\/\/batijournal.com\/"},{"@type":"ListItem","position":2,"name":"A la Une","item":"https:\/\/batijournal.com\/index.php\/category\/a-la-une\/"},{"@type":"ListItem","position":3,"name":"Le Premier ministre, Edouard Philippe annonce la r\u00e9forme du RSI"}]},{"@type":"WebSite","@id":"https:\/\/batijournal.com\/#website","url":"https:\/\/batijournal.com\/","name":"Batijournal","description":"L&#039;actualit\u00e9 du b\u00e2timent","potentialAction":[{"@type":"SearchAction","target":{"@type":"EntryPoint","urlTemplate":"https:\/\/batijournal.com\/?s={search_term_string}"},"query-input":{"@type":"PropertyValueSpecification","valueRequired":true,"valueName":"search_term_string"}}],"inLanguage":"fr-FR"},{"@type":"Person","@id":"https:\/\/batijournal.com\/#\/schema\/person\/1dc96ec6957aa1ccb25ebe78bb19f100","name":"St\u00e9phane Miget","image":{"@type":"ImageObject","inLanguage":"fr-FR","@id":"https:\/\/secure.gravatar.com\/avatar\/89915563d925342126b8ef0281b93d9d7fc337043e8df017f780908eb9644451?s=96&d=mm&r=g","url":"https:\/\/secure.gravatar.com\/avatar\/89915563d925342126b8ef0281b93d9d7fc337043e8df017f780908eb9644451?s=96&d=mm&r=g","contentUrl":"https:\/\/secure.gravatar.com\/avatar\/89915563d925342126b8ef0281b93d9d7fc337043e8df017f780908eb9644451?s=96&d=mm&r=g","caption":"St\u00e9phane Miget"},"url":"https:\/\/batijournal.com\/index.php\/author\/stephane\/"}]}},"_links":{"self":[{"href":"https:\/\/batijournal.com\/index.php\/wp-json\/wp\/v2\/posts\/96723","targetHints":{"allow":["GET"]}}],"collection":[{"href":"https:\/\/batijournal.com\/index.php\/wp-json\/wp\/v2\/posts"}],"about":[{"href":"https:\/\/batijournal.com\/index.php\/wp-json\/wp\/v2\/types\/post"}],"author":[{"embeddable":true,"href":"https:\/\/batijournal.com\/index.php\/wp-json\/wp\/v2\/users\/17"}],"replies":[{"embeddable":true,"href":"https:\/\/batijournal.com\/index.php\/wp-json\/wp\/v2\/comments?post=96723"}],"version-history":[{"count":0,"href":"https:\/\/batijournal.com\/index.php\/wp-json\/wp\/v2\/posts\/96723\/revisions"}],"wp:featuredmedia":[{"embeddable":true,"href":"https:\/\/batijournal.com\/index.php\/wp-json\/wp\/v2\/media\/89210"}],"wp:attachment":[{"href":"https:\/\/batijournal.com\/index.php\/wp-json\/wp\/v2\/media?parent=96723"}],"wp:term":[{"taxonomy":"category","embeddable":true,"href":"https:\/\/batijournal.com\/index.php\/wp-json\/wp\/v2\/categories?post=96723"},{"taxonomy":"post_tag","embeddable":true,"href":"https:\/\/batijournal.com\/index.php\/wp-json\/wp\/v2\/tags?post=96723"}],"curies":[{"name":"wp","href":"https:\/\/api.w.org\/{rel}","templated":true}]}}