{"id":96730,"date":"2017-09-05T20:32:35","date_gmt":"2017-09-05T18:32:35","guid":{"rendered":"http:\/\/batijournal.com\/?p=96730"},"modified":"2019-07-15T12:13:10","modified_gmt":"2019-07-15T10:13:10","slug":"letat-cede-41-capital-dengie","status":"publish","type":"post","link":"https:\/\/batijournal.com\/index.php\/letat-cede-41-capital-dengie\/96730\/","title":{"rendered":"L&rsquo;\u00c9tat c\u00e8de 4,1% du capital d\u2019ENGIE"},"content":{"rendered":"<div class=\"page\" title=\"Page 1\">\n<div class=\"layoutArea\">\n<div class=\"column\">\n<p>L\u2019\u00c9tat a engag\u00e9 aujourd\u2019hui, via l\u2019Agence des participations de l\u2019\u00c9tat, la cession d\u2019une participation de 4,1% du capital d\u2019ENGIE (soit 99,9 millions d\u2019actions). Cette cession prendra la forme d\u2019un placement institutionnel acc\u00e9l\u00e9r\u00e9.\u00a0Au terme de ce placement, l\u2019\u00c9tat reste l\u2019actionnaire de r\u00e9f\u00e9rence d\u2019ENGIE et va continuer d\u2019accompagner le groupe dans son plan de transformation strat\u00e9gique. Il d\u00e9tiendra, dans le d\u00e9lai pr\u00e9vu par l\u2019article 7 de la loi n\u00b0 2014-384 du 29 mars 2014 visant \u00e0 reconqu\u00e9rir l&rsquo;\u00e9conomie r\u00e9elle, plus du tiers des droits de vote.\u00a0Cette cession s\u2019inscrit dans le cadre d\u2019une politique de gestion active des participations de l\u2019\u00c9tat, respectueuse des int\u00e9r\u00eats patrimoniaux et strat\u00e9giques de l\u2019\u00c9tat.\u00a0Cette op\u00e9ration a pour but d\u2019alimenter un fonds de 10\u00a0milliards d\u2019euros d\u00e9di\u00e9 aux investissements dans les technologies innovantes.<\/p>\n<\/div>\n<p>Sources : APE et Le Monde<\/p>\n<p>&nbsp;<\/p>\n<\/div>\n<\/div>\n","protected":false},"excerpt":{"rendered":"<p>L\u2019\u00c9tat a engag\u00e9 aujourd\u2019hui, via l\u2019Agence des participations de l\u2019\u00c9tat, la cession d\u2019une participation de 4,1% du capital d\u2019ENGIE (soit 99,9 millions d\u2019actions). Cette cession prendra la forme d\u2019un placement institutionnel acc\u00e9l\u00e9r\u00e9.\u00a0Au terme de ce placement, l\u2019\u00c9tat reste l\u2019actionnaire de r\u00e9f\u00e9rence d\u2019ENGIE et va continuer d\u2019accompagner le groupe dans son plan de transformation strat\u00e9gique. Il [&hellip;]<\/p>\n","protected":false},"author":17,"featured_media":87830,"comment_status":"closed","ping_status":"closed","sticky":false,"template":"","format":"standard","meta":{"_et_pb_use_builder":"","_et_pb_old_content":"","_et_gb_content_width":"","footnotes":""},"categories":[10530,6345],"tags":[12080],"class_list":["post-96730","post","type-post","status-publish","format-standard","has-post-thumbnail","hentry","category-actualites","category-economie-marches","tag-privatisation"],"yoast_head":"<!-- This site is optimized with the Yoast SEO plugin v27.4 - https:\/\/yoast.com\/product\/yoast-seo-wordpress\/ -->\n<title>L&#039;\u00c9tat c\u00e8de 4,1% du capital d\u2019ENGIE<\/title>\n<meta name=\"robots\" content=\"index, follow, max-snippet:-1, max-image-preview:large, max-video-preview:-1\" \/>\n<link rel=\"canonical\" href=\"https:\/\/batijournal.com\/index.php\/letat-cede-41-capital-dengie\/96730\/\" \/>\n<meta property=\"og:locale\" content=\"fr_FR\" \/>\n<meta property=\"og:type\" content=\"article\" \/>\n<meta property=\"og:title\" content=\"L&#039;\u00c9tat c\u00e8de 4,1% du capital d\u2019ENGIE\" \/>\n<meta property=\"og:description\" content=\"L\u2019\u00c9tat a engag\u00e9 aujourd\u2019hui, via l\u2019Agence des participations de l\u2019\u00c9tat, la cession d\u2019une participation de 4,1% du capital d\u2019ENGIE (soit 99,9 millions d\u2019actions). Cette cession prendra la forme d\u2019un placement institutionnel acc\u00e9l\u00e9r\u00e9.\u00a0Au terme de ce placement, l\u2019\u00c9tat reste l\u2019actionnaire de r\u00e9f\u00e9rence d\u2019ENGIE et va continuer d\u2019accompagner le groupe dans son plan de transformation strat\u00e9gique. Il [&hellip;]\" \/>\n<meta property=\"og:url\" content=\"https:\/\/batijournal.com\/index.php\/letat-cede-41-capital-dengie\/96730\/\" \/>\n<meta property=\"og:site_name\" content=\"Batijournal\" \/>\n<meta property=\"article:published_time\" content=\"2017-09-05T18:32:35+00:00\" \/>\n<meta property=\"article:modified_time\" content=\"2019-07-15T10:13:10+00:00\" \/>\n<meta property=\"og:image\" content=\"https:\/\/batijournal.com\/wp-content\/uploads\/2015\/06\/logo-engie.png\" \/>\n\t<meta property=\"og:image:width\" content=\"896\" \/>\n\t<meta property=\"og:image:height\" content=\"361\" \/>\n\t<meta property=\"og:image:type\" content=\"image\/png\" \/>\n<meta name=\"author\" content=\"St\u00e9phane Miget\" \/>\n<meta name=\"twitter:card\" content=\"summary_large_image\" \/>\n<meta name=\"twitter:creator\" content=\"@bati_journal\" \/>\n<meta name=\"twitter:site\" content=\"@bati_journal\" \/>\n<meta name=\"twitter:label1\" content=\"\u00c9crit par\" \/>\n\t<meta name=\"twitter:data1\" content=\"St\u00e9phane Miget\" \/>\n\t<meta name=\"twitter:label2\" content=\"Dur\u00e9e de lecture estim\u00e9e\" \/>\n\t<meta name=\"twitter:data2\" content=\"1 minute\" \/>\n<script type=\"application\/ld+json\" class=\"yoast-schema-graph\">{\"@context\":\"https:\\\/\\\/schema.org\",\"@graph\":[{\"@type\":\"Article\",\"@id\":\"https:\\\/\\\/batijournal.com\\\/index.php\\\/letat-cede-41-capital-dengie\\\/96730\\\/#article\",\"isPartOf\":{\"@id\":\"https:\\\/\\\/batijournal.com\\\/index.php\\\/letat-cede-41-capital-dengie\\\/96730\\\/\"},\"author\":{\"name\":\"St\u00e9phane Miget\",\"@id\":\"https:\\\/\\\/batijournal.com\\\/#\\\/schema\\\/person\\\/1dc96ec6957aa1ccb25ebe78bb19f100\"},\"headline\":\"L&rsquo;\u00c9tat c\u00e8de 4,1% du capital d\u2019ENGIE\",\"datePublished\":\"2017-09-05T18:32:35+00:00\",\"dateModified\":\"2019-07-15T10:13:10+00:00\",\"mainEntityOfPage\":{\"@id\":\"https:\\\/\\\/batijournal.com\\\/index.php\\\/letat-cede-41-capital-dengie\\\/96730\\\/\"},\"wordCount\":169,\"image\":{\"@id\":\"https:\\\/\\\/batijournal.com\\\/index.php\\\/letat-cede-41-capital-dengie\\\/96730\\\/#primaryimage\"},\"thumbnailUrl\":\"https:\\\/\\\/batijournal.com\\\/wp-content\\\/uploads\\\/2015\\\/06\\\/logo-engie.png\",\"keywords\":[\"privatisation\"],\"articleSection\":[\"Actualit\u00e9s\",\"\u00c9conomie &amp; March\u00e9s\"],\"inLanguage\":\"fr-FR\"},{\"@type\":\"WebPage\",\"@id\":\"https:\\\/\\\/batijournal.com\\\/index.php\\\/letat-cede-41-capital-dengie\\\/96730\\\/\",\"url\":\"https:\\\/\\\/batijournal.com\\\/index.php\\\/letat-cede-41-capital-dengie\\\/96730\\\/\",\"name\":\"L'\u00c9tat c\u00e8de 4,1% du capital d\u2019ENGIE\",\"isPartOf\":{\"@id\":\"https:\\\/\\\/batijournal.com\\\/#website\"},\"primaryImageOfPage\":{\"@id\":\"https:\\\/\\\/batijournal.com\\\/index.php\\\/letat-cede-41-capital-dengie\\\/96730\\\/#primaryimage\"},\"image\":{\"@id\":\"https:\\\/\\\/batijournal.com\\\/index.php\\\/letat-cede-41-capital-dengie\\\/96730\\\/#primaryimage\"},\"thumbnailUrl\":\"https:\\\/\\\/batijournal.com\\\/wp-content\\\/uploads\\\/2015\\\/06\\\/logo-engie.png\",\"datePublished\":\"2017-09-05T18:32:35+00:00\",\"dateModified\":\"2019-07-15T10:13:10+00:00\",\"author\":{\"@id\":\"https:\\\/\\\/batijournal.com\\\/#\\\/schema\\\/person\\\/1dc96ec6957aa1ccb25ebe78bb19f100\"},\"breadcrumb\":{\"@id\":\"https:\\\/\\\/batijournal.com\\\/index.php\\\/letat-cede-41-capital-dengie\\\/96730\\\/#breadcrumb\"},\"inLanguage\":\"fr-FR\",\"potentialAction\":[{\"@type\":\"ReadAction\",\"target\":[\"https:\\\/\\\/batijournal.com\\\/index.php\\\/letat-cede-41-capital-dengie\\\/96730\\\/\"]}]},{\"@type\":\"ImageObject\",\"inLanguage\":\"fr-FR\",\"@id\":\"https:\\\/\\\/batijournal.com\\\/index.php\\\/letat-cede-41-capital-dengie\\\/96730\\\/#primaryimage\",\"url\":\"https:\\\/\\\/batijournal.com\\\/wp-content\\\/uploads\\\/2015\\\/06\\\/logo-engie.png\",\"contentUrl\":\"https:\\\/\\\/batijournal.com\\\/wp-content\\\/uploads\\\/2015\\\/06\\\/logo-engie.png\",\"width\":896,\"height\":361},{\"@type\":\"BreadcrumbList\",\"@id\":\"https:\\\/\\\/batijournal.com\\\/index.php\\\/letat-cede-41-capital-dengie\\\/96730\\\/#breadcrumb\",\"itemListElement\":[{\"@type\":\"ListItem\",\"position\":1,\"name\":\"Accueil\",\"item\":\"https:\\\/\\\/batijournal.com\\\/\"},{\"@type\":\"ListItem\",\"position\":2,\"name\":\"Actualit\u00e9s\",\"item\":\"https:\\\/\\\/batijournal.com\\\/index.php\\\/category\\\/actualites\\\/\"},{\"@type\":\"ListItem\",\"position\":3,\"name\":\"L&rsquo;\u00c9tat c\u00e8de 4,1% du capital d\u2019ENGIE\"}]},{\"@type\":\"WebSite\",\"@id\":\"https:\\\/\\\/batijournal.com\\\/#website\",\"url\":\"https:\\\/\\\/batijournal.com\\\/\",\"name\":\"Batijournal\",\"description\":\"L&#039;actualit\u00e9 du b\u00e2timent\",\"potentialAction\":[{\"@type\":\"SearchAction\",\"target\":{\"@type\":\"EntryPoint\",\"urlTemplate\":\"https:\\\/\\\/batijournal.com\\\/?s={search_term_string}\"},\"query-input\":{\"@type\":\"PropertyValueSpecification\",\"valueRequired\":true,\"valueName\":\"search_term_string\"}}],\"inLanguage\":\"fr-FR\"},{\"@type\":\"Person\",\"@id\":\"https:\\\/\\\/batijournal.com\\\/#\\\/schema\\\/person\\\/1dc96ec6957aa1ccb25ebe78bb19f100\",\"name\":\"St\u00e9phane Miget\",\"image\":{\"@type\":\"ImageObject\",\"inLanguage\":\"fr-FR\",\"@id\":\"https:\\\/\\\/secure.gravatar.com\\\/avatar\\\/89915563d925342126b8ef0281b93d9d7fc337043e8df017f780908eb9644451?s=96&d=mm&r=g\",\"url\":\"https:\\\/\\\/secure.gravatar.com\\\/avatar\\\/89915563d925342126b8ef0281b93d9d7fc337043e8df017f780908eb9644451?s=96&d=mm&r=g\",\"contentUrl\":\"https:\\\/\\\/secure.gravatar.com\\\/avatar\\\/89915563d925342126b8ef0281b93d9d7fc337043e8df017f780908eb9644451?s=96&d=mm&r=g\",\"caption\":\"St\u00e9phane Miget\"},\"url\":\"https:\\\/\\\/batijournal.com\\\/index.php\\\/author\\\/stephane\\\/\"}]}<\/script>\n<!-- \/ Yoast SEO plugin. -->","yoast_head_json":{"title":"L'\u00c9tat c\u00e8de 4,1% du capital d\u2019ENGIE","robots":{"index":"index","follow":"follow","max-snippet":"max-snippet:-1","max-image-preview":"max-image-preview:large","max-video-preview":"max-video-preview:-1"},"canonical":"https:\/\/batijournal.com\/index.php\/letat-cede-41-capital-dengie\/96730\/","og_locale":"fr_FR","og_type":"article","og_title":"L'\u00c9tat c\u00e8de 4,1% du capital d\u2019ENGIE","og_description":"L\u2019\u00c9tat a engag\u00e9 aujourd\u2019hui, via l\u2019Agence des participations de l\u2019\u00c9tat, la cession d\u2019une participation de 4,1% du capital d\u2019ENGIE (soit 99,9 millions d\u2019actions). Cette cession prendra la forme d\u2019un placement institutionnel acc\u00e9l\u00e9r\u00e9.\u00a0Au terme de ce placement, l\u2019\u00c9tat reste l\u2019actionnaire de r\u00e9f\u00e9rence d\u2019ENGIE et va continuer d\u2019accompagner le groupe dans son plan de transformation strat\u00e9gique. Il [&hellip;]","og_url":"https:\/\/batijournal.com\/index.php\/letat-cede-41-capital-dengie\/96730\/","og_site_name":"Batijournal","article_published_time":"2017-09-05T18:32:35+00:00","article_modified_time":"2019-07-15T10:13:10+00:00","og_image":[{"width":896,"height":361,"url":"https:\/\/batijournal.com\/wp-content\/uploads\/2015\/06\/logo-engie.png","type":"image\/png"}],"author":"St\u00e9phane Miget","twitter_card":"summary_large_image","twitter_creator":"@bati_journal","twitter_site":"@bati_journal","twitter_misc":{"\u00c9crit par":"St\u00e9phane Miget","Dur\u00e9e de lecture estim\u00e9e":"1 minute"},"schema":{"@context":"https:\/\/schema.org","@graph":[{"@type":"Article","@id":"https:\/\/batijournal.com\/index.php\/letat-cede-41-capital-dengie\/96730\/#article","isPartOf":{"@id":"https:\/\/batijournal.com\/index.php\/letat-cede-41-capital-dengie\/96730\/"},"author":{"name":"St\u00e9phane Miget","@id":"https:\/\/batijournal.com\/#\/schema\/person\/1dc96ec6957aa1ccb25ebe78bb19f100"},"headline":"L&rsquo;\u00c9tat c\u00e8de 4,1% du capital d\u2019ENGIE","datePublished":"2017-09-05T18:32:35+00:00","dateModified":"2019-07-15T10:13:10+00:00","mainEntityOfPage":{"@id":"https:\/\/batijournal.com\/index.php\/letat-cede-41-capital-dengie\/96730\/"},"wordCount":169,"image":{"@id":"https:\/\/batijournal.com\/index.php\/letat-cede-41-capital-dengie\/96730\/#primaryimage"},"thumbnailUrl":"https:\/\/batijournal.com\/wp-content\/uploads\/2015\/06\/logo-engie.png","keywords":["privatisation"],"articleSection":["Actualit\u00e9s","\u00c9conomie &amp; March\u00e9s"],"inLanguage":"fr-FR"},{"@type":"WebPage","@id":"https:\/\/batijournal.com\/index.php\/letat-cede-41-capital-dengie\/96730\/","url":"https:\/\/batijournal.com\/index.php\/letat-cede-41-capital-dengie\/96730\/","name":"L'\u00c9tat c\u00e8de 4,1% du capital d\u2019ENGIE","isPartOf":{"@id":"https:\/\/batijournal.com\/#website"},"primaryImageOfPage":{"@id":"https:\/\/batijournal.com\/index.php\/letat-cede-41-capital-dengie\/96730\/#primaryimage"},"image":{"@id":"https:\/\/batijournal.com\/index.php\/letat-cede-41-capital-dengie\/96730\/#primaryimage"},"thumbnailUrl":"https:\/\/batijournal.com\/wp-content\/uploads\/2015\/06\/logo-engie.png","datePublished":"2017-09-05T18:32:35+00:00","dateModified":"2019-07-15T10:13:10+00:00","author":{"@id":"https:\/\/batijournal.com\/#\/schema\/person\/1dc96ec6957aa1ccb25ebe78bb19f100"},"breadcrumb":{"@id":"https:\/\/batijournal.com\/index.php\/letat-cede-41-capital-dengie\/96730\/#breadcrumb"},"inLanguage":"fr-FR","potentialAction":[{"@type":"ReadAction","target":["https:\/\/batijournal.com\/index.php\/letat-cede-41-capital-dengie\/96730\/"]}]},{"@type":"ImageObject","inLanguage":"fr-FR","@id":"https:\/\/batijournal.com\/index.php\/letat-cede-41-capital-dengie\/96730\/#primaryimage","url":"https:\/\/batijournal.com\/wp-content\/uploads\/2015\/06\/logo-engie.png","contentUrl":"https:\/\/batijournal.com\/wp-content\/uploads\/2015\/06\/logo-engie.png","width":896,"height":361},{"@type":"BreadcrumbList","@id":"https:\/\/batijournal.com\/index.php\/letat-cede-41-capital-dengie\/96730\/#breadcrumb","itemListElement":[{"@type":"ListItem","position":1,"name":"Accueil","item":"https:\/\/batijournal.com\/"},{"@type":"ListItem","position":2,"name":"Actualit\u00e9s","item":"https:\/\/batijournal.com\/index.php\/category\/actualites\/"},{"@type":"ListItem","position":3,"name":"L&rsquo;\u00c9tat c\u00e8de 4,1% du capital d\u2019ENGIE"}]},{"@type":"WebSite","@id":"https:\/\/batijournal.com\/#website","url":"https:\/\/batijournal.com\/","name":"Batijournal","description":"L&#039;actualit\u00e9 du b\u00e2timent","potentialAction":[{"@type":"SearchAction","target":{"@type":"EntryPoint","urlTemplate":"https:\/\/batijournal.com\/?s={search_term_string}"},"query-input":{"@type":"PropertyValueSpecification","valueRequired":true,"valueName":"search_term_string"}}],"inLanguage":"fr-FR"},{"@type":"Person","@id":"https:\/\/batijournal.com\/#\/schema\/person\/1dc96ec6957aa1ccb25ebe78bb19f100","name":"St\u00e9phane Miget","image":{"@type":"ImageObject","inLanguage":"fr-FR","@id":"https:\/\/secure.gravatar.com\/avatar\/89915563d925342126b8ef0281b93d9d7fc337043e8df017f780908eb9644451?s=96&d=mm&r=g","url":"https:\/\/secure.gravatar.com\/avatar\/89915563d925342126b8ef0281b93d9d7fc337043e8df017f780908eb9644451?s=96&d=mm&r=g","contentUrl":"https:\/\/secure.gravatar.com\/avatar\/89915563d925342126b8ef0281b93d9d7fc337043e8df017f780908eb9644451?s=96&d=mm&r=g","caption":"St\u00e9phane Miget"},"url":"https:\/\/batijournal.com\/index.php\/author\/stephane\/"}]}},"_links":{"self":[{"href":"https:\/\/batijournal.com\/index.php\/wp-json\/wp\/v2\/posts\/96730","targetHints":{"allow":["GET"]}}],"collection":[{"href":"https:\/\/batijournal.com\/index.php\/wp-json\/wp\/v2\/posts"}],"about":[{"href":"https:\/\/batijournal.com\/index.php\/wp-json\/wp\/v2\/types\/post"}],"author":[{"embeddable":true,"href":"https:\/\/batijournal.com\/index.php\/wp-json\/wp\/v2\/users\/17"}],"replies":[{"embeddable":true,"href":"https:\/\/batijournal.com\/index.php\/wp-json\/wp\/v2\/comments?post=96730"}],"version-history":[{"count":0,"href":"https:\/\/batijournal.com\/index.php\/wp-json\/wp\/v2\/posts\/96730\/revisions"}],"wp:featuredmedia":[{"embeddable":true,"href":"https:\/\/batijournal.com\/index.php\/wp-json\/wp\/v2\/media\/87830"}],"wp:attachment":[{"href":"https:\/\/batijournal.com\/index.php\/wp-json\/wp\/v2\/media?parent=96730"}],"wp:term":[{"taxonomy":"category","embeddable":true,"href":"https:\/\/batijournal.com\/index.php\/wp-json\/wp\/v2\/categories?post=96730"},{"taxonomy":"post_tag","embeddable":true,"href":"https:\/\/batijournal.com\/index.php\/wp-json\/wp\/v2\/tags?post=96730"}],"curies":[{"name":"wp","href":"https:\/\/api.w.org\/{rel}","templated":true}]}}