{"id":96744,"date":"2017-09-07T08:06:52","date_gmt":"2017-09-07T06:06:52","guid":{"rendered":"http:\/\/batijournal.com\/?p=96744"},"modified":"2019-07-15T11:27:11","modified_gmt":"2019-07-15T09:27:11","slug":"dentelle-dacier-corten-jardins-fantomes","status":"publish","type":"post","link":"https:\/\/batijournal.com\/index.php\/dentelle-dacier-corten-jardins-fantomes\/96744\/","title":{"rendered":"Dentelle d\u2019acier Corten pour Jardins fant\u00f4mes"},"content":{"rendered":"<p>Jardins fant\u00f4mes est une installation p\u00e9renne en acier Corten dans le bassin du Roy de la ville du Havre. Cette installation est r\u00e9alis\u00e9e dans le cadre de la manifestation \u00ab\u2009un \u00e9t\u00e9 au Havre\u2009\u00bb qui c\u00e9l\u00e8bre en 2017 le 500e anniversaire de la fondation de la ville par Fran\u00e7ois 1er. Baptiste Debombourg a habill\u00e9 le bassin en s\u2019inspirant des riches motifs qui d\u00e9corent la chambre du roi dans le ch\u00e2teau de Blois. L\u2019artiste a fa\u00e7onn\u00e9 une structure monumentale en acier Corten, qu\u2019il a fix\u00e9e aux murs du bassin. Au fil des mar\u00e9es, qui remplissent et d\u00e9semplissent le bassin, des moules, des hu\u00eetres, des algues s\u2019accrocheront \u00e0 cette dentelle d\u2019acier, r\u00e9v\u00e9lant, semaine apr\u00e8s semaine, les motifs royaux et leurs richesses.<\/p>\n<p>Chantier<br \/>\nD\u00e9coupe en dentelle de plaques d\u2019acier Corten de 15 mm, chevilles intox et scellement chimique sp\u00e9cial, \u00e9l\u00e9ments de jonction en inox sp\u00e9cial.<br \/>\nDimensions : 185 m de long x 3 m de haut.<br \/>\nTemps de r\u00e9alisation : 30 mois.<br \/>\nArtiste : Baptiste Debombourg, Commissaire Jean Blaise, r\u00e9alisation technique Jess P\u00e9rez, ing\u00e9nieur Julien Bonthoux, entreprise Art\u00e9via &amp; groupe Vinci.<\/p>\n<p>Photo : Courtesy Studio Baptiste Debombourg &amp; Galerie Patricia Dorfmann &#8211; Paris<\/p>\n","protected":false},"excerpt":{"rendered":"<p>Jardins fant\u00f4mes est une installation p\u00e9renne en acier Corten dans le bassin du Roy de la ville du Havre. Cette installation est r\u00e9alis\u00e9e dans le cadre de la manifestation \u00ab\u2009un \u00e9t\u00e9 au Havre\u2009\u00bb qui c\u00e9l\u00e8bre en 2017 le 500e anniversaire de la fondation de la ville par Fran\u00e7ois 1er. Baptiste Debombourg a habill\u00e9 le bassin [&hellip;]<\/p>\n","protected":false},"author":17,"featured_media":96745,"comment_status":"closed","ping_status":"closed","sticky":false,"template":"","format":"standard","meta":{"_et_pb_use_builder":"","_et_pb_old_content":"","_et_gb_content_width":"","footnotes":""},"categories":[10530,6340,10771,10775],"tags":[12082],"class_list":["post-96744","post","type-post","status-publish","format-standard","has-post-thumbnail","hentry","category-actualites","category-architecture-conception","category-5facades","category-actualites-5facades","tag-corten"],"yoast_head":"<!-- This site is optimized with the Yoast SEO plugin v27.4 - https:\/\/yoast.com\/product\/yoast-seo-wordpress\/ -->\n<title>Dentelle d\u2019acier Corten pour Jardins fant\u00f4mes<\/title>\n<meta name=\"robots\" content=\"index, follow, max-snippet:-1, max-image-preview:large, max-video-preview:-1\" \/>\n<link rel=\"canonical\" href=\"https:\/\/batijournal.com\/index.php\/dentelle-dacier-corten-jardins-fantomes\/96744\/\" \/>\n<meta property=\"og:locale\" content=\"fr_FR\" \/>\n<meta property=\"og:type\" content=\"article\" \/>\n<meta property=\"og:title\" content=\"Dentelle d\u2019acier Corten pour Jardins fant\u00f4mes\" \/>\n<meta property=\"og:description\" content=\"Jardins fant\u00f4mes est une installation p\u00e9renne en acier Corten dans le bassin du Roy de la ville du Havre. Cette installation est r\u00e9alis\u00e9e dans le cadre de la manifestation \u00ab\u2009un \u00e9t\u00e9 au Havre\u2009\u00bb qui c\u00e9l\u00e8bre en 2017 le 500e anniversaire de la fondation de la ville par Fran\u00e7ois 1er. Baptiste Debombourg a habill\u00e9 le bassin [&hellip;]\" \/>\n<meta property=\"og:url\" content=\"https:\/\/batijournal.com\/index.php\/dentelle-dacier-corten-jardins-fantomes\/96744\/\" \/>\n<meta property=\"og:site_name\" content=\"Batijournal\" \/>\n<meta property=\"article:published_time\" content=\"2017-09-07T06:06:52+00:00\" \/>\n<meta property=\"article:modified_time\" content=\"2019-07-15T09:27:11+00:00\" \/>\n<meta property=\"og:image\" content=\"https:\/\/batijournal.com\/wp-content\/uploads\/2017\/09\/jardins-fantomes-le-havre-corten.jpg\" \/>\n\t<meta property=\"og:image:width\" content=\"1200\" \/>\n\t<meta property=\"og:image:height\" content=\"801\" \/>\n\t<meta property=\"og:image:type\" content=\"image\/jpeg\" \/>\n<meta name=\"author\" content=\"St\u00e9phane Miget\" \/>\n<meta name=\"twitter:card\" content=\"summary_large_image\" \/>\n<meta name=\"twitter:creator\" content=\"@bati_journal\" \/>\n<meta name=\"twitter:site\" content=\"@bati_journal\" \/>\n<meta name=\"twitter:label1\" content=\"\u00c9crit par\" \/>\n\t<meta name=\"twitter:data1\" content=\"St\u00e9phane Miget\" \/>\n\t<meta name=\"twitter:label2\" content=\"Dur\u00e9e de lecture estim\u00e9e\" \/>\n\t<meta name=\"twitter:data2\" content=\"1 minute\" \/>\n<script type=\"application\/ld+json\" class=\"yoast-schema-graph\">{\"@context\":\"https:\\\/\\\/schema.org\",\"@graph\":[{\"@type\":\"Article\",\"@id\":\"https:\\\/\\\/batijournal.com\\\/index.php\\\/dentelle-dacier-corten-jardins-fantomes\\\/96744\\\/#article\",\"isPartOf\":{\"@id\":\"https:\\\/\\\/batijournal.com\\\/index.php\\\/dentelle-dacier-corten-jardins-fantomes\\\/96744\\\/\"},\"author\":{\"name\":\"St\u00e9phane Miget\",\"@id\":\"https:\\\/\\\/batijournal.com\\\/#\\\/schema\\\/person\\\/1dc96ec6957aa1ccb25ebe78bb19f100\"},\"headline\":\"Dentelle d\u2019acier Corten pour Jardins fant\u00f4mes\",\"datePublished\":\"2017-09-07T06:06:52+00:00\",\"dateModified\":\"2019-07-15T09:27:11+00:00\",\"mainEntityOfPage\":{\"@id\":\"https:\\\/\\\/batijournal.com\\\/index.php\\\/dentelle-dacier-corten-jardins-fantomes\\\/96744\\\/\"},\"wordCount\":219,\"image\":{\"@id\":\"https:\\\/\\\/batijournal.com\\\/index.php\\\/dentelle-dacier-corten-jardins-fantomes\\\/96744\\\/#primaryimage\"},\"thumbnailUrl\":\"https:\\\/\\\/batijournal.com\\\/wp-content\\\/uploads\\\/2017\\\/09\\\/jardins-fantomes-le-havre-corten.jpg\",\"keywords\":[\"corten\"],\"articleSection\":[\"Actualit\u00e9s\",\"Architecture &amp; Conception\",\"zz_5fa\u00e7ades\",\"zz_Actualit\u00e9s - 5fa\u00e7ades\"],\"inLanguage\":\"fr-FR\"},{\"@type\":\"WebPage\",\"@id\":\"https:\\\/\\\/batijournal.com\\\/index.php\\\/dentelle-dacier-corten-jardins-fantomes\\\/96744\\\/\",\"url\":\"https:\\\/\\\/batijournal.com\\\/index.php\\\/dentelle-dacier-corten-jardins-fantomes\\\/96744\\\/\",\"name\":\"Dentelle d\u2019acier Corten pour Jardins fant\u00f4mes\",\"isPartOf\":{\"@id\":\"https:\\\/\\\/batijournal.com\\\/#website\"},\"primaryImageOfPage\":{\"@id\":\"https:\\\/\\\/batijournal.com\\\/index.php\\\/dentelle-dacier-corten-jardins-fantomes\\\/96744\\\/#primaryimage\"},\"image\":{\"@id\":\"https:\\\/\\\/batijournal.com\\\/index.php\\\/dentelle-dacier-corten-jardins-fantomes\\\/96744\\\/#primaryimage\"},\"thumbnailUrl\":\"https:\\\/\\\/batijournal.com\\\/wp-content\\\/uploads\\\/2017\\\/09\\\/jardins-fantomes-le-havre-corten.jpg\",\"datePublished\":\"2017-09-07T06:06:52+00:00\",\"dateModified\":\"2019-07-15T09:27:11+00:00\",\"author\":{\"@id\":\"https:\\\/\\\/batijournal.com\\\/#\\\/schema\\\/person\\\/1dc96ec6957aa1ccb25ebe78bb19f100\"},\"breadcrumb\":{\"@id\":\"https:\\\/\\\/batijournal.com\\\/index.php\\\/dentelle-dacier-corten-jardins-fantomes\\\/96744\\\/#breadcrumb\"},\"inLanguage\":\"fr-FR\",\"potentialAction\":[{\"@type\":\"ReadAction\",\"target\":[\"https:\\\/\\\/batijournal.com\\\/index.php\\\/dentelle-dacier-corten-jardins-fantomes\\\/96744\\\/\"]}]},{\"@type\":\"ImageObject\",\"inLanguage\":\"fr-FR\",\"@id\":\"https:\\\/\\\/batijournal.com\\\/index.php\\\/dentelle-dacier-corten-jardins-fantomes\\\/96744\\\/#primaryimage\",\"url\":\"https:\\\/\\\/batijournal.com\\\/wp-content\\\/uploads\\\/2017\\\/09\\\/jardins-fantomes-le-havre-corten.jpg\",\"contentUrl\":\"https:\\\/\\\/batijournal.com\\\/wp-content\\\/uploads\\\/2017\\\/09\\\/jardins-fantomes-le-havre-corten.jpg\",\"width\":1200,\"height\":801},{\"@type\":\"BreadcrumbList\",\"@id\":\"https:\\\/\\\/batijournal.com\\\/index.php\\\/dentelle-dacier-corten-jardins-fantomes\\\/96744\\\/#breadcrumb\",\"itemListElement\":[{\"@type\":\"ListItem\",\"position\":1,\"name\":\"Accueil\",\"item\":\"https:\\\/\\\/batijournal.com\\\/\"},{\"@type\":\"ListItem\",\"position\":2,\"name\":\"Actualit\u00e9s\",\"item\":\"https:\\\/\\\/batijournal.com\\\/index.php\\\/category\\\/actualites\\\/\"},{\"@type\":\"ListItem\",\"position\":3,\"name\":\"Dentelle d\u2019acier Corten pour Jardins fant\u00f4mes\"}]},{\"@type\":\"WebSite\",\"@id\":\"https:\\\/\\\/batijournal.com\\\/#website\",\"url\":\"https:\\\/\\\/batijournal.com\\\/\",\"name\":\"Batijournal\",\"description\":\"L&#039;actualit\u00e9 du b\u00e2timent\",\"potentialAction\":[{\"@type\":\"SearchAction\",\"target\":{\"@type\":\"EntryPoint\",\"urlTemplate\":\"https:\\\/\\\/batijournal.com\\\/?s={search_term_string}\"},\"query-input\":{\"@type\":\"PropertyValueSpecification\",\"valueRequired\":true,\"valueName\":\"search_term_string\"}}],\"inLanguage\":\"fr-FR\"},{\"@type\":\"Person\",\"@id\":\"https:\\\/\\\/batijournal.com\\\/#\\\/schema\\\/person\\\/1dc96ec6957aa1ccb25ebe78bb19f100\",\"name\":\"St\u00e9phane Miget\",\"image\":{\"@type\":\"ImageObject\",\"inLanguage\":\"fr-FR\",\"@id\":\"https:\\\/\\\/secure.gravatar.com\\\/avatar\\\/89915563d925342126b8ef0281b93d9d7fc337043e8df017f780908eb9644451?s=96&d=mm&r=g\",\"url\":\"https:\\\/\\\/secure.gravatar.com\\\/avatar\\\/89915563d925342126b8ef0281b93d9d7fc337043e8df017f780908eb9644451?s=96&d=mm&r=g\",\"contentUrl\":\"https:\\\/\\\/secure.gravatar.com\\\/avatar\\\/89915563d925342126b8ef0281b93d9d7fc337043e8df017f780908eb9644451?s=96&d=mm&r=g\",\"caption\":\"St\u00e9phane Miget\"},\"url\":\"https:\\\/\\\/batijournal.com\\\/index.php\\\/author\\\/stephane\\\/\"}]}<\/script>\n<!-- \/ Yoast SEO plugin. -->","yoast_head_json":{"title":"Dentelle d\u2019acier Corten pour Jardins fant\u00f4mes","robots":{"index":"index","follow":"follow","max-snippet":"max-snippet:-1","max-image-preview":"max-image-preview:large","max-video-preview":"max-video-preview:-1"},"canonical":"https:\/\/batijournal.com\/index.php\/dentelle-dacier-corten-jardins-fantomes\/96744\/","og_locale":"fr_FR","og_type":"article","og_title":"Dentelle d\u2019acier Corten pour Jardins fant\u00f4mes","og_description":"Jardins fant\u00f4mes est une installation p\u00e9renne en acier Corten dans le bassin du Roy de la ville du Havre. Cette installation est r\u00e9alis\u00e9e dans le cadre de la manifestation \u00ab\u2009un \u00e9t\u00e9 au Havre\u2009\u00bb qui c\u00e9l\u00e8bre en 2017 le 500e anniversaire de la fondation de la ville par Fran\u00e7ois 1er. Baptiste Debombourg a habill\u00e9 le bassin [&hellip;]","og_url":"https:\/\/batijournal.com\/index.php\/dentelle-dacier-corten-jardins-fantomes\/96744\/","og_site_name":"Batijournal","article_published_time":"2017-09-07T06:06:52+00:00","article_modified_time":"2019-07-15T09:27:11+00:00","og_image":[{"width":1200,"height":801,"url":"https:\/\/batijournal.com\/wp-content\/uploads\/2017\/09\/jardins-fantomes-le-havre-corten.jpg","type":"image\/jpeg"}],"author":"St\u00e9phane Miget","twitter_card":"summary_large_image","twitter_creator":"@bati_journal","twitter_site":"@bati_journal","twitter_misc":{"\u00c9crit par":"St\u00e9phane Miget","Dur\u00e9e de lecture estim\u00e9e":"1 minute"},"schema":{"@context":"https:\/\/schema.org","@graph":[{"@type":"Article","@id":"https:\/\/batijournal.com\/index.php\/dentelle-dacier-corten-jardins-fantomes\/96744\/#article","isPartOf":{"@id":"https:\/\/batijournal.com\/index.php\/dentelle-dacier-corten-jardins-fantomes\/96744\/"},"author":{"name":"St\u00e9phane Miget","@id":"https:\/\/batijournal.com\/#\/schema\/person\/1dc96ec6957aa1ccb25ebe78bb19f100"},"headline":"Dentelle d\u2019acier Corten pour Jardins fant\u00f4mes","datePublished":"2017-09-07T06:06:52+00:00","dateModified":"2019-07-15T09:27:11+00:00","mainEntityOfPage":{"@id":"https:\/\/batijournal.com\/index.php\/dentelle-dacier-corten-jardins-fantomes\/96744\/"},"wordCount":219,"image":{"@id":"https:\/\/batijournal.com\/index.php\/dentelle-dacier-corten-jardins-fantomes\/96744\/#primaryimage"},"thumbnailUrl":"https:\/\/batijournal.com\/wp-content\/uploads\/2017\/09\/jardins-fantomes-le-havre-corten.jpg","keywords":["corten"],"articleSection":["Actualit\u00e9s","Architecture &amp; Conception","zz_5fa\u00e7ades","zz_Actualit\u00e9s - 5fa\u00e7ades"],"inLanguage":"fr-FR"},{"@type":"WebPage","@id":"https:\/\/batijournal.com\/index.php\/dentelle-dacier-corten-jardins-fantomes\/96744\/","url":"https:\/\/batijournal.com\/index.php\/dentelle-dacier-corten-jardins-fantomes\/96744\/","name":"Dentelle d\u2019acier Corten pour Jardins fant\u00f4mes","isPartOf":{"@id":"https:\/\/batijournal.com\/#website"},"primaryImageOfPage":{"@id":"https:\/\/batijournal.com\/index.php\/dentelle-dacier-corten-jardins-fantomes\/96744\/#primaryimage"},"image":{"@id":"https:\/\/batijournal.com\/index.php\/dentelle-dacier-corten-jardins-fantomes\/96744\/#primaryimage"},"thumbnailUrl":"https:\/\/batijournal.com\/wp-content\/uploads\/2017\/09\/jardins-fantomes-le-havre-corten.jpg","datePublished":"2017-09-07T06:06:52+00:00","dateModified":"2019-07-15T09:27:11+00:00","author":{"@id":"https:\/\/batijournal.com\/#\/schema\/person\/1dc96ec6957aa1ccb25ebe78bb19f100"},"breadcrumb":{"@id":"https:\/\/batijournal.com\/index.php\/dentelle-dacier-corten-jardins-fantomes\/96744\/#breadcrumb"},"inLanguage":"fr-FR","potentialAction":[{"@type":"ReadAction","target":["https:\/\/batijournal.com\/index.php\/dentelle-dacier-corten-jardins-fantomes\/96744\/"]}]},{"@type":"ImageObject","inLanguage":"fr-FR","@id":"https:\/\/batijournal.com\/index.php\/dentelle-dacier-corten-jardins-fantomes\/96744\/#primaryimage","url":"https:\/\/batijournal.com\/wp-content\/uploads\/2017\/09\/jardins-fantomes-le-havre-corten.jpg","contentUrl":"https:\/\/batijournal.com\/wp-content\/uploads\/2017\/09\/jardins-fantomes-le-havre-corten.jpg","width":1200,"height":801},{"@type":"BreadcrumbList","@id":"https:\/\/batijournal.com\/index.php\/dentelle-dacier-corten-jardins-fantomes\/96744\/#breadcrumb","itemListElement":[{"@type":"ListItem","position":1,"name":"Accueil","item":"https:\/\/batijournal.com\/"},{"@type":"ListItem","position":2,"name":"Actualit\u00e9s","item":"https:\/\/batijournal.com\/index.php\/category\/actualites\/"},{"@type":"ListItem","position":3,"name":"Dentelle d\u2019acier Corten pour Jardins fant\u00f4mes"}]},{"@type":"WebSite","@id":"https:\/\/batijournal.com\/#website","url":"https:\/\/batijournal.com\/","name":"Batijournal","description":"L&#039;actualit\u00e9 du b\u00e2timent","potentialAction":[{"@type":"SearchAction","target":{"@type":"EntryPoint","urlTemplate":"https:\/\/batijournal.com\/?s={search_term_string}"},"query-input":{"@type":"PropertyValueSpecification","valueRequired":true,"valueName":"search_term_string"}}],"inLanguage":"fr-FR"},{"@type":"Person","@id":"https:\/\/batijournal.com\/#\/schema\/person\/1dc96ec6957aa1ccb25ebe78bb19f100","name":"St\u00e9phane Miget","image":{"@type":"ImageObject","inLanguage":"fr-FR","@id":"https:\/\/secure.gravatar.com\/avatar\/89915563d925342126b8ef0281b93d9d7fc337043e8df017f780908eb9644451?s=96&d=mm&r=g","url":"https:\/\/secure.gravatar.com\/avatar\/89915563d925342126b8ef0281b93d9d7fc337043e8df017f780908eb9644451?s=96&d=mm&r=g","contentUrl":"https:\/\/secure.gravatar.com\/avatar\/89915563d925342126b8ef0281b93d9d7fc337043e8df017f780908eb9644451?s=96&d=mm&r=g","caption":"St\u00e9phane Miget"},"url":"https:\/\/batijournal.com\/index.php\/author\/stephane\/"}]}},"_links":{"self":[{"href":"https:\/\/batijournal.com\/index.php\/wp-json\/wp\/v2\/posts\/96744","targetHints":{"allow":["GET"]}}],"collection":[{"href":"https:\/\/batijournal.com\/index.php\/wp-json\/wp\/v2\/posts"}],"about":[{"href":"https:\/\/batijournal.com\/index.php\/wp-json\/wp\/v2\/types\/post"}],"author":[{"embeddable":true,"href":"https:\/\/batijournal.com\/index.php\/wp-json\/wp\/v2\/users\/17"}],"replies":[{"embeddable":true,"href":"https:\/\/batijournal.com\/index.php\/wp-json\/wp\/v2\/comments?post=96744"}],"version-history":[{"count":0,"href":"https:\/\/batijournal.com\/index.php\/wp-json\/wp\/v2\/posts\/96744\/revisions"}],"wp:featuredmedia":[{"embeddable":true,"href":"https:\/\/batijournal.com\/index.php\/wp-json\/wp\/v2\/media\/96745"}],"wp:attachment":[{"href":"https:\/\/batijournal.com\/index.php\/wp-json\/wp\/v2\/media?parent=96744"}],"wp:term":[{"taxonomy":"category","embeddable":true,"href":"https:\/\/batijournal.com\/index.php\/wp-json\/wp\/v2\/categories?post=96744"},{"taxonomy":"post_tag","embeddable":true,"href":"https:\/\/batijournal.com\/index.php\/wp-json\/wp\/v2\/tags?post=96744"}],"curies":[{"name":"wp","href":"https:\/\/api.w.org\/{rel}","templated":true}]}}