{"id":96768,"date":"2017-09-12T09:55:16","date_gmt":"2017-09-12T07:55:16","guid":{"rendered":"http:\/\/batijournal.com\/?p=96768"},"modified":"2019-07-15T12:22:00","modified_gmt":"2019-07-15T10:22:00","slug":"energies-renouvelable-nont-progresse-de-05-an","status":"publish","type":"post","link":"https:\/\/batijournal.com\/index.php\/energies-renouvelable-nont-progresse-de-05-an\/96768\/","title":{"rendered":"Les \u00e9nergies renouvelable n&rsquo;ont progress\u00e9 que de 0,5% en un an"},"content":{"rendered":"<p>La part des \u00e9nergies renouvelables dans la consommation finale brute d\u2019\u00e9nergie en France s\u2019\u00e9l\u00e8ve \u00e0 15,7 % en 2016. Cette part a progress\u00e9 de 6,5 points en l\u2019espace de onze ans, dont 0,5 point entre 2015 et 2016. Pr\u00e8s de 30 % de la croissance des \u00e9nergies renouvelables depuis 2005 est imputable au d\u00e9veloppement des biocarburants (2,5 Mtep) et pr\u00e8s d\u2019un quart \u00e0 celui des pompes \u00e0 chaleur (2,0 Mtep). L\u2019essor de l\u2019\u00e9olien (1,8 Mtep), de la biomasse solide pour le chauffage (1,6 Mtep) et du solaire photovolta\u00efque (0,7 Mtep) y contribue \u00e9galement. \u00c0 l\u2019inverse, l\u2019hydro\u00e9lectricit\u00e9 s\u2019est repli\u00e9e de 9 % sur la m\u00eame p\u00e9riode, ne repr\u00e9sentant plus que 21 % de la consommation d\u2019\u00e9nergie renouvelable en 2016, contre 37 % en 2005<\/p>\n<p>&nbsp;<\/p>\n<p>Graphique : Part des \u00e9nergies renouvelables dans la consommation nale brute d\u2019\u00e9nergie et trajectoire pr\u00e9vue pour atteindre l\u2019objectif de 2020. Source : calculs SDES, d\u2019apr\u00e8s les sources par \u00e9nergie (r\u00e9alis\u00e9) et PNA EnR (trajectoire).<\/p>\n<p>Source : CGDD<\/p>\n","protected":false},"excerpt":{"rendered":"<p>La part des \u00e9nergies renouvelables dans la consommation finale brute d\u2019\u00e9nergie en France s\u2019\u00e9l\u00e8ve \u00e0 15,7 % en 2016. Cette part a progress\u00e9 de 6,5 points en l\u2019espace de onze ans, dont 0,5 point entre 2015 et 2016. Pr\u00e8s de 30 % de la croissance des \u00e9nergies renouvelables depuis 2005 est imputable au d\u00e9veloppement des [&hellip;]<\/p>\n","protected":false},"author":17,"featured_media":96769,"comment_status":"closed","ping_status":"closed","sticky":false,"template":"","format":"standard","meta":{"_et_pb_use_builder":"","_et_pb_old_content":"","_et_gb_content_width":"","footnotes":""},"categories":[10530,6351],"tags":[3152,675],"class_list":["post-96768","post","type-post","status-publish","format-standard","has-post-thumbnail","hentry","category-actualites","category-energie-environnement","tag-energie-renouvelable","tag-enr"],"yoast_head":"<!-- This site is optimized with the Yoast SEO plugin v27.4 - https:\/\/yoast.com\/product\/yoast-seo-wordpress\/ -->\n<title>Les \u00e9nergies renouvelable n&#039;ont progress\u00e9 que de 0,5% en un an<\/title>\n<meta name=\"robots\" content=\"index, follow, max-snippet:-1, max-image-preview:large, max-video-preview:-1\" \/>\n<link rel=\"canonical\" href=\"https:\/\/batijournal.com\/index.php\/energies-renouvelable-nont-progresse-de-05-an\/96768\/\" \/>\n<meta property=\"og:locale\" content=\"fr_FR\" \/>\n<meta property=\"og:type\" content=\"article\" \/>\n<meta property=\"og:title\" content=\"Les \u00e9nergies renouvelable n&#039;ont progress\u00e9 que de 0,5% en un an\" \/>\n<meta property=\"og:description\" content=\"La part des \u00e9nergies renouvelables dans la consommation finale brute d\u2019\u00e9nergie en France s\u2019\u00e9l\u00e8ve \u00e0 15,7 % en 2016. Cette part a progress\u00e9 de 6,5 points en l\u2019espace de onze ans, dont 0,5 point entre 2015 et 2016. Pr\u00e8s de 30 % de la croissance des \u00e9nergies renouvelables depuis 2005 est imputable au d\u00e9veloppement des [&hellip;]\" \/>\n<meta property=\"og:url\" content=\"https:\/\/batijournal.com\/index.php\/energies-renouvelable-nont-progresse-de-05-an\/96768\/\" \/>\n<meta property=\"og:site_name\" content=\"Batijournal\" \/>\n<meta property=\"article:published_time\" content=\"2017-09-12T07:55:16+00:00\" \/>\n<meta property=\"article:modified_time\" content=\"2019-07-15T10:22:00+00:00\" \/>\n<meta property=\"og:image\" content=\"https:\/\/batijournal.com\/wp-content\/uploads\/2017\/09\/Part-des-energies-renouvelables.png\" \/>\n\t<meta property=\"og:image:width\" content=\"1026\" \/>\n\t<meta property=\"og:image:height\" content=\"491\" \/>\n\t<meta property=\"og:image:type\" content=\"image\/png\" \/>\n<meta name=\"author\" content=\"St\u00e9phane Miget\" \/>\n<meta name=\"twitter:card\" content=\"summary_large_image\" \/>\n<meta name=\"twitter:creator\" content=\"@bati_journal\" \/>\n<meta name=\"twitter:site\" content=\"@bati_journal\" \/>\n<meta name=\"twitter:label1\" content=\"\u00c9crit par\" \/>\n\t<meta name=\"twitter:data1\" content=\"St\u00e9phane Miget\" \/>\n\t<meta name=\"twitter:label2\" content=\"Dur\u00e9e de lecture estim\u00e9e\" \/>\n\t<meta name=\"twitter:data2\" content=\"1 minute\" \/>\n<script type=\"application\/ld+json\" class=\"yoast-schema-graph\">{\"@context\":\"https:\\\/\\\/schema.org\",\"@graph\":[{\"@type\":\"Article\",\"@id\":\"https:\\\/\\\/batijournal.com\\\/index.php\\\/energies-renouvelable-nont-progresse-de-05-an\\\/96768\\\/#article\",\"isPartOf\":{\"@id\":\"https:\\\/\\\/batijournal.com\\\/index.php\\\/energies-renouvelable-nont-progresse-de-05-an\\\/96768\\\/\"},\"author\":{\"name\":\"St\u00e9phane Miget\",\"@id\":\"https:\\\/\\\/batijournal.com\\\/#\\\/schema\\\/person\\\/1dc96ec6957aa1ccb25ebe78bb19f100\"},\"headline\":\"Les \u00e9nergies renouvelable n&rsquo;ont progress\u00e9 que de 0,5% en un an\",\"datePublished\":\"2017-09-12T07:55:16+00:00\",\"dateModified\":\"2019-07-15T10:22:00+00:00\",\"mainEntityOfPage\":{\"@id\":\"https:\\\/\\\/batijournal.com\\\/index.php\\\/energies-renouvelable-nont-progresse-de-05-an\\\/96768\\\/\"},\"wordCount\":167,\"image\":{\"@id\":\"https:\\\/\\\/batijournal.com\\\/index.php\\\/energies-renouvelable-nont-progresse-de-05-an\\\/96768\\\/#primaryimage\"},\"thumbnailUrl\":\"https:\\\/\\\/batijournal.com\\\/wp-content\\\/uploads\\\/2017\\\/09\\\/Part-des-energies-renouvelables.png\",\"keywords\":[\"\u00e9nergie renouvelable\",\"ENR\"],\"articleSection\":[\"Actualit\u00e9s\",\"\u00c9nergie &amp; Environnement\"],\"inLanguage\":\"fr-FR\"},{\"@type\":\"WebPage\",\"@id\":\"https:\\\/\\\/batijournal.com\\\/index.php\\\/energies-renouvelable-nont-progresse-de-05-an\\\/96768\\\/\",\"url\":\"https:\\\/\\\/batijournal.com\\\/index.php\\\/energies-renouvelable-nont-progresse-de-05-an\\\/96768\\\/\",\"name\":\"Les \u00e9nergies renouvelable n'ont progress\u00e9 que de 0,5% en un an\",\"isPartOf\":{\"@id\":\"https:\\\/\\\/batijournal.com\\\/#website\"},\"primaryImageOfPage\":{\"@id\":\"https:\\\/\\\/batijournal.com\\\/index.php\\\/energies-renouvelable-nont-progresse-de-05-an\\\/96768\\\/#primaryimage\"},\"image\":{\"@id\":\"https:\\\/\\\/batijournal.com\\\/index.php\\\/energies-renouvelable-nont-progresse-de-05-an\\\/96768\\\/#primaryimage\"},\"thumbnailUrl\":\"https:\\\/\\\/batijournal.com\\\/wp-content\\\/uploads\\\/2017\\\/09\\\/Part-des-energies-renouvelables.png\",\"datePublished\":\"2017-09-12T07:55:16+00:00\",\"dateModified\":\"2019-07-15T10:22:00+00:00\",\"author\":{\"@id\":\"https:\\\/\\\/batijournal.com\\\/#\\\/schema\\\/person\\\/1dc96ec6957aa1ccb25ebe78bb19f100\"},\"breadcrumb\":{\"@id\":\"https:\\\/\\\/batijournal.com\\\/index.php\\\/energies-renouvelable-nont-progresse-de-05-an\\\/96768\\\/#breadcrumb\"},\"inLanguage\":\"fr-FR\",\"potentialAction\":[{\"@type\":\"ReadAction\",\"target\":[\"https:\\\/\\\/batijournal.com\\\/index.php\\\/energies-renouvelable-nont-progresse-de-05-an\\\/96768\\\/\"]}]},{\"@type\":\"ImageObject\",\"inLanguage\":\"fr-FR\",\"@id\":\"https:\\\/\\\/batijournal.com\\\/index.php\\\/energies-renouvelable-nont-progresse-de-05-an\\\/96768\\\/#primaryimage\",\"url\":\"https:\\\/\\\/batijournal.com\\\/wp-content\\\/uploads\\\/2017\\\/09\\\/Part-des-energies-renouvelables.png\",\"contentUrl\":\"https:\\\/\\\/batijournal.com\\\/wp-content\\\/uploads\\\/2017\\\/09\\\/Part-des-energies-renouvelables.png\",\"width\":1026,\"height\":491},{\"@type\":\"BreadcrumbList\",\"@id\":\"https:\\\/\\\/batijournal.com\\\/index.php\\\/energies-renouvelable-nont-progresse-de-05-an\\\/96768\\\/#breadcrumb\",\"itemListElement\":[{\"@type\":\"ListItem\",\"position\":1,\"name\":\"Accueil\",\"item\":\"https:\\\/\\\/batijournal.com\\\/\"},{\"@type\":\"ListItem\",\"position\":2,\"name\":\"Actualit\u00e9s\",\"item\":\"https:\\\/\\\/batijournal.com\\\/index.php\\\/category\\\/actualites\\\/\"},{\"@type\":\"ListItem\",\"position\":3,\"name\":\"Les \u00e9nergies renouvelable n&rsquo;ont progress\u00e9 que de 0,5% en un an\"}]},{\"@type\":\"WebSite\",\"@id\":\"https:\\\/\\\/batijournal.com\\\/#website\",\"url\":\"https:\\\/\\\/batijournal.com\\\/\",\"name\":\"Batijournal\",\"description\":\"L&#039;actualit\u00e9 du b\u00e2timent\",\"potentialAction\":[{\"@type\":\"SearchAction\",\"target\":{\"@type\":\"EntryPoint\",\"urlTemplate\":\"https:\\\/\\\/batijournal.com\\\/?s={search_term_string}\"},\"query-input\":{\"@type\":\"PropertyValueSpecification\",\"valueRequired\":true,\"valueName\":\"search_term_string\"}}],\"inLanguage\":\"fr-FR\"},{\"@type\":\"Person\",\"@id\":\"https:\\\/\\\/batijournal.com\\\/#\\\/schema\\\/person\\\/1dc96ec6957aa1ccb25ebe78bb19f100\",\"name\":\"St\u00e9phane Miget\",\"image\":{\"@type\":\"ImageObject\",\"inLanguage\":\"fr-FR\",\"@id\":\"https:\\\/\\\/secure.gravatar.com\\\/avatar\\\/89915563d925342126b8ef0281b93d9d7fc337043e8df017f780908eb9644451?s=96&d=mm&r=g\",\"url\":\"https:\\\/\\\/secure.gravatar.com\\\/avatar\\\/89915563d925342126b8ef0281b93d9d7fc337043e8df017f780908eb9644451?s=96&d=mm&r=g\",\"contentUrl\":\"https:\\\/\\\/secure.gravatar.com\\\/avatar\\\/89915563d925342126b8ef0281b93d9d7fc337043e8df017f780908eb9644451?s=96&d=mm&r=g\",\"caption\":\"St\u00e9phane Miget\"},\"url\":\"https:\\\/\\\/batijournal.com\\\/index.php\\\/author\\\/stephane\\\/\"}]}<\/script>\n<!-- \/ Yoast SEO plugin. -->","yoast_head_json":{"title":"Les \u00e9nergies renouvelable n'ont progress\u00e9 que de 0,5% en un an","robots":{"index":"index","follow":"follow","max-snippet":"max-snippet:-1","max-image-preview":"max-image-preview:large","max-video-preview":"max-video-preview:-1"},"canonical":"https:\/\/batijournal.com\/index.php\/energies-renouvelable-nont-progresse-de-05-an\/96768\/","og_locale":"fr_FR","og_type":"article","og_title":"Les \u00e9nergies renouvelable n'ont progress\u00e9 que de 0,5% en un an","og_description":"La part des \u00e9nergies renouvelables dans la consommation finale brute d\u2019\u00e9nergie en France s\u2019\u00e9l\u00e8ve \u00e0 15,7 % en 2016. Cette part a progress\u00e9 de 6,5 points en l\u2019espace de onze ans, dont 0,5 point entre 2015 et 2016. Pr\u00e8s de 30 % de la croissance des \u00e9nergies renouvelables depuis 2005 est imputable au d\u00e9veloppement des [&hellip;]","og_url":"https:\/\/batijournal.com\/index.php\/energies-renouvelable-nont-progresse-de-05-an\/96768\/","og_site_name":"Batijournal","article_published_time":"2017-09-12T07:55:16+00:00","article_modified_time":"2019-07-15T10:22:00+00:00","og_image":[{"width":1026,"height":491,"url":"https:\/\/batijournal.com\/wp-content\/uploads\/2017\/09\/Part-des-energies-renouvelables.png","type":"image\/png"}],"author":"St\u00e9phane Miget","twitter_card":"summary_large_image","twitter_creator":"@bati_journal","twitter_site":"@bati_journal","twitter_misc":{"\u00c9crit par":"St\u00e9phane Miget","Dur\u00e9e de lecture estim\u00e9e":"1 minute"},"schema":{"@context":"https:\/\/schema.org","@graph":[{"@type":"Article","@id":"https:\/\/batijournal.com\/index.php\/energies-renouvelable-nont-progresse-de-05-an\/96768\/#article","isPartOf":{"@id":"https:\/\/batijournal.com\/index.php\/energies-renouvelable-nont-progresse-de-05-an\/96768\/"},"author":{"name":"St\u00e9phane Miget","@id":"https:\/\/batijournal.com\/#\/schema\/person\/1dc96ec6957aa1ccb25ebe78bb19f100"},"headline":"Les \u00e9nergies renouvelable n&rsquo;ont progress\u00e9 que de 0,5% en un an","datePublished":"2017-09-12T07:55:16+00:00","dateModified":"2019-07-15T10:22:00+00:00","mainEntityOfPage":{"@id":"https:\/\/batijournal.com\/index.php\/energies-renouvelable-nont-progresse-de-05-an\/96768\/"},"wordCount":167,"image":{"@id":"https:\/\/batijournal.com\/index.php\/energies-renouvelable-nont-progresse-de-05-an\/96768\/#primaryimage"},"thumbnailUrl":"https:\/\/batijournal.com\/wp-content\/uploads\/2017\/09\/Part-des-energies-renouvelables.png","keywords":["\u00e9nergie renouvelable","ENR"],"articleSection":["Actualit\u00e9s","\u00c9nergie &amp; Environnement"],"inLanguage":"fr-FR"},{"@type":"WebPage","@id":"https:\/\/batijournal.com\/index.php\/energies-renouvelable-nont-progresse-de-05-an\/96768\/","url":"https:\/\/batijournal.com\/index.php\/energies-renouvelable-nont-progresse-de-05-an\/96768\/","name":"Les \u00e9nergies renouvelable n'ont progress\u00e9 que de 0,5% en un an","isPartOf":{"@id":"https:\/\/batijournal.com\/#website"},"primaryImageOfPage":{"@id":"https:\/\/batijournal.com\/index.php\/energies-renouvelable-nont-progresse-de-05-an\/96768\/#primaryimage"},"image":{"@id":"https:\/\/batijournal.com\/index.php\/energies-renouvelable-nont-progresse-de-05-an\/96768\/#primaryimage"},"thumbnailUrl":"https:\/\/batijournal.com\/wp-content\/uploads\/2017\/09\/Part-des-energies-renouvelables.png","datePublished":"2017-09-12T07:55:16+00:00","dateModified":"2019-07-15T10:22:00+00:00","author":{"@id":"https:\/\/batijournal.com\/#\/schema\/person\/1dc96ec6957aa1ccb25ebe78bb19f100"},"breadcrumb":{"@id":"https:\/\/batijournal.com\/index.php\/energies-renouvelable-nont-progresse-de-05-an\/96768\/#breadcrumb"},"inLanguage":"fr-FR","potentialAction":[{"@type":"ReadAction","target":["https:\/\/batijournal.com\/index.php\/energies-renouvelable-nont-progresse-de-05-an\/96768\/"]}]},{"@type":"ImageObject","inLanguage":"fr-FR","@id":"https:\/\/batijournal.com\/index.php\/energies-renouvelable-nont-progresse-de-05-an\/96768\/#primaryimage","url":"https:\/\/batijournal.com\/wp-content\/uploads\/2017\/09\/Part-des-energies-renouvelables.png","contentUrl":"https:\/\/batijournal.com\/wp-content\/uploads\/2017\/09\/Part-des-energies-renouvelables.png","width":1026,"height":491},{"@type":"BreadcrumbList","@id":"https:\/\/batijournal.com\/index.php\/energies-renouvelable-nont-progresse-de-05-an\/96768\/#breadcrumb","itemListElement":[{"@type":"ListItem","position":1,"name":"Accueil","item":"https:\/\/batijournal.com\/"},{"@type":"ListItem","position":2,"name":"Actualit\u00e9s","item":"https:\/\/batijournal.com\/index.php\/category\/actualites\/"},{"@type":"ListItem","position":3,"name":"Les \u00e9nergies renouvelable n&rsquo;ont progress\u00e9 que de 0,5% en un an"}]},{"@type":"WebSite","@id":"https:\/\/batijournal.com\/#website","url":"https:\/\/batijournal.com\/","name":"Batijournal","description":"L&#039;actualit\u00e9 du b\u00e2timent","potentialAction":[{"@type":"SearchAction","target":{"@type":"EntryPoint","urlTemplate":"https:\/\/batijournal.com\/?s={search_term_string}"},"query-input":{"@type":"PropertyValueSpecification","valueRequired":true,"valueName":"search_term_string"}}],"inLanguage":"fr-FR"},{"@type":"Person","@id":"https:\/\/batijournal.com\/#\/schema\/person\/1dc96ec6957aa1ccb25ebe78bb19f100","name":"St\u00e9phane Miget","image":{"@type":"ImageObject","inLanguage":"fr-FR","@id":"https:\/\/secure.gravatar.com\/avatar\/89915563d925342126b8ef0281b93d9d7fc337043e8df017f780908eb9644451?s=96&d=mm&r=g","url":"https:\/\/secure.gravatar.com\/avatar\/89915563d925342126b8ef0281b93d9d7fc337043e8df017f780908eb9644451?s=96&d=mm&r=g","contentUrl":"https:\/\/secure.gravatar.com\/avatar\/89915563d925342126b8ef0281b93d9d7fc337043e8df017f780908eb9644451?s=96&d=mm&r=g","caption":"St\u00e9phane Miget"},"url":"https:\/\/batijournal.com\/index.php\/author\/stephane\/"}]}},"_links":{"self":[{"href":"https:\/\/batijournal.com\/index.php\/wp-json\/wp\/v2\/posts\/96768","targetHints":{"allow":["GET"]}}],"collection":[{"href":"https:\/\/batijournal.com\/index.php\/wp-json\/wp\/v2\/posts"}],"about":[{"href":"https:\/\/batijournal.com\/index.php\/wp-json\/wp\/v2\/types\/post"}],"author":[{"embeddable":true,"href":"https:\/\/batijournal.com\/index.php\/wp-json\/wp\/v2\/users\/17"}],"replies":[{"embeddable":true,"href":"https:\/\/batijournal.com\/index.php\/wp-json\/wp\/v2\/comments?post=96768"}],"version-history":[{"count":0,"href":"https:\/\/batijournal.com\/index.php\/wp-json\/wp\/v2\/posts\/96768\/revisions"}],"wp:featuredmedia":[{"embeddable":true,"href":"https:\/\/batijournal.com\/index.php\/wp-json\/wp\/v2\/media\/96769"}],"wp:attachment":[{"href":"https:\/\/batijournal.com\/index.php\/wp-json\/wp\/v2\/media?parent=96768"}],"wp:term":[{"taxonomy":"category","embeddable":true,"href":"https:\/\/batijournal.com\/index.php\/wp-json\/wp\/v2\/categories?post=96768"},{"taxonomy":"post_tag","embeddable":true,"href":"https:\/\/batijournal.com\/index.php\/wp-json\/wp\/v2\/tags?post=96768"}],"curies":[{"name":"wp","href":"https:\/\/api.w.org\/{rel}","templated":true}]}}