{"id":96831,"date":"2017-09-15T07:30:23","date_gmt":"2017-09-15T05:30:23","guid":{"rendered":"http:\/\/batijournal.com\/?p=96831"},"modified":"2017-09-15T07:30:23","modified_gmt":"2017-09-15T05:30:23","slug":"journee-nationale-consacree-a-construction-bois","status":"publish","type":"post","link":"https:\/\/batijournal.com\/index.php\/journee-nationale-consacree-a-construction-bois\/96831\/","title":{"rendered":"Journ\u00e9e nationale consacr\u00e9e \u00e0 la construction bois"},"content":{"rendered":"<p>Le 10 octobre 2017, la fili\u00e8re for\u00eat-bois se mobilise pour d\u00e9montrer que le bois est un mat\u00e9riau de construction particuli\u00e8rement performant. Un rendez-vous unique se d\u00e9roulera simultan\u00e9ment dans 10 villes fran\u00e7aises. Avec des retours d\u2019exp\u00e9riences et de nombreux t\u00e9moignages de membres du Club OUI AU BOIS, l&rsquo;\u00e9v\u00e9nement se d\u00e9roulera en deux parties : une conf\u00e9rence nationale retransmise en direct et des conf\u00e9rences r\u00e9gionales. Organis\u00e9 par les interprofessions r\u00e9gionales r\u00e9unies au sein de France Bois R\u00e9gions, en partenariat avec le CNDB et les organisations professionnelles repr\u00e9sent\u00e9es au sein du CODIFAB, il est ouvert \u00e0 tous les ma\u00eetres d\u2019\u0153uvre, ma\u00eetres d\u2019ouvrage et entreprises.<\/p>\n<p>&nbsp;<\/p>\n<p><a href=\"http:\/\/www.club-oui-au-bois.com\/evenement-2017\" target=\"_blank\" rel=\"noopener\">http:\/\/www.club-oui-au-bois.com\/evenement-2017<\/a><\/p>\n<p>&nbsp;<\/p>\n","protected":false},"excerpt":{"rendered":"<p>Le 10 octobre 2017, la fili\u00e8re for\u00eat-bois se mobilise pour d\u00e9montrer que le bois est un mat\u00e9riau de construction particuli\u00e8rement performant. Un rendez-vous unique se d\u00e9roulera simultan\u00e9ment dans 10 villes fran\u00e7aises. Avec des retours d\u2019exp\u00e9riences et de nombreux t\u00e9moignages de membres du Club OUI AU BOIS, l&rsquo;\u00e9v\u00e9nement se d\u00e9roulera en deux parties : une conf\u00e9rence [&hellip;]<\/p>\n","protected":false},"author":17,"featured_media":96832,"comment_status":"closed","ping_status":"closed","sticky":false,"template":"","format":"standard","meta":{"_et_pb_use_builder":"","_et_pb_old_content":"","_et_gb_content_width":"","footnotes":""},"categories":[10530,6345,9192],"tags":[1017],"class_list":["post-96831","post","type-post","status-publish","format-standard","has-post-thumbnail","hentry","category-actualites","category-economie-marches","category-evenements","tag-filiere-bois"],"yoast_head":"<!-- This site is optimized with the Yoast SEO plugin v27.4 - https:\/\/yoast.com\/product\/yoast-seo-wordpress\/ -->\n<title>Journ\u00e9e nationale consacr\u00e9e \u00e0 la construction bois<\/title>\n<meta name=\"robots\" content=\"index, follow, max-snippet:-1, max-image-preview:large, max-video-preview:-1\" \/>\n<link rel=\"canonical\" href=\"https:\/\/batijournal.com\/index.php\/journee-nationale-consacree-a-construction-bois\/96831\/\" \/>\n<meta property=\"og:locale\" content=\"fr_FR\" \/>\n<meta property=\"og:type\" content=\"article\" \/>\n<meta property=\"og:title\" content=\"Journ\u00e9e nationale consacr\u00e9e \u00e0 la construction bois\" \/>\n<meta property=\"og:description\" content=\"Le 10 octobre 2017, la fili\u00e8re for\u00eat-bois se mobilise pour d\u00e9montrer que le bois est un mat\u00e9riau de construction particuli\u00e8rement performant. Un rendez-vous unique se d\u00e9roulera simultan\u00e9ment dans 10 villes fran\u00e7aises. Avec des retours d\u2019exp\u00e9riences et de nombreux t\u00e9moignages de membres du Club OUI AU BOIS, l&rsquo;\u00e9v\u00e9nement se d\u00e9roulera en deux parties : une conf\u00e9rence [&hellip;]\" \/>\n<meta property=\"og:url\" content=\"https:\/\/batijournal.com\/index.php\/journee-nationale-consacree-a-construction-bois\/96831\/\" \/>\n<meta property=\"og:site_name\" content=\"Batijournal\" \/>\n<meta property=\"article:published_time\" content=\"2017-09-15T05:30:23+00:00\" \/>\n<meta property=\"og:image\" content=\"https:\/\/batijournal.com\/wp-content\/uploads\/2017\/09\/ditesouiaubois.jpg\" \/>\n\t<meta property=\"og:image:width\" content=\"1000\" \/>\n\t<meta property=\"og:image:height\" content=\"653\" \/>\n\t<meta property=\"og:image:type\" content=\"image\/jpeg\" \/>\n<meta name=\"author\" content=\"St\u00e9phane Miget\" \/>\n<meta name=\"twitter:card\" content=\"summary_large_image\" \/>\n<meta name=\"twitter:creator\" content=\"@bati_journal\" \/>\n<meta name=\"twitter:site\" content=\"@bati_journal\" \/>\n<meta name=\"twitter:label1\" content=\"\u00c9crit par\" \/>\n\t<meta name=\"twitter:data1\" content=\"St\u00e9phane Miget\" \/>\n\t<meta name=\"twitter:label2\" content=\"Dur\u00e9e de lecture estim\u00e9e\" \/>\n\t<meta name=\"twitter:data2\" content=\"1 minute\" \/>\n<script type=\"application\/ld+json\" class=\"yoast-schema-graph\">{\"@context\":\"https:\\\/\\\/schema.org\",\"@graph\":[{\"@type\":\"Article\",\"@id\":\"https:\\\/\\\/batijournal.com\\\/index.php\\\/journee-nationale-consacree-a-construction-bois\\\/96831\\\/#article\",\"isPartOf\":{\"@id\":\"https:\\\/\\\/batijournal.com\\\/index.php\\\/journee-nationale-consacree-a-construction-bois\\\/96831\\\/\"},\"author\":{\"name\":\"St\u00e9phane Miget\",\"@id\":\"https:\\\/\\\/batijournal.com\\\/#\\\/schema\\\/person\\\/1dc96ec6957aa1ccb25ebe78bb19f100\"},\"headline\":\"Journ\u00e9e nationale consacr\u00e9e \u00e0 la construction bois\",\"datePublished\":\"2017-09-15T05:30:23+00:00\",\"mainEntityOfPage\":{\"@id\":\"https:\\\/\\\/batijournal.com\\\/index.php\\\/journee-nationale-consacree-a-construction-bois\\\/96831\\\/\"},\"wordCount\":137,\"image\":{\"@id\":\"https:\\\/\\\/batijournal.com\\\/index.php\\\/journee-nationale-consacree-a-construction-bois\\\/96831\\\/#primaryimage\"},\"thumbnailUrl\":\"https:\\\/\\\/batijournal.com\\\/wp-content\\\/uploads\\\/2017\\\/09\\\/ditesouiaubois.jpg\",\"keywords\":[\"fili\u00e8re bois\"],\"articleSection\":[\"Actualit\u00e9s\",\"\u00c9conomie &amp; March\u00e9s\",\"\u00c9v\u00e9nements\"],\"inLanguage\":\"fr-FR\"},{\"@type\":\"WebPage\",\"@id\":\"https:\\\/\\\/batijournal.com\\\/index.php\\\/journee-nationale-consacree-a-construction-bois\\\/96831\\\/\",\"url\":\"https:\\\/\\\/batijournal.com\\\/index.php\\\/journee-nationale-consacree-a-construction-bois\\\/96831\\\/\",\"name\":\"Journ\u00e9e nationale consacr\u00e9e \u00e0 la construction bois\",\"isPartOf\":{\"@id\":\"https:\\\/\\\/batijournal.com\\\/#website\"},\"primaryImageOfPage\":{\"@id\":\"https:\\\/\\\/batijournal.com\\\/index.php\\\/journee-nationale-consacree-a-construction-bois\\\/96831\\\/#primaryimage\"},\"image\":{\"@id\":\"https:\\\/\\\/batijournal.com\\\/index.php\\\/journee-nationale-consacree-a-construction-bois\\\/96831\\\/#primaryimage\"},\"thumbnailUrl\":\"https:\\\/\\\/batijournal.com\\\/wp-content\\\/uploads\\\/2017\\\/09\\\/ditesouiaubois.jpg\",\"datePublished\":\"2017-09-15T05:30:23+00:00\",\"author\":{\"@id\":\"https:\\\/\\\/batijournal.com\\\/#\\\/schema\\\/person\\\/1dc96ec6957aa1ccb25ebe78bb19f100\"},\"breadcrumb\":{\"@id\":\"https:\\\/\\\/batijournal.com\\\/index.php\\\/journee-nationale-consacree-a-construction-bois\\\/96831\\\/#breadcrumb\"},\"inLanguage\":\"fr-FR\",\"potentialAction\":[{\"@type\":\"ReadAction\",\"target\":[\"https:\\\/\\\/batijournal.com\\\/index.php\\\/journee-nationale-consacree-a-construction-bois\\\/96831\\\/\"]}]},{\"@type\":\"ImageObject\",\"inLanguage\":\"fr-FR\",\"@id\":\"https:\\\/\\\/batijournal.com\\\/index.php\\\/journee-nationale-consacree-a-construction-bois\\\/96831\\\/#primaryimage\",\"url\":\"https:\\\/\\\/batijournal.com\\\/wp-content\\\/uploads\\\/2017\\\/09\\\/ditesouiaubois.jpg\",\"contentUrl\":\"https:\\\/\\\/batijournal.com\\\/wp-content\\\/uploads\\\/2017\\\/09\\\/ditesouiaubois.jpg\",\"width\":1000,\"height\":653},{\"@type\":\"BreadcrumbList\",\"@id\":\"https:\\\/\\\/batijournal.com\\\/index.php\\\/journee-nationale-consacree-a-construction-bois\\\/96831\\\/#breadcrumb\",\"itemListElement\":[{\"@type\":\"ListItem\",\"position\":1,\"name\":\"Accueil\",\"item\":\"https:\\\/\\\/batijournal.com\\\/\"},{\"@type\":\"ListItem\",\"position\":2,\"name\":\"Actualit\u00e9s\",\"item\":\"https:\\\/\\\/batijournal.com\\\/index.php\\\/category\\\/actualites\\\/\"},{\"@type\":\"ListItem\",\"position\":3,\"name\":\"\u00c9conomie &amp; March\u00e9s\",\"item\":\"https:\\\/\\\/batijournal.com\\\/index.php\\\/category\\\/actualites\\\/economie-marches\\\/\"},{\"@type\":\"ListItem\",\"position\":4,\"name\":\"Journ\u00e9e nationale consacr\u00e9e \u00e0 la construction bois\"}]},{\"@type\":\"WebSite\",\"@id\":\"https:\\\/\\\/batijournal.com\\\/#website\",\"url\":\"https:\\\/\\\/batijournal.com\\\/\",\"name\":\"Batijournal\",\"description\":\"L&#039;actualit\u00e9 du b\u00e2timent\",\"potentialAction\":[{\"@type\":\"SearchAction\",\"target\":{\"@type\":\"EntryPoint\",\"urlTemplate\":\"https:\\\/\\\/batijournal.com\\\/?s={search_term_string}\"},\"query-input\":{\"@type\":\"PropertyValueSpecification\",\"valueRequired\":true,\"valueName\":\"search_term_string\"}}],\"inLanguage\":\"fr-FR\"},{\"@type\":\"Person\",\"@id\":\"https:\\\/\\\/batijournal.com\\\/#\\\/schema\\\/person\\\/1dc96ec6957aa1ccb25ebe78bb19f100\",\"name\":\"St\u00e9phane Miget\",\"image\":{\"@type\":\"ImageObject\",\"inLanguage\":\"fr-FR\",\"@id\":\"https:\\\/\\\/secure.gravatar.com\\\/avatar\\\/89915563d925342126b8ef0281b93d9d7fc337043e8df017f780908eb9644451?s=96&d=mm&r=g\",\"url\":\"https:\\\/\\\/secure.gravatar.com\\\/avatar\\\/89915563d925342126b8ef0281b93d9d7fc337043e8df017f780908eb9644451?s=96&d=mm&r=g\",\"contentUrl\":\"https:\\\/\\\/secure.gravatar.com\\\/avatar\\\/89915563d925342126b8ef0281b93d9d7fc337043e8df017f780908eb9644451?s=96&d=mm&r=g\",\"caption\":\"St\u00e9phane Miget\"},\"url\":\"https:\\\/\\\/batijournal.com\\\/index.php\\\/author\\\/stephane\\\/\"}]}<\/script>\n<!-- \/ Yoast SEO plugin. -->","yoast_head_json":{"title":"Journ\u00e9e nationale consacr\u00e9e \u00e0 la construction bois","robots":{"index":"index","follow":"follow","max-snippet":"max-snippet:-1","max-image-preview":"max-image-preview:large","max-video-preview":"max-video-preview:-1"},"canonical":"https:\/\/batijournal.com\/index.php\/journee-nationale-consacree-a-construction-bois\/96831\/","og_locale":"fr_FR","og_type":"article","og_title":"Journ\u00e9e nationale consacr\u00e9e \u00e0 la construction bois","og_description":"Le 10 octobre 2017, la fili\u00e8re for\u00eat-bois se mobilise pour d\u00e9montrer que le bois est un mat\u00e9riau de construction particuli\u00e8rement performant. Un rendez-vous unique se d\u00e9roulera simultan\u00e9ment dans 10 villes fran\u00e7aises. Avec des retours d\u2019exp\u00e9riences et de nombreux t\u00e9moignages de membres du Club OUI AU BOIS, l&rsquo;\u00e9v\u00e9nement se d\u00e9roulera en deux parties : une conf\u00e9rence [&hellip;]","og_url":"https:\/\/batijournal.com\/index.php\/journee-nationale-consacree-a-construction-bois\/96831\/","og_site_name":"Batijournal","article_published_time":"2017-09-15T05:30:23+00:00","og_image":[{"width":1000,"height":653,"url":"https:\/\/batijournal.com\/wp-content\/uploads\/2017\/09\/ditesouiaubois.jpg","type":"image\/jpeg"}],"author":"St\u00e9phane Miget","twitter_card":"summary_large_image","twitter_creator":"@bati_journal","twitter_site":"@bati_journal","twitter_misc":{"\u00c9crit par":"St\u00e9phane Miget","Dur\u00e9e de lecture estim\u00e9e":"1 minute"},"schema":{"@context":"https:\/\/schema.org","@graph":[{"@type":"Article","@id":"https:\/\/batijournal.com\/index.php\/journee-nationale-consacree-a-construction-bois\/96831\/#article","isPartOf":{"@id":"https:\/\/batijournal.com\/index.php\/journee-nationale-consacree-a-construction-bois\/96831\/"},"author":{"name":"St\u00e9phane Miget","@id":"https:\/\/batijournal.com\/#\/schema\/person\/1dc96ec6957aa1ccb25ebe78bb19f100"},"headline":"Journ\u00e9e nationale consacr\u00e9e \u00e0 la construction bois","datePublished":"2017-09-15T05:30:23+00:00","mainEntityOfPage":{"@id":"https:\/\/batijournal.com\/index.php\/journee-nationale-consacree-a-construction-bois\/96831\/"},"wordCount":137,"image":{"@id":"https:\/\/batijournal.com\/index.php\/journee-nationale-consacree-a-construction-bois\/96831\/#primaryimage"},"thumbnailUrl":"https:\/\/batijournal.com\/wp-content\/uploads\/2017\/09\/ditesouiaubois.jpg","keywords":["fili\u00e8re bois"],"articleSection":["Actualit\u00e9s","\u00c9conomie &amp; March\u00e9s","\u00c9v\u00e9nements"],"inLanguage":"fr-FR"},{"@type":"WebPage","@id":"https:\/\/batijournal.com\/index.php\/journee-nationale-consacree-a-construction-bois\/96831\/","url":"https:\/\/batijournal.com\/index.php\/journee-nationale-consacree-a-construction-bois\/96831\/","name":"Journ\u00e9e nationale consacr\u00e9e \u00e0 la construction bois","isPartOf":{"@id":"https:\/\/batijournal.com\/#website"},"primaryImageOfPage":{"@id":"https:\/\/batijournal.com\/index.php\/journee-nationale-consacree-a-construction-bois\/96831\/#primaryimage"},"image":{"@id":"https:\/\/batijournal.com\/index.php\/journee-nationale-consacree-a-construction-bois\/96831\/#primaryimage"},"thumbnailUrl":"https:\/\/batijournal.com\/wp-content\/uploads\/2017\/09\/ditesouiaubois.jpg","datePublished":"2017-09-15T05:30:23+00:00","author":{"@id":"https:\/\/batijournal.com\/#\/schema\/person\/1dc96ec6957aa1ccb25ebe78bb19f100"},"breadcrumb":{"@id":"https:\/\/batijournal.com\/index.php\/journee-nationale-consacree-a-construction-bois\/96831\/#breadcrumb"},"inLanguage":"fr-FR","potentialAction":[{"@type":"ReadAction","target":["https:\/\/batijournal.com\/index.php\/journee-nationale-consacree-a-construction-bois\/96831\/"]}]},{"@type":"ImageObject","inLanguage":"fr-FR","@id":"https:\/\/batijournal.com\/index.php\/journee-nationale-consacree-a-construction-bois\/96831\/#primaryimage","url":"https:\/\/batijournal.com\/wp-content\/uploads\/2017\/09\/ditesouiaubois.jpg","contentUrl":"https:\/\/batijournal.com\/wp-content\/uploads\/2017\/09\/ditesouiaubois.jpg","width":1000,"height":653},{"@type":"BreadcrumbList","@id":"https:\/\/batijournal.com\/index.php\/journee-nationale-consacree-a-construction-bois\/96831\/#breadcrumb","itemListElement":[{"@type":"ListItem","position":1,"name":"Accueil","item":"https:\/\/batijournal.com\/"},{"@type":"ListItem","position":2,"name":"Actualit\u00e9s","item":"https:\/\/batijournal.com\/index.php\/category\/actualites\/"},{"@type":"ListItem","position":3,"name":"\u00c9conomie &amp; March\u00e9s","item":"https:\/\/batijournal.com\/index.php\/category\/actualites\/economie-marches\/"},{"@type":"ListItem","position":4,"name":"Journ\u00e9e nationale consacr\u00e9e \u00e0 la construction bois"}]},{"@type":"WebSite","@id":"https:\/\/batijournal.com\/#website","url":"https:\/\/batijournal.com\/","name":"Batijournal","description":"L&#039;actualit\u00e9 du b\u00e2timent","potentialAction":[{"@type":"SearchAction","target":{"@type":"EntryPoint","urlTemplate":"https:\/\/batijournal.com\/?s={search_term_string}"},"query-input":{"@type":"PropertyValueSpecification","valueRequired":true,"valueName":"search_term_string"}}],"inLanguage":"fr-FR"},{"@type":"Person","@id":"https:\/\/batijournal.com\/#\/schema\/person\/1dc96ec6957aa1ccb25ebe78bb19f100","name":"St\u00e9phane Miget","image":{"@type":"ImageObject","inLanguage":"fr-FR","@id":"https:\/\/secure.gravatar.com\/avatar\/89915563d925342126b8ef0281b93d9d7fc337043e8df017f780908eb9644451?s=96&d=mm&r=g","url":"https:\/\/secure.gravatar.com\/avatar\/89915563d925342126b8ef0281b93d9d7fc337043e8df017f780908eb9644451?s=96&d=mm&r=g","contentUrl":"https:\/\/secure.gravatar.com\/avatar\/89915563d925342126b8ef0281b93d9d7fc337043e8df017f780908eb9644451?s=96&d=mm&r=g","caption":"St\u00e9phane Miget"},"url":"https:\/\/batijournal.com\/index.php\/author\/stephane\/"}]}},"_links":{"self":[{"href":"https:\/\/batijournal.com\/index.php\/wp-json\/wp\/v2\/posts\/96831","targetHints":{"allow":["GET"]}}],"collection":[{"href":"https:\/\/batijournal.com\/index.php\/wp-json\/wp\/v2\/posts"}],"about":[{"href":"https:\/\/batijournal.com\/index.php\/wp-json\/wp\/v2\/types\/post"}],"author":[{"embeddable":true,"href":"https:\/\/batijournal.com\/index.php\/wp-json\/wp\/v2\/users\/17"}],"replies":[{"embeddable":true,"href":"https:\/\/batijournal.com\/index.php\/wp-json\/wp\/v2\/comments?post=96831"}],"version-history":[{"count":0,"href":"https:\/\/batijournal.com\/index.php\/wp-json\/wp\/v2\/posts\/96831\/revisions"}],"wp:featuredmedia":[{"embeddable":true,"href":"https:\/\/batijournal.com\/index.php\/wp-json\/wp\/v2\/media\/96832"}],"wp:attachment":[{"href":"https:\/\/batijournal.com\/index.php\/wp-json\/wp\/v2\/media?parent=96831"}],"wp:term":[{"taxonomy":"category","embeddable":true,"href":"https:\/\/batijournal.com\/index.php\/wp-json\/wp\/v2\/categories?post=96831"},{"taxonomy":"post_tag","embeddable":true,"href":"https:\/\/batijournal.com\/index.php\/wp-json\/wp\/v2\/tags?post=96831"}],"curies":[{"name":"wp","href":"https:\/\/api.w.org\/{rel}","templated":true}]}}