{"id":96845,"date":"2017-09-19T07:38:00","date_gmt":"2017-09-19T05:38:00","guid":{"rendered":"http:\/\/batijournal.com\/?p=96845"},"modified":"2017-09-19T07:38:00","modified_gmt":"2017-09-19T05:38:00","slug":"3-nouveaux-experts-comite-de-labellisation-capenergies","status":"publish","type":"post","link":"https:\/\/batijournal.com\/index.php\/3-nouveaux-experts-comite-de-labellisation-capenergies\/96845\/","title":{"rendered":"3 nouveaux experts pour le Comit\u00e9 de Labellisation Capenergies"},"content":{"rendered":"<p>Le Comit\u00e9 de Labellisation du p\u00f4le Capenergies accueille trois nouveaux membres, sp\u00e9cialistes de l\u2019\u00e9nergie et issus du monde de l\u2019industrie et de la recherche : Frank Carr\u00e9, Directeur Scientifique de la Direction de l\u2019Energie Nucl\u00e9aire du CEA, Isabelle Moretti, Directrice des Technologies du Groupe ENGIE et Hubert Tardieu, Conseiller du Pr\u00e9sident Directeur G\u00e9n\u00e9ral d\u2019ATOS. En coh\u00e9rence avec les \u00e9volutions des fili\u00e8res et march\u00e9s de l\u2019\u00e9nergie, ces trois sp\u00e9cialistes mettront leur expertise respective au service de l\u2019\u00e9valuation des projets soumis en vue de leur labellisation. D\u00e9sormais compos\u00e9 de 12 acteurs reconnus dans le domaine de l\u2019\u00e9nergie, \u00e0 l\u2019image de son pr\u00e9sident M. Olivier Appert (Pr\u00e9sident du Conseil Fran\u00e7ais de l\u2019Energie, D\u00e9l\u00e9gu\u00e9 g\u00e9n\u00e9ral de l\u2019Acad\u00e9mie des Technologies).<\/p>\n","protected":false},"excerpt":{"rendered":"<p>Le Comit\u00e9 de Labellisation du p\u00f4le Capenergies accueille trois nouveaux membres, sp\u00e9cialistes de l\u2019\u00e9nergie et issus du monde de l\u2019industrie et de la recherche : Frank Carr\u00e9, Directeur Scientifique de la Direction de l\u2019Energie Nucl\u00e9aire du CEA, Isabelle Moretti, Directrice des Technologies du Groupe ENGIE et Hubert Tardieu, Conseiller du Pr\u00e9sident Directeur G\u00e9n\u00e9ral d\u2019ATOS. En [&hellip;]<\/p>\n","protected":false},"author":17,"featured_media":96846,"comment_status":"closed","ping_status":"closed","sticky":false,"template":"","format":"standard","meta":{"_et_pb_use_builder":"","_et_pb_old_content":"","_et_gb_content_width":"","footnotes":""},"categories":[10530,6351],"tags":[12088,1920],"class_list":["post-96845","post","type-post","status-publish","format-standard","has-post-thumbnail","hentry","category-actualites","category-energie-environnement","tag-capenergies","tag-labellisation"],"yoast_head":"<!-- This site is optimized with the Yoast SEO plugin v27.4 - https:\/\/yoast.com\/product\/yoast-seo-wordpress\/ -->\n<title>3 nouveaux experts pour le Comit\u00e9 de Labellisation Capenergies<\/title>\n<meta name=\"robots\" content=\"index, follow, max-snippet:-1, max-image-preview:large, max-video-preview:-1\" \/>\n<link rel=\"canonical\" href=\"https:\/\/batijournal.com\/index.php\/3-nouveaux-experts-comite-de-labellisation-capenergies\/96845\/\" \/>\n<meta property=\"og:locale\" content=\"fr_FR\" \/>\n<meta property=\"og:type\" content=\"article\" \/>\n<meta property=\"og:title\" content=\"3 nouveaux experts pour le Comit\u00e9 de Labellisation Capenergies\" \/>\n<meta property=\"og:description\" content=\"Le Comit\u00e9 de Labellisation du p\u00f4le Capenergies accueille trois nouveaux membres, sp\u00e9cialistes de l\u2019\u00e9nergie et issus du monde de l\u2019industrie et de la recherche : Frank Carr\u00e9, Directeur Scientifique de la Direction de l\u2019Energie Nucl\u00e9aire du CEA, Isabelle Moretti, Directrice des Technologies du Groupe ENGIE et Hubert Tardieu, Conseiller du Pr\u00e9sident Directeur G\u00e9n\u00e9ral d\u2019ATOS. En [&hellip;]\" \/>\n<meta property=\"og:url\" content=\"https:\/\/batijournal.com\/index.php\/3-nouveaux-experts-comite-de-labellisation-capenergies\/96845\/\" \/>\n<meta property=\"og:site_name\" content=\"Batijournal\" \/>\n<meta property=\"article:published_time\" content=\"2017-09-19T05:38:00+00:00\" \/>\n<meta property=\"og:image\" content=\"https:\/\/batijournal.com\/wp-content\/uploads\/2017\/09\/capenergies.png\" \/>\n\t<meta property=\"og:image:width\" content=\"673\" \/>\n\t<meta property=\"og:image:height\" content=\"260\" \/>\n\t<meta property=\"og:image:type\" content=\"image\/png\" \/>\n<meta name=\"author\" content=\"St\u00e9phane Miget\" \/>\n<meta name=\"twitter:card\" content=\"summary_large_image\" \/>\n<meta name=\"twitter:creator\" content=\"@bati_journal\" \/>\n<meta name=\"twitter:site\" content=\"@bati_journal\" \/>\n<meta name=\"twitter:label1\" content=\"\u00c9crit par\" \/>\n\t<meta name=\"twitter:data1\" content=\"St\u00e9phane Miget\" \/>\n\t<meta name=\"twitter:label2\" content=\"Dur\u00e9e de lecture estim\u00e9e\" \/>\n\t<meta name=\"twitter:data2\" content=\"1 minute\" \/>\n<script type=\"application\/ld+json\" class=\"yoast-schema-graph\">{\"@context\":\"https:\\\/\\\/schema.org\",\"@graph\":[{\"@type\":\"Article\",\"@id\":\"https:\\\/\\\/batijournal.com\\\/index.php\\\/3-nouveaux-experts-comite-de-labellisation-capenergies\\\/96845\\\/#article\",\"isPartOf\":{\"@id\":\"https:\\\/\\\/batijournal.com\\\/index.php\\\/3-nouveaux-experts-comite-de-labellisation-capenergies\\\/96845\\\/\"},\"author\":{\"name\":\"St\u00e9phane Miget\",\"@id\":\"https:\\\/\\\/batijournal.com\\\/#\\\/schema\\\/person\\\/1dc96ec6957aa1ccb25ebe78bb19f100\"},\"headline\":\"3 nouveaux experts pour le Comit\u00e9 de Labellisation Capenergies\",\"datePublished\":\"2017-09-19T05:38:00+00:00\",\"mainEntityOfPage\":{\"@id\":\"https:\\\/\\\/batijournal.com\\\/index.php\\\/3-nouveaux-experts-comite-de-labellisation-capenergies\\\/96845\\\/\"},\"wordCount\":149,\"image\":{\"@id\":\"https:\\\/\\\/batijournal.com\\\/index.php\\\/3-nouveaux-experts-comite-de-labellisation-capenergies\\\/96845\\\/#primaryimage\"},\"thumbnailUrl\":\"https:\\\/\\\/batijournal.com\\\/wp-content\\\/uploads\\\/2017\\\/09\\\/capenergies.png\",\"keywords\":[\"capenergies\",\"labellisation\"],\"articleSection\":[\"Actualit\u00e9s\",\"\u00c9nergie &amp; Environnement\"],\"inLanguage\":\"fr-FR\"},{\"@type\":\"WebPage\",\"@id\":\"https:\\\/\\\/batijournal.com\\\/index.php\\\/3-nouveaux-experts-comite-de-labellisation-capenergies\\\/96845\\\/\",\"url\":\"https:\\\/\\\/batijournal.com\\\/index.php\\\/3-nouveaux-experts-comite-de-labellisation-capenergies\\\/96845\\\/\",\"name\":\"3 nouveaux experts pour le Comit\u00e9 de Labellisation Capenergies\",\"isPartOf\":{\"@id\":\"https:\\\/\\\/batijournal.com\\\/#website\"},\"primaryImageOfPage\":{\"@id\":\"https:\\\/\\\/batijournal.com\\\/index.php\\\/3-nouveaux-experts-comite-de-labellisation-capenergies\\\/96845\\\/#primaryimage\"},\"image\":{\"@id\":\"https:\\\/\\\/batijournal.com\\\/index.php\\\/3-nouveaux-experts-comite-de-labellisation-capenergies\\\/96845\\\/#primaryimage\"},\"thumbnailUrl\":\"https:\\\/\\\/batijournal.com\\\/wp-content\\\/uploads\\\/2017\\\/09\\\/capenergies.png\",\"datePublished\":\"2017-09-19T05:38:00+00:00\",\"author\":{\"@id\":\"https:\\\/\\\/batijournal.com\\\/#\\\/schema\\\/person\\\/1dc96ec6957aa1ccb25ebe78bb19f100\"},\"breadcrumb\":{\"@id\":\"https:\\\/\\\/batijournal.com\\\/index.php\\\/3-nouveaux-experts-comite-de-labellisation-capenergies\\\/96845\\\/#breadcrumb\"},\"inLanguage\":\"fr-FR\",\"potentialAction\":[{\"@type\":\"ReadAction\",\"target\":[\"https:\\\/\\\/batijournal.com\\\/index.php\\\/3-nouveaux-experts-comite-de-labellisation-capenergies\\\/96845\\\/\"]}]},{\"@type\":\"ImageObject\",\"inLanguage\":\"fr-FR\",\"@id\":\"https:\\\/\\\/batijournal.com\\\/index.php\\\/3-nouveaux-experts-comite-de-labellisation-capenergies\\\/96845\\\/#primaryimage\",\"url\":\"https:\\\/\\\/batijournal.com\\\/wp-content\\\/uploads\\\/2017\\\/09\\\/capenergies.png\",\"contentUrl\":\"https:\\\/\\\/batijournal.com\\\/wp-content\\\/uploads\\\/2017\\\/09\\\/capenergies.png\",\"width\":673,\"height\":260},{\"@type\":\"BreadcrumbList\",\"@id\":\"https:\\\/\\\/batijournal.com\\\/index.php\\\/3-nouveaux-experts-comite-de-labellisation-capenergies\\\/96845\\\/#breadcrumb\",\"itemListElement\":[{\"@type\":\"ListItem\",\"position\":1,\"name\":\"Accueil\",\"item\":\"https:\\\/\\\/batijournal.com\\\/\"},{\"@type\":\"ListItem\",\"position\":2,\"name\":\"Actualit\u00e9s\",\"item\":\"https:\\\/\\\/batijournal.com\\\/index.php\\\/category\\\/actualites\\\/\"},{\"@type\":\"ListItem\",\"position\":3,\"name\":\"3 nouveaux experts pour le Comit\u00e9 de Labellisation Capenergies\"}]},{\"@type\":\"WebSite\",\"@id\":\"https:\\\/\\\/batijournal.com\\\/#website\",\"url\":\"https:\\\/\\\/batijournal.com\\\/\",\"name\":\"Batijournal\",\"description\":\"L&#039;actualit\u00e9 du b\u00e2timent\",\"potentialAction\":[{\"@type\":\"SearchAction\",\"target\":{\"@type\":\"EntryPoint\",\"urlTemplate\":\"https:\\\/\\\/batijournal.com\\\/?s={search_term_string}\"},\"query-input\":{\"@type\":\"PropertyValueSpecification\",\"valueRequired\":true,\"valueName\":\"search_term_string\"}}],\"inLanguage\":\"fr-FR\"},{\"@type\":\"Person\",\"@id\":\"https:\\\/\\\/batijournal.com\\\/#\\\/schema\\\/person\\\/1dc96ec6957aa1ccb25ebe78bb19f100\",\"name\":\"St\u00e9phane Miget\",\"image\":{\"@type\":\"ImageObject\",\"inLanguage\":\"fr-FR\",\"@id\":\"https:\\\/\\\/secure.gravatar.com\\\/avatar\\\/89915563d925342126b8ef0281b93d9d7fc337043e8df017f780908eb9644451?s=96&d=mm&r=g\",\"url\":\"https:\\\/\\\/secure.gravatar.com\\\/avatar\\\/89915563d925342126b8ef0281b93d9d7fc337043e8df017f780908eb9644451?s=96&d=mm&r=g\",\"contentUrl\":\"https:\\\/\\\/secure.gravatar.com\\\/avatar\\\/89915563d925342126b8ef0281b93d9d7fc337043e8df017f780908eb9644451?s=96&d=mm&r=g\",\"caption\":\"St\u00e9phane Miget\"},\"url\":\"https:\\\/\\\/batijournal.com\\\/index.php\\\/author\\\/stephane\\\/\"}]}<\/script>\n<!-- \/ Yoast SEO plugin. -->","yoast_head_json":{"title":"3 nouveaux experts pour le Comit\u00e9 de Labellisation Capenergies","robots":{"index":"index","follow":"follow","max-snippet":"max-snippet:-1","max-image-preview":"max-image-preview:large","max-video-preview":"max-video-preview:-1"},"canonical":"https:\/\/batijournal.com\/index.php\/3-nouveaux-experts-comite-de-labellisation-capenergies\/96845\/","og_locale":"fr_FR","og_type":"article","og_title":"3 nouveaux experts pour le Comit\u00e9 de Labellisation Capenergies","og_description":"Le Comit\u00e9 de Labellisation du p\u00f4le Capenergies accueille trois nouveaux membres, sp\u00e9cialistes de l\u2019\u00e9nergie et issus du monde de l\u2019industrie et de la recherche : Frank Carr\u00e9, Directeur Scientifique de la Direction de l\u2019Energie Nucl\u00e9aire du CEA, Isabelle Moretti, Directrice des Technologies du Groupe ENGIE et Hubert Tardieu, Conseiller du Pr\u00e9sident Directeur G\u00e9n\u00e9ral d\u2019ATOS. En [&hellip;]","og_url":"https:\/\/batijournal.com\/index.php\/3-nouveaux-experts-comite-de-labellisation-capenergies\/96845\/","og_site_name":"Batijournal","article_published_time":"2017-09-19T05:38:00+00:00","og_image":[{"width":673,"height":260,"url":"https:\/\/batijournal.com\/wp-content\/uploads\/2017\/09\/capenergies.png","type":"image\/png"}],"author":"St\u00e9phane Miget","twitter_card":"summary_large_image","twitter_creator":"@bati_journal","twitter_site":"@bati_journal","twitter_misc":{"\u00c9crit par":"St\u00e9phane Miget","Dur\u00e9e de lecture estim\u00e9e":"1 minute"},"schema":{"@context":"https:\/\/schema.org","@graph":[{"@type":"Article","@id":"https:\/\/batijournal.com\/index.php\/3-nouveaux-experts-comite-de-labellisation-capenergies\/96845\/#article","isPartOf":{"@id":"https:\/\/batijournal.com\/index.php\/3-nouveaux-experts-comite-de-labellisation-capenergies\/96845\/"},"author":{"name":"St\u00e9phane Miget","@id":"https:\/\/batijournal.com\/#\/schema\/person\/1dc96ec6957aa1ccb25ebe78bb19f100"},"headline":"3 nouveaux experts pour le Comit\u00e9 de Labellisation Capenergies","datePublished":"2017-09-19T05:38:00+00:00","mainEntityOfPage":{"@id":"https:\/\/batijournal.com\/index.php\/3-nouveaux-experts-comite-de-labellisation-capenergies\/96845\/"},"wordCount":149,"image":{"@id":"https:\/\/batijournal.com\/index.php\/3-nouveaux-experts-comite-de-labellisation-capenergies\/96845\/#primaryimage"},"thumbnailUrl":"https:\/\/batijournal.com\/wp-content\/uploads\/2017\/09\/capenergies.png","keywords":["capenergies","labellisation"],"articleSection":["Actualit\u00e9s","\u00c9nergie &amp; Environnement"],"inLanguage":"fr-FR"},{"@type":"WebPage","@id":"https:\/\/batijournal.com\/index.php\/3-nouveaux-experts-comite-de-labellisation-capenergies\/96845\/","url":"https:\/\/batijournal.com\/index.php\/3-nouveaux-experts-comite-de-labellisation-capenergies\/96845\/","name":"3 nouveaux experts pour le Comit\u00e9 de Labellisation Capenergies","isPartOf":{"@id":"https:\/\/batijournal.com\/#website"},"primaryImageOfPage":{"@id":"https:\/\/batijournal.com\/index.php\/3-nouveaux-experts-comite-de-labellisation-capenergies\/96845\/#primaryimage"},"image":{"@id":"https:\/\/batijournal.com\/index.php\/3-nouveaux-experts-comite-de-labellisation-capenergies\/96845\/#primaryimage"},"thumbnailUrl":"https:\/\/batijournal.com\/wp-content\/uploads\/2017\/09\/capenergies.png","datePublished":"2017-09-19T05:38:00+00:00","author":{"@id":"https:\/\/batijournal.com\/#\/schema\/person\/1dc96ec6957aa1ccb25ebe78bb19f100"},"breadcrumb":{"@id":"https:\/\/batijournal.com\/index.php\/3-nouveaux-experts-comite-de-labellisation-capenergies\/96845\/#breadcrumb"},"inLanguage":"fr-FR","potentialAction":[{"@type":"ReadAction","target":["https:\/\/batijournal.com\/index.php\/3-nouveaux-experts-comite-de-labellisation-capenergies\/96845\/"]}]},{"@type":"ImageObject","inLanguage":"fr-FR","@id":"https:\/\/batijournal.com\/index.php\/3-nouveaux-experts-comite-de-labellisation-capenergies\/96845\/#primaryimage","url":"https:\/\/batijournal.com\/wp-content\/uploads\/2017\/09\/capenergies.png","contentUrl":"https:\/\/batijournal.com\/wp-content\/uploads\/2017\/09\/capenergies.png","width":673,"height":260},{"@type":"BreadcrumbList","@id":"https:\/\/batijournal.com\/index.php\/3-nouveaux-experts-comite-de-labellisation-capenergies\/96845\/#breadcrumb","itemListElement":[{"@type":"ListItem","position":1,"name":"Accueil","item":"https:\/\/batijournal.com\/"},{"@type":"ListItem","position":2,"name":"Actualit\u00e9s","item":"https:\/\/batijournal.com\/index.php\/category\/actualites\/"},{"@type":"ListItem","position":3,"name":"3 nouveaux experts pour le Comit\u00e9 de Labellisation Capenergies"}]},{"@type":"WebSite","@id":"https:\/\/batijournal.com\/#website","url":"https:\/\/batijournal.com\/","name":"Batijournal","description":"L&#039;actualit\u00e9 du b\u00e2timent","potentialAction":[{"@type":"SearchAction","target":{"@type":"EntryPoint","urlTemplate":"https:\/\/batijournal.com\/?s={search_term_string}"},"query-input":{"@type":"PropertyValueSpecification","valueRequired":true,"valueName":"search_term_string"}}],"inLanguage":"fr-FR"},{"@type":"Person","@id":"https:\/\/batijournal.com\/#\/schema\/person\/1dc96ec6957aa1ccb25ebe78bb19f100","name":"St\u00e9phane Miget","image":{"@type":"ImageObject","inLanguage":"fr-FR","@id":"https:\/\/secure.gravatar.com\/avatar\/89915563d925342126b8ef0281b93d9d7fc337043e8df017f780908eb9644451?s=96&d=mm&r=g","url":"https:\/\/secure.gravatar.com\/avatar\/89915563d925342126b8ef0281b93d9d7fc337043e8df017f780908eb9644451?s=96&d=mm&r=g","contentUrl":"https:\/\/secure.gravatar.com\/avatar\/89915563d925342126b8ef0281b93d9d7fc337043e8df017f780908eb9644451?s=96&d=mm&r=g","caption":"St\u00e9phane Miget"},"url":"https:\/\/batijournal.com\/index.php\/author\/stephane\/"}]}},"_links":{"self":[{"href":"https:\/\/batijournal.com\/index.php\/wp-json\/wp\/v2\/posts\/96845","targetHints":{"allow":["GET"]}}],"collection":[{"href":"https:\/\/batijournal.com\/index.php\/wp-json\/wp\/v2\/posts"}],"about":[{"href":"https:\/\/batijournal.com\/index.php\/wp-json\/wp\/v2\/types\/post"}],"author":[{"embeddable":true,"href":"https:\/\/batijournal.com\/index.php\/wp-json\/wp\/v2\/users\/17"}],"replies":[{"embeddable":true,"href":"https:\/\/batijournal.com\/index.php\/wp-json\/wp\/v2\/comments?post=96845"}],"version-history":[{"count":0,"href":"https:\/\/batijournal.com\/index.php\/wp-json\/wp\/v2\/posts\/96845\/revisions"}],"wp:featuredmedia":[{"embeddable":true,"href":"https:\/\/batijournal.com\/index.php\/wp-json\/wp\/v2\/media\/96846"}],"wp:attachment":[{"href":"https:\/\/batijournal.com\/index.php\/wp-json\/wp\/v2\/media?parent=96845"}],"wp:term":[{"taxonomy":"category","embeddable":true,"href":"https:\/\/batijournal.com\/index.php\/wp-json\/wp\/v2\/categories?post=96845"},{"taxonomy":"post_tag","embeddable":true,"href":"https:\/\/batijournal.com\/index.php\/wp-json\/wp\/v2\/tags?post=96845"}],"curies":[{"name":"wp","href":"https:\/\/api.w.org\/{rel}","templated":true}]}}