{"id":96849,"date":"2017-09-19T08:00:32","date_gmt":"2017-09-19T06:00:32","guid":{"rendered":"http:\/\/batijournal.com\/?p=96849"},"modified":"2019-07-15T11:12:48","modified_gmt":"2019-07-15T09:12:48","slug":"premiers-objets-bim-dedilteco","status":"publish","type":"post","link":"https:\/\/batijournal.com\/index.php\/premiers-objets-bim-dedilteco\/96849\/","title":{"rendered":"Premiers objets BIM d&rsquo;Edilteco"},"content":{"rendered":"<p>Edilteco, le 1er fabricant fran\u00e7ais de chapes, mortiers et b\u00e9tons l\u00e9gers, a choisi le de pr\u00e9senter ses premiers objets BIM sur Batimat. Les objets BIM ECAP et EDIL-Therm d\u2019EDILTECO sont d\u00e9j\u00e0 disponibles et r\u00e9f\u00e9renc\u00e9s sur le portail BIMobject. Leurs donn\u00e9es num\u00e9riques rassemblent des informations sur leurs formats, leurs poids, leurs notices de pose, les normes techniques et certificats qu\u2019ils d\u00e9tiennent (D.T.A., A.T.) ainsi que des photos et de vid\u00e9os d\u2019installation. Le stand EDILTECO, Hall 6 All\u00e9e G Stand 88 sur Batimat, accueillera un \u00ab Point BIM \u00bb o\u00f9 les professionnels pourront venir assister \u00e0 des d\u00e9monstrations et recueillir des explications sur l\u2019utilisation des logiciels et des outils BIM ECAP et EDIL-Therm.<\/p>\n","protected":false},"excerpt":{"rendered":"<p>Edilteco, le 1er fabricant fran\u00e7ais de chapes, mortiers et b\u00e9tons l\u00e9gers, a choisi le de pr\u00e9senter ses premiers objets BIM sur Batimat. Les objets BIM ECAP et EDIL-Therm d\u2019EDILTECO sont d\u00e9j\u00e0 disponibles et r\u00e9f\u00e9renc\u00e9s sur le portail BIMobject. Leurs donn\u00e9es num\u00e9riques rassemblent des informations sur leurs formats, leurs poids, leurs notices de pose, les normes [&hellip;]<\/p>\n","protected":false},"author":17,"featured_media":96850,"comment_status":"closed","ping_status":"closed","sticky":false,"template":"","format":"standard","meta":{"_et_pb_use_builder":"","_et_pb_old_content":"","_et_gb_content_width":"","footnotes":""},"categories":[10530,6340],"tags":[5841,7587],"class_list":["post-96849","post","type-post","status-publish","format-standard","has-post-thumbnail","hentry","category-actualites","category-architecture-conception","tag-bim","tag-edilteco"],"yoast_head":"<!-- This site is optimized with the Yoast SEO plugin v27.4 - https:\/\/yoast.com\/product\/yoast-seo-wordpress\/ -->\n<title>Premiers objets BIM d&#039;Edilteco<\/title>\n<meta name=\"robots\" content=\"index, follow, max-snippet:-1, max-image-preview:large, max-video-preview:-1\" \/>\n<link rel=\"canonical\" href=\"https:\/\/batijournal.com\/index.php\/premiers-objets-bim-dedilteco\/96849\/\" \/>\n<meta property=\"og:locale\" content=\"fr_FR\" \/>\n<meta property=\"og:type\" content=\"article\" \/>\n<meta property=\"og:title\" content=\"Premiers objets BIM d&#039;Edilteco\" \/>\n<meta property=\"og:description\" content=\"Edilteco, le 1er fabricant fran\u00e7ais de chapes, mortiers et b\u00e9tons l\u00e9gers, a choisi le de pr\u00e9senter ses premiers objets BIM sur Batimat. Les objets BIM ECAP et EDIL-Therm d\u2019EDILTECO sont d\u00e9j\u00e0 disponibles et r\u00e9f\u00e9renc\u00e9s sur le portail BIMobject. Leurs donn\u00e9es num\u00e9riques rassemblent des informations sur leurs formats, leurs poids, leurs notices de pose, les normes [&hellip;]\" \/>\n<meta property=\"og:url\" content=\"https:\/\/batijournal.com\/index.php\/premiers-objets-bim-dedilteco\/96849\/\" \/>\n<meta property=\"og:site_name\" content=\"Batijournal\" \/>\n<meta property=\"article:published_time\" content=\"2017-09-19T06:00:32+00:00\" \/>\n<meta property=\"article:modified_time\" content=\"2019-07-15T09:12:48+00:00\" \/>\n<meta property=\"og:image\" content=\"https:\/\/batijournal.com\/wp-content\/uploads\/2017\/09\/bimobject-edilteco.png\" \/>\n\t<meta property=\"og:image:width\" content=\"491\" \/>\n\t<meta property=\"og:image:height\" content=\"671\" \/>\n\t<meta property=\"og:image:type\" content=\"image\/png\" \/>\n<meta name=\"author\" content=\"St\u00e9phane Miget\" \/>\n<meta name=\"twitter:card\" content=\"summary_large_image\" \/>\n<meta name=\"twitter:creator\" content=\"@bati_journal\" \/>\n<meta name=\"twitter:site\" content=\"@bati_journal\" \/>\n<meta name=\"twitter:label1\" content=\"\u00c9crit par\" \/>\n\t<meta name=\"twitter:data1\" content=\"St\u00e9phane Miget\" \/>\n\t<meta name=\"twitter:label2\" content=\"Dur\u00e9e de lecture estim\u00e9e\" \/>\n\t<meta name=\"twitter:data2\" content=\"1 minute\" \/>\n<script type=\"application\/ld+json\" class=\"yoast-schema-graph\">{\"@context\":\"https:\\\/\\\/schema.org\",\"@graph\":[{\"@type\":\"Article\",\"@id\":\"https:\\\/\\\/batijournal.com\\\/index.php\\\/premiers-objets-bim-dedilteco\\\/96849\\\/#article\",\"isPartOf\":{\"@id\":\"https:\\\/\\\/batijournal.com\\\/index.php\\\/premiers-objets-bim-dedilteco\\\/96849\\\/\"},\"author\":{\"name\":\"St\u00e9phane Miget\",\"@id\":\"https:\\\/\\\/batijournal.com\\\/#\\\/schema\\\/person\\\/1dc96ec6957aa1ccb25ebe78bb19f100\"},\"headline\":\"Premiers objets BIM d&rsquo;Edilteco\",\"datePublished\":\"2017-09-19T06:00:32+00:00\",\"dateModified\":\"2019-07-15T09:12:48+00:00\",\"mainEntityOfPage\":{\"@id\":\"https:\\\/\\\/batijournal.com\\\/index.php\\\/premiers-objets-bim-dedilteco\\\/96849\\\/\"},\"wordCount\":132,\"image\":{\"@id\":\"https:\\\/\\\/batijournal.com\\\/index.php\\\/premiers-objets-bim-dedilteco\\\/96849\\\/#primaryimage\"},\"thumbnailUrl\":\"https:\\\/\\\/batijournal.com\\\/wp-content\\\/uploads\\\/2017\\\/09\\\/bimobject-edilteco.png\",\"keywords\":[\"BIM\",\"edilteco\"],\"articleSection\":[\"Actualit\u00e9s\",\"Architecture &amp; Conception\"],\"inLanguage\":\"fr-FR\"},{\"@type\":\"WebPage\",\"@id\":\"https:\\\/\\\/batijournal.com\\\/index.php\\\/premiers-objets-bim-dedilteco\\\/96849\\\/\",\"url\":\"https:\\\/\\\/batijournal.com\\\/index.php\\\/premiers-objets-bim-dedilteco\\\/96849\\\/\",\"name\":\"Premiers objets BIM d'Edilteco\",\"isPartOf\":{\"@id\":\"https:\\\/\\\/batijournal.com\\\/#website\"},\"primaryImageOfPage\":{\"@id\":\"https:\\\/\\\/batijournal.com\\\/index.php\\\/premiers-objets-bim-dedilteco\\\/96849\\\/#primaryimage\"},\"image\":{\"@id\":\"https:\\\/\\\/batijournal.com\\\/index.php\\\/premiers-objets-bim-dedilteco\\\/96849\\\/#primaryimage\"},\"thumbnailUrl\":\"https:\\\/\\\/batijournal.com\\\/wp-content\\\/uploads\\\/2017\\\/09\\\/bimobject-edilteco.png\",\"datePublished\":\"2017-09-19T06:00:32+00:00\",\"dateModified\":\"2019-07-15T09:12:48+00:00\",\"author\":{\"@id\":\"https:\\\/\\\/batijournal.com\\\/#\\\/schema\\\/person\\\/1dc96ec6957aa1ccb25ebe78bb19f100\"},\"breadcrumb\":{\"@id\":\"https:\\\/\\\/batijournal.com\\\/index.php\\\/premiers-objets-bim-dedilteco\\\/96849\\\/#breadcrumb\"},\"inLanguage\":\"fr-FR\",\"potentialAction\":[{\"@type\":\"ReadAction\",\"target\":[\"https:\\\/\\\/batijournal.com\\\/index.php\\\/premiers-objets-bim-dedilteco\\\/96849\\\/\"]}]},{\"@type\":\"ImageObject\",\"inLanguage\":\"fr-FR\",\"@id\":\"https:\\\/\\\/batijournal.com\\\/index.php\\\/premiers-objets-bim-dedilteco\\\/96849\\\/#primaryimage\",\"url\":\"https:\\\/\\\/batijournal.com\\\/wp-content\\\/uploads\\\/2017\\\/09\\\/bimobject-edilteco.png\",\"contentUrl\":\"https:\\\/\\\/batijournal.com\\\/wp-content\\\/uploads\\\/2017\\\/09\\\/bimobject-edilteco.png\",\"width\":491,\"height\":671},{\"@type\":\"BreadcrumbList\",\"@id\":\"https:\\\/\\\/batijournal.com\\\/index.php\\\/premiers-objets-bim-dedilteco\\\/96849\\\/#breadcrumb\",\"itemListElement\":[{\"@type\":\"ListItem\",\"position\":1,\"name\":\"Accueil\",\"item\":\"https:\\\/\\\/batijournal.com\\\/\"},{\"@type\":\"ListItem\",\"position\":2,\"name\":\"Actualit\u00e9s\",\"item\":\"https:\\\/\\\/batijournal.com\\\/index.php\\\/category\\\/actualites\\\/\"},{\"@type\":\"ListItem\",\"position\":3,\"name\":\"Premiers objets BIM d&rsquo;Edilteco\"}]},{\"@type\":\"WebSite\",\"@id\":\"https:\\\/\\\/batijournal.com\\\/#website\",\"url\":\"https:\\\/\\\/batijournal.com\\\/\",\"name\":\"Batijournal\",\"description\":\"L&#039;actualit\u00e9 du b\u00e2timent\",\"potentialAction\":[{\"@type\":\"SearchAction\",\"target\":{\"@type\":\"EntryPoint\",\"urlTemplate\":\"https:\\\/\\\/batijournal.com\\\/?s={search_term_string}\"},\"query-input\":{\"@type\":\"PropertyValueSpecification\",\"valueRequired\":true,\"valueName\":\"search_term_string\"}}],\"inLanguage\":\"fr-FR\"},{\"@type\":\"Person\",\"@id\":\"https:\\\/\\\/batijournal.com\\\/#\\\/schema\\\/person\\\/1dc96ec6957aa1ccb25ebe78bb19f100\",\"name\":\"St\u00e9phane Miget\",\"image\":{\"@type\":\"ImageObject\",\"inLanguage\":\"fr-FR\",\"@id\":\"https:\\\/\\\/secure.gravatar.com\\\/avatar\\\/89915563d925342126b8ef0281b93d9d7fc337043e8df017f780908eb9644451?s=96&d=mm&r=g\",\"url\":\"https:\\\/\\\/secure.gravatar.com\\\/avatar\\\/89915563d925342126b8ef0281b93d9d7fc337043e8df017f780908eb9644451?s=96&d=mm&r=g\",\"contentUrl\":\"https:\\\/\\\/secure.gravatar.com\\\/avatar\\\/89915563d925342126b8ef0281b93d9d7fc337043e8df017f780908eb9644451?s=96&d=mm&r=g\",\"caption\":\"St\u00e9phane Miget\"},\"url\":\"https:\\\/\\\/batijournal.com\\\/index.php\\\/author\\\/stephane\\\/\"}]}<\/script>\n<!-- \/ Yoast SEO plugin. -->","yoast_head_json":{"title":"Premiers objets BIM d'Edilteco","robots":{"index":"index","follow":"follow","max-snippet":"max-snippet:-1","max-image-preview":"max-image-preview:large","max-video-preview":"max-video-preview:-1"},"canonical":"https:\/\/batijournal.com\/index.php\/premiers-objets-bim-dedilteco\/96849\/","og_locale":"fr_FR","og_type":"article","og_title":"Premiers objets BIM d'Edilteco","og_description":"Edilteco, le 1er fabricant fran\u00e7ais de chapes, mortiers et b\u00e9tons l\u00e9gers, a choisi le de pr\u00e9senter ses premiers objets BIM sur Batimat. Les objets BIM ECAP et EDIL-Therm d\u2019EDILTECO sont d\u00e9j\u00e0 disponibles et r\u00e9f\u00e9renc\u00e9s sur le portail BIMobject. Leurs donn\u00e9es num\u00e9riques rassemblent des informations sur leurs formats, leurs poids, leurs notices de pose, les normes [&hellip;]","og_url":"https:\/\/batijournal.com\/index.php\/premiers-objets-bim-dedilteco\/96849\/","og_site_name":"Batijournal","article_published_time":"2017-09-19T06:00:32+00:00","article_modified_time":"2019-07-15T09:12:48+00:00","og_image":[{"width":491,"height":671,"url":"https:\/\/batijournal.com\/wp-content\/uploads\/2017\/09\/bimobject-edilteco.png","type":"image\/png"}],"author":"St\u00e9phane Miget","twitter_card":"summary_large_image","twitter_creator":"@bati_journal","twitter_site":"@bati_journal","twitter_misc":{"\u00c9crit par":"St\u00e9phane Miget","Dur\u00e9e de lecture estim\u00e9e":"1 minute"},"schema":{"@context":"https:\/\/schema.org","@graph":[{"@type":"Article","@id":"https:\/\/batijournal.com\/index.php\/premiers-objets-bim-dedilteco\/96849\/#article","isPartOf":{"@id":"https:\/\/batijournal.com\/index.php\/premiers-objets-bim-dedilteco\/96849\/"},"author":{"name":"St\u00e9phane Miget","@id":"https:\/\/batijournal.com\/#\/schema\/person\/1dc96ec6957aa1ccb25ebe78bb19f100"},"headline":"Premiers objets BIM d&rsquo;Edilteco","datePublished":"2017-09-19T06:00:32+00:00","dateModified":"2019-07-15T09:12:48+00:00","mainEntityOfPage":{"@id":"https:\/\/batijournal.com\/index.php\/premiers-objets-bim-dedilteco\/96849\/"},"wordCount":132,"image":{"@id":"https:\/\/batijournal.com\/index.php\/premiers-objets-bim-dedilteco\/96849\/#primaryimage"},"thumbnailUrl":"https:\/\/batijournal.com\/wp-content\/uploads\/2017\/09\/bimobject-edilteco.png","keywords":["BIM","edilteco"],"articleSection":["Actualit\u00e9s","Architecture &amp; Conception"],"inLanguage":"fr-FR"},{"@type":"WebPage","@id":"https:\/\/batijournal.com\/index.php\/premiers-objets-bim-dedilteco\/96849\/","url":"https:\/\/batijournal.com\/index.php\/premiers-objets-bim-dedilteco\/96849\/","name":"Premiers objets BIM d'Edilteco","isPartOf":{"@id":"https:\/\/batijournal.com\/#website"},"primaryImageOfPage":{"@id":"https:\/\/batijournal.com\/index.php\/premiers-objets-bim-dedilteco\/96849\/#primaryimage"},"image":{"@id":"https:\/\/batijournal.com\/index.php\/premiers-objets-bim-dedilteco\/96849\/#primaryimage"},"thumbnailUrl":"https:\/\/batijournal.com\/wp-content\/uploads\/2017\/09\/bimobject-edilteco.png","datePublished":"2017-09-19T06:00:32+00:00","dateModified":"2019-07-15T09:12:48+00:00","author":{"@id":"https:\/\/batijournal.com\/#\/schema\/person\/1dc96ec6957aa1ccb25ebe78bb19f100"},"breadcrumb":{"@id":"https:\/\/batijournal.com\/index.php\/premiers-objets-bim-dedilteco\/96849\/#breadcrumb"},"inLanguage":"fr-FR","potentialAction":[{"@type":"ReadAction","target":["https:\/\/batijournal.com\/index.php\/premiers-objets-bim-dedilteco\/96849\/"]}]},{"@type":"ImageObject","inLanguage":"fr-FR","@id":"https:\/\/batijournal.com\/index.php\/premiers-objets-bim-dedilteco\/96849\/#primaryimage","url":"https:\/\/batijournal.com\/wp-content\/uploads\/2017\/09\/bimobject-edilteco.png","contentUrl":"https:\/\/batijournal.com\/wp-content\/uploads\/2017\/09\/bimobject-edilteco.png","width":491,"height":671},{"@type":"BreadcrumbList","@id":"https:\/\/batijournal.com\/index.php\/premiers-objets-bim-dedilteco\/96849\/#breadcrumb","itemListElement":[{"@type":"ListItem","position":1,"name":"Accueil","item":"https:\/\/batijournal.com\/"},{"@type":"ListItem","position":2,"name":"Actualit\u00e9s","item":"https:\/\/batijournal.com\/index.php\/category\/actualites\/"},{"@type":"ListItem","position":3,"name":"Premiers objets BIM d&rsquo;Edilteco"}]},{"@type":"WebSite","@id":"https:\/\/batijournal.com\/#website","url":"https:\/\/batijournal.com\/","name":"Batijournal","description":"L&#039;actualit\u00e9 du b\u00e2timent","potentialAction":[{"@type":"SearchAction","target":{"@type":"EntryPoint","urlTemplate":"https:\/\/batijournal.com\/?s={search_term_string}"},"query-input":{"@type":"PropertyValueSpecification","valueRequired":true,"valueName":"search_term_string"}}],"inLanguage":"fr-FR"},{"@type":"Person","@id":"https:\/\/batijournal.com\/#\/schema\/person\/1dc96ec6957aa1ccb25ebe78bb19f100","name":"St\u00e9phane Miget","image":{"@type":"ImageObject","inLanguage":"fr-FR","@id":"https:\/\/secure.gravatar.com\/avatar\/89915563d925342126b8ef0281b93d9d7fc337043e8df017f780908eb9644451?s=96&d=mm&r=g","url":"https:\/\/secure.gravatar.com\/avatar\/89915563d925342126b8ef0281b93d9d7fc337043e8df017f780908eb9644451?s=96&d=mm&r=g","contentUrl":"https:\/\/secure.gravatar.com\/avatar\/89915563d925342126b8ef0281b93d9d7fc337043e8df017f780908eb9644451?s=96&d=mm&r=g","caption":"St\u00e9phane Miget"},"url":"https:\/\/batijournal.com\/index.php\/author\/stephane\/"}]}},"_links":{"self":[{"href":"https:\/\/batijournal.com\/index.php\/wp-json\/wp\/v2\/posts\/96849","targetHints":{"allow":["GET"]}}],"collection":[{"href":"https:\/\/batijournal.com\/index.php\/wp-json\/wp\/v2\/posts"}],"about":[{"href":"https:\/\/batijournal.com\/index.php\/wp-json\/wp\/v2\/types\/post"}],"author":[{"embeddable":true,"href":"https:\/\/batijournal.com\/index.php\/wp-json\/wp\/v2\/users\/17"}],"replies":[{"embeddable":true,"href":"https:\/\/batijournal.com\/index.php\/wp-json\/wp\/v2\/comments?post=96849"}],"version-history":[{"count":0,"href":"https:\/\/batijournal.com\/index.php\/wp-json\/wp\/v2\/posts\/96849\/revisions"}],"wp:featuredmedia":[{"embeddable":true,"href":"https:\/\/batijournal.com\/index.php\/wp-json\/wp\/v2\/media\/96850"}],"wp:attachment":[{"href":"https:\/\/batijournal.com\/index.php\/wp-json\/wp\/v2\/media?parent=96849"}],"wp:term":[{"taxonomy":"category","embeddable":true,"href":"https:\/\/batijournal.com\/index.php\/wp-json\/wp\/v2\/categories?post=96849"},{"taxonomy":"post_tag","embeddable":true,"href":"https:\/\/batijournal.com\/index.php\/wp-json\/wp\/v2\/tags?post=96849"}],"curies":[{"name":"wp","href":"https:\/\/api.w.org\/{rel}","templated":true}]}}