{"id":96905,"date":"2017-09-27T07:37:46","date_gmt":"2017-09-27T05:37:46","guid":{"rendered":"http:\/\/batijournal.com\/?p=96905"},"modified":"2019-07-15T11:15:37","modified_gmt":"2019-07-15T09:15:37","slug":"lescalier-monumental-dauch-retrouve-superbe","status":"publish","type":"post","link":"https:\/\/batijournal.com\/index.php\/lescalier-monumental-dauch-retrouve-superbe\/96905\/","title":{"rendered":"L&rsquo;escalier monumental d\u2019Auch retrouve sa superbe"},"content":{"rendered":"<p>L&rsquo;escalier monumental d\u2019Auch, inspir\u00e9 de la Renaissance italienne, est l\u2019un des \u00e9l\u00e9ments majeurs du patrimoine de la Ville. Il se d\u00e9ploie sur 35 m\u00e8tres de d\u00e9nivellation, en une double vol\u00e9e de marches, ponctu\u00e9es de terrasses et de jardins. En son milieu s\u2019\u00e9l\u00e8ve la statue du plus c\u00e9l\u00e8bre des Gascons : le mousquetaire d\u2019Artagnan. Inaugur\u00e9 en 1863, son \u00e9dification s\u2019est inscrite dans une s\u00e9quence de constructions monumentales faisant la liaison entre la haute et la basse ville. L\u2019utilisation d\u2019une pierre de r\u00e9cup\u00e9ration de mauvaise qualit\u00e9, le terrain au caract\u00e8re instable, particuli\u00e8rement expos\u00e9 aux intemp\u00e9ries, furent \u00e0 l\u2019origine de nombreuses d\u00e9gradations. Des travaux soutenus par la Fondation Total et la Fondation du patrimoine ont concern\u00e9 la presque totalit\u00e9 de l\u2019\u00e9difice, de la consolidation des sout\u00e8nements et des murs jusqu\u2019aux emmarchements, aux grilles et aux cand\u00e9labres. L\u2019escalier a retrouv\u00e9 son aspect d\u2019origine. Il permet notamment aux habitants de la partie haute de la Cit\u00e9 d\u2019acc\u00e9der ais\u00e9ment aux berges du Gers r\u00e9cemment am\u00e9nag\u00e9es. Il est aussi consid\u00e9r\u00e9 comme un lieu de vie pouvant servir de magni que cadre naturel \u00e0 diff\u00e9rentes animations.<br \/>\nIl a fait l\u2019objet en 2016\u20132017 d\u2019une v\u00e9g\u00e9talisation de ses terrasses, et d\u2019une exp\u00e9rience patrimoniale : 420 pieds de vigne de c\u00e9pages locaux ont \u00e9t\u00e9 plant\u00e9s sur les terrasses lat\u00e9rales du monument, qui permettront peut-\u00eatre une \u00ab cuv\u00e9e de l\u2019escalier \u00bb dans deux ou trois ans.<\/p>\n<p>Photo : Techdrone<\/p>\n","protected":false},"excerpt":{"rendered":"<p>L&rsquo;escalier monumental d\u2019Auch, inspir\u00e9 de la Renaissance italienne, est l\u2019un des \u00e9l\u00e9ments majeurs du patrimoine de la Ville. Il se d\u00e9ploie sur 35 m\u00e8tres de d\u00e9nivellation, en une double vol\u00e9e de marches, ponctu\u00e9es de terrasses et de jardins. En son milieu s\u2019\u00e9l\u00e8ve la statue du plus c\u00e9l\u00e8bre des Gascons : le mousquetaire d\u2019Artagnan. Inaugur\u00e9 en [&hellip;]<\/p>\n","protected":false},"author":17,"featured_media":96906,"comment_status":"closed","ping_status":"closed","sticky":false,"template":"","format":"standard","meta":{"_et_pb_use_builder":"","_et_pb_old_content":"","_et_gb_content_width":"","footnotes":""},"categories":[10530,6340,10785],"tags":[5905,12037,8636],"class_list":["post-96905","post","type-post","status-publish","format-standard","has-post-thumbnail","hentry","category-actualites","category-architecture-conception","category-atrium","tag-fondation-du-patrimoine","tag-fondation-total","tag-patrimoine-historique"],"yoast_head":"<!-- This site is optimized with the Yoast SEO plugin v27.4 - https:\/\/yoast.com\/product\/yoast-seo-wordpress\/ -->\n<title>L&#039;escalier monumental d\u2019Auch retrouve sa superbe<\/title>\n<meta name=\"robots\" content=\"index, follow, max-snippet:-1, max-image-preview:large, max-video-preview:-1\" \/>\n<link rel=\"canonical\" href=\"https:\/\/batijournal.com\/index.php\/lescalier-monumental-dauch-retrouve-superbe\/96905\/\" \/>\n<meta property=\"og:locale\" content=\"fr_FR\" \/>\n<meta property=\"og:type\" content=\"article\" \/>\n<meta property=\"og:title\" content=\"L&#039;escalier monumental d\u2019Auch retrouve sa superbe\" \/>\n<meta property=\"og:description\" content=\"L&rsquo;escalier monumental d\u2019Auch, inspir\u00e9 de la Renaissance italienne, est l\u2019un des \u00e9l\u00e9ments majeurs du patrimoine de la Ville. Il se d\u00e9ploie sur 35 m\u00e8tres de d\u00e9nivellation, en une double vol\u00e9e de marches, ponctu\u00e9es de terrasses et de jardins. En son milieu s\u2019\u00e9l\u00e8ve la statue du plus c\u00e9l\u00e8bre des Gascons : le mousquetaire d\u2019Artagnan. Inaugur\u00e9 en [&hellip;]\" \/>\n<meta property=\"og:url\" content=\"https:\/\/batijournal.com\/index.php\/lescalier-monumental-dauch-retrouve-superbe\/96905\/\" \/>\n<meta property=\"og:site_name\" content=\"Batijournal\" \/>\n<meta property=\"article:published_time\" content=\"2017-09-27T05:37:46+00:00\" \/>\n<meta property=\"article:modified_time\" content=\"2019-07-15T09:15:37+00:00\" \/>\n<meta property=\"og:image\" content=\"https:\/\/batijournal.com\/wp-content\/uploads\/2017\/09\/escalier-monumental-auch.png\" \/>\n\t<meta property=\"og:image:width\" content=\"875\" \/>\n\t<meta property=\"og:image:height\" content=\"781\" \/>\n\t<meta property=\"og:image:type\" content=\"image\/png\" \/>\n<meta name=\"author\" content=\"St\u00e9phane Miget\" \/>\n<meta name=\"twitter:card\" content=\"summary_large_image\" \/>\n<meta name=\"twitter:creator\" content=\"@bati_journal\" \/>\n<meta name=\"twitter:site\" content=\"@bati_journal\" \/>\n<meta name=\"twitter:label1\" content=\"\u00c9crit par\" \/>\n\t<meta name=\"twitter:data1\" content=\"St\u00e9phane Miget\" \/>\n\t<meta name=\"twitter:label2\" content=\"Dur\u00e9e de lecture estim\u00e9e\" \/>\n\t<meta name=\"twitter:data2\" content=\"1 minute\" \/>\n<script type=\"application\/ld+json\" class=\"yoast-schema-graph\">{\"@context\":\"https:\\\/\\\/schema.org\",\"@graph\":[{\"@type\":\"Article\",\"@id\":\"https:\\\/\\\/batijournal.com\\\/index.php\\\/lescalier-monumental-dauch-retrouve-superbe\\\/96905\\\/#article\",\"isPartOf\":{\"@id\":\"https:\\\/\\\/batijournal.com\\\/index.php\\\/lescalier-monumental-dauch-retrouve-superbe\\\/96905\\\/\"},\"author\":{\"name\":\"St\u00e9phane Miget\",\"@id\":\"https:\\\/\\\/batijournal.com\\\/#\\\/schema\\\/person\\\/1dc96ec6957aa1ccb25ebe78bb19f100\"},\"headline\":\"L&rsquo;escalier monumental d\u2019Auch retrouve sa superbe\",\"datePublished\":\"2017-09-27T05:37:46+00:00\",\"dateModified\":\"2019-07-15T09:15:37+00:00\",\"mainEntityOfPage\":{\"@id\":\"https:\\\/\\\/batijournal.com\\\/index.php\\\/lescalier-monumental-dauch-retrouve-superbe\\\/96905\\\/\"},\"wordCount\":275,\"image\":{\"@id\":\"https:\\\/\\\/batijournal.com\\\/index.php\\\/lescalier-monumental-dauch-retrouve-superbe\\\/96905\\\/#primaryimage\"},\"thumbnailUrl\":\"https:\\\/\\\/batijournal.com\\\/wp-content\\\/uploads\\\/2017\\\/09\\\/escalier-monumental-auch.png\",\"keywords\":[\"fondation du patrimoine\",\"fondation total\",\"patrimoine historique\"],\"articleSection\":[\"Actualit\u00e9s\",\"Architecture &amp; Conception\",\"zz_Atrium Patrimoine\"],\"inLanguage\":\"fr-FR\"},{\"@type\":\"WebPage\",\"@id\":\"https:\\\/\\\/batijournal.com\\\/index.php\\\/lescalier-monumental-dauch-retrouve-superbe\\\/96905\\\/\",\"url\":\"https:\\\/\\\/batijournal.com\\\/index.php\\\/lescalier-monumental-dauch-retrouve-superbe\\\/96905\\\/\",\"name\":\"L'escalier monumental d\u2019Auch retrouve sa superbe\",\"isPartOf\":{\"@id\":\"https:\\\/\\\/batijournal.com\\\/#website\"},\"primaryImageOfPage\":{\"@id\":\"https:\\\/\\\/batijournal.com\\\/index.php\\\/lescalier-monumental-dauch-retrouve-superbe\\\/96905\\\/#primaryimage\"},\"image\":{\"@id\":\"https:\\\/\\\/batijournal.com\\\/index.php\\\/lescalier-monumental-dauch-retrouve-superbe\\\/96905\\\/#primaryimage\"},\"thumbnailUrl\":\"https:\\\/\\\/batijournal.com\\\/wp-content\\\/uploads\\\/2017\\\/09\\\/escalier-monumental-auch.png\",\"datePublished\":\"2017-09-27T05:37:46+00:00\",\"dateModified\":\"2019-07-15T09:15:37+00:00\",\"author\":{\"@id\":\"https:\\\/\\\/batijournal.com\\\/#\\\/schema\\\/person\\\/1dc96ec6957aa1ccb25ebe78bb19f100\"},\"breadcrumb\":{\"@id\":\"https:\\\/\\\/batijournal.com\\\/index.php\\\/lescalier-monumental-dauch-retrouve-superbe\\\/96905\\\/#breadcrumb\"},\"inLanguage\":\"fr-FR\",\"potentialAction\":[{\"@type\":\"ReadAction\",\"target\":[\"https:\\\/\\\/batijournal.com\\\/index.php\\\/lescalier-monumental-dauch-retrouve-superbe\\\/96905\\\/\"]}]},{\"@type\":\"ImageObject\",\"inLanguage\":\"fr-FR\",\"@id\":\"https:\\\/\\\/batijournal.com\\\/index.php\\\/lescalier-monumental-dauch-retrouve-superbe\\\/96905\\\/#primaryimage\",\"url\":\"https:\\\/\\\/batijournal.com\\\/wp-content\\\/uploads\\\/2017\\\/09\\\/escalier-monumental-auch.png\",\"contentUrl\":\"https:\\\/\\\/batijournal.com\\\/wp-content\\\/uploads\\\/2017\\\/09\\\/escalier-monumental-auch.png\",\"width\":875,\"height\":781},{\"@type\":\"BreadcrumbList\",\"@id\":\"https:\\\/\\\/batijournal.com\\\/index.php\\\/lescalier-monumental-dauch-retrouve-superbe\\\/96905\\\/#breadcrumb\",\"itemListElement\":[{\"@type\":\"ListItem\",\"position\":1,\"name\":\"Accueil\",\"item\":\"https:\\\/\\\/batijournal.com\\\/\"},{\"@type\":\"ListItem\",\"position\":2,\"name\":\"Actualit\u00e9s\",\"item\":\"https:\\\/\\\/batijournal.com\\\/index.php\\\/category\\\/actualites\\\/\"},{\"@type\":\"ListItem\",\"position\":3,\"name\":\"L&rsquo;escalier monumental d\u2019Auch retrouve sa superbe\"}]},{\"@type\":\"WebSite\",\"@id\":\"https:\\\/\\\/batijournal.com\\\/#website\",\"url\":\"https:\\\/\\\/batijournal.com\\\/\",\"name\":\"Batijournal\",\"description\":\"L&#039;actualit\u00e9 du b\u00e2timent\",\"potentialAction\":[{\"@type\":\"SearchAction\",\"target\":{\"@type\":\"EntryPoint\",\"urlTemplate\":\"https:\\\/\\\/batijournal.com\\\/?s={search_term_string}\"},\"query-input\":{\"@type\":\"PropertyValueSpecification\",\"valueRequired\":true,\"valueName\":\"search_term_string\"}}],\"inLanguage\":\"fr-FR\"},{\"@type\":\"Person\",\"@id\":\"https:\\\/\\\/batijournal.com\\\/#\\\/schema\\\/person\\\/1dc96ec6957aa1ccb25ebe78bb19f100\",\"name\":\"St\u00e9phane Miget\",\"image\":{\"@type\":\"ImageObject\",\"inLanguage\":\"fr-FR\",\"@id\":\"https:\\\/\\\/secure.gravatar.com\\\/avatar\\\/89915563d925342126b8ef0281b93d9d7fc337043e8df017f780908eb9644451?s=96&d=mm&r=g\",\"url\":\"https:\\\/\\\/secure.gravatar.com\\\/avatar\\\/89915563d925342126b8ef0281b93d9d7fc337043e8df017f780908eb9644451?s=96&d=mm&r=g\",\"contentUrl\":\"https:\\\/\\\/secure.gravatar.com\\\/avatar\\\/89915563d925342126b8ef0281b93d9d7fc337043e8df017f780908eb9644451?s=96&d=mm&r=g\",\"caption\":\"St\u00e9phane Miget\"},\"url\":\"https:\\\/\\\/batijournal.com\\\/index.php\\\/author\\\/stephane\\\/\"}]}<\/script>\n<!-- \/ Yoast SEO plugin. -->","yoast_head_json":{"title":"L'escalier monumental d\u2019Auch retrouve sa superbe","robots":{"index":"index","follow":"follow","max-snippet":"max-snippet:-1","max-image-preview":"max-image-preview:large","max-video-preview":"max-video-preview:-1"},"canonical":"https:\/\/batijournal.com\/index.php\/lescalier-monumental-dauch-retrouve-superbe\/96905\/","og_locale":"fr_FR","og_type":"article","og_title":"L'escalier monumental d\u2019Auch retrouve sa superbe","og_description":"L&rsquo;escalier monumental d\u2019Auch, inspir\u00e9 de la Renaissance italienne, est l\u2019un des \u00e9l\u00e9ments majeurs du patrimoine de la Ville. Il se d\u00e9ploie sur 35 m\u00e8tres de d\u00e9nivellation, en une double vol\u00e9e de marches, ponctu\u00e9es de terrasses et de jardins. En son milieu s\u2019\u00e9l\u00e8ve la statue du plus c\u00e9l\u00e8bre des Gascons : le mousquetaire d\u2019Artagnan. Inaugur\u00e9 en [&hellip;]","og_url":"https:\/\/batijournal.com\/index.php\/lescalier-monumental-dauch-retrouve-superbe\/96905\/","og_site_name":"Batijournal","article_published_time":"2017-09-27T05:37:46+00:00","article_modified_time":"2019-07-15T09:15:37+00:00","og_image":[{"width":875,"height":781,"url":"https:\/\/batijournal.com\/wp-content\/uploads\/2017\/09\/escalier-monumental-auch.png","type":"image\/png"}],"author":"St\u00e9phane Miget","twitter_card":"summary_large_image","twitter_creator":"@bati_journal","twitter_site":"@bati_journal","twitter_misc":{"\u00c9crit par":"St\u00e9phane Miget","Dur\u00e9e de lecture estim\u00e9e":"1 minute"},"schema":{"@context":"https:\/\/schema.org","@graph":[{"@type":"Article","@id":"https:\/\/batijournal.com\/index.php\/lescalier-monumental-dauch-retrouve-superbe\/96905\/#article","isPartOf":{"@id":"https:\/\/batijournal.com\/index.php\/lescalier-monumental-dauch-retrouve-superbe\/96905\/"},"author":{"name":"St\u00e9phane Miget","@id":"https:\/\/batijournal.com\/#\/schema\/person\/1dc96ec6957aa1ccb25ebe78bb19f100"},"headline":"L&rsquo;escalier monumental d\u2019Auch retrouve sa superbe","datePublished":"2017-09-27T05:37:46+00:00","dateModified":"2019-07-15T09:15:37+00:00","mainEntityOfPage":{"@id":"https:\/\/batijournal.com\/index.php\/lescalier-monumental-dauch-retrouve-superbe\/96905\/"},"wordCount":275,"image":{"@id":"https:\/\/batijournal.com\/index.php\/lescalier-monumental-dauch-retrouve-superbe\/96905\/#primaryimage"},"thumbnailUrl":"https:\/\/batijournal.com\/wp-content\/uploads\/2017\/09\/escalier-monumental-auch.png","keywords":["fondation du patrimoine","fondation total","patrimoine historique"],"articleSection":["Actualit\u00e9s","Architecture &amp; Conception","zz_Atrium Patrimoine"],"inLanguage":"fr-FR"},{"@type":"WebPage","@id":"https:\/\/batijournal.com\/index.php\/lescalier-monumental-dauch-retrouve-superbe\/96905\/","url":"https:\/\/batijournal.com\/index.php\/lescalier-monumental-dauch-retrouve-superbe\/96905\/","name":"L'escalier monumental d\u2019Auch retrouve sa superbe","isPartOf":{"@id":"https:\/\/batijournal.com\/#website"},"primaryImageOfPage":{"@id":"https:\/\/batijournal.com\/index.php\/lescalier-monumental-dauch-retrouve-superbe\/96905\/#primaryimage"},"image":{"@id":"https:\/\/batijournal.com\/index.php\/lescalier-monumental-dauch-retrouve-superbe\/96905\/#primaryimage"},"thumbnailUrl":"https:\/\/batijournal.com\/wp-content\/uploads\/2017\/09\/escalier-monumental-auch.png","datePublished":"2017-09-27T05:37:46+00:00","dateModified":"2019-07-15T09:15:37+00:00","author":{"@id":"https:\/\/batijournal.com\/#\/schema\/person\/1dc96ec6957aa1ccb25ebe78bb19f100"},"breadcrumb":{"@id":"https:\/\/batijournal.com\/index.php\/lescalier-monumental-dauch-retrouve-superbe\/96905\/#breadcrumb"},"inLanguage":"fr-FR","potentialAction":[{"@type":"ReadAction","target":["https:\/\/batijournal.com\/index.php\/lescalier-monumental-dauch-retrouve-superbe\/96905\/"]}]},{"@type":"ImageObject","inLanguage":"fr-FR","@id":"https:\/\/batijournal.com\/index.php\/lescalier-monumental-dauch-retrouve-superbe\/96905\/#primaryimage","url":"https:\/\/batijournal.com\/wp-content\/uploads\/2017\/09\/escalier-monumental-auch.png","contentUrl":"https:\/\/batijournal.com\/wp-content\/uploads\/2017\/09\/escalier-monumental-auch.png","width":875,"height":781},{"@type":"BreadcrumbList","@id":"https:\/\/batijournal.com\/index.php\/lescalier-monumental-dauch-retrouve-superbe\/96905\/#breadcrumb","itemListElement":[{"@type":"ListItem","position":1,"name":"Accueil","item":"https:\/\/batijournal.com\/"},{"@type":"ListItem","position":2,"name":"Actualit\u00e9s","item":"https:\/\/batijournal.com\/index.php\/category\/actualites\/"},{"@type":"ListItem","position":3,"name":"L&rsquo;escalier monumental d\u2019Auch retrouve sa superbe"}]},{"@type":"WebSite","@id":"https:\/\/batijournal.com\/#website","url":"https:\/\/batijournal.com\/","name":"Batijournal","description":"L&#039;actualit\u00e9 du b\u00e2timent","potentialAction":[{"@type":"SearchAction","target":{"@type":"EntryPoint","urlTemplate":"https:\/\/batijournal.com\/?s={search_term_string}"},"query-input":{"@type":"PropertyValueSpecification","valueRequired":true,"valueName":"search_term_string"}}],"inLanguage":"fr-FR"},{"@type":"Person","@id":"https:\/\/batijournal.com\/#\/schema\/person\/1dc96ec6957aa1ccb25ebe78bb19f100","name":"St\u00e9phane Miget","image":{"@type":"ImageObject","inLanguage":"fr-FR","@id":"https:\/\/secure.gravatar.com\/avatar\/89915563d925342126b8ef0281b93d9d7fc337043e8df017f780908eb9644451?s=96&d=mm&r=g","url":"https:\/\/secure.gravatar.com\/avatar\/89915563d925342126b8ef0281b93d9d7fc337043e8df017f780908eb9644451?s=96&d=mm&r=g","contentUrl":"https:\/\/secure.gravatar.com\/avatar\/89915563d925342126b8ef0281b93d9d7fc337043e8df017f780908eb9644451?s=96&d=mm&r=g","caption":"St\u00e9phane Miget"},"url":"https:\/\/batijournal.com\/index.php\/author\/stephane\/"}]}},"_links":{"self":[{"href":"https:\/\/batijournal.com\/index.php\/wp-json\/wp\/v2\/posts\/96905","targetHints":{"allow":["GET"]}}],"collection":[{"href":"https:\/\/batijournal.com\/index.php\/wp-json\/wp\/v2\/posts"}],"about":[{"href":"https:\/\/batijournal.com\/index.php\/wp-json\/wp\/v2\/types\/post"}],"author":[{"embeddable":true,"href":"https:\/\/batijournal.com\/index.php\/wp-json\/wp\/v2\/users\/17"}],"replies":[{"embeddable":true,"href":"https:\/\/batijournal.com\/index.php\/wp-json\/wp\/v2\/comments?post=96905"}],"version-history":[{"count":0,"href":"https:\/\/batijournal.com\/index.php\/wp-json\/wp\/v2\/posts\/96905\/revisions"}],"wp:featuredmedia":[{"embeddable":true,"href":"https:\/\/batijournal.com\/index.php\/wp-json\/wp\/v2\/media\/96906"}],"wp:attachment":[{"href":"https:\/\/batijournal.com\/index.php\/wp-json\/wp\/v2\/media?parent=96905"}],"wp:term":[{"taxonomy":"category","embeddable":true,"href":"https:\/\/batijournal.com\/index.php\/wp-json\/wp\/v2\/categories?post=96905"},{"taxonomy":"post_tag","embeddable":true,"href":"https:\/\/batijournal.com\/index.php\/wp-json\/wp\/v2\/tags?post=96905"}],"curies":[{"name":"wp","href":"https:\/\/api.w.org\/{rel}","templated":true}]}}