{"id":96911,"date":"2017-09-27T08:08:46","date_gmt":"2017-09-27T06:08:46","guid":{"rendered":"http:\/\/batijournal.com\/?p=96911"},"modified":"2019-07-15T11:15:37","modified_gmt":"2019-07-15T09:15:37","slug":"reouverture-musee-de-resistance-de-deportation-de-lain","status":"publish","type":"post","link":"https:\/\/batijournal.com\/index.php\/reouverture-musee-de-resistance-de-deportation-de-lain\/96911\/","title":{"rendered":"R\u00e9ouverture du mus\u00e9e de la R\u00e9sistance et de la D\u00e9portation de l\u2019Ain"},"content":{"rendered":"<p>Apr\u00e8s deux ans de fermeture pour travaux, le mus\u00e9e de la R\u00e9sistance et de la D\u00e9portation de l\u2019Ain \u00e0 Nantua a rouvert ses portes. Situ\u00e9 dans l\u2019ancienne prison de Nantua, il a fait l\u2019objet de travaux de mise en accessibilit\u00e9 et d\u2019un renouvellement global de sa mus\u00e9ographie, dans l\u2019objectif d\u2019\u00eatre int\u00e9gralement accessible pour tous les types de handicap. Ce renouvellement a \u00e9galement permis d\u2019actualiser le discours du mus\u00e9e avec les r\u00e9sultats des recherches historiques les plus r\u00e9centes. le mus\u00e9e propose aujourd\u2019hui une lecture des \u00e9v\u00e9nements de la Seconde Guerre mondiale \u00e0 travers le v\u00e9cu des habitants de l\u2019Ain, mettant en valeur les enjeux strat\u00e9giques du d\u00e9partement de l\u2019Ain dans la Seconde Guerre mondiale, entre Lyon et Gen\u00e8ve, et apportant un nouvel \u00e9clairage sur les r\u00e9pressions et les pers\u00e9cutions des civils, des r\u00e9sistants et des Juifs dans l\u2019Ain. Impr\u00e9gn\u00e9 par l\u2019esprit des fondateurs r\u00e9sistants et d\u00e9port\u00e9s, le mus\u00e9e questionne \u00e9galement la construction de la m\u00e9moire apr\u00e8s 1945 et ses usages contemporains. Les travaux ont \u00e9t\u00e9 men\u00e9s \u00e0 bien gr\u00e2ce au soutien du minist\u00e8re des Arm\u00e9es \u2013 Direction de la m\u00e9moire, du patrimoine et des archives, du minist\u00e8re de la Culture, de la R\u00e9gion Auvergne-Rh\u00f4ne-Alpes et de la Fondation pour la m\u00e9moire de la Shoah.<\/p>\n<p>Source : Conseil d\u00e9partemental de l&rsquo;Ain<br \/>\nPhoto : Aintourisme<\/p>\n","protected":false},"excerpt":{"rendered":"<p>Apr\u00e8s deux ans de fermeture pour travaux, le mus\u00e9e de la R\u00e9sistance et de la D\u00e9portation de l\u2019Ain \u00e0 Nantua a rouvert ses portes. Situ\u00e9 dans l\u2019ancienne prison de Nantua, il a fait l\u2019objet de travaux de mise en accessibilit\u00e9 et d\u2019un renouvellement global de sa mus\u00e9ographie, dans l\u2019objectif d\u2019\u00eatre int\u00e9gralement accessible pour tous les [&hellip;]<\/p>\n","protected":false},"author":17,"featured_media":96912,"comment_status":"closed","ping_status":"closed","sticky":false,"template":"","format":"standard","meta":{"_et_pb_use_builder":"","_et_pb_old_content":"","_et_gb_content_width":"","footnotes":""},"categories":[10530,6340],"tags":[3640],"class_list":["post-96911","post","type-post","status-publish","format-standard","has-post-thumbnail","hentry","category-actualites","category-architecture-conception","tag-musee"],"yoast_head":"<!-- This site is optimized with the Yoast SEO plugin v27.4 - https:\/\/yoast.com\/product\/yoast-seo-wordpress\/ -->\n<title>R\u00e9ouverture du mus\u00e9e de la R\u00e9sistance et de la D\u00e9portation de l\u2019Ain<\/title>\n<meta name=\"robots\" content=\"index, follow, max-snippet:-1, max-image-preview:large, max-video-preview:-1\" \/>\n<link rel=\"canonical\" href=\"https:\/\/batijournal.com\/index.php\/reouverture-musee-de-resistance-de-deportation-de-lain\/96911\/\" \/>\n<meta property=\"og:locale\" content=\"fr_FR\" \/>\n<meta property=\"og:type\" content=\"article\" \/>\n<meta property=\"og:title\" content=\"R\u00e9ouverture du mus\u00e9e de la R\u00e9sistance et de la D\u00e9portation de l\u2019Ain\" \/>\n<meta property=\"og:description\" content=\"Apr\u00e8s deux ans de fermeture pour travaux, le mus\u00e9e de la R\u00e9sistance et de la D\u00e9portation de l\u2019Ain \u00e0 Nantua a rouvert ses portes. Situ\u00e9 dans l\u2019ancienne prison de Nantua, il a fait l\u2019objet de travaux de mise en accessibilit\u00e9 et d\u2019un renouvellement global de sa mus\u00e9ographie, dans l\u2019objectif d\u2019\u00eatre int\u00e9gralement accessible pour tous les [&hellip;]\" \/>\n<meta property=\"og:url\" content=\"https:\/\/batijournal.com\/index.php\/reouverture-musee-de-resistance-de-deportation-de-lain\/96911\/\" \/>\n<meta property=\"og:site_name\" content=\"Batijournal\" \/>\n<meta property=\"article:published_time\" content=\"2017-09-27T06:08:46+00:00\" \/>\n<meta property=\"article:modified_time\" content=\"2019-07-15T09:15:37+00:00\" \/>\n<meta property=\"og:image\" content=\"https:\/\/batijournal.com\/wp-content\/uploads\/2017\/09\/musee-resistance-ain.jpg\" \/>\n\t<meta property=\"og:image:width\" content=\"1600\" \/>\n\t<meta property=\"og:image:height\" content=\"1067\" \/>\n\t<meta property=\"og:image:type\" content=\"image\/jpeg\" \/>\n<meta name=\"author\" content=\"St\u00e9phane Miget\" \/>\n<meta name=\"twitter:card\" content=\"summary_large_image\" \/>\n<meta name=\"twitter:creator\" content=\"@bati_journal\" \/>\n<meta name=\"twitter:site\" content=\"@bati_journal\" \/>\n<meta name=\"twitter:label1\" content=\"\u00c9crit par\" \/>\n\t<meta name=\"twitter:data1\" content=\"St\u00e9phane Miget\" \/>\n\t<meta name=\"twitter:label2\" content=\"Dur\u00e9e de lecture estim\u00e9e\" \/>\n\t<meta name=\"twitter:data2\" content=\"1 minute\" \/>\n<script type=\"application\/ld+json\" class=\"yoast-schema-graph\">{\"@context\":\"https:\\\/\\\/schema.org\",\"@graph\":[{\"@type\":\"Article\",\"@id\":\"https:\\\/\\\/batijournal.com\\\/index.php\\\/reouverture-musee-de-resistance-de-deportation-de-lain\\\/96911\\\/#article\",\"isPartOf\":{\"@id\":\"https:\\\/\\\/batijournal.com\\\/index.php\\\/reouverture-musee-de-resistance-de-deportation-de-lain\\\/96911\\\/\"},\"author\":{\"name\":\"St\u00e9phane Miget\",\"@id\":\"https:\\\/\\\/batijournal.com\\\/#\\\/schema\\\/person\\\/1dc96ec6957aa1ccb25ebe78bb19f100\"},\"headline\":\"R\u00e9ouverture du mus\u00e9e de la R\u00e9sistance et de la D\u00e9portation de l\u2019Ain\",\"datePublished\":\"2017-09-27T06:08:46+00:00\",\"dateModified\":\"2019-07-15T09:15:37+00:00\",\"mainEntityOfPage\":{\"@id\":\"https:\\\/\\\/batijournal.com\\\/index.php\\\/reouverture-musee-de-resistance-de-deportation-de-lain\\\/96911\\\/\"},\"wordCount\":270,\"image\":{\"@id\":\"https:\\\/\\\/batijournal.com\\\/index.php\\\/reouverture-musee-de-resistance-de-deportation-de-lain\\\/96911\\\/#primaryimage\"},\"thumbnailUrl\":\"https:\\\/\\\/batijournal.com\\\/wp-content\\\/uploads\\\/2017\\\/09\\\/musee-resistance-ain.jpg\",\"keywords\":[\"mus\u00e9e\"],\"articleSection\":[\"Actualit\u00e9s\",\"Architecture &amp; Conception\"],\"inLanguage\":\"fr-FR\"},{\"@type\":\"WebPage\",\"@id\":\"https:\\\/\\\/batijournal.com\\\/index.php\\\/reouverture-musee-de-resistance-de-deportation-de-lain\\\/96911\\\/\",\"url\":\"https:\\\/\\\/batijournal.com\\\/index.php\\\/reouverture-musee-de-resistance-de-deportation-de-lain\\\/96911\\\/\",\"name\":\"R\u00e9ouverture du mus\u00e9e de la R\u00e9sistance et de la D\u00e9portation de l\u2019Ain\",\"isPartOf\":{\"@id\":\"https:\\\/\\\/batijournal.com\\\/#website\"},\"primaryImageOfPage\":{\"@id\":\"https:\\\/\\\/batijournal.com\\\/index.php\\\/reouverture-musee-de-resistance-de-deportation-de-lain\\\/96911\\\/#primaryimage\"},\"image\":{\"@id\":\"https:\\\/\\\/batijournal.com\\\/index.php\\\/reouverture-musee-de-resistance-de-deportation-de-lain\\\/96911\\\/#primaryimage\"},\"thumbnailUrl\":\"https:\\\/\\\/batijournal.com\\\/wp-content\\\/uploads\\\/2017\\\/09\\\/musee-resistance-ain.jpg\",\"datePublished\":\"2017-09-27T06:08:46+00:00\",\"dateModified\":\"2019-07-15T09:15:37+00:00\",\"author\":{\"@id\":\"https:\\\/\\\/batijournal.com\\\/#\\\/schema\\\/person\\\/1dc96ec6957aa1ccb25ebe78bb19f100\"},\"breadcrumb\":{\"@id\":\"https:\\\/\\\/batijournal.com\\\/index.php\\\/reouverture-musee-de-resistance-de-deportation-de-lain\\\/96911\\\/#breadcrumb\"},\"inLanguage\":\"fr-FR\",\"potentialAction\":[{\"@type\":\"ReadAction\",\"target\":[\"https:\\\/\\\/batijournal.com\\\/index.php\\\/reouverture-musee-de-resistance-de-deportation-de-lain\\\/96911\\\/\"]}]},{\"@type\":\"ImageObject\",\"inLanguage\":\"fr-FR\",\"@id\":\"https:\\\/\\\/batijournal.com\\\/index.php\\\/reouverture-musee-de-resistance-de-deportation-de-lain\\\/96911\\\/#primaryimage\",\"url\":\"https:\\\/\\\/batijournal.com\\\/wp-content\\\/uploads\\\/2017\\\/09\\\/musee-resistance-ain.jpg\",\"contentUrl\":\"https:\\\/\\\/batijournal.com\\\/wp-content\\\/uploads\\\/2017\\\/09\\\/musee-resistance-ain.jpg\",\"width\":1600,\"height\":1067},{\"@type\":\"BreadcrumbList\",\"@id\":\"https:\\\/\\\/batijournal.com\\\/index.php\\\/reouverture-musee-de-resistance-de-deportation-de-lain\\\/96911\\\/#breadcrumb\",\"itemListElement\":[{\"@type\":\"ListItem\",\"position\":1,\"name\":\"Accueil\",\"item\":\"https:\\\/\\\/batijournal.com\\\/\"},{\"@type\":\"ListItem\",\"position\":2,\"name\":\"Actualit\u00e9s\",\"item\":\"https:\\\/\\\/batijournal.com\\\/index.php\\\/category\\\/actualites\\\/\"},{\"@type\":\"ListItem\",\"position\":3,\"name\":\"R\u00e9ouverture du mus\u00e9e de la R\u00e9sistance et de la D\u00e9portation de l\u2019Ain\"}]},{\"@type\":\"WebSite\",\"@id\":\"https:\\\/\\\/batijournal.com\\\/#website\",\"url\":\"https:\\\/\\\/batijournal.com\\\/\",\"name\":\"Batijournal\",\"description\":\"L&#039;actualit\u00e9 du b\u00e2timent\",\"potentialAction\":[{\"@type\":\"SearchAction\",\"target\":{\"@type\":\"EntryPoint\",\"urlTemplate\":\"https:\\\/\\\/batijournal.com\\\/?s={search_term_string}\"},\"query-input\":{\"@type\":\"PropertyValueSpecification\",\"valueRequired\":true,\"valueName\":\"search_term_string\"}}],\"inLanguage\":\"fr-FR\"},{\"@type\":\"Person\",\"@id\":\"https:\\\/\\\/batijournal.com\\\/#\\\/schema\\\/person\\\/1dc96ec6957aa1ccb25ebe78bb19f100\",\"name\":\"St\u00e9phane Miget\",\"image\":{\"@type\":\"ImageObject\",\"inLanguage\":\"fr-FR\",\"@id\":\"https:\\\/\\\/secure.gravatar.com\\\/avatar\\\/89915563d925342126b8ef0281b93d9d7fc337043e8df017f780908eb9644451?s=96&d=mm&r=g\",\"url\":\"https:\\\/\\\/secure.gravatar.com\\\/avatar\\\/89915563d925342126b8ef0281b93d9d7fc337043e8df017f780908eb9644451?s=96&d=mm&r=g\",\"contentUrl\":\"https:\\\/\\\/secure.gravatar.com\\\/avatar\\\/89915563d925342126b8ef0281b93d9d7fc337043e8df017f780908eb9644451?s=96&d=mm&r=g\",\"caption\":\"St\u00e9phane Miget\"},\"url\":\"https:\\\/\\\/batijournal.com\\\/index.php\\\/author\\\/stephane\\\/\"}]}<\/script>\n<!-- \/ Yoast SEO plugin. -->","yoast_head_json":{"title":"R\u00e9ouverture du mus\u00e9e de la R\u00e9sistance et de la D\u00e9portation de l\u2019Ain","robots":{"index":"index","follow":"follow","max-snippet":"max-snippet:-1","max-image-preview":"max-image-preview:large","max-video-preview":"max-video-preview:-1"},"canonical":"https:\/\/batijournal.com\/index.php\/reouverture-musee-de-resistance-de-deportation-de-lain\/96911\/","og_locale":"fr_FR","og_type":"article","og_title":"R\u00e9ouverture du mus\u00e9e de la R\u00e9sistance et de la D\u00e9portation de l\u2019Ain","og_description":"Apr\u00e8s deux ans de fermeture pour travaux, le mus\u00e9e de la R\u00e9sistance et de la D\u00e9portation de l\u2019Ain \u00e0 Nantua a rouvert ses portes. Situ\u00e9 dans l\u2019ancienne prison de Nantua, il a fait l\u2019objet de travaux de mise en accessibilit\u00e9 et d\u2019un renouvellement global de sa mus\u00e9ographie, dans l\u2019objectif d\u2019\u00eatre int\u00e9gralement accessible pour tous les [&hellip;]","og_url":"https:\/\/batijournal.com\/index.php\/reouverture-musee-de-resistance-de-deportation-de-lain\/96911\/","og_site_name":"Batijournal","article_published_time":"2017-09-27T06:08:46+00:00","article_modified_time":"2019-07-15T09:15:37+00:00","og_image":[{"width":1600,"height":1067,"url":"https:\/\/batijournal.com\/wp-content\/uploads\/2017\/09\/musee-resistance-ain.jpg","type":"image\/jpeg"}],"author":"St\u00e9phane Miget","twitter_card":"summary_large_image","twitter_creator":"@bati_journal","twitter_site":"@bati_journal","twitter_misc":{"\u00c9crit par":"St\u00e9phane Miget","Dur\u00e9e de lecture estim\u00e9e":"1 minute"},"schema":{"@context":"https:\/\/schema.org","@graph":[{"@type":"Article","@id":"https:\/\/batijournal.com\/index.php\/reouverture-musee-de-resistance-de-deportation-de-lain\/96911\/#article","isPartOf":{"@id":"https:\/\/batijournal.com\/index.php\/reouverture-musee-de-resistance-de-deportation-de-lain\/96911\/"},"author":{"name":"St\u00e9phane Miget","@id":"https:\/\/batijournal.com\/#\/schema\/person\/1dc96ec6957aa1ccb25ebe78bb19f100"},"headline":"R\u00e9ouverture du mus\u00e9e de la R\u00e9sistance et de la D\u00e9portation de l\u2019Ain","datePublished":"2017-09-27T06:08:46+00:00","dateModified":"2019-07-15T09:15:37+00:00","mainEntityOfPage":{"@id":"https:\/\/batijournal.com\/index.php\/reouverture-musee-de-resistance-de-deportation-de-lain\/96911\/"},"wordCount":270,"image":{"@id":"https:\/\/batijournal.com\/index.php\/reouverture-musee-de-resistance-de-deportation-de-lain\/96911\/#primaryimage"},"thumbnailUrl":"https:\/\/batijournal.com\/wp-content\/uploads\/2017\/09\/musee-resistance-ain.jpg","keywords":["mus\u00e9e"],"articleSection":["Actualit\u00e9s","Architecture &amp; Conception"],"inLanguage":"fr-FR"},{"@type":"WebPage","@id":"https:\/\/batijournal.com\/index.php\/reouverture-musee-de-resistance-de-deportation-de-lain\/96911\/","url":"https:\/\/batijournal.com\/index.php\/reouverture-musee-de-resistance-de-deportation-de-lain\/96911\/","name":"R\u00e9ouverture du mus\u00e9e de la R\u00e9sistance et de la D\u00e9portation de l\u2019Ain","isPartOf":{"@id":"https:\/\/batijournal.com\/#website"},"primaryImageOfPage":{"@id":"https:\/\/batijournal.com\/index.php\/reouverture-musee-de-resistance-de-deportation-de-lain\/96911\/#primaryimage"},"image":{"@id":"https:\/\/batijournal.com\/index.php\/reouverture-musee-de-resistance-de-deportation-de-lain\/96911\/#primaryimage"},"thumbnailUrl":"https:\/\/batijournal.com\/wp-content\/uploads\/2017\/09\/musee-resistance-ain.jpg","datePublished":"2017-09-27T06:08:46+00:00","dateModified":"2019-07-15T09:15:37+00:00","author":{"@id":"https:\/\/batijournal.com\/#\/schema\/person\/1dc96ec6957aa1ccb25ebe78bb19f100"},"breadcrumb":{"@id":"https:\/\/batijournal.com\/index.php\/reouverture-musee-de-resistance-de-deportation-de-lain\/96911\/#breadcrumb"},"inLanguage":"fr-FR","potentialAction":[{"@type":"ReadAction","target":["https:\/\/batijournal.com\/index.php\/reouverture-musee-de-resistance-de-deportation-de-lain\/96911\/"]}]},{"@type":"ImageObject","inLanguage":"fr-FR","@id":"https:\/\/batijournal.com\/index.php\/reouverture-musee-de-resistance-de-deportation-de-lain\/96911\/#primaryimage","url":"https:\/\/batijournal.com\/wp-content\/uploads\/2017\/09\/musee-resistance-ain.jpg","contentUrl":"https:\/\/batijournal.com\/wp-content\/uploads\/2017\/09\/musee-resistance-ain.jpg","width":1600,"height":1067},{"@type":"BreadcrumbList","@id":"https:\/\/batijournal.com\/index.php\/reouverture-musee-de-resistance-de-deportation-de-lain\/96911\/#breadcrumb","itemListElement":[{"@type":"ListItem","position":1,"name":"Accueil","item":"https:\/\/batijournal.com\/"},{"@type":"ListItem","position":2,"name":"Actualit\u00e9s","item":"https:\/\/batijournal.com\/index.php\/category\/actualites\/"},{"@type":"ListItem","position":3,"name":"R\u00e9ouverture du mus\u00e9e de la R\u00e9sistance et de la D\u00e9portation de l\u2019Ain"}]},{"@type":"WebSite","@id":"https:\/\/batijournal.com\/#website","url":"https:\/\/batijournal.com\/","name":"Batijournal","description":"L&#039;actualit\u00e9 du b\u00e2timent","potentialAction":[{"@type":"SearchAction","target":{"@type":"EntryPoint","urlTemplate":"https:\/\/batijournal.com\/?s={search_term_string}"},"query-input":{"@type":"PropertyValueSpecification","valueRequired":true,"valueName":"search_term_string"}}],"inLanguage":"fr-FR"},{"@type":"Person","@id":"https:\/\/batijournal.com\/#\/schema\/person\/1dc96ec6957aa1ccb25ebe78bb19f100","name":"St\u00e9phane Miget","image":{"@type":"ImageObject","inLanguage":"fr-FR","@id":"https:\/\/secure.gravatar.com\/avatar\/89915563d925342126b8ef0281b93d9d7fc337043e8df017f780908eb9644451?s=96&d=mm&r=g","url":"https:\/\/secure.gravatar.com\/avatar\/89915563d925342126b8ef0281b93d9d7fc337043e8df017f780908eb9644451?s=96&d=mm&r=g","contentUrl":"https:\/\/secure.gravatar.com\/avatar\/89915563d925342126b8ef0281b93d9d7fc337043e8df017f780908eb9644451?s=96&d=mm&r=g","caption":"St\u00e9phane Miget"},"url":"https:\/\/batijournal.com\/index.php\/author\/stephane\/"}]}},"_links":{"self":[{"href":"https:\/\/batijournal.com\/index.php\/wp-json\/wp\/v2\/posts\/96911","targetHints":{"allow":["GET"]}}],"collection":[{"href":"https:\/\/batijournal.com\/index.php\/wp-json\/wp\/v2\/posts"}],"about":[{"href":"https:\/\/batijournal.com\/index.php\/wp-json\/wp\/v2\/types\/post"}],"author":[{"embeddable":true,"href":"https:\/\/batijournal.com\/index.php\/wp-json\/wp\/v2\/users\/17"}],"replies":[{"embeddable":true,"href":"https:\/\/batijournal.com\/index.php\/wp-json\/wp\/v2\/comments?post=96911"}],"version-history":[{"count":0,"href":"https:\/\/batijournal.com\/index.php\/wp-json\/wp\/v2\/posts\/96911\/revisions"}],"wp:featuredmedia":[{"embeddable":true,"href":"https:\/\/batijournal.com\/index.php\/wp-json\/wp\/v2\/media\/96912"}],"wp:attachment":[{"href":"https:\/\/batijournal.com\/index.php\/wp-json\/wp\/v2\/media?parent=96911"}],"wp:term":[{"taxonomy":"category","embeddable":true,"href":"https:\/\/batijournal.com\/index.php\/wp-json\/wp\/v2\/categories?post=96911"},{"taxonomy":"post_tag","embeddable":true,"href":"https:\/\/batijournal.com\/index.php\/wp-json\/wp\/v2\/tags?post=96911"}],"curies":[{"name":"wp","href":"https:\/\/api.w.org\/{rel}","templated":true}]}}