{"id":96913,"date":"2017-09-27T08:28:03","date_gmt":"2017-09-27T06:28:03","guid":{"rendered":"http:\/\/batijournal.com\/?p=96913"},"modified":"2019-07-15T11:27:10","modified_gmt":"2019-07-15T09:27:10","slug":"v","status":"publish","type":"post","link":"https:\/\/batijournal.com\/index.php\/v\/96913\/","title":{"rendered":"Le c\u00e9l\u00e8bre magasin la Rinascente \u00e0 Milan pare sa terrasse contre bruits et chaleur"},"content":{"rendered":"<p>En cette ann\u00e9e du centenaire de La Rinascente \u00e0 Milan, le magasin a r\u00e9serv\u00e9 son septi\u00e8me \u00e9tage \u00e0 un \u00ab Food Hall \u00bb, dans lequel alternent salles de restauration, espaces de vente de produits de haute gastronomie, et terrasse panoramique, tr\u00e8s appr\u00e9ci\u00e9e pour la vue exceptionnelle sur le Duomo. La structure en verre g\u00e9n\u00e8rait cependant deux inconv\u00e9nients : elle ne garantissait pas une bonne absorption acoustique, et provoquait une importante surchauffe de l\u2019air ambiant. Des stores en Batyline AW de Serge Ferrari, permettent de r\u00e9pondre aux exigences thermiques, acoustiques et esth\u00e9tiques du lieu. Serge Ferrari a r\u00e9alis\u00e9 une \u00e9tude acoustique pouss\u00e9e pour montrer l\u2019efficacit\u00e9 de la Batyline AW pour de faux-plafonds, mais aussi pour des stores int\u00e9rieurs. Dans ces locaux qui n\u00e9cessitent une acoustique adapt\u00e9e \u00e0 la conversation, les nouveaux stores phono-absorbants am\u00e9liorent nettement le confort acoustique, en r\u00e9duisant consid\u00e9rablement la r\u00e9verb\u00e9ration et le niveau de bruit. La Batyline AW couleur Kilimandjaro a un facteur solaire de 0,31, elle bloque 69 % de l\u2019\u00e9nergie solaire, tout en \u00e9liminant l\u2019\u00e9blouissement. Cette solution hautement technique a \u00e9t\u00e9 appliqu\u00e9e \u00e0 un \u00e9l\u00e9gant syst\u00e8me de stores occultants. Sur la partie haute de la baie vitr\u00e9e, les stores se d\u00e9roulent normalement du haut vers le bas, alors que sur la partie basse ils se rel\u00e8vent de bas en haut. Chaque zone est command\u00e9e s\u00e9par\u00e9ment pour permettre aux restaurants de g\u00e9rer avec souplesse la man\u0153uvre des 42 stores.<\/p>\n<p>Installation : Emmegi Tende<\/p>\n<p>Photo : Serge Ferrari<\/p>\n<p>&nbsp;<\/p>\n","protected":false},"excerpt":{"rendered":"<p>En cette ann\u00e9e du centenaire de La Rinascente \u00e0 Milan, le magasin a r\u00e9serv\u00e9 son septi\u00e8me \u00e9tage \u00e0 un \u00ab Food Hall \u00bb, dans lequel alternent salles de restauration, espaces de vente de produits de haute gastronomie, et terrasse panoramique, tr\u00e8s appr\u00e9ci\u00e9e pour la vue exceptionnelle sur le Duomo. La structure en verre g\u00e9n\u00e8rait cependant [&hellip;]<\/p>\n","protected":false},"author":17,"featured_media":96914,"comment_status":"closed","ping_status":"closed","sticky":false,"template":"","format":"standard","meta":{"_et_pb_use_builder":"","_et_pb_old_content":"","_et_gb_content_width":"","footnotes":""},"categories":[10530,6340,10771,10775,10785],"tags":[1946,1134],"class_list":["post-96913","post","type-post","status-publish","format-standard","has-post-thumbnail","hentry","category-actualites","category-architecture-conception","category-5facades","category-actualites-5facades","category-atrium","tag-occultation","tag-stores"],"yoast_head":"<!-- This site is optimized with the Yoast SEO plugin v27.4 - https:\/\/yoast.com\/product\/yoast-seo-wordpress\/ -->\n<title>Le c\u00e9l\u00e8bre magasin la Rinascente \u00e0 Milan pare sa terrasse contre bruits et chaleur<\/title>\n<meta name=\"robots\" content=\"index, follow, max-snippet:-1, max-image-preview:large, max-video-preview:-1\" \/>\n<link rel=\"canonical\" href=\"https:\/\/batijournal.com\/index.php\/v\/96913\/\" \/>\n<meta property=\"og:locale\" content=\"fr_FR\" \/>\n<meta property=\"og:type\" content=\"article\" \/>\n<meta property=\"og:title\" content=\"Le c\u00e9l\u00e8bre magasin la Rinascente \u00e0 Milan pare sa terrasse contre bruits et chaleur\" \/>\n<meta property=\"og:description\" content=\"En cette ann\u00e9e du centenaire de La Rinascente \u00e0 Milan, le magasin a r\u00e9serv\u00e9 son septi\u00e8me \u00e9tage \u00e0 un \u00ab Food Hall \u00bb, dans lequel alternent salles de restauration, espaces de vente de produits de haute gastronomie, et terrasse panoramique, tr\u00e8s appr\u00e9ci\u00e9e pour la vue exceptionnelle sur le Duomo. La structure en verre g\u00e9n\u00e8rait cependant [&hellip;]\" \/>\n<meta property=\"og:url\" content=\"https:\/\/batijournal.com\/index.php\/v\/96913\/\" \/>\n<meta property=\"og:site_name\" content=\"Batijournal\" \/>\n<meta property=\"article:published_time\" content=\"2017-09-27T06:28:03+00:00\" \/>\n<meta property=\"article:modified_time\" content=\"2019-07-15T09:27:10+00:00\" \/>\n<meta property=\"og:image\" content=\"https:\/\/batijournal.com\/wp-content\/uploads\/2017\/09\/magasin-la-Rinascente-Milan.png\" \/>\n\t<meta property=\"og:image:width\" content=\"1067\" \/>\n\t<meta property=\"og:image:height\" content=\"683\" \/>\n\t<meta property=\"og:image:type\" content=\"image\/png\" \/>\n<meta name=\"author\" content=\"St\u00e9phane Miget\" \/>\n<meta name=\"twitter:card\" content=\"summary_large_image\" \/>\n<meta name=\"twitter:creator\" content=\"@bati_journal\" \/>\n<meta name=\"twitter:site\" content=\"@bati_journal\" \/>\n<meta name=\"twitter:label1\" content=\"\u00c9crit par\" \/>\n\t<meta name=\"twitter:data1\" content=\"St\u00e9phane Miget\" \/>\n\t<meta name=\"twitter:label2\" content=\"Dur\u00e9e de lecture estim\u00e9e\" \/>\n\t<meta name=\"twitter:data2\" content=\"1 minute\" \/>\n<script type=\"application\/ld+json\" class=\"yoast-schema-graph\">{\"@context\":\"https:\\\/\\\/schema.org\",\"@graph\":[{\"@type\":\"Article\",\"@id\":\"https:\\\/\\\/batijournal.com\\\/index.php\\\/v\\\/96913\\\/#article\",\"isPartOf\":{\"@id\":\"https:\\\/\\\/batijournal.com\\\/index.php\\\/v\\\/96913\\\/\"},\"author\":{\"name\":\"St\u00e9phane Miget\",\"@id\":\"https:\\\/\\\/batijournal.com\\\/#\\\/schema\\\/person\\\/1dc96ec6957aa1ccb25ebe78bb19f100\"},\"headline\":\"Le c\u00e9l\u00e8bre magasin la Rinascente \u00e0 Milan pare sa terrasse contre bruits et chaleur\",\"datePublished\":\"2017-09-27T06:28:03+00:00\",\"dateModified\":\"2019-07-15T09:27:10+00:00\",\"mainEntityOfPage\":{\"@id\":\"https:\\\/\\\/batijournal.com\\\/index.php\\\/v\\\/96913\\\/\"},\"wordCount\":279,\"image\":{\"@id\":\"https:\\\/\\\/batijournal.com\\\/index.php\\\/v\\\/96913\\\/#primaryimage\"},\"thumbnailUrl\":\"https:\\\/\\\/batijournal.com\\\/wp-content\\\/uploads\\\/2017\\\/09\\\/magasin-la-Rinascente-Milan.png\",\"keywords\":[\"occultation\",\"stores\"],\"articleSection\":[\"Actualit\u00e9s\",\"Architecture &amp; Conception\",\"zz_5fa\u00e7ades\",\"zz_Actualit\u00e9s - 5fa\u00e7ades\",\"zz_Atrium Patrimoine\"],\"inLanguage\":\"fr-FR\"},{\"@type\":\"WebPage\",\"@id\":\"https:\\\/\\\/batijournal.com\\\/index.php\\\/v\\\/96913\\\/\",\"url\":\"https:\\\/\\\/batijournal.com\\\/index.php\\\/v\\\/96913\\\/\",\"name\":\"Le c\u00e9l\u00e8bre magasin la Rinascente \u00e0 Milan pare sa terrasse contre bruits et chaleur\",\"isPartOf\":{\"@id\":\"https:\\\/\\\/batijournal.com\\\/#website\"},\"primaryImageOfPage\":{\"@id\":\"https:\\\/\\\/batijournal.com\\\/index.php\\\/v\\\/96913\\\/#primaryimage\"},\"image\":{\"@id\":\"https:\\\/\\\/batijournal.com\\\/index.php\\\/v\\\/96913\\\/#primaryimage\"},\"thumbnailUrl\":\"https:\\\/\\\/batijournal.com\\\/wp-content\\\/uploads\\\/2017\\\/09\\\/magasin-la-Rinascente-Milan.png\",\"datePublished\":\"2017-09-27T06:28:03+00:00\",\"dateModified\":\"2019-07-15T09:27:10+00:00\",\"author\":{\"@id\":\"https:\\\/\\\/batijournal.com\\\/#\\\/schema\\\/person\\\/1dc96ec6957aa1ccb25ebe78bb19f100\"},\"breadcrumb\":{\"@id\":\"https:\\\/\\\/batijournal.com\\\/index.php\\\/v\\\/96913\\\/#breadcrumb\"},\"inLanguage\":\"fr-FR\",\"potentialAction\":[{\"@type\":\"ReadAction\",\"target\":[\"https:\\\/\\\/batijournal.com\\\/index.php\\\/v\\\/96913\\\/\"]}]},{\"@type\":\"ImageObject\",\"inLanguage\":\"fr-FR\",\"@id\":\"https:\\\/\\\/batijournal.com\\\/index.php\\\/v\\\/96913\\\/#primaryimage\",\"url\":\"https:\\\/\\\/batijournal.com\\\/wp-content\\\/uploads\\\/2017\\\/09\\\/magasin-la-Rinascente-Milan.png\",\"contentUrl\":\"https:\\\/\\\/batijournal.com\\\/wp-content\\\/uploads\\\/2017\\\/09\\\/magasin-la-Rinascente-Milan.png\",\"width\":1067,\"height\":683},{\"@type\":\"BreadcrumbList\",\"@id\":\"https:\\\/\\\/batijournal.com\\\/index.php\\\/v\\\/96913\\\/#breadcrumb\",\"itemListElement\":[{\"@type\":\"ListItem\",\"position\":1,\"name\":\"Accueil\",\"item\":\"https:\\\/\\\/batijournal.com\\\/\"},{\"@type\":\"ListItem\",\"position\":2,\"name\":\"Actualit\u00e9s\",\"item\":\"https:\\\/\\\/batijournal.com\\\/index.php\\\/category\\\/actualites\\\/\"},{\"@type\":\"ListItem\",\"position\":3,\"name\":\"Le c\u00e9l\u00e8bre magasin la Rinascente \u00e0 Milan pare sa terrasse contre bruits et chaleur\"}]},{\"@type\":\"WebSite\",\"@id\":\"https:\\\/\\\/batijournal.com\\\/#website\",\"url\":\"https:\\\/\\\/batijournal.com\\\/\",\"name\":\"Batijournal\",\"description\":\"L&#039;actualit\u00e9 du b\u00e2timent\",\"potentialAction\":[{\"@type\":\"SearchAction\",\"target\":{\"@type\":\"EntryPoint\",\"urlTemplate\":\"https:\\\/\\\/batijournal.com\\\/?s={search_term_string}\"},\"query-input\":{\"@type\":\"PropertyValueSpecification\",\"valueRequired\":true,\"valueName\":\"search_term_string\"}}],\"inLanguage\":\"fr-FR\"},{\"@type\":\"Person\",\"@id\":\"https:\\\/\\\/batijournal.com\\\/#\\\/schema\\\/person\\\/1dc96ec6957aa1ccb25ebe78bb19f100\",\"name\":\"St\u00e9phane Miget\",\"image\":{\"@type\":\"ImageObject\",\"inLanguage\":\"fr-FR\",\"@id\":\"https:\\\/\\\/secure.gravatar.com\\\/avatar\\\/89915563d925342126b8ef0281b93d9d7fc337043e8df017f780908eb9644451?s=96&d=mm&r=g\",\"url\":\"https:\\\/\\\/secure.gravatar.com\\\/avatar\\\/89915563d925342126b8ef0281b93d9d7fc337043e8df017f780908eb9644451?s=96&d=mm&r=g\",\"contentUrl\":\"https:\\\/\\\/secure.gravatar.com\\\/avatar\\\/89915563d925342126b8ef0281b93d9d7fc337043e8df017f780908eb9644451?s=96&d=mm&r=g\",\"caption\":\"St\u00e9phane Miget\"},\"url\":\"https:\\\/\\\/batijournal.com\\\/index.php\\\/author\\\/stephane\\\/\"}]}<\/script>\n<!-- \/ Yoast SEO plugin. -->","yoast_head_json":{"title":"Le c\u00e9l\u00e8bre magasin la Rinascente \u00e0 Milan pare sa terrasse contre bruits et chaleur","robots":{"index":"index","follow":"follow","max-snippet":"max-snippet:-1","max-image-preview":"max-image-preview:large","max-video-preview":"max-video-preview:-1"},"canonical":"https:\/\/batijournal.com\/index.php\/v\/96913\/","og_locale":"fr_FR","og_type":"article","og_title":"Le c\u00e9l\u00e8bre magasin la Rinascente \u00e0 Milan pare sa terrasse contre bruits et chaleur","og_description":"En cette ann\u00e9e du centenaire de La Rinascente \u00e0 Milan, le magasin a r\u00e9serv\u00e9 son septi\u00e8me \u00e9tage \u00e0 un \u00ab Food Hall \u00bb, dans lequel alternent salles de restauration, espaces de vente de produits de haute gastronomie, et terrasse panoramique, tr\u00e8s appr\u00e9ci\u00e9e pour la vue exceptionnelle sur le Duomo. La structure en verre g\u00e9n\u00e8rait cependant [&hellip;]","og_url":"https:\/\/batijournal.com\/index.php\/v\/96913\/","og_site_name":"Batijournal","article_published_time":"2017-09-27T06:28:03+00:00","article_modified_time":"2019-07-15T09:27:10+00:00","og_image":[{"width":1067,"height":683,"url":"https:\/\/batijournal.com\/wp-content\/uploads\/2017\/09\/magasin-la-Rinascente-Milan.png","type":"image\/png"}],"author":"St\u00e9phane Miget","twitter_card":"summary_large_image","twitter_creator":"@bati_journal","twitter_site":"@bati_journal","twitter_misc":{"\u00c9crit par":"St\u00e9phane Miget","Dur\u00e9e de lecture estim\u00e9e":"1 minute"},"schema":{"@context":"https:\/\/schema.org","@graph":[{"@type":"Article","@id":"https:\/\/batijournal.com\/index.php\/v\/96913\/#article","isPartOf":{"@id":"https:\/\/batijournal.com\/index.php\/v\/96913\/"},"author":{"name":"St\u00e9phane Miget","@id":"https:\/\/batijournal.com\/#\/schema\/person\/1dc96ec6957aa1ccb25ebe78bb19f100"},"headline":"Le c\u00e9l\u00e8bre magasin la Rinascente \u00e0 Milan pare sa terrasse contre bruits et chaleur","datePublished":"2017-09-27T06:28:03+00:00","dateModified":"2019-07-15T09:27:10+00:00","mainEntityOfPage":{"@id":"https:\/\/batijournal.com\/index.php\/v\/96913\/"},"wordCount":279,"image":{"@id":"https:\/\/batijournal.com\/index.php\/v\/96913\/#primaryimage"},"thumbnailUrl":"https:\/\/batijournal.com\/wp-content\/uploads\/2017\/09\/magasin-la-Rinascente-Milan.png","keywords":["occultation","stores"],"articleSection":["Actualit\u00e9s","Architecture &amp; Conception","zz_5fa\u00e7ades","zz_Actualit\u00e9s - 5fa\u00e7ades","zz_Atrium Patrimoine"],"inLanguage":"fr-FR"},{"@type":"WebPage","@id":"https:\/\/batijournal.com\/index.php\/v\/96913\/","url":"https:\/\/batijournal.com\/index.php\/v\/96913\/","name":"Le c\u00e9l\u00e8bre magasin la Rinascente \u00e0 Milan pare sa terrasse contre bruits et chaleur","isPartOf":{"@id":"https:\/\/batijournal.com\/#website"},"primaryImageOfPage":{"@id":"https:\/\/batijournal.com\/index.php\/v\/96913\/#primaryimage"},"image":{"@id":"https:\/\/batijournal.com\/index.php\/v\/96913\/#primaryimage"},"thumbnailUrl":"https:\/\/batijournal.com\/wp-content\/uploads\/2017\/09\/magasin-la-Rinascente-Milan.png","datePublished":"2017-09-27T06:28:03+00:00","dateModified":"2019-07-15T09:27:10+00:00","author":{"@id":"https:\/\/batijournal.com\/#\/schema\/person\/1dc96ec6957aa1ccb25ebe78bb19f100"},"breadcrumb":{"@id":"https:\/\/batijournal.com\/index.php\/v\/96913\/#breadcrumb"},"inLanguage":"fr-FR","potentialAction":[{"@type":"ReadAction","target":["https:\/\/batijournal.com\/index.php\/v\/96913\/"]}]},{"@type":"ImageObject","inLanguage":"fr-FR","@id":"https:\/\/batijournal.com\/index.php\/v\/96913\/#primaryimage","url":"https:\/\/batijournal.com\/wp-content\/uploads\/2017\/09\/magasin-la-Rinascente-Milan.png","contentUrl":"https:\/\/batijournal.com\/wp-content\/uploads\/2017\/09\/magasin-la-Rinascente-Milan.png","width":1067,"height":683},{"@type":"BreadcrumbList","@id":"https:\/\/batijournal.com\/index.php\/v\/96913\/#breadcrumb","itemListElement":[{"@type":"ListItem","position":1,"name":"Accueil","item":"https:\/\/batijournal.com\/"},{"@type":"ListItem","position":2,"name":"Actualit\u00e9s","item":"https:\/\/batijournal.com\/index.php\/category\/actualites\/"},{"@type":"ListItem","position":3,"name":"Le c\u00e9l\u00e8bre magasin la Rinascente \u00e0 Milan pare sa terrasse contre bruits et chaleur"}]},{"@type":"WebSite","@id":"https:\/\/batijournal.com\/#website","url":"https:\/\/batijournal.com\/","name":"Batijournal","description":"L&#039;actualit\u00e9 du b\u00e2timent","potentialAction":[{"@type":"SearchAction","target":{"@type":"EntryPoint","urlTemplate":"https:\/\/batijournal.com\/?s={search_term_string}"},"query-input":{"@type":"PropertyValueSpecification","valueRequired":true,"valueName":"search_term_string"}}],"inLanguage":"fr-FR"},{"@type":"Person","@id":"https:\/\/batijournal.com\/#\/schema\/person\/1dc96ec6957aa1ccb25ebe78bb19f100","name":"St\u00e9phane Miget","image":{"@type":"ImageObject","inLanguage":"fr-FR","@id":"https:\/\/secure.gravatar.com\/avatar\/89915563d925342126b8ef0281b93d9d7fc337043e8df017f780908eb9644451?s=96&d=mm&r=g","url":"https:\/\/secure.gravatar.com\/avatar\/89915563d925342126b8ef0281b93d9d7fc337043e8df017f780908eb9644451?s=96&d=mm&r=g","contentUrl":"https:\/\/secure.gravatar.com\/avatar\/89915563d925342126b8ef0281b93d9d7fc337043e8df017f780908eb9644451?s=96&d=mm&r=g","caption":"St\u00e9phane Miget"},"url":"https:\/\/batijournal.com\/index.php\/author\/stephane\/"}]}},"_links":{"self":[{"href":"https:\/\/batijournal.com\/index.php\/wp-json\/wp\/v2\/posts\/96913","targetHints":{"allow":["GET"]}}],"collection":[{"href":"https:\/\/batijournal.com\/index.php\/wp-json\/wp\/v2\/posts"}],"about":[{"href":"https:\/\/batijournal.com\/index.php\/wp-json\/wp\/v2\/types\/post"}],"author":[{"embeddable":true,"href":"https:\/\/batijournal.com\/index.php\/wp-json\/wp\/v2\/users\/17"}],"replies":[{"embeddable":true,"href":"https:\/\/batijournal.com\/index.php\/wp-json\/wp\/v2\/comments?post=96913"}],"version-history":[{"count":0,"href":"https:\/\/batijournal.com\/index.php\/wp-json\/wp\/v2\/posts\/96913\/revisions"}],"wp:featuredmedia":[{"embeddable":true,"href":"https:\/\/batijournal.com\/index.php\/wp-json\/wp\/v2\/media\/96914"}],"wp:attachment":[{"href":"https:\/\/batijournal.com\/index.php\/wp-json\/wp\/v2\/media?parent=96913"}],"wp:term":[{"taxonomy":"category","embeddable":true,"href":"https:\/\/batijournal.com\/index.php\/wp-json\/wp\/v2\/categories?post=96913"},{"taxonomy":"post_tag","embeddable":true,"href":"https:\/\/batijournal.com\/index.php\/wp-json\/wp\/v2\/tags?post=96913"}],"curies":[{"name":"wp","href":"https:\/\/api.w.org\/{rel}","templated":true}]}}