{"id":96918,"date":"2017-09-27T08:53:28","date_gmt":"2017-09-27T06:53:28","guid":{"rendered":"http:\/\/batijournal.com\/?p=96918"},"modified":"2019-07-15T12:03:50","modified_gmt":"2019-07-15T10:03:50","slug":"granit-de-bretagne-appel-a-lengagement-elus","status":"publish","type":"post","link":"https:\/\/batijournal.com\/index.php\/granit-de-bretagne-appel-a-lengagement-elus\/96918\/","title":{"rendered":"Granit de Bretagne : un appel \u00e0 l\u2019engagement des \u00e9lus"},"content":{"rendered":"<p>L\u2019industrie graniti\u00e8re bretonne n\u2019a pas manqu\u00e9 ces derni\u00e8res ann\u00e9es d\u2019\u00eatre confront\u00e9e \u00e0 la mondialisation des \u00e9changes, devant faire face \u00e0 la concurrence des produits finis en provenance de pays \u00e0 faibles co\u00fbts de main d\u2019\u0153uvre sur la plupart des march\u00e9s o\u00f9 les clients se r\u00e9duisent en nombre et grossissent en taille. Positionner et prot\u00e9ger le granit breton au c\u0153ur d&rsquo;une offre mondialis\u00e9e et, ce faisant, maintenir voire d\u00e9velopper des entreprises dont la plupart sont implant\u00e9es dans les territoires ruraux : tel \u00e9tait bien l\u2019objectif de la fili\u00e8re qui a vu ses efforts r\u00e9compens\u00e9s par l\u2019obtention d\u00e9but 2017 de l&rsquo;Indication G\u00e9ographique \u00ab Granit de Bretagne \u00bb. Lors de la rencontre des territoires granitiers de Bretagne, le 15 septembre 2017, l\u2019association Indication G\u00e9ographique Granit de Bretagne a lanc\u00e9 un appel \u00e0 l\u2019engagement des \u00e9lus pour qu&rsquo;ils s\u2019engagent \u00e0 ce que le granit de Bretagne soit le mat\u00e9riau de r\u00e9f\u00e9rence dans leurs am\u00e9nagements.<\/p>\n","protected":false},"excerpt":{"rendered":"<p>L\u2019industrie graniti\u00e8re bretonne n\u2019a pas manqu\u00e9 ces derni\u00e8res ann\u00e9es d\u2019\u00eatre confront\u00e9e \u00e0 la mondialisation des \u00e9changes, devant faire face \u00e0 la concurrence des produits finis en provenance de pays \u00e0 faibles co\u00fbts de main d\u2019\u0153uvre sur la plupart des march\u00e9s o\u00f9 les clients se r\u00e9duisent en nombre et grossissent en taille. Positionner et prot\u00e9ger le [&hellip;]<\/p>\n","protected":false},"author":17,"featured_media":96919,"comment_status":"closed","ping_status":"closed","sticky":false,"template":"","format":"standard","meta":{"_et_pb_use_builder":"","_et_pb_old_content":"","_et_gb_content_width":"","footnotes":""},"categories":[10530,6345,10771,10785],"tags":[2673,12099],"class_list":["post-96918","post","type-post","status-publish","format-standard","has-post-thumbnail","hentry","category-actualites","category-economie-marches","category-5facades","category-atrium","tag-carriere","tag-granit"],"yoast_head":"<!-- This site is optimized with the Yoast SEO plugin v27.4 - https:\/\/yoast.com\/product\/yoast-seo-wordpress\/ -->\n<title>Granit de Bretagne : un appel \u00e0 l\u2019engagement des \u00e9lus<\/title>\n<meta name=\"robots\" content=\"index, follow, max-snippet:-1, max-image-preview:large, max-video-preview:-1\" \/>\n<link rel=\"canonical\" href=\"https:\/\/batijournal.com\/index.php\/granit-de-bretagne-appel-a-lengagement-elus\/96918\/\" \/>\n<meta property=\"og:locale\" content=\"fr_FR\" \/>\n<meta property=\"og:type\" content=\"article\" \/>\n<meta property=\"og:title\" content=\"Granit de Bretagne : un appel \u00e0 l\u2019engagement des \u00e9lus\" \/>\n<meta property=\"og:description\" content=\"L\u2019industrie graniti\u00e8re bretonne n\u2019a pas manqu\u00e9 ces derni\u00e8res ann\u00e9es d\u2019\u00eatre confront\u00e9e \u00e0 la mondialisation des \u00e9changes, devant faire face \u00e0 la concurrence des produits finis en provenance de pays \u00e0 faibles co\u00fbts de main d\u2019\u0153uvre sur la plupart des march\u00e9s o\u00f9 les clients se r\u00e9duisent en nombre et grossissent en taille. Positionner et prot\u00e9ger le [&hellip;]\" \/>\n<meta property=\"og:url\" content=\"https:\/\/batijournal.com\/index.php\/granit-de-bretagne-appel-a-lengagement-elus\/96918\/\" \/>\n<meta property=\"og:site_name\" content=\"Batijournal\" \/>\n<meta property=\"article:published_time\" content=\"2017-09-27T06:53:28+00:00\" \/>\n<meta property=\"article:modified_time\" content=\"2019-07-15T10:03:50+00:00\" \/>\n<meta property=\"og:image\" content=\"https:\/\/batijournal.com\/wp-content\/uploads\/2017\/09\/granit-de-bretagne-carriere.png\" \/>\n\t<meta property=\"og:image:width\" content=\"844\" \/>\n\t<meta property=\"og:image:height\" content=\"501\" \/>\n\t<meta property=\"og:image:type\" content=\"image\/png\" \/>\n<meta name=\"author\" content=\"St\u00e9phane Miget\" \/>\n<meta name=\"twitter:card\" content=\"summary_large_image\" \/>\n<meta name=\"twitter:creator\" content=\"@bati_journal\" \/>\n<meta name=\"twitter:site\" content=\"@bati_journal\" \/>\n<meta name=\"twitter:label1\" content=\"\u00c9crit par\" \/>\n\t<meta name=\"twitter:data1\" content=\"St\u00e9phane Miget\" \/>\n\t<meta name=\"twitter:label2\" content=\"Dur\u00e9e de lecture estim\u00e9e\" \/>\n\t<meta name=\"twitter:data2\" content=\"1 minute\" \/>\n<script type=\"application\/ld+json\" class=\"yoast-schema-graph\">{\"@context\":\"https:\\\/\\\/schema.org\",\"@graph\":[{\"@type\":\"Article\",\"@id\":\"https:\\\/\\\/batijournal.com\\\/index.php\\\/granit-de-bretagne-appel-a-lengagement-elus\\\/96918\\\/#article\",\"isPartOf\":{\"@id\":\"https:\\\/\\\/batijournal.com\\\/index.php\\\/granit-de-bretagne-appel-a-lengagement-elus\\\/96918\\\/\"},\"author\":{\"name\":\"St\u00e9phane Miget\",\"@id\":\"https:\\\/\\\/batijournal.com\\\/#\\\/schema\\\/person\\\/1dc96ec6957aa1ccb25ebe78bb19f100\"},\"headline\":\"Granit de Bretagne : un appel \u00e0 l\u2019engagement des \u00e9lus\",\"datePublished\":\"2017-09-27T06:53:28+00:00\",\"dateModified\":\"2019-07-15T10:03:50+00:00\",\"mainEntityOfPage\":{\"@id\":\"https:\\\/\\\/batijournal.com\\\/index.php\\\/granit-de-bretagne-appel-a-lengagement-elus\\\/96918\\\/\"},\"wordCount\":182,\"image\":{\"@id\":\"https:\\\/\\\/batijournal.com\\\/index.php\\\/granit-de-bretagne-appel-a-lengagement-elus\\\/96918\\\/#primaryimage\"},\"thumbnailUrl\":\"https:\\\/\\\/batijournal.com\\\/wp-content\\\/uploads\\\/2017\\\/09\\\/granit-de-bretagne-carriere.png\",\"keywords\":[\"Carri\u00e8re\",\"granit\"],\"articleSection\":[\"Actualit\u00e9s\",\"\u00c9conomie &amp; March\u00e9s\",\"zz_5fa\u00e7ades\",\"zz_Atrium Patrimoine\"],\"inLanguage\":\"fr-FR\"},{\"@type\":\"WebPage\",\"@id\":\"https:\\\/\\\/batijournal.com\\\/index.php\\\/granit-de-bretagne-appel-a-lengagement-elus\\\/96918\\\/\",\"url\":\"https:\\\/\\\/batijournal.com\\\/index.php\\\/granit-de-bretagne-appel-a-lengagement-elus\\\/96918\\\/\",\"name\":\"Granit de Bretagne : un appel \u00e0 l\u2019engagement des \u00e9lus\",\"isPartOf\":{\"@id\":\"https:\\\/\\\/batijournal.com\\\/#website\"},\"primaryImageOfPage\":{\"@id\":\"https:\\\/\\\/batijournal.com\\\/index.php\\\/granit-de-bretagne-appel-a-lengagement-elus\\\/96918\\\/#primaryimage\"},\"image\":{\"@id\":\"https:\\\/\\\/batijournal.com\\\/index.php\\\/granit-de-bretagne-appel-a-lengagement-elus\\\/96918\\\/#primaryimage\"},\"thumbnailUrl\":\"https:\\\/\\\/batijournal.com\\\/wp-content\\\/uploads\\\/2017\\\/09\\\/granit-de-bretagne-carriere.png\",\"datePublished\":\"2017-09-27T06:53:28+00:00\",\"dateModified\":\"2019-07-15T10:03:50+00:00\",\"author\":{\"@id\":\"https:\\\/\\\/batijournal.com\\\/#\\\/schema\\\/person\\\/1dc96ec6957aa1ccb25ebe78bb19f100\"},\"breadcrumb\":{\"@id\":\"https:\\\/\\\/batijournal.com\\\/index.php\\\/granit-de-bretagne-appel-a-lengagement-elus\\\/96918\\\/#breadcrumb\"},\"inLanguage\":\"fr-FR\",\"potentialAction\":[{\"@type\":\"ReadAction\",\"target\":[\"https:\\\/\\\/batijournal.com\\\/index.php\\\/granit-de-bretagne-appel-a-lengagement-elus\\\/96918\\\/\"]}]},{\"@type\":\"ImageObject\",\"inLanguage\":\"fr-FR\",\"@id\":\"https:\\\/\\\/batijournal.com\\\/index.php\\\/granit-de-bretagne-appel-a-lengagement-elus\\\/96918\\\/#primaryimage\",\"url\":\"https:\\\/\\\/batijournal.com\\\/wp-content\\\/uploads\\\/2017\\\/09\\\/granit-de-bretagne-carriere.png\",\"contentUrl\":\"https:\\\/\\\/batijournal.com\\\/wp-content\\\/uploads\\\/2017\\\/09\\\/granit-de-bretagne-carriere.png\",\"width\":844,\"height\":501},{\"@type\":\"BreadcrumbList\",\"@id\":\"https:\\\/\\\/batijournal.com\\\/index.php\\\/granit-de-bretagne-appel-a-lengagement-elus\\\/96918\\\/#breadcrumb\",\"itemListElement\":[{\"@type\":\"ListItem\",\"position\":1,\"name\":\"Accueil\",\"item\":\"https:\\\/\\\/batijournal.com\\\/\"},{\"@type\":\"ListItem\",\"position\":2,\"name\":\"Actualit\u00e9s\",\"item\":\"https:\\\/\\\/batijournal.com\\\/index.php\\\/category\\\/actualites\\\/\"},{\"@type\":\"ListItem\",\"position\":3,\"name\":\"Granit de Bretagne : un appel \u00e0 l\u2019engagement des \u00e9lus\"}]},{\"@type\":\"WebSite\",\"@id\":\"https:\\\/\\\/batijournal.com\\\/#website\",\"url\":\"https:\\\/\\\/batijournal.com\\\/\",\"name\":\"Batijournal\",\"description\":\"L&#039;actualit\u00e9 du b\u00e2timent\",\"potentialAction\":[{\"@type\":\"SearchAction\",\"target\":{\"@type\":\"EntryPoint\",\"urlTemplate\":\"https:\\\/\\\/batijournal.com\\\/?s={search_term_string}\"},\"query-input\":{\"@type\":\"PropertyValueSpecification\",\"valueRequired\":true,\"valueName\":\"search_term_string\"}}],\"inLanguage\":\"fr-FR\"},{\"@type\":\"Person\",\"@id\":\"https:\\\/\\\/batijournal.com\\\/#\\\/schema\\\/person\\\/1dc96ec6957aa1ccb25ebe78bb19f100\",\"name\":\"St\u00e9phane Miget\",\"image\":{\"@type\":\"ImageObject\",\"inLanguage\":\"fr-FR\",\"@id\":\"https:\\\/\\\/secure.gravatar.com\\\/avatar\\\/89915563d925342126b8ef0281b93d9d7fc337043e8df017f780908eb9644451?s=96&d=mm&r=g\",\"url\":\"https:\\\/\\\/secure.gravatar.com\\\/avatar\\\/89915563d925342126b8ef0281b93d9d7fc337043e8df017f780908eb9644451?s=96&d=mm&r=g\",\"contentUrl\":\"https:\\\/\\\/secure.gravatar.com\\\/avatar\\\/89915563d925342126b8ef0281b93d9d7fc337043e8df017f780908eb9644451?s=96&d=mm&r=g\",\"caption\":\"St\u00e9phane Miget\"},\"url\":\"https:\\\/\\\/batijournal.com\\\/index.php\\\/author\\\/stephane\\\/\"}]}<\/script>\n<!-- \/ Yoast SEO plugin. -->","yoast_head_json":{"title":"Granit de Bretagne : un appel \u00e0 l\u2019engagement des \u00e9lus","robots":{"index":"index","follow":"follow","max-snippet":"max-snippet:-1","max-image-preview":"max-image-preview:large","max-video-preview":"max-video-preview:-1"},"canonical":"https:\/\/batijournal.com\/index.php\/granit-de-bretagne-appel-a-lengagement-elus\/96918\/","og_locale":"fr_FR","og_type":"article","og_title":"Granit de Bretagne : un appel \u00e0 l\u2019engagement des \u00e9lus","og_description":"L\u2019industrie graniti\u00e8re bretonne n\u2019a pas manqu\u00e9 ces derni\u00e8res ann\u00e9es d\u2019\u00eatre confront\u00e9e \u00e0 la mondialisation des \u00e9changes, devant faire face \u00e0 la concurrence des produits finis en provenance de pays \u00e0 faibles co\u00fbts de main d\u2019\u0153uvre sur la plupart des march\u00e9s o\u00f9 les clients se r\u00e9duisent en nombre et grossissent en taille. Positionner et prot\u00e9ger le [&hellip;]","og_url":"https:\/\/batijournal.com\/index.php\/granit-de-bretagne-appel-a-lengagement-elus\/96918\/","og_site_name":"Batijournal","article_published_time":"2017-09-27T06:53:28+00:00","article_modified_time":"2019-07-15T10:03:50+00:00","og_image":[{"width":844,"height":501,"url":"https:\/\/batijournal.com\/wp-content\/uploads\/2017\/09\/granit-de-bretagne-carriere.png","type":"image\/png"}],"author":"St\u00e9phane Miget","twitter_card":"summary_large_image","twitter_creator":"@bati_journal","twitter_site":"@bati_journal","twitter_misc":{"\u00c9crit par":"St\u00e9phane Miget","Dur\u00e9e de lecture estim\u00e9e":"1 minute"},"schema":{"@context":"https:\/\/schema.org","@graph":[{"@type":"Article","@id":"https:\/\/batijournal.com\/index.php\/granit-de-bretagne-appel-a-lengagement-elus\/96918\/#article","isPartOf":{"@id":"https:\/\/batijournal.com\/index.php\/granit-de-bretagne-appel-a-lengagement-elus\/96918\/"},"author":{"name":"St\u00e9phane Miget","@id":"https:\/\/batijournal.com\/#\/schema\/person\/1dc96ec6957aa1ccb25ebe78bb19f100"},"headline":"Granit de Bretagne : un appel \u00e0 l\u2019engagement des \u00e9lus","datePublished":"2017-09-27T06:53:28+00:00","dateModified":"2019-07-15T10:03:50+00:00","mainEntityOfPage":{"@id":"https:\/\/batijournal.com\/index.php\/granit-de-bretagne-appel-a-lengagement-elus\/96918\/"},"wordCount":182,"image":{"@id":"https:\/\/batijournal.com\/index.php\/granit-de-bretagne-appel-a-lengagement-elus\/96918\/#primaryimage"},"thumbnailUrl":"https:\/\/batijournal.com\/wp-content\/uploads\/2017\/09\/granit-de-bretagne-carriere.png","keywords":["Carri\u00e8re","granit"],"articleSection":["Actualit\u00e9s","\u00c9conomie &amp; March\u00e9s","zz_5fa\u00e7ades","zz_Atrium Patrimoine"],"inLanguage":"fr-FR"},{"@type":"WebPage","@id":"https:\/\/batijournal.com\/index.php\/granit-de-bretagne-appel-a-lengagement-elus\/96918\/","url":"https:\/\/batijournal.com\/index.php\/granit-de-bretagne-appel-a-lengagement-elus\/96918\/","name":"Granit de Bretagne : un appel \u00e0 l\u2019engagement des \u00e9lus","isPartOf":{"@id":"https:\/\/batijournal.com\/#website"},"primaryImageOfPage":{"@id":"https:\/\/batijournal.com\/index.php\/granit-de-bretagne-appel-a-lengagement-elus\/96918\/#primaryimage"},"image":{"@id":"https:\/\/batijournal.com\/index.php\/granit-de-bretagne-appel-a-lengagement-elus\/96918\/#primaryimage"},"thumbnailUrl":"https:\/\/batijournal.com\/wp-content\/uploads\/2017\/09\/granit-de-bretagne-carriere.png","datePublished":"2017-09-27T06:53:28+00:00","dateModified":"2019-07-15T10:03:50+00:00","author":{"@id":"https:\/\/batijournal.com\/#\/schema\/person\/1dc96ec6957aa1ccb25ebe78bb19f100"},"breadcrumb":{"@id":"https:\/\/batijournal.com\/index.php\/granit-de-bretagne-appel-a-lengagement-elus\/96918\/#breadcrumb"},"inLanguage":"fr-FR","potentialAction":[{"@type":"ReadAction","target":["https:\/\/batijournal.com\/index.php\/granit-de-bretagne-appel-a-lengagement-elus\/96918\/"]}]},{"@type":"ImageObject","inLanguage":"fr-FR","@id":"https:\/\/batijournal.com\/index.php\/granit-de-bretagne-appel-a-lengagement-elus\/96918\/#primaryimage","url":"https:\/\/batijournal.com\/wp-content\/uploads\/2017\/09\/granit-de-bretagne-carriere.png","contentUrl":"https:\/\/batijournal.com\/wp-content\/uploads\/2017\/09\/granit-de-bretagne-carriere.png","width":844,"height":501},{"@type":"BreadcrumbList","@id":"https:\/\/batijournal.com\/index.php\/granit-de-bretagne-appel-a-lengagement-elus\/96918\/#breadcrumb","itemListElement":[{"@type":"ListItem","position":1,"name":"Accueil","item":"https:\/\/batijournal.com\/"},{"@type":"ListItem","position":2,"name":"Actualit\u00e9s","item":"https:\/\/batijournal.com\/index.php\/category\/actualites\/"},{"@type":"ListItem","position":3,"name":"Granit de Bretagne : un appel \u00e0 l\u2019engagement des \u00e9lus"}]},{"@type":"WebSite","@id":"https:\/\/batijournal.com\/#website","url":"https:\/\/batijournal.com\/","name":"Batijournal","description":"L&#039;actualit\u00e9 du b\u00e2timent","potentialAction":[{"@type":"SearchAction","target":{"@type":"EntryPoint","urlTemplate":"https:\/\/batijournal.com\/?s={search_term_string}"},"query-input":{"@type":"PropertyValueSpecification","valueRequired":true,"valueName":"search_term_string"}}],"inLanguage":"fr-FR"},{"@type":"Person","@id":"https:\/\/batijournal.com\/#\/schema\/person\/1dc96ec6957aa1ccb25ebe78bb19f100","name":"St\u00e9phane Miget","image":{"@type":"ImageObject","inLanguage":"fr-FR","@id":"https:\/\/secure.gravatar.com\/avatar\/89915563d925342126b8ef0281b93d9d7fc337043e8df017f780908eb9644451?s=96&d=mm&r=g","url":"https:\/\/secure.gravatar.com\/avatar\/89915563d925342126b8ef0281b93d9d7fc337043e8df017f780908eb9644451?s=96&d=mm&r=g","contentUrl":"https:\/\/secure.gravatar.com\/avatar\/89915563d925342126b8ef0281b93d9d7fc337043e8df017f780908eb9644451?s=96&d=mm&r=g","caption":"St\u00e9phane Miget"},"url":"https:\/\/batijournal.com\/index.php\/author\/stephane\/"}]}},"_links":{"self":[{"href":"https:\/\/batijournal.com\/index.php\/wp-json\/wp\/v2\/posts\/96918","targetHints":{"allow":["GET"]}}],"collection":[{"href":"https:\/\/batijournal.com\/index.php\/wp-json\/wp\/v2\/posts"}],"about":[{"href":"https:\/\/batijournal.com\/index.php\/wp-json\/wp\/v2\/types\/post"}],"author":[{"embeddable":true,"href":"https:\/\/batijournal.com\/index.php\/wp-json\/wp\/v2\/users\/17"}],"replies":[{"embeddable":true,"href":"https:\/\/batijournal.com\/index.php\/wp-json\/wp\/v2\/comments?post=96918"}],"version-history":[{"count":0,"href":"https:\/\/batijournal.com\/index.php\/wp-json\/wp\/v2\/posts\/96918\/revisions"}],"wp:featuredmedia":[{"embeddable":true,"href":"https:\/\/batijournal.com\/index.php\/wp-json\/wp\/v2\/media\/96919"}],"wp:attachment":[{"href":"https:\/\/batijournal.com\/index.php\/wp-json\/wp\/v2\/media?parent=96918"}],"wp:term":[{"taxonomy":"category","embeddable":true,"href":"https:\/\/batijournal.com\/index.php\/wp-json\/wp\/v2\/categories?post=96918"},{"taxonomy":"post_tag","embeddable":true,"href":"https:\/\/batijournal.com\/index.php\/wp-json\/wp\/v2\/tags?post=96918"}],"curies":[{"name":"wp","href":"https:\/\/api.w.org\/{rel}","templated":true}]}}