{"id":96956,"date":"2017-10-02T09:39:45","date_gmt":"2017-10-02T07:39:45","guid":{"rendered":"http:\/\/batijournal.com\/?p=96956"},"modified":"2019-07-15T11:34:05","modified_gmt":"2019-07-15T09:34:05","slug":"mouvement-hlm-appelle-retrait-immediat-dispositions-gouvernementales-touchent-logement-social","status":"publish","type":"post","link":"https:\/\/batijournal.com\/index.php\/mouvement-hlm-appelle-retrait-immediat-dispositions-gouvernementales-touchent-logement-social\/96956\/","title":{"rendered":"Le Mouvement Hlm appelle au retrait imm\u00e9diat des dispositions gouvernementales qui touchent le logement social"},"content":{"rendered":"<p>Le Mouvement Hlm qui vient de se r\u00e9unir en congr\u00e8s \u00e0 Strasbourg s&rsquo;oppose aux dispositions relatives au logement pr\u00e9vues dans le projet de loi de finances pr\u00e9sent\u00e9 mercredi 27 septembre 2017 en Conseil des ministres. En baissant de 1,5 milliard d&rsquo;euros les APL des locataires du parc social, l&rsquo;ex\u00e9cutif m\u00e8ne une attaque id\u00e9ologique contre le mod\u00e8le du logement social, ses 11 millions de locataires, celles et ceux qui ont ou auront besoin d&rsquo;un logement social, d&rsquo;un logement \u00e0 un prix inf\u00e9rieur \u00e0 celui du march\u00e9. Par ailleurs, la suppression de l&rsquo;APL \u00ab accession \u00bb pour les nouveaux acc\u00e9dants et celle du pr\u00eat \u00e0 taux z\u00e9ro pour la construction dans 93% des communes (zones B2 et C) sont un coup sans pr\u00e9c\u00e9dent port\u00e9 \u00e0 l&rsquo;accession sociale \u00e0 la propri\u00e9t\u00e9. Enfin, le Gouvernement entend obliger les bailleurs sociaux \u00e0 op\u00e9rer des baisses de loyers encore sup\u00e9rieures \u00e0 la baisse des APL. En affaiblissant encore un peu plus les moyens des organismes.<\/p>\n<p>Le Mouvement Hlm refuse de discuter sur la base de ces dispositions. Elles mettent en p\u00e9ril le logement social et rendent totalement incompr\u00e9hensible la strat\u00e9gie du Gouvernement en mati\u00e8re de logement. Dans ces conditions, il n&rsquo;y aura pas de \u00ab choc de l&rsquo;offre \u00bb. Le Mouvement Hlm appelle au retrait imm\u00e9diat de ces dispositions et d\u00e9cide d&rsquo;alerter les \u00e9lus locaux, les parlementaires et l&rsquo;ensemble des locataires, sur les dispositions et leurs cons\u00e9quences dramatiques.\u00a0Pour Jean-Louis Dumont, pr\u00e9sident de l&rsquo;Union sociale pour l&rsquo;habitat, <em>\u00ab le projet pr\u00e9sent\u00e9 par le Gouvernement n&rsquo;est pas un projet pour le logement. Il n&rsquo;est guid\u00e9 que par un dogme budg\u00e9taire macro-\u00e9conomique, il ne conna\u00eet pas les territoires, leurs dynamiques et les personnes. Nous en appelons \u00e0 une v\u00e9ritable politique du logement, en concertation avec les acteurs. \u00bb<\/em><\/p>\n","protected":false},"excerpt":{"rendered":"<p>Le Mouvement Hlm qui vient de se r\u00e9unir en congr\u00e8s \u00e0 Strasbourg s&rsquo;oppose aux dispositions relatives au logement pr\u00e9vues dans le projet de loi de finances pr\u00e9sent\u00e9 mercredi 27 septembre 2017 en Conseil des ministres. En baissant de 1,5 milliard d&rsquo;euros les APL des locataires du parc social, l&rsquo;ex\u00e9cutif m\u00e8ne une attaque id\u00e9ologique contre le [&hellip;]<\/p>\n","protected":false},"author":17,"featured_media":95155,"comment_status":"closed","ping_status":"closed","sticky":false,"template":"","format":"standard","meta":{"_et_pb_use_builder":"","_et_pb_old_content":"","_et_gb_content_width":"","footnotes":""},"categories":[10530,6345],"tags":[1601,2815],"class_list":["post-96956","post","type-post","status-publish","format-standard","has-post-thumbnail","hentry","category-actualites","category-economie-marches","tag-logement-social","tag-ush"],"yoast_head":"<!-- This site is optimized with the Yoast SEO plugin v27.4 - https:\/\/yoast.com\/product\/yoast-seo-wordpress\/ -->\n<title>Le Mouvement Hlm appelle au retrait imm\u00e9diat des dispositions gouvernementales qui touchent le logement social<\/title>\n<meta name=\"robots\" content=\"index, follow, max-snippet:-1, max-image-preview:large, max-video-preview:-1\" \/>\n<link rel=\"canonical\" href=\"https:\/\/batijournal.com\/index.php\/mouvement-hlm-appelle-retrait-immediat-dispositions-gouvernementales-touchent-logement-social\/96956\/\" \/>\n<meta property=\"og:locale\" content=\"fr_FR\" \/>\n<meta property=\"og:type\" content=\"article\" \/>\n<meta property=\"og:title\" content=\"Le Mouvement Hlm appelle au retrait imm\u00e9diat des dispositions gouvernementales qui touchent le logement social\" \/>\n<meta property=\"og:description\" content=\"Le Mouvement Hlm qui vient de se r\u00e9unir en congr\u00e8s \u00e0 Strasbourg s&rsquo;oppose aux dispositions relatives au logement pr\u00e9vues dans le projet de loi de finances pr\u00e9sent\u00e9 mercredi 27 septembre 2017 en Conseil des ministres. En baissant de 1,5 milliard d&rsquo;euros les APL des locataires du parc social, l&rsquo;ex\u00e9cutif m\u00e8ne une attaque id\u00e9ologique contre le [&hellip;]\" \/>\n<meta property=\"og:url\" content=\"https:\/\/batijournal.com\/index.php\/mouvement-hlm-appelle-retrait-immediat-dispositions-gouvernementales-touchent-logement-social\/96956\/\" \/>\n<meta property=\"og:site_name\" content=\"Batijournal\" \/>\n<meta property=\"article:published_time\" content=\"2017-10-02T07:39:45+00:00\" \/>\n<meta property=\"article:modified_time\" content=\"2019-07-15T09:34:05+00:00\" \/>\n<meta property=\"og:image\" content=\"https:\/\/batijournal.com\/wp-content\/uploads\/2017\/02\/Fotolia_59265048_S.jpg\" \/>\n\t<meta property=\"og:image:width\" content=\"848\" \/>\n\t<meta property=\"og:image:height\" content=\"566\" \/>\n\t<meta property=\"og:image:type\" content=\"image\/jpeg\" \/>\n<meta name=\"author\" content=\"St\u00e9phane Miget\" \/>\n<meta name=\"twitter:card\" content=\"summary_large_image\" \/>\n<meta name=\"twitter:creator\" content=\"@bati_journal\" \/>\n<meta name=\"twitter:site\" content=\"@bati_journal\" \/>\n<meta name=\"twitter:label1\" content=\"\u00c9crit par\" \/>\n\t<meta name=\"twitter:data1\" content=\"St\u00e9phane Miget\" \/>\n\t<meta name=\"twitter:label2\" content=\"Dur\u00e9e de lecture estim\u00e9e\" \/>\n\t<meta name=\"twitter:data2\" content=\"2 minutes\" \/>\n<script type=\"application\/ld+json\" class=\"yoast-schema-graph\">{\"@context\":\"https:\\\/\\\/schema.org\",\"@graph\":[{\"@type\":\"Article\",\"@id\":\"https:\\\/\\\/batijournal.com\\\/index.php\\\/mouvement-hlm-appelle-retrait-immediat-dispositions-gouvernementales-touchent-logement-social\\\/96956\\\/#article\",\"isPartOf\":{\"@id\":\"https:\\\/\\\/batijournal.com\\\/index.php\\\/mouvement-hlm-appelle-retrait-immediat-dispositions-gouvernementales-touchent-logement-social\\\/96956\\\/\"},\"author\":{\"name\":\"St\u00e9phane Miget\",\"@id\":\"https:\\\/\\\/batijournal.com\\\/#\\\/schema\\\/person\\\/1dc96ec6957aa1ccb25ebe78bb19f100\"},\"headline\":\"Le Mouvement Hlm appelle au retrait imm\u00e9diat des dispositions gouvernementales qui touchent le logement social\",\"datePublished\":\"2017-10-02T07:39:45+00:00\",\"dateModified\":\"2019-07-15T09:34:05+00:00\",\"mainEntityOfPage\":{\"@id\":\"https:\\\/\\\/batijournal.com\\\/index.php\\\/mouvement-hlm-appelle-retrait-immediat-dispositions-gouvernementales-touchent-logement-social\\\/96956\\\/\"},\"wordCount\":331,\"image\":{\"@id\":\"https:\\\/\\\/batijournal.com\\\/index.php\\\/mouvement-hlm-appelle-retrait-immediat-dispositions-gouvernementales-touchent-logement-social\\\/96956\\\/#primaryimage\"},\"thumbnailUrl\":\"https:\\\/\\\/batijournal.com\\\/wp-content\\\/uploads\\\/2017\\\/02\\\/Fotolia_59265048_S.jpg\",\"keywords\":[\"logement social\",\"USH\"],\"articleSection\":[\"Actualit\u00e9s\",\"\u00c9conomie &amp; March\u00e9s\"],\"inLanguage\":\"fr-FR\"},{\"@type\":\"WebPage\",\"@id\":\"https:\\\/\\\/batijournal.com\\\/index.php\\\/mouvement-hlm-appelle-retrait-immediat-dispositions-gouvernementales-touchent-logement-social\\\/96956\\\/\",\"url\":\"https:\\\/\\\/batijournal.com\\\/index.php\\\/mouvement-hlm-appelle-retrait-immediat-dispositions-gouvernementales-touchent-logement-social\\\/96956\\\/\",\"name\":\"Le Mouvement Hlm appelle au retrait imm\u00e9diat des dispositions gouvernementales qui touchent le logement social\",\"isPartOf\":{\"@id\":\"https:\\\/\\\/batijournal.com\\\/#website\"},\"primaryImageOfPage\":{\"@id\":\"https:\\\/\\\/batijournal.com\\\/index.php\\\/mouvement-hlm-appelle-retrait-immediat-dispositions-gouvernementales-touchent-logement-social\\\/96956\\\/#primaryimage\"},\"image\":{\"@id\":\"https:\\\/\\\/batijournal.com\\\/index.php\\\/mouvement-hlm-appelle-retrait-immediat-dispositions-gouvernementales-touchent-logement-social\\\/96956\\\/#primaryimage\"},\"thumbnailUrl\":\"https:\\\/\\\/batijournal.com\\\/wp-content\\\/uploads\\\/2017\\\/02\\\/Fotolia_59265048_S.jpg\",\"datePublished\":\"2017-10-02T07:39:45+00:00\",\"dateModified\":\"2019-07-15T09:34:05+00:00\",\"author\":{\"@id\":\"https:\\\/\\\/batijournal.com\\\/#\\\/schema\\\/person\\\/1dc96ec6957aa1ccb25ebe78bb19f100\"},\"breadcrumb\":{\"@id\":\"https:\\\/\\\/batijournal.com\\\/index.php\\\/mouvement-hlm-appelle-retrait-immediat-dispositions-gouvernementales-touchent-logement-social\\\/96956\\\/#breadcrumb\"},\"inLanguage\":\"fr-FR\",\"potentialAction\":[{\"@type\":\"ReadAction\",\"target\":[\"https:\\\/\\\/batijournal.com\\\/index.php\\\/mouvement-hlm-appelle-retrait-immediat-dispositions-gouvernementales-touchent-logement-social\\\/96956\\\/\"]}]},{\"@type\":\"ImageObject\",\"inLanguage\":\"fr-FR\",\"@id\":\"https:\\\/\\\/batijournal.com\\\/index.php\\\/mouvement-hlm-appelle-retrait-immediat-dispositions-gouvernementales-touchent-logement-social\\\/96956\\\/#primaryimage\",\"url\":\"https:\\\/\\\/batijournal.com\\\/wp-content\\\/uploads\\\/2017\\\/02\\\/Fotolia_59265048_S.jpg\",\"contentUrl\":\"https:\\\/\\\/batijournal.com\\\/wp-content\\\/uploads\\\/2017\\\/02\\\/Fotolia_59265048_S.jpg\",\"width\":848,\"height\":566},{\"@type\":\"BreadcrumbList\",\"@id\":\"https:\\\/\\\/batijournal.com\\\/index.php\\\/mouvement-hlm-appelle-retrait-immediat-dispositions-gouvernementales-touchent-logement-social\\\/96956\\\/#breadcrumb\",\"itemListElement\":[{\"@type\":\"ListItem\",\"position\":1,\"name\":\"Accueil\",\"item\":\"https:\\\/\\\/batijournal.com\\\/\"},{\"@type\":\"ListItem\",\"position\":2,\"name\":\"Actualit\u00e9s\",\"item\":\"https:\\\/\\\/batijournal.com\\\/index.php\\\/category\\\/actualites\\\/\"},{\"@type\":\"ListItem\",\"position\":3,\"name\":\"Le Mouvement Hlm appelle au retrait imm\u00e9diat des dispositions gouvernementales qui touchent le logement social\"}]},{\"@type\":\"WebSite\",\"@id\":\"https:\\\/\\\/batijournal.com\\\/#website\",\"url\":\"https:\\\/\\\/batijournal.com\\\/\",\"name\":\"Batijournal\",\"description\":\"L&#039;actualit\u00e9 du b\u00e2timent\",\"potentialAction\":[{\"@type\":\"SearchAction\",\"target\":{\"@type\":\"EntryPoint\",\"urlTemplate\":\"https:\\\/\\\/batijournal.com\\\/?s={search_term_string}\"},\"query-input\":{\"@type\":\"PropertyValueSpecification\",\"valueRequired\":true,\"valueName\":\"search_term_string\"}}],\"inLanguage\":\"fr-FR\"},{\"@type\":\"Person\",\"@id\":\"https:\\\/\\\/batijournal.com\\\/#\\\/schema\\\/person\\\/1dc96ec6957aa1ccb25ebe78bb19f100\",\"name\":\"St\u00e9phane Miget\",\"image\":{\"@type\":\"ImageObject\",\"inLanguage\":\"fr-FR\",\"@id\":\"https:\\\/\\\/secure.gravatar.com\\\/avatar\\\/89915563d925342126b8ef0281b93d9d7fc337043e8df017f780908eb9644451?s=96&d=mm&r=g\",\"url\":\"https:\\\/\\\/secure.gravatar.com\\\/avatar\\\/89915563d925342126b8ef0281b93d9d7fc337043e8df017f780908eb9644451?s=96&d=mm&r=g\",\"contentUrl\":\"https:\\\/\\\/secure.gravatar.com\\\/avatar\\\/89915563d925342126b8ef0281b93d9d7fc337043e8df017f780908eb9644451?s=96&d=mm&r=g\",\"caption\":\"St\u00e9phane Miget\"},\"url\":\"https:\\\/\\\/batijournal.com\\\/index.php\\\/author\\\/stephane\\\/\"}]}<\/script>\n<!-- \/ Yoast SEO plugin. -->","yoast_head_json":{"title":"Le Mouvement Hlm appelle au retrait imm\u00e9diat des dispositions gouvernementales qui touchent le logement social","robots":{"index":"index","follow":"follow","max-snippet":"max-snippet:-1","max-image-preview":"max-image-preview:large","max-video-preview":"max-video-preview:-1"},"canonical":"https:\/\/batijournal.com\/index.php\/mouvement-hlm-appelle-retrait-immediat-dispositions-gouvernementales-touchent-logement-social\/96956\/","og_locale":"fr_FR","og_type":"article","og_title":"Le Mouvement Hlm appelle au retrait imm\u00e9diat des dispositions gouvernementales qui touchent le logement social","og_description":"Le Mouvement Hlm qui vient de se r\u00e9unir en congr\u00e8s \u00e0 Strasbourg s&rsquo;oppose aux dispositions relatives au logement pr\u00e9vues dans le projet de loi de finances pr\u00e9sent\u00e9 mercredi 27 septembre 2017 en Conseil des ministres. En baissant de 1,5 milliard d&rsquo;euros les APL des locataires du parc social, l&rsquo;ex\u00e9cutif m\u00e8ne une attaque id\u00e9ologique contre le [&hellip;]","og_url":"https:\/\/batijournal.com\/index.php\/mouvement-hlm-appelle-retrait-immediat-dispositions-gouvernementales-touchent-logement-social\/96956\/","og_site_name":"Batijournal","article_published_time":"2017-10-02T07:39:45+00:00","article_modified_time":"2019-07-15T09:34:05+00:00","og_image":[{"width":848,"height":566,"url":"https:\/\/batijournal.com\/wp-content\/uploads\/2017\/02\/Fotolia_59265048_S.jpg","type":"image\/jpeg"}],"author":"St\u00e9phane Miget","twitter_card":"summary_large_image","twitter_creator":"@bati_journal","twitter_site":"@bati_journal","twitter_misc":{"\u00c9crit par":"St\u00e9phane Miget","Dur\u00e9e de lecture estim\u00e9e":"2 minutes"},"schema":{"@context":"https:\/\/schema.org","@graph":[{"@type":"Article","@id":"https:\/\/batijournal.com\/index.php\/mouvement-hlm-appelle-retrait-immediat-dispositions-gouvernementales-touchent-logement-social\/96956\/#article","isPartOf":{"@id":"https:\/\/batijournal.com\/index.php\/mouvement-hlm-appelle-retrait-immediat-dispositions-gouvernementales-touchent-logement-social\/96956\/"},"author":{"name":"St\u00e9phane Miget","@id":"https:\/\/batijournal.com\/#\/schema\/person\/1dc96ec6957aa1ccb25ebe78bb19f100"},"headline":"Le Mouvement Hlm appelle au retrait imm\u00e9diat des dispositions gouvernementales qui touchent le logement social","datePublished":"2017-10-02T07:39:45+00:00","dateModified":"2019-07-15T09:34:05+00:00","mainEntityOfPage":{"@id":"https:\/\/batijournal.com\/index.php\/mouvement-hlm-appelle-retrait-immediat-dispositions-gouvernementales-touchent-logement-social\/96956\/"},"wordCount":331,"image":{"@id":"https:\/\/batijournal.com\/index.php\/mouvement-hlm-appelle-retrait-immediat-dispositions-gouvernementales-touchent-logement-social\/96956\/#primaryimage"},"thumbnailUrl":"https:\/\/batijournal.com\/wp-content\/uploads\/2017\/02\/Fotolia_59265048_S.jpg","keywords":["logement social","USH"],"articleSection":["Actualit\u00e9s","\u00c9conomie &amp; March\u00e9s"],"inLanguage":"fr-FR"},{"@type":"WebPage","@id":"https:\/\/batijournal.com\/index.php\/mouvement-hlm-appelle-retrait-immediat-dispositions-gouvernementales-touchent-logement-social\/96956\/","url":"https:\/\/batijournal.com\/index.php\/mouvement-hlm-appelle-retrait-immediat-dispositions-gouvernementales-touchent-logement-social\/96956\/","name":"Le Mouvement Hlm appelle au retrait imm\u00e9diat des dispositions gouvernementales qui touchent le logement social","isPartOf":{"@id":"https:\/\/batijournal.com\/#website"},"primaryImageOfPage":{"@id":"https:\/\/batijournal.com\/index.php\/mouvement-hlm-appelle-retrait-immediat-dispositions-gouvernementales-touchent-logement-social\/96956\/#primaryimage"},"image":{"@id":"https:\/\/batijournal.com\/index.php\/mouvement-hlm-appelle-retrait-immediat-dispositions-gouvernementales-touchent-logement-social\/96956\/#primaryimage"},"thumbnailUrl":"https:\/\/batijournal.com\/wp-content\/uploads\/2017\/02\/Fotolia_59265048_S.jpg","datePublished":"2017-10-02T07:39:45+00:00","dateModified":"2019-07-15T09:34:05+00:00","author":{"@id":"https:\/\/batijournal.com\/#\/schema\/person\/1dc96ec6957aa1ccb25ebe78bb19f100"},"breadcrumb":{"@id":"https:\/\/batijournal.com\/index.php\/mouvement-hlm-appelle-retrait-immediat-dispositions-gouvernementales-touchent-logement-social\/96956\/#breadcrumb"},"inLanguage":"fr-FR","potentialAction":[{"@type":"ReadAction","target":["https:\/\/batijournal.com\/index.php\/mouvement-hlm-appelle-retrait-immediat-dispositions-gouvernementales-touchent-logement-social\/96956\/"]}]},{"@type":"ImageObject","inLanguage":"fr-FR","@id":"https:\/\/batijournal.com\/index.php\/mouvement-hlm-appelle-retrait-immediat-dispositions-gouvernementales-touchent-logement-social\/96956\/#primaryimage","url":"https:\/\/batijournal.com\/wp-content\/uploads\/2017\/02\/Fotolia_59265048_S.jpg","contentUrl":"https:\/\/batijournal.com\/wp-content\/uploads\/2017\/02\/Fotolia_59265048_S.jpg","width":848,"height":566},{"@type":"BreadcrumbList","@id":"https:\/\/batijournal.com\/index.php\/mouvement-hlm-appelle-retrait-immediat-dispositions-gouvernementales-touchent-logement-social\/96956\/#breadcrumb","itemListElement":[{"@type":"ListItem","position":1,"name":"Accueil","item":"https:\/\/batijournal.com\/"},{"@type":"ListItem","position":2,"name":"Actualit\u00e9s","item":"https:\/\/batijournal.com\/index.php\/category\/actualites\/"},{"@type":"ListItem","position":3,"name":"Le Mouvement Hlm appelle au retrait imm\u00e9diat des dispositions gouvernementales qui touchent le logement social"}]},{"@type":"WebSite","@id":"https:\/\/batijournal.com\/#website","url":"https:\/\/batijournal.com\/","name":"Batijournal","description":"L&#039;actualit\u00e9 du b\u00e2timent","potentialAction":[{"@type":"SearchAction","target":{"@type":"EntryPoint","urlTemplate":"https:\/\/batijournal.com\/?s={search_term_string}"},"query-input":{"@type":"PropertyValueSpecification","valueRequired":true,"valueName":"search_term_string"}}],"inLanguage":"fr-FR"},{"@type":"Person","@id":"https:\/\/batijournal.com\/#\/schema\/person\/1dc96ec6957aa1ccb25ebe78bb19f100","name":"St\u00e9phane Miget","image":{"@type":"ImageObject","inLanguage":"fr-FR","@id":"https:\/\/secure.gravatar.com\/avatar\/89915563d925342126b8ef0281b93d9d7fc337043e8df017f780908eb9644451?s=96&d=mm&r=g","url":"https:\/\/secure.gravatar.com\/avatar\/89915563d925342126b8ef0281b93d9d7fc337043e8df017f780908eb9644451?s=96&d=mm&r=g","contentUrl":"https:\/\/secure.gravatar.com\/avatar\/89915563d925342126b8ef0281b93d9d7fc337043e8df017f780908eb9644451?s=96&d=mm&r=g","caption":"St\u00e9phane Miget"},"url":"https:\/\/batijournal.com\/index.php\/author\/stephane\/"}]}},"_links":{"self":[{"href":"https:\/\/batijournal.com\/index.php\/wp-json\/wp\/v2\/posts\/96956","targetHints":{"allow":["GET"]}}],"collection":[{"href":"https:\/\/batijournal.com\/index.php\/wp-json\/wp\/v2\/posts"}],"about":[{"href":"https:\/\/batijournal.com\/index.php\/wp-json\/wp\/v2\/types\/post"}],"author":[{"embeddable":true,"href":"https:\/\/batijournal.com\/index.php\/wp-json\/wp\/v2\/users\/17"}],"replies":[{"embeddable":true,"href":"https:\/\/batijournal.com\/index.php\/wp-json\/wp\/v2\/comments?post=96956"}],"version-history":[{"count":0,"href":"https:\/\/batijournal.com\/index.php\/wp-json\/wp\/v2\/posts\/96956\/revisions"}],"wp:featuredmedia":[{"embeddable":true,"href":"https:\/\/batijournal.com\/index.php\/wp-json\/wp\/v2\/media\/95155"}],"wp:attachment":[{"href":"https:\/\/batijournal.com\/index.php\/wp-json\/wp\/v2\/media?parent=96956"}],"wp:term":[{"taxonomy":"category","embeddable":true,"href":"https:\/\/batijournal.com\/index.php\/wp-json\/wp\/v2\/categories?post=96956"},{"taxonomy":"post_tag","embeddable":true,"href":"https:\/\/batijournal.com\/index.php\/wp-json\/wp\/v2\/tags?post=96956"}],"curies":[{"name":"wp","href":"https:\/\/api.w.org\/{rel}","templated":true}]}}