{"id":96998,"date":"2017-10-04T07:46:16","date_gmt":"2017-10-04T05:46:16","guid":{"rendered":"http:\/\/batijournal.com\/?p=96998"},"modified":"2019-07-15T11:15:36","modified_gmt":"2019-07-15T09:15:36","slug":"colloque-lascaux-belle-7-annees-de-recherches-de-veille","status":"publish","type":"post","link":"https:\/\/batijournal.com\/index.php\/colloque-lascaux-belle-7-annees-de-recherches-de-veille\/96998\/","title":{"rendered":"Colloque Lascaux la belle, 7 ann\u00e9es de recherches et de veille"},"content":{"rendered":"<p>Pour superviser la conservation de la grotte de Lascaux, un Conseil scientifique international et ind\u00e9pendant a \u00e9t\u00e9 cr\u00e9\u00e9 en 2010 et plac\u00e9 sous la pr\u00e9sidence du professeur Yves Coppens de 2011 \u00e0 2017. Cette cr\u00e9ation faisait suite aux engagements pris par la France \u00e0 la demande de l\u2019UNESCO et de la communaut\u00e9 scientifique internationale, inqui\u00e8tes des menaces qui pesaient alors sur la grotte. Ce Conseil scientifique a apport\u00e9 conseils et expertises sur la d\u00e9finition des programmes de recherches n\u00e9cessaires \u00e0 la conservation de la grotte et \u00e0 l\u2019\u00e9valuation de leurs r\u00e9sultats. Il a \u00e9t\u00e9 \u00e9galement charg\u00e9 de donner un avis sur les mesures \u00e0 prendre en cas de r\u00e9apparition de risques de d\u00e9gradation, en s\u2019appuyant sur l\u2019expertise des sp\u00e9cialistes en arch\u00e9ologie, g\u00e9ologie, climatologie, microbiologie et \u00e9tude des mat\u00e9riaux du patrimoine.<\/p>\n<p>Le colloque Lascaux la belle, 7 ann\u00e9es de recherches et de veille se tiendra \u00e0 l\u2019UNESCO, les 17 et 18 octobre 2017. Son objectif est de partager le plus largement possible les avanc\u00e9es scientifiques relatives \u00e0 la conservation des grottes orn\u00e9es \u00e0 partir de l\u2019exp\u00e9rience acquise sur le site de Lascaux.<\/p>\n<p>&nbsp;<\/p>\n<p>&nbsp;<\/p>\n<p>Visuel : restitution Lascaux IV<\/p>\n","protected":false},"excerpt":{"rendered":"<p>Pour superviser la conservation de la grotte de Lascaux, un Conseil scientifique international et ind\u00e9pendant a \u00e9t\u00e9 cr\u00e9\u00e9 en 2010 et plac\u00e9 sous la pr\u00e9sidence du professeur Yves Coppens de 2011 \u00e0 2017. Cette cr\u00e9ation faisait suite aux engagements pris par la France \u00e0 la demande de l\u2019UNESCO et de la communaut\u00e9 scientifique internationale, inqui\u00e8tes [&hellip;]<\/p>\n","protected":false},"author":17,"featured_media":94502,"comment_status":"closed","ping_status":"closed","sticky":false,"template":"","format":"standard","meta":{"_et_pb_use_builder":"","_et_pb_old_content":"","_et_gb_content_width":"","footnotes":""},"categories":[10530,6340,10785],"tags":[12101,8580,516],"class_list":["post-96998","post","type-post","status-publish","format-standard","has-post-thumbnail","hentry","category-actualites","category-architecture-conception","category-atrium","tag-conservation","tag-grotte-de-lascaux","tag-unesco"],"yoast_head":"<!-- This site is optimized with the Yoast SEO plugin v27.4 - https:\/\/yoast.com\/product\/yoast-seo-wordpress\/ -->\n<title>Colloque Lascaux la belle, 7 ann\u00e9es de recherches et de veille<\/title>\n<meta name=\"robots\" content=\"index, follow, max-snippet:-1, max-image-preview:large, max-video-preview:-1\" \/>\n<link rel=\"canonical\" href=\"https:\/\/batijournal.com\/index.php\/colloque-lascaux-belle-7-annees-de-recherches-de-veille\/96998\/\" \/>\n<meta property=\"og:locale\" content=\"fr_FR\" \/>\n<meta property=\"og:type\" content=\"article\" \/>\n<meta property=\"og:title\" content=\"Colloque Lascaux la belle, 7 ann\u00e9es de recherches et de veille\" \/>\n<meta property=\"og:description\" content=\"Pour superviser la conservation de la grotte de Lascaux, un Conseil scientifique international et ind\u00e9pendant a \u00e9t\u00e9 cr\u00e9\u00e9 en 2010 et plac\u00e9 sous la pr\u00e9sidence du professeur Yves Coppens de 2011 \u00e0 2017. Cette cr\u00e9ation faisait suite aux engagements pris par la France \u00e0 la demande de l\u2019UNESCO et de la communaut\u00e9 scientifique internationale, inqui\u00e8tes [&hellip;]\" \/>\n<meta property=\"og:url\" content=\"https:\/\/batijournal.com\/index.php\/colloque-lascaux-belle-7-annees-de-recherches-de-veille\/96998\/\" \/>\n<meta property=\"og:site_name\" content=\"Batijournal\" \/>\n<meta property=\"article:published_time\" content=\"2017-10-04T05:46:16+00:00\" \/>\n<meta property=\"article:modified_time\" content=\"2019-07-15T09:15:36+00:00\" \/>\n<meta property=\"og:image\" content=\"https:\/\/batijournal.com\/wp-content\/uploads\/2016\/12\/lascaux-iv.png\" \/>\n\t<meta property=\"og:image:width\" content=\"1021\" \/>\n\t<meta property=\"og:image:height\" content=\"626\" \/>\n\t<meta property=\"og:image:type\" content=\"image\/png\" \/>\n<meta name=\"author\" content=\"St\u00e9phane Miget\" \/>\n<meta name=\"twitter:card\" content=\"summary_large_image\" \/>\n<meta name=\"twitter:creator\" content=\"@bati_journal\" \/>\n<meta name=\"twitter:site\" content=\"@bati_journal\" \/>\n<meta name=\"twitter:label1\" content=\"\u00c9crit par\" \/>\n\t<meta name=\"twitter:data1\" content=\"St\u00e9phane Miget\" \/>\n\t<meta name=\"twitter:label2\" content=\"Dur\u00e9e de lecture estim\u00e9e\" \/>\n\t<meta name=\"twitter:data2\" content=\"1 minute\" \/>\n<script type=\"application\/ld+json\" class=\"yoast-schema-graph\">{\"@context\":\"https:\\\/\\\/schema.org\",\"@graph\":[{\"@type\":\"Article\",\"@id\":\"https:\\\/\\\/batijournal.com\\\/index.php\\\/colloque-lascaux-belle-7-annees-de-recherches-de-veille\\\/96998\\\/#article\",\"isPartOf\":{\"@id\":\"https:\\\/\\\/batijournal.com\\\/index.php\\\/colloque-lascaux-belle-7-annees-de-recherches-de-veille\\\/96998\\\/\"},\"author\":{\"name\":\"St\u00e9phane Miget\",\"@id\":\"https:\\\/\\\/batijournal.com\\\/#\\\/schema\\\/person\\\/1dc96ec6957aa1ccb25ebe78bb19f100\"},\"headline\":\"Colloque Lascaux la belle, 7 ann\u00e9es de recherches et de veille\",\"datePublished\":\"2017-10-04T05:46:16+00:00\",\"dateModified\":\"2019-07-15T09:15:36+00:00\",\"mainEntityOfPage\":{\"@id\":\"https:\\\/\\\/batijournal.com\\\/index.php\\\/colloque-lascaux-belle-7-annees-de-recherches-de-veille\\\/96998\\\/\"},\"wordCount\":206,\"image\":{\"@id\":\"https:\\\/\\\/batijournal.com\\\/index.php\\\/colloque-lascaux-belle-7-annees-de-recherches-de-veille\\\/96998\\\/#primaryimage\"},\"thumbnailUrl\":\"https:\\\/\\\/batijournal.com\\\/wp-content\\\/uploads\\\/2016\\\/12\\\/lascaux-iv.png\",\"keywords\":[\"conservation\",\"grotte de lascaux\",\"unesco\"],\"articleSection\":[\"Actualit\u00e9s\",\"Architecture &amp; Conception\",\"zz_Atrium Patrimoine\"],\"inLanguage\":\"fr-FR\"},{\"@type\":\"WebPage\",\"@id\":\"https:\\\/\\\/batijournal.com\\\/index.php\\\/colloque-lascaux-belle-7-annees-de-recherches-de-veille\\\/96998\\\/\",\"url\":\"https:\\\/\\\/batijournal.com\\\/index.php\\\/colloque-lascaux-belle-7-annees-de-recherches-de-veille\\\/96998\\\/\",\"name\":\"Colloque Lascaux la belle, 7 ann\u00e9es de recherches et de veille\",\"isPartOf\":{\"@id\":\"https:\\\/\\\/batijournal.com\\\/#website\"},\"primaryImageOfPage\":{\"@id\":\"https:\\\/\\\/batijournal.com\\\/index.php\\\/colloque-lascaux-belle-7-annees-de-recherches-de-veille\\\/96998\\\/#primaryimage\"},\"image\":{\"@id\":\"https:\\\/\\\/batijournal.com\\\/index.php\\\/colloque-lascaux-belle-7-annees-de-recherches-de-veille\\\/96998\\\/#primaryimage\"},\"thumbnailUrl\":\"https:\\\/\\\/batijournal.com\\\/wp-content\\\/uploads\\\/2016\\\/12\\\/lascaux-iv.png\",\"datePublished\":\"2017-10-04T05:46:16+00:00\",\"dateModified\":\"2019-07-15T09:15:36+00:00\",\"author\":{\"@id\":\"https:\\\/\\\/batijournal.com\\\/#\\\/schema\\\/person\\\/1dc96ec6957aa1ccb25ebe78bb19f100\"},\"breadcrumb\":{\"@id\":\"https:\\\/\\\/batijournal.com\\\/index.php\\\/colloque-lascaux-belle-7-annees-de-recherches-de-veille\\\/96998\\\/#breadcrumb\"},\"inLanguage\":\"fr-FR\",\"potentialAction\":[{\"@type\":\"ReadAction\",\"target\":[\"https:\\\/\\\/batijournal.com\\\/index.php\\\/colloque-lascaux-belle-7-annees-de-recherches-de-veille\\\/96998\\\/\"]}]},{\"@type\":\"ImageObject\",\"inLanguage\":\"fr-FR\",\"@id\":\"https:\\\/\\\/batijournal.com\\\/index.php\\\/colloque-lascaux-belle-7-annees-de-recherches-de-veille\\\/96998\\\/#primaryimage\",\"url\":\"https:\\\/\\\/batijournal.com\\\/wp-content\\\/uploads\\\/2016\\\/12\\\/lascaux-iv.png\",\"contentUrl\":\"https:\\\/\\\/batijournal.com\\\/wp-content\\\/uploads\\\/2016\\\/12\\\/lascaux-iv.png\",\"width\":1021,\"height\":626},{\"@type\":\"BreadcrumbList\",\"@id\":\"https:\\\/\\\/batijournal.com\\\/index.php\\\/colloque-lascaux-belle-7-annees-de-recherches-de-veille\\\/96998\\\/#breadcrumb\",\"itemListElement\":[{\"@type\":\"ListItem\",\"position\":1,\"name\":\"Accueil\",\"item\":\"https:\\\/\\\/batijournal.com\\\/\"},{\"@type\":\"ListItem\",\"position\":2,\"name\":\"Actualit\u00e9s\",\"item\":\"https:\\\/\\\/batijournal.com\\\/index.php\\\/category\\\/actualites\\\/\"},{\"@type\":\"ListItem\",\"position\":3,\"name\":\"Architecture &amp; Conception\",\"item\":\"https:\\\/\\\/batijournal.com\\\/index.php\\\/category\\\/actualites\\\/architecture-conception\\\/\"},{\"@type\":\"ListItem\",\"position\":4,\"name\":\"Colloque Lascaux la belle, 7 ann\u00e9es de recherches et de veille\"}]},{\"@type\":\"WebSite\",\"@id\":\"https:\\\/\\\/batijournal.com\\\/#website\",\"url\":\"https:\\\/\\\/batijournal.com\\\/\",\"name\":\"Batijournal\",\"description\":\"L&#039;actualit\u00e9 du b\u00e2timent\",\"potentialAction\":[{\"@type\":\"SearchAction\",\"target\":{\"@type\":\"EntryPoint\",\"urlTemplate\":\"https:\\\/\\\/batijournal.com\\\/?s={search_term_string}\"},\"query-input\":{\"@type\":\"PropertyValueSpecification\",\"valueRequired\":true,\"valueName\":\"search_term_string\"}}],\"inLanguage\":\"fr-FR\"},{\"@type\":\"Person\",\"@id\":\"https:\\\/\\\/batijournal.com\\\/#\\\/schema\\\/person\\\/1dc96ec6957aa1ccb25ebe78bb19f100\",\"name\":\"St\u00e9phane Miget\",\"image\":{\"@type\":\"ImageObject\",\"inLanguage\":\"fr-FR\",\"@id\":\"https:\\\/\\\/secure.gravatar.com\\\/avatar\\\/89915563d925342126b8ef0281b93d9d7fc337043e8df017f780908eb9644451?s=96&d=mm&r=g\",\"url\":\"https:\\\/\\\/secure.gravatar.com\\\/avatar\\\/89915563d925342126b8ef0281b93d9d7fc337043e8df017f780908eb9644451?s=96&d=mm&r=g\",\"contentUrl\":\"https:\\\/\\\/secure.gravatar.com\\\/avatar\\\/89915563d925342126b8ef0281b93d9d7fc337043e8df017f780908eb9644451?s=96&d=mm&r=g\",\"caption\":\"St\u00e9phane Miget\"},\"url\":\"https:\\\/\\\/batijournal.com\\\/index.php\\\/author\\\/stephane\\\/\"}]}<\/script>\n<!-- \/ Yoast SEO plugin. -->","yoast_head_json":{"title":"Colloque Lascaux la belle, 7 ann\u00e9es de recherches et de veille","robots":{"index":"index","follow":"follow","max-snippet":"max-snippet:-1","max-image-preview":"max-image-preview:large","max-video-preview":"max-video-preview:-1"},"canonical":"https:\/\/batijournal.com\/index.php\/colloque-lascaux-belle-7-annees-de-recherches-de-veille\/96998\/","og_locale":"fr_FR","og_type":"article","og_title":"Colloque Lascaux la belle, 7 ann\u00e9es de recherches et de veille","og_description":"Pour superviser la conservation de la grotte de Lascaux, un Conseil scientifique international et ind\u00e9pendant a \u00e9t\u00e9 cr\u00e9\u00e9 en 2010 et plac\u00e9 sous la pr\u00e9sidence du professeur Yves Coppens de 2011 \u00e0 2017. Cette cr\u00e9ation faisait suite aux engagements pris par la France \u00e0 la demande de l\u2019UNESCO et de la communaut\u00e9 scientifique internationale, inqui\u00e8tes [&hellip;]","og_url":"https:\/\/batijournal.com\/index.php\/colloque-lascaux-belle-7-annees-de-recherches-de-veille\/96998\/","og_site_name":"Batijournal","article_published_time":"2017-10-04T05:46:16+00:00","article_modified_time":"2019-07-15T09:15:36+00:00","og_image":[{"width":1021,"height":626,"url":"https:\/\/batijournal.com\/wp-content\/uploads\/2016\/12\/lascaux-iv.png","type":"image\/png"}],"author":"St\u00e9phane Miget","twitter_card":"summary_large_image","twitter_creator":"@bati_journal","twitter_site":"@bati_journal","twitter_misc":{"\u00c9crit par":"St\u00e9phane Miget","Dur\u00e9e de lecture estim\u00e9e":"1 minute"},"schema":{"@context":"https:\/\/schema.org","@graph":[{"@type":"Article","@id":"https:\/\/batijournal.com\/index.php\/colloque-lascaux-belle-7-annees-de-recherches-de-veille\/96998\/#article","isPartOf":{"@id":"https:\/\/batijournal.com\/index.php\/colloque-lascaux-belle-7-annees-de-recherches-de-veille\/96998\/"},"author":{"name":"St\u00e9phane Miget","@id":"https:\/\/batijournal.com\/#\/schema\/person\/1dc96ec6957aa1ccb25ebe78bb19f100"},"headline":"Colloque Lascaux la belle, 7 ann\u00e9es de recherches et de veille","datePublished":"2017-10-04T05:46:16+00:00","dateModified":"2019-07-15T09:15:36+00:00","mainEntityOfPage":{"@id":"https:\/\/batijournal.com\/index.php\/colloque-lascaux-belle-7-annees-de-recherches-de-veille\/96998\/"},"wordCount":206,"image":{"@id":"https:\/\/batijournal.com\/index.php\/colloque-lascaux-belle-7-annees-de-recherches-de-veille\/96998\/#primaryimage"},"thumbnailUrl":"https:\/\/batijournal.com\/wp-content\/uploads\/2016\/12\/lascaux-iv.png","keywords":["conservation","grotte de lascaux","unesco"],"articleSection":["Actualit\u00e9s","Architecture &amp; Conception","zz_Atrium Patrimoine"],"inLanguage":"fr-FR"},{"@type":"WebPage","@id":"https:\/\/batijournal.com\/index.php\/colloque-lascaux-belle-7-annees-de-recherches-de-veille\/96998\/","url":"https:\/\/batijournal.com\/index.php\/colloque-lascaux-belle-7-annees-de-recherches-de-veille\/96998\/","name":"Colloque Lascaux la belle, 7 ann\u00e9es de recherches et de veille","isPartOf":{"@id":"https:\/\/batijournal.com\/#website"},"primaryImageOfPage":{"@id":"https:\/\/batijournal.com\/index.php\/colloque-lascaux-belle-7-annees-de-recherches-de-veille\/96998\/#primaryimage"},"image":{"@id":"https:\/\/batijournal.com\/index.php\/colloque-lascaux-belle-7-annees-de-recherches-de-veille\/96998\/#primaryimage"},"thumbnailUrl":"https:\/\/batijournal.com\/wp-content\/uploads\/2016\/12\/lascaux-iv.png","datePublished":"2017-10-04T05:46:16+00:00","dateModified":"2019-07-15T09:15:36+00:00","author":{"@id":"https:\/\/batijournal.com\/#\/schema\/person\/1dc96ec6957aa1ccb25ebe78bb19f100"},"breadcrumb":{"@id":"https:\/\/batijournal.com\/index.php\/colloque-lascaux-belle-7-annees-de-recherches-de-veille\/96998\/#breadcrumb"},"inLanguage":"fr-FR","potentialAction":[{"@type":"ReadAction","target":["https:\/\/batijournal.com\/index.php\/colloque-lascaux-belle-7-annees-de-recherches-de-veille\/96998\/"]}]},{"@type":"ImageObject","inLanguage":"fr-FR","@id":"https:\/\/batijournal.com\/index.php\/colloque-lascaux-belle-7-annees-de-recherches-de-veille\/96998\/#primaryimage","url":"https:\/\/batijournal.com\/wp-content\/uploads\/2016\/12\/lascaux-iv.png","contentUrl":"https:\/\/batijournal.com\/wp-content\/uploads\/2016\/12\/lascaux-iv.png","width":1021,"height":626},{"@type":"BreadcrumbList","@id":"https:\/\/batijournal.com\/index.php\/colloque-lascaux-belle-7-annees-de-recherches-de-veille\/96998\/#breadcrumb","itemListElement":[{"@type":"ListItem","position":1,"name":"Accueil","item":"https:\/\/batijournal.com\/"},{"@type":"ListItem","position":2,"name":"Actualit\u00e9s","item":"https:\/\/batijournal.com\/index.php\/category\/actualites\/"},{"@type":"ListItem","position":3,"name":"Architecture &amp; Conception","item":"https:\/\/batijournal.com\/index.php\/category\/actualites\/architecture-conception\/"},{"@type":"ListItem","position":4,"name":"Colloque Lascaux la belle, 7 ann\u00e9es de recherches et de veille"}]},{"@type":"WebSite","@id":"https:\/\/batijournal.com\/#website","url":"https:\/\/batijournal.com\/","name":"Batijournal","description":"L&#039;actualit\u00e9 du b\u00e2timent","potentialAction":[{"@type":"SearchAction","target":{"@type":"EntryPoint","urlTemplate":"https:\/\/batijournal.com\/?s={search_term_string}"},"query-input":{"@type":"PropertyValueSpecification","valueRequired":true,"valueName":"search_term_string"}}],"inLanguage":"fr-FR"},{"@type":"Person","@id":"https:\/\/batijournal.com\/#\/schema\/person\/1dc96ec6957aa1ccb25ebe78bb19f100","name":"St\u00e9phane Miget","image":{"@type":"ImageObject","inLanguage":"fr-FR","@id":"https:\/\/secure.gravatar.com\/avatar\/89915563d925342126b8ef0281b93d9d7fc337043e8df017f780908eb9644451?s=96&d=mm&r=g","url":"https:\/\/secure.gravatar.com\/avatar\/89915563d925342126b8ef0281b93d9d7fc337043e8df017f780908eb9644451?s=96&d=mm&r=g","contentUrl":"https:\/\/secure.gravatar.com\/avatar\/89915563d925342126b8ef0281b93d9d7fc337043e8df017f780908eb9644451?s=96&d=mm&r=g","caption":"St\u00e9phane Miget"},"url":"https:\/\/batijournal.com\/index.php\/author\/stephane\/"}]}},"_links":{"self":[{"href":"https:\/\/batijournal.com\/index.php\/wp-json\/wp\/v2\/posts\/96998","targetHints":{"allow":["GET"]}}],"collection":[{"href":"https:\/\/batijournal.com\/index.php\/wp-json\/wp\/v2\/posts"}],"about":[{"href":"https:\/\/batijournal.com\/index.php\/wp-json\/wp\/v2\/types\/post"}],"author":[{"embeddable":true,"href":"https:\/\/batijournal.com\/index.php\/wp-json\/wp\/v2\/users\/17"}],"replies":[{"embeddable":true,"href":"https:\/\/batijournal.com\/index.php\/wp-json\/wp\/v2\/comments?post=96998"}],"version-history":[{"count":0,"href":"https:\/\/batijournal.com\/index.php\/wp-json\/wp\/v2\/posts\/96998\/revisions"}],"wp:featuredmedia":[{"embeddable":true,"href":"https:\/\/batijournal.com\/index.php\/wp-json\/wp\/v2\/media\/94502"}],"wp:attachment":[{"href":"https:\/\/batijournal.com\/index.php\/wp-json\/wp\/v2\/media?parent=96998"}],"wp:term":[{"taxonomy":"category","embeddable":true,"href":"https:\/\/batijournal.com\/index.php\/wp-json\/wp\/v2\/categories?post=96998"},{"taxonomy":"post_tag","embeddable":true,"href":"https:\/\/batijournal.com\/index.php\/wp-json\/wp\/v2\/tags?post=96998"}],"curies":[{"name":"wp","href":"https:\/\/api.w.org\/{rel}","templated":true}]}}