{"id":97019,"date":"2017-10-06T06:16:07","date_gmt":"2017-10-06T04:16:07","guid":{"rendered":"http:\/\/batijournal.com\/?p=97019"},"modified":"2019-07-15T12:13:08","modified_gmt":"2019-07-15T10:13:08","slug":"groupe-trecobat-inaugure-siege-sud-ouest-a-toulouse","status":"publish","type":"post","link":"https:\/\/batijournal.com\/index.php\/groupe-trecobat-inaugure-siege-sud-ouest-a-toulouse\/97019\/","title":{"rendered":"Le Groupe Trecobat inaugure son si\u00e8ge pour le Sud-Ouest  \u00e0 Toulouse"},"content":{"rendered":"<p>Leader sur le march\u00e9 de la construction individuelle, notamment pour sa d\u00e9marche d\u2019innovation dans la performance \u00e9nerg\u00e9tique, le Groupe Trecobat confirme son implantation dans le Sud-Ouest par la cr\u00e9ation d\u2019un si\u00e8ge r\u00e9gional bas\u00e9 \u00e0 Toulouse. Inaugur\u00e9e ce 4 octobre 2017, cette nouvelle structure devient le point d\u2019ancrage des \u00e9quipes Trecobat pr\u00e9sentes en Midi-Pyr\u00e9n\u00e9es et s\u2019inscrit dans le sch\u00e9ma de d\u00e9ploiement territorial du Groupe. Le Groupe Trecobat r\u00e9alise 15 % de son chiffre d\u2019affaires annuel en Midi-Pyr\u00e9n\u00e9es. Son activit\u00e9 repr\u00e9sente 3 % de l\u2019ensemble des constructions individuelles de la r\u00e9gion, ce qui le classe parmi les 5 plus gros constructeurs du territoire. Par la cr\u00e9ation d\u2019un si\u00e8ge r\u00e9gional, Trecobat ambitionne d\u2019atteindre les 5 % de part de march\u00e9 d\u2019ici 5 ans.<\/p>\n<p>Alban Boy\u00e9, Directeur g\u00e9n\u00e9ral du Groupe Trecobat, pr\u00e9cise :<br \/>\n<em>\u00ab Depuis son implantation \u00e0 Toulouse en 2010, le Groupe Trecobat n\u2019a eu de cesse de se d\u00e9velopper en Midi-Pyr\u00e9n\u00e9es \u00e0 travers ses filiales Maisons Trecobat (maisons traditionnelles ma\u00e7onn\u00e9es) et Maisons Nature et Bois (maisons \u00e0 ossatures bois). En 2017, le Groupe compte 30 collaborateurs en Midi-Pyr\u00e9n\u00e9es et repr\u00e9sente 21 millions d\u2019euros de prises de commande. Confort\u00e9s par ces r\u00e9sultats, nous d\u00e9veloppons depuis ce mois d\u2019octobre dans la r\u00e9gion toulousaine notre activit\u00e9 d\u2019extension bois \u00e0 notre marque Extenbois \u00bb.<\/em><\/p>\n","protected":false},"excerpt":{"rendered":"<p>Leader sur le march\u00e9 de la construction individuelle, notamment pour sa d\u00e9marche d\u2019innovation dans la performance \u00e9nerg\u00e9tique, le Groupe Trecobat confirme son implantation dans le Sud-Ouest par la cr\u00e9ation d\u2019un si\u00e8ge r\u00e9gional bas\u00e9 \u00e0 Toulouse. Inaugur\u00e9e ce 4 octobre 2017, cette nouvelle structure devient le point d\u2019ancrage des \u00e9quipes Trecobat pr\u00e9sentes en Midi-Pyr\u00e9n\u00e9es et s\u2019inscrit [&hellip;]<\/p>\n","protected":false},"author":17,"featured_media":97021,"comment_status":"closed","ping_status":"closed","sticky":false,"template":"","format":"standard","meta":{"_et_pb_use_builder":"","_et_pb_old_content":"","_et_gb_content_width":"","footnotes":""},"categories":[10530,6345,10764],"tags":[3778],"class_list":["post-97019","post","type-post","status-publish","format-standard","has-post-thumbnail","hentry","category-actualites","category-economie-marches","category-woodsurfer","tag-constructeurs"],"yoast_head":"<!-- This site is optimized with the Yoast SEO plugin v27.4 - https:\/\/yoast.com\/product\/yoast-seo-wordpress\/ -->\n<title>Le Groupe Trecobat inaugure son si\u00e8ge pour le Sud-Ouest \u00e0 Toulouse<\/title>\n<meta name=\"robots\" content=\"index, follow, max-snippet:-1, max-image-preview:large, max-video-preview:-1\" \/>\n<link rel=\"canonical\" href=\"https:\/\/batijournal.com\/index.php\/groupe-trecobat-inaugure-siege-sud-ouest-a-toulouse\/97019\/\" \/>\n<meta property=\"og:locale\" content=\"fr_FR\" \/>\n<meta property=\"og:type\" content=\"article\" \/>\n<meta property=\"og:title\" content=\"Le Groupe Trecobat inaugure son si\u00e8ge pour le Sud-Ouest \u00e0 Toulouse\" \/>\n<meta property=\"og:description\" content=\"Leader sur le march\u00e9 de la construction individuelle, notamment pour sa d\u00e9marche d\u2019innovation dans la performance \u00e9nerg\u00e9tique, le Groupe Trecobat confirme son implantation dans le Sud-Ouest par la cr\u00e9ation d\u2019un si\u00e8ge r\u00e9gional bas\u00e9 \u00e0 Toulouse. Inaugur\u00e9e ce 4 octobre 2017, cette nouvelle structure devient le point d\u2019ancrage des \u00e9quipes Trecobat pr\u00e9sentes en Midi-Pyr\u00e9n\u00e9es et s\u2019inscrit [&hellip;]\" \/>\n<meta property=\"og:url\" content=\"https:\/\/batijournal.com\/index.php\/groupe-trecobat-inaugure-siege-sud-ouest-a-toulouse\/97019\/\" \/>\n<meta property=\"og:site_name\" content=\"Batijournal\" \/>\n<meta property=\"article:published_time\" content=\"2017-10-06T04:16:07+00:00\" \/>\n<meta property=\"article:modified_time\" content=\"2019-07-15T10:13:08+00:00\" \/>\n<meta property=\"og:image\" content=\"https:\/\/batijournal.com\/wp-content\/uploads\/2017\/10\/Siege-regional-Groupe-Trecobat-a-Toulouse.jpg\" \/>\n\t<meta property=\"og:image:width\" content=\"1200\" \/>\n\t<meta property=\"og:image:height\" content=\"604\" \/>\n\t<meta property=\"og:image:type\" content=\"image\/jpeg\" \/>\n<meta name=\"author\" content=\"St\u00e9phane Miget\" \/>\n<meta name=\"twitter:card\" content=\"summary_large_image\" \/>\n<meta name=\"twitter:creator\" content=\"@bati_journal\" \/>\n<meta name=\"twitter:site\" content=\"@bati_journal\" \/>\n<meta name=\"twitter:label1\" content=\"\u00c9crit par\" \/>\n\t<meta name=\"twitter:data1\" content=\"St\u00e9phane Miget\" \/>\n\t<meta name=\"twitter:label2\" content=\"Dur\u00e9e de lecture estim\u00e9e\" \/>\n\t<meta name=\"twitter:data2\" content=\"1 minute\" \/>\n<script type=\"application\/ld+json\" class=\"yoast-schema-graph\">{\"@context\":\"https:\\\/\\\/schema.org\",\"@graph\":[{\"@type\":\"Article\",\"@id\":\"https:\\\/\\\/batijournal.com\\\/index.php\\\/groupe-trecobat-inaugure-siege-sud-ouest-a-toulouse\\\/97019\\\/#article\",\"isPartOf\":{\"@id\":\"https:\\\/\\\/batijournal.com\\\/index.php\\\/groupe-trecobat-inaugure-siege-sud-ouest-a-toulouse\\\/97019\\\/\"},\"author\":{\"name\":\"St\u00e9phane Miget\",\"@id\":\"https:\\\/\\\/batijournal.com\\\/#\\\/schema\\\/person\\\/1dc96ec6957aa1ccb25ebe78bb19f100\"},\"headline\":\"Le Groupe Trecobat inaugure son si\u00e8ge pour le Sud-Ouest \u00e0 Toulouse\",\"datePublished\":\"2017-10-06T04:16:07+00:00\",\"dateModified\":\"2019-07-15T10:13:08+00:00\",\"mainEntityOfPage\":{\"@id\":\"https:\\\/\\\/batijournal.com\\\/index.php\\\/groupe-trecobat-inaugure-siege-sud-ouest-a-toulouse\\\/97019\\\/\"},\"wordCount\":244,\"image\":{\"@id\":\"https:\\\/\\\/batijournal.com\\\/index.php\\\/groupe-trecobat-inaugure-siege-sud-ouest-a-toulouse\\\/97019\\\/#primaryimage\"},\"thumbnailUrl\":\"https:\\\/\\\/batijournal.com\\\/wp-content\\\/uploads\\\/2017\\\/10\\\/Siege-regional-Groupe-Trecobat-a-Toulouse.jpg\",\"keywords\":[\"constructeurs\"],\"articleSection\":[\"Actualit\u00e9s\",\"\u00c9conomie &amp; March\u00e9s\",\"zz_Woodsurfer\"],\"inLanguage\":\"fr-FR\"},{\"@type\":\"WebPage\",\"@id\":\"https:\\\/\\\/batijournal.com\\\/index.php\\\/groupe-trecobat-inaugure-siege-sud-ouest-a-toulouse\\\/97019\\\/\",\"url\":\"https:\\\/\\\/batijournal.com\\\/index.php\\\/groupe-trecobat-inaugure-siege-sud-ouest-a-toulouse\\\/97019\\\/\",\"name\":\"Le Groupe Trecobat inaugure son si\u00e8ge pour le Sud-Ouest \u00e0 Toulouse\",\"isPartOf\":{\"@id\":\"https:\\\/\\\/batijournal.com\\\/#website\"},\"primaryImageOfPage\":{\"@id\":\"https:\\\/\\\/batijournal.com\\\/index.php\\\/groupe-trecobat-inaugure-siege-sud-ouest-a-toulouse\\\/97019\\\/#primaryimage\"},\"image\":{\"@id\":\"https:\\\/\\\/batijournal.com\\\/index.php\\\/groupe-trecobat-inaugure-siege-sud-ouest-a-toulouse\\\/97019\\\/#primaryimage\"},\"thumbnailUrl\":\"https:\\\/\\\/batijournal.com\\\/wp-content\\\/uploads\\\/2017\\\/10\\\/Siege-regional-Groupe-Trecobat-a-Toulouse.jpg\",\"datePublished\":\"2017-10-06T04:16:07+00:00\",\"dateModified\":\"2019-07-15T10:13:08+00:00\",\"author\":{\"@id\":\"https:\\\/\\\/batijournal.com\\\/#\\\/schema\\\/person\\\/1dc96ec6957aa1ccb25ebe78bb19f100\"},\"breadcrumb\":{\"@id\":\"https:\\\/\\\/batijournal.com\\\/index.php\\\/groupe-trecobat-inaugure-siege-sud-ouest-a-toulouse\\\/97019\\\/#breadcrumb\"},\"inLanguage\":\"fr-FR\",\"potentialAction\":[{\"@type\":\"ReadAction\",\"target\":[\"https:\\\/\\\/batijournal.com\\\/index.php\\\/groupe-trecobat-inaugure-siege-sud-ouest-a-toulouse\\\/97019\\\/\"]}]},{\"@type\":\"ImageObject\",\"inLanguage\":\"fr-FR\",\"@id\":\"https:\\\/\\\/batijournal.com\\\/index.php\\\/groupe-trecobat-inaugure-siege-sud-ouest-a-toulouse\\\/97019\\\/#primaryimage\",\"url\":\"https:\\\/\\\/batijournal.com\\\/wp-content\\\/uploads\\\/2017\\\/10\\\/Siege-regional-Groupe-Trecobat-a-Toulouse.jpg\",\"contentUrl\":\"https:\\\/\\\/batijournal.com\\\/wp-content\\\/uploads\\\/2017\\\/10\\\/Siege-regional-Groupe-Trecobat-a-Toulouse.jpg\",\"width\":1200,\"height\":604},{\"@type\":\"BreadcrumbList\",\"@id\":\"https:\\\/\\\/batijournal.com\\\/index.php\\\/groupe-trecobat-inaugure-siege-sud-ouest-a-toulouse\\\/97019\\\/#breadcrumb\",\"itemListElement\":[{\"@type\":\"ListItem\",\"position\":1,\"name\":\"Accueil\",\"item\":\"https:\\\/\\\/batijournal.com\\\/\"},{\"@type\":\"ListItem\",\"position\":2,\"name\":\"Actualit\u00e9s\",\"item\":\"https:\\\/\\\/batijournal.com\\\/index.php\\\/category\\\/actualites\\\/\"},{\"@type\":\"ListItem\",\"position\":3,\"name\":\"Le Groupe Trecobat inaugure son si\u00e8ge pour le Sud-Ouest \u00e0 Toulouse\"}]},{\"@type\":\"WebSite\",\"@id\":\"https:\\\/\\\/batijournal.com\\\/#website\",\"url\":\"https:\\\/\\\/batijournal.com\\\/\",\"name\":\"Batijournal\",\"description\":\"L&#039;actualit\u00e9 du b\u00e2timent\",\"potentialAction\":[{\"@type\":\"SearchAction\",\"target\":{\"@type\":\"EntryPoint\",\"urlTemplate\":\"https:\\\/\\\/batijournal.com\\\/?s={search_term_string}\"},\"query-input\":{\"@type\":\"PropertyValueSpecification\",\"valueRequired\":true,\"valueName\":\"search_term_string\"}}],\"inLanguage\":\"fr-FR\"},{\"@type\":\"Person\",\"@id\":\"https:\\\/\\\/batijournal.com\\\/#\\\/schema\\\/person\\\/1dc96ec6957aa1ccb25ebe78bb19f100\",\"name\":\"St\u00e9phane Miget\",\"image\":{\"@type\":\"ImageObject\",\"inLanguage\":\"fr-FR\",\"@id\":\"https:\\\/\\\/secure.gravatar.com\\\/avatar\\\/89915563d925342126b8ef0281b93d9d7fc337043e8df017f780908eb9644451?s=96&d=mm&r=g\",\"url\":\"https:\\\/\\\/secure.gravatar.com\\\/avatar\\\/89915563d925342126b8ef0281b93d9d7fc337043e8df017f780908eb9644451?s=96&d=mm&r=g\",\"contentUrl\":\"https:\\\/\\\/secure.gravatar.com\\\/avatar\\\/89915563d925342126b8ef0281b93d9d7fc337043e8df017f780908eb9644451?s=96&d=mm&r=g\",\"caption\":\"St\u00e9phane Miget\"},\"url\":\"https:\\\/\\\/batijournal.com\\\/index.php\\\/author\\\/stephane\\\/\"}]}<\/script>\n<!-- \/ Yoast SEO plugin. -->","yoast_head_json":{"title":"Le Groupe Trecobat inaugure son si\u00e8ge pour le Sud-Ouest \u00e0 Toulouse","robots":{"index":"index","follow":"follow","max-snippet":"max-snippet:-1","max-image-preview":"max-image-preview:large","max-video-preview":"max-video-preview:-1"},"canonical":"https:\/\/batijournal.com\/index.php\/groupe-trecobat-inaugure-siege-sud-ouest-a-toulouse\/97019\/","og_locale":"fr_FR","og_type":"article","og_title":"Le Groupe Trecobat inaugure son si\u00e8ge pour le Sud-Ouest \u00e0 Toulouse","og_description":"Leader sur le march\u00e9 de la construction individuelle, notamment pour sa d\u00e9marche d\u2019innovation dans la performance \u00e9nerg\u00e9tique, le Groupe Trecobat confirme son implantation dans le Sud-Ouest par la cr\u00e9ation d\u2019un si\u00e8ge r\u00e9gional bas\u00e9 \u00e0 Toulouse. Inaugur\u00e9e ce 4 octobre 2017, cette nouvelle structure devient le point d\u2019ancrage des \u00e9quipes Trecobat pr\u00e9sentes en Midi-Pyr\u00e9n\u00e9es et s\u2019inscrit [&hellip;]","og_url":"https:\/\/batijournal.com\/index.php\/groupe-trecobat-inaugure-siege-sud-ouest-a-toulouse\/97019\/","og_site_name":"Batijournal","article_published_time":"2017-10-06T04:16:07+00:00","article_modified_time":"2019-07-15T10:13:08+00:00","og_image":[{"width":1200,"height":604,"url":"https:\/\/batijournal.com\/wp-content\/uploads\/2017\/10\/Siege-regional-Groupe-Trecobat-a-Toulouse.jpg","type":"image\/jpeg"}],"author":"St\u00e9phane Miget","twitter_card":"summary_large_image","twitter_creator":"@bati_journal","twitter_site":"@bati_journal","twitter_misc":{"\u00c9crit par":"St\u00e9phane Miget","Dur\u00e9e de lecture estim\u00e9e":"1 minute"},"schema":{"@context":"https:\/\/schema.org","@graph":[{"@type":"Article","@id":"https:\/\/batijournal.com\/index.php\/groupe-trecobat-inaugure-siege-sud-ouest-a-toulouse\/97019\/#article","isPartOf":{"@id":"https:\/\/batijournal.com\/index.php\/groupe-trecobat-inaugure-siege-sud-ouest-a-toulouse\/97019\/"},"author":{"name":"St\u00e9phane Miget","@id":"https:\/\/batijournal.com\/#\/schema\/person\/1dc96ec6957aa1ccb25ebe78bb19f100"},"headline":"Le Groupe Trecobat inaugure son si\u00e8ge pour le Sud-Ouest \u00e0 Toulouse","datePublished":"2017-10-06T04:16:07+00:00","dateModified":"2019-07-15T10:13:08+00:00","mainEntityOfPage":{"@id":"https:\/\/batijournal.com\/index.php\/groupe-trecobat-inaugure-siege-sud-ouest-a-toulouse\/97019\/"},"wordCount":244,"image":{"@id":"https:\/\/batijournal.com\/index.php\/groupe-trecobat-inaugure-siege-sud-ouest-a-toulouse\/97019\/#primaryimage"},"thumbnailUrl":"https:\/\/batijournal.com\/wp-content\/uploads\/2017\/10\/Siege-regional-Groupe-Trecobat-a-Toulouse.jpg","keywords":["constructeurs"],"articleSection":["Actualit\u00e9s","\u00c9conomie &amp; March\u00e9s","zz_Woodsurfer"],"inLanguage":"fr-FR"},{"@type":"WebPage","@id":"https:\/\/batijournal.com\/index.php\/groupe-trecobat-inaugure-siege-sud-ouest-a-toulouse\/97019\/","url":"https:\/\/batijournal.com\/index.php\/groupe-trecobat-inaugure-siege-sud-ouest-a-toulouse\/97019\/","name":"Le Groupe Trecobat inaugure son si\u00e8ge pour le Sud-Ouest \u00e0 Toulouse","isPartOf":{"@id":"https:\/\/batijournal.com\/#website"},"primaryImageOfPage":{"@id":"https:\/\/batijournal.com\/index.php\/groupe-trecobat-inaugure-siege-sud-ouest-a-toulouse\/97019\/#primaryimage"},"image":{"@id":"https:\/\/batijournal.com\/index.php\/groupe-trecobat-inaugure-siege-sud-ouest-a-toulouse\/97019\/#primaryimage"},"thumbnailUrl":"https:\/\/batijournal.com\/wp-content\/uploads\/2017\/10\/Siege-regional-Groupe-Trecobat-a-Toulouse.jpg","datePublished":"2017-10-06T04:16:07+00:00","dateModified":"2019-07-15T10:13:08+00:00","author":{"@id":"https:\/\/batijournal.com\/#\/schema\/person\/1dc96ec6957aa1ccb25ebe78bb19f100"},"breadcrumb":{"@id":"https:\/\/batijournal.com\/index.php\/groupe-trecobat-inaugure-siege-sud-ouest-a-toulouse\/97019\/#breadcrumb"},"inLanguage":"fr-FR","potentialAction":[{"@type":"ReadAction","target":["https:\/\/batijournal.com\/index.php\/groupe-trecobat-inaugure-siege-sud-ouest-a-toulouse\/97019\/"]}]},{"@type":"ImageObject","inLanguage":"fr-FR","@id":"https:\/\/batijournal.com\/index.php\/groupe-trecobat-inaugure-siege-sud-ouest-a-toulouse\/97019\/#primaryimage","url":"https:\/\/batijournal.com\/wp-content\/uploads\/2017\/10\/Siege-regional-Groupe-Trecobat-a-Toulouse.jpg","contentUrl":"https:\/\/batijournal.com\/wp-content\/uploads\/2017\/10\/Siege-regional-Groupe-Trecobat-a-Toulouse.jpg","width":1200,"height":604},{"@type":"BreadcrumbList","@id":"https:\/\/batijournal.com\/index.php\/groupe-trecobat-inaugure-siege-sud-ouest-a-toulouse\/97019\/#breadcrumb","itemListElement":[{"@type":"ListItem","position":1,"name":"Accueil","item":"https:\/\/batijournal.com\/"},{"@type":"ListItem","position":2,"name":"Actualit\u00e9s","item":"https:\/\/batijournal.com\/index.php\/category\/actualites\/"},{"@type":"ListItem","position":3,"name":"Le Groupe Trecobat inaugure son si\u00e8ge pour le Sud-Ouest \u00e0 Toulouse"}]},{"@type":"WebSite","@id":"https:\/\/batijournal.com\/#website","url":"https:\/\/batijournal.com\/","name":"Batijournal","description":"L&#039;actualit\u00e9 du b\u00e2timent","potentialAction":[{"@type":"SearchAction","target":{"@type":"EntryPoint","urlTemplate":"https:\/\/batijournal.com\/?s={search_term_string}"},"query-input":{"@type":"PropertyValueSpecification","valueRequired":true,"valueName":"search_term_string"}}],"inLanguage":"fr-FR"},{"@type":"Person","@id":"https:\/\/batijournal.com\/#\/schema\/person\/1dc96ec6957aa1ccb25ebe78bb19f100","name":"St\u00e9phane Miget","image":{"@type":"ImageObject","inLanguage":"fr-FR","@id":"https:\/\/secure.gravatar.com\/avatar\/89915563d925342126b8ef0281b93d9d7fc337043e8df017f780908eb9644451?s=96&d=mm&r=g","url":"https:\/\/secure.gravatar.com\/avatar\/89915563d925342126b8ef0281b93d9d7fc337043e8df017f780908eb9644451?s=96&d=mm&r=g","contentUrl":"https:\/\/secure.gravatar.com\/avatar\/89915563d925342126b8ef0281b93d9d7fc337043e8df017f780908eb9644451?s=96&d=mm&r=g","caption":"St\u00e9phane Miget"},"url":"https:\/\/batijournal.com\/index.php\/author\/stephane\/"}]}},"_links":{"self":[{"href":"https:\/\/batijournal.com\/index.php\/wp-json\/wp\/v2\/posts\/97019","targetHints":{"allow":["GET"]}}],"collection":[{"href":"https:\/\/batijournal.com\/index.php\/wp-json\/wp\/v2\/posts"}],"about":[{"href":"https:\/\/batijournal.com\/index.php\/wp-json\/wp\/v2\/types\/post"}],"author":[{"embeddable":true,"href":"https:\/\/batijournal.com\/index.php\/wp-json\/wp\/v2\/users\/17"}],"replies":[{"embeddable":true,"href":"https:\/\/batijournal.com\/index.php\/wp-json\/wp\/v2\/comments?post=97019"}],"version-history":[{"count":0,"href":"https:\/\/batijournal.com\/index.php\/wp-json\/wp\/v2\/posts\/97019\/revisions"}],"wp:featuredmedia":[{"embeddable":true,"href":"https:\/\/batijournal.com\/index.php\/wp-json\/wp\/v2\/media\/97021"}],"wp:attachment":[{"href":"https:\/\/batijournal.com\/index.php\/wp-json\/wp\/v2\/media?parent=97019"}],"wp:term":[{"taxonomy":"category","embeddable":true,"href":"https:\/\/batijournal.com\/index.php\/wp-json\/wp\/v2\/categories?post=97019"},{"taxonomy":"post_tag","embeddable":true,"href":"https:\/\/batijournal.com\/index.php\/wp-json\/wp\/v2\/tags?post=97019"}],"curies":[{"name":"wp","href":"https:\/\/api.w.org\/{rel}","templated":true}]}}