{"id":97022,"date":"2017-10-06T06:24:22","date_gmt":"2017-10-06T04:24:22","guid":{"rendered":"http:\/\/batijournal.com\/?p=97022"},"modified":"2019-07-15T12:13:08","modified_gmt":"2019-07-15T10:13:08","slug":"nouvelle-gouvernance-groupe-isb","status":"publish","type":"post","link":"https:\/\/batijournal.com\/index.php\/nouvelle-gouvernance-groupe-isb\/97022\/","title":{"rendered":"Nouvelle gouvernance pour le Groupe ISB"},"content":{"rendered":"<p>Depuis maintenant 2 ans, le Groupe ISB op\u00e8re une transformation de fond qui prendra un nouvel \u00e9lan avec le d\u00e9ploiement de son plan strat\u00e9gique \u00e0 la fin de l\u2019ann\u00e9e 2017. Pour faire face aux enjeux de l\u2019entreprise, Pierre Gautron, Pr\u00e9sident du Groupe ISB, a fait le choix de s\u2019entourer de 3 directeurs g\u00e9n\u00e9raux pour assurer la gouvernance du groupe :<br \/>\n&#8211; S\u00e9bastien LEVENEZ, Directeur G\u00e9n\u00e9ral en charge des activit\u00e9s commerciales, du marketing, de l\u2019innovation et des relais de croissance. Il sera \u00e9galement Pr\u00e9sident du Comit\u00e9 d\u2019Entreprise.<br \/>\n&#8211; Marc MEUNIER, Directeur G\u00e9n\u00e9ral charg\u00e9 des fonctions supports et du M&amp;A (Fusions &amp; Acquisitions).<br \/>\n&#8211; Jean-Louis CAMICI, Directeur G\u00e9n\u00e9ral en charge des activit\u00e9s op\u00e9rationnelles de l\u2019entreprise, regroupant la logistique amont\/aval, la production, la supply chain et les achats.<\/p>\n<p>De gauche \u00e0 droite, Pierre Gautron, Pr\u00e9sident du Groupe ISB, S\u00e9bastien L\u00e9v\u00e9nez, Jean-Louis Camici et Marc Meunier<\/p>\n","protected":false},"excerpt":{"rendered":"<p>Depuis maintenant 2 ans, le Groupe ISB op\u00e8re une transformation de fond qui prendra un nouvel \u00e9lan avec le d\u00e9ploiement de son plan strat\u00e9gique \u00e0 la fin de l\u2019ann\u00e9e 2017. Pour faire face aux enjeux de l\u2019entreprise, Pierre Gautron, Pr\u00e9sident du Groupe ISB, a fait le choix de s\u2019entourer de 3 directeurs g\u00e9n\u00e9raux pour assurer [&hellip;]<\/p>\n","protected":false},"author":17,"featured_media":97023,"comment_status":"closed","ping_status":"closed","sticky":false,"template":"","format":"standard","meta":{"_et_pb_use_builder":"","_et_pb_old_content":"","_et_gb_content_width":"","footnotes":""},"categories":[10530,6345,10764],"tags":[1017],"class_list":["post-97022","post","type-post","status-publish","format-standard","has-post-thumbnail","hentry","category-actualites","category-economie-marches","category-woodsurfer","tag-filiere-bois"],"yoast_head":"<!-- This site is optimized with the Yoast SEO plugin v27.4 - https:\/\/yoast.com\/product\/yoast-seo-wordpress\/ -->\n<title>Nouvelle gouvernance pour le Groupe ISB<\/title>\n<meta name=\"robots\" content=\"index, follow, max-snippet:-1, max-image-preview:large, max-video-preview:-1\" \/>\n<link rel=\"canonical\" href=\"https:\/\/batijournal.com\/index.php\/nouvelle-gouvernance-groupe-isb\/97022\/\" \/>\n<meta property=\"og:locale\" content=\"fr_FR\" \/>\n<meta property=\"og:type\" content=\"article\" \/>\n<meta property=\"og:title\" content=\"Nouvelle gouvernance pour le Groupe ISB\" \/>\n<meta property=\"og:description\" content=\"Depuis maintenant 2 ans, le Groupe ISB op\u00e8re une transformation de fond qui prendra un nouvel \u00e9lan avec le d\u00e9ploiement de son plan strat\u00e9gique \u00e0 la fin de l\u2019ann\u00e9e 2017. Pour faire face aux enjeux de l\u2019entreprise, Pierre Gautron, Pr\u00e9sident du Groupe ISB, a fait le choix de s\u2019entourer de 3 directeurs g\u00e9n\u00e9raux pour assurer [&hellip;]\" \/>\n<meta property=\"og:url\" content=\"https:\/\/batijournal.com\/index.php\/nouvelle-gouvernance-groupe-isb\/97022\/\" \/>\n<meta property=\"og:site_name\" content=\"Batijournal\" \/>\n<meta property=\"article:published_time\" content=\"2017-10-06T04:24:22+00:00\" \/>\n<meta property=\"article:modified_time\" content=\"2019-07-15T10:13:08+00:00\" \/>\n<meta property=\"og:image\" content=\"https:\/\/batijournal.com\/wp-content\/uploads\/2017\/10\/gouvernance-groupe-isb.jpg\" \/>\n\t<meta property=\"og:image:width\" content=\"1221\" \/>\n\t<meta property=\"og:image:height\" content=\"500\" \/>\n\t<meta property=\"og:image:type\" content=\"image\/jpeg\" \/>\n<meta name=\"author\" content=\"St\u00e9phane Miget\" \/>\n<meta name=\"twitter:card\" content=\"summary_large_image\" \/>\n<meta name=\"twitter:creator\" content=\"@bati_journal\" \/>\n<meta name=\"twitter:site\" content=\"@bati_journal\" \/>\n<meta name=\"twitter:label1\" content=\"\u00c9crit par\" \/>\n\t<meta name=\"twitter:data1\" content=\"St\u00e9phane Miget\" \/>\n\t<meta name=\"twitter:label2\" content=\"Dur\u00e9e de lecture estim\u00e9e\" \/>\n\t<meta name=\"twitter:data2\" content=\"1 minute\" \/>\n<script type=\"application\/ld+json\" class=\"yoast-schema-graph\">{\"@context\":\"https:\\\/\\\/schema.org\",\"@graph\":[{\"@type\":\"Article\",\"@id\":\"https:\\\/\\\/batijournal.com\\\/index.php\\\/nouvelle-gouvernance-groupe-isb\\\/97022\\\/#article\",\"isPartOf\":{\"@id\":\"https:\\\/\\\/batijournal.com\\\/index.php\\\/nouvelle-gouvernance-groupe-isb\\\/97022\\\/\"},\"author\":{\"name\":\"St\u00e9phane Miget\",\"@id\":\"https:\\\/\\\/batijournal.com\\\/#\\\/schema\\\/person\\\/1dc96ec6957aa1ccb25ebe78bb19f100\"},\"headline\":\"Nouvelle gouvernance pour le Groupe ISB\",\"datePublished\":\"2017-10-06T04:24:22+00:00\",\"dateModified\":\"2019-07-15T10:13:08+00:00\",\"mainEntityOfPage\":{\"@id\":\"https:\\\/\\\/batijournal.com\\\/index.php\\\/nouvelle-gouvernance-groupe-isb\\\/97022\\\/\"},\"wordCount\":173,\"image\":{\"@id\":\"https:\\\/\\\/batijournal.com\\\/index.php\\\/nouvelle-gouvernance-groupe-isb\\\/97022\\\/#primaryimage\"},\"thumbnailUrl\":\"https:\\\/\\\/batijournal.com\\\/wp-content\\\/uploads\\\/2017\\\/10\\\/gouvernance-groupe-isb.jpg\",\"keywords\":[\"fili\u00e8re bois\"],\"articleSection\":[\"Actualit\u00e9s\",\"\u00c9conomie &amp; March\u00e9s\",\"zz_Woodsurfer\"],\"inLanguage\":\"fr-FR\"},{\"@type\":\"WebPage\",\"@id\":\"https:\\\/\\\/batijournal.com\\\/index.php\\\/nouvelle-gouvernance-groupe-isb\\\/97022\\\/\",\"url\":\"https:\\\/\\\/batijournal.com\\\/index.php\\\/nouvelle-gouvernance-groupe-isb\\\/97022\\\/\",\"name\":\"Nouvelle gouvernance pour le Groupe ISB\",\"isPartOf\":{\"@id\":\"https:\\\/\\\/batijournal.com\\\/#website\"},\"primaryImageOfPage\":{\"@id\":\"https:\\\/\\\/batijournal.com\\\/index.php\\\/nouvelle-gouvernance-groupe-isb\\\/97022\\\/#primaryimage\"},\"image\":{\"@id\":\"https:\\\/\\\/batijournal.com\\\/index.php\\\/nouvelle-gouvernance-groupe-isb\\\/97022\\\/#primaryimage\"},\"thumbnailUrl\":\"https:\\\/\\\/batijournal.com\\\/wp-content\\\/uploads\\\/2017\\\/10\\\/gouvernance-groupe-isb.jpg\",\"datePublished\":\"2017-10-06T04:24:22+00:00\",\"dateModified\":\"2019-07-15T10:13:08+00:00\",\"author\":{\"@id\":\"https:\\\/\\\/batijournal.com\\\/#\\\/schema\\\/person\\\/1dc96ec6957aa1ccb25ebe78bb19f100\"},\"breadcrumb\":{\"@id\":\"https:\\\/\\\/batijournal.com\\\/index.php\\\/nouvelle-gouvernance-groupe-isb\\\/97022\\\/#breadcrumb\"},\"inLanguage\":\"fr-FR\",\"potentialAction\":[{\"@type\":\"ReadAction\",\"target\":[\"https:\\\/\\\/batijournal.com\\\/index.php\\\/nouvelle-gouvernance-groupe-isb\\\/97022\\\/\"]}]},{\"@type\":\"ImageObject\",\"inLanguage\":\"fr-FR\",\"@id\":\"https:\\\/\\\/batijournal.com\\\/index.php\\\/nouvelle-gouvernance-groupe-isb\\\/97022\\\/#primaryimage\",\"url\":\"https:\\\/\\\/batijournal.com\\\/wp-content\\\/uploads\\\/2017\\\/10\\\/gouvernance-groupe-isb.jpg\",\"contentUrl\":\"https:\\\/\\\/batijournal.com\\\/wp-content\\\/uploads\\\/2017\\\/10\\\/gouvernance-groupe-isb.jpg\",\"width\":1221,\"height\":500},{\"@type\":\"BreadcrumbList\",\"@id\":\"https:\\\/\\\/batijournal.com\\\/index.php\\\/nouvelle-gouvernance-groupe-isb\\\/97022\\\/#breadcrumb\",\"itemListElement\":[{\"@type\":\"ListItem\",\"position\":1,\"name\":\"Accueil\",\"item\":\"https:\\\/\\\/batijournal.com\\\/\"},{\"@type\":\"ListItem\",\"position\":2,\"name\":\"Actualit\u00e9s\",\"item\":\"https:\\\/\\\/batijournal.com\\\/index.php\\\/category\\\/actualites\\\/\"},{\"@type\":\"ListItem\",\"position\":3,\"name\":\"Nouvelle gouvernance pour le Groupe ISB\"}]},{\"@type\":\"WebSite\",\"@id\":\"https:\\\/\\\/batijournal.com\\\/#website\",\"url\":\"https:\\\/\\\/batijournal.com\\\/\",\"name\":\"Batijournal\",\"description\":\"L&#039;actualit\u00e9 du b\u00e2timent\",\"potentialAction\":[{\"@type\":\"SearchAction\",\"target\":{\"@type\":\"EntryPoint\",\"urlTemplate\":\"https:\\\/\\\/batijournal.com\\\/?s={search_term_string}\"},\"query-input\":{\"@type\":\"PropertyValueSpecification\",\"valueRequired\":true,\"valueName\":\"search_term_string\"}}],\"inLanguage\":\"fr-FR\"},{\"@type\":\"Person\",\"@id\":\"https:\\\/\\\/batijournal.com\\\/#\\\/schema\\\/person\\\/1dc96ec6957aa1ccb25ebe78bb19f100\",\"name\":\"St\u00e9phane Miget\",\"image\":{\"@type\":\"ImageObject\",\"inLanguage\":\"fr-FR\",\"@id\":\"https:\\\/\\\/secure.gravatar.com\\\/avatar\\\/89915563d925342126b8ef0281b93d9d7fc337043e8df017f780908eb9644451?s=96&d=mm&r=g\",\"url\":\"https:\\\/\\\/secure.gravatar.com\\\/avatar\\\/89915563d925342126b8ef0281b93d9d7fc337043e8df017f780908eb9644451?s=96&d=mm&r=g\",\"contentUrl\":\"https:\\\/\\\/secure.gravatar.com\\\/avatar\\\/89915563d925342126b8ef0281b93d9d7fc337043e8df017f780908eb9644451?s=96&d=mm&r=g\",\"caption\":\"St\u00e9phane Miget\"},\"url\":\"https:\\\/\\\/batijournal.com\\\/index.php\\\/author\\\/stephane\\\/\"}]}<\/script>\n<!-- \/ Yoast SEO plugin. -->","yoast_head_json":{"title":"Nouvelle gouvernance pour le Groupe ISB","robots":{"index":"index","follow":"follow","max-snippet":"max-snippet:-1","max-image-preview":"max-image-preview:large","max-video-preview":"max-video-preview:-1"},"canonical":"https:\/\/batijournal.com\/index.php\/nouvelle-gouvernance-groupe-isb\/97022\/","og_locale":"fr_FR","og_type":"article","og_title":"Nouvelle gouvernance pour le Groupe ISB","og_description":"Depuis maintenant 2 ans, le Groupe ISB op\u00e8re une transformation de fond qui prendra un nouvel \u00e9lan avec le d\u00e9ploiement de son plan strat\u00e9gique \u00e0 la fin de l\u2019ann\u00e9e 2017. Pour faire face aux enjeux de l\u2019entreprise, Pierre Gautron, Pr\u00e9sident du Groupe ISB, a fait le choix de s\u2019entourer de 3 directeurs g\u00e9n\u00e9raux pour assurer [&hellip;]","og_url":"https:\/\/batijournal.com\/index.php\/nouvelle-gouvernance-groupe-isb\/97022\/","og_site_name":"Batijournal","article_published_time":"2017-10-06T04:24:22+00:00","article_modified_time":"2019-07-15T10:13:08+00:00","og_image":[{"width":1221,"height":500,"url":"https:\/\/batijournal.com\/wp-content\/uploads\/2017\/10\/gouvernance-groupe-isb.jpg","type":"image\/jpeg"}],"author":"St\u00e9phane Miget","twitter_card":"summary_large_image","twitter_creator":"@bati_journal","twitter_site":"@bati_journal","twitter_misc":{"\u00c9crit par":"St\u00e9phane Miget","Dur\u00e9e de lecture estim\u00e9e":"1 minute"},"schema":{"@context":"https:\/\/schema.org","@graph":[{"@type":"Article","@id":"https:\/\/batijournal.com\/index.php\/nouvelle-gouvernance-groupe-isb\/97022\/#article","isPartOf":{"@id":"https:\/\/batijournal.com\/index.php\/nouvelle-gouvernance-groupe-isb\/97022\/"},"author":{"name":"St\u00e9phane Miget","@id":"https:\/\/batijournal.com\/#\/schema\/person\/1dc96ec6957aa1ccb25ebe78bb19f100"},"headline":"Nouvelle gouvernance pour le Groupe ISB","datePublished":"2017-10-06T04:24:22+00:00","dateModified":"2019-07-15T10:13:08+00:00","mainEntityOfPage":{"@id":"https:\/\/batijournal.com\/index.php\/nouvelle-gouvernance-groupe-isb\/97022\/"},"wordCount":173,"image":{"@id":"https:\/\/batijournal.com\/index.php\/nouvelle-gouvernance-groupe-isb\/97022\/#primaryimage"},"thumbnailUrl":"https:\/\/batijournal.com\/wp-content\/uploads\/2017\/10\/gouvernance-groupe-isb.jpg","keywords":["fili\u00e8re bois"],"articleSection":["Actualit\u00e9s","\u00c9conomie &amp; March\u00e9s","zz_Woodsurfer"],"inLanguage":"fr-FR"},{"@type":"WebPage","@id":"https:\/\/batijournal.com\/index.php\/nouvelle-gouvernance-groupe-isb\/97022\/","url":"https:\/\/batijournal.com\/index.php\/nouvelle-gouvernance-groupe-isb\/97022\/","name":"Nouvelle gouvernance pour le Groupe ISB","isPartOf":{"@id":"https:\/\/batijournal.com\/#website"},"primaryImageOfPage":{"@id":"https:\/\/batijournal.com\/index.php\/nouvelle-gouvernance-groupe-isb\/97022\/#primaryimage"},"image":{"@id":"https:\/\/batijournal.com\/index.php\/nouvelle-gouvernance-groupe-isb\/97022\/#primaryimage"},"thumbnailUrl":"https:\/\/batijournal.com\/wp-content\/uploads\/2017\/10\/gouvernance-groupe-isb.jpg","datePublished":"2017-10-06T04:24:22+00:00","dateModified":"2019-07-15T10:13:08+00:00","author":{"@id":"https:\/\/batijournal.com\/#\/schema\/person\/1dc96ec6957aa1ccb25ebe78bb19f100"},"breadcrumb":{"@id":"https:\/\/batijournal.com\/index.php\/nouvelle-gouvernance-groupe-isb\/97022\/#breadcrumb"},"inLanguage":"fr-FR","potentialAction":[{"@type":"ReadAction","target":["https:\/\/batijournal.com\/index.php\/nouvelle-gouvernance-groupe-isb\/97022\/"]}]},{"@type":"ImageObject","inLanguage":"fr-FR","@id":"https:\/\/batijournal.com\/index.php\/nouvelle-gouvernance-groupe-isb\/97022\/#primaryimage","url":"https:\/\/batijournal.com\/wp-content\/uploads\/2017\/10\/gouvernance-groupe-isb.jpg","contentUrl":"https:\/\/batijournal.com\/wp-content\/uploads\/2017\/10\/gouvernance-groupe-isb.jpg","width":1221,"height":500},{"@type":"BreadcrumbList","@id":"https:\/\/batijournal.com\/index.php\/nouvelle-gouvernance-groupe-isb\/97022\/#breadcrumb","itemListElement":[{"@type":"ListItem","position":1,"name":"Accueil","item":"https:\/\/batijournal.com\/"},{"@type":"ListItem","position":2,"name":"Actualit\u00e9s","item":"https:\/\/batijournal.com\/index.php\/category\/actualites\/"},{"@type":"ListItem","position":3,"name":"Nouvelle gouvernance pour le Groupe ISB"}]},{"@type":"WebSite","@id":"https:\/\/batijournal.com\/#website","url":"https:\/\/batijournal.com\/","name":"Batijournal","description":"L&#039;actualit\u00e9 du b\u00e2timent","potentialAction":[{"@type":"SearchAction","target":{"@type":"EntryPoint","urlTemplate":"https:\/\/batijournal.com\/?s={search_term_string}"},"query-input":{"@type":"PropertyValueSpecification","valueRequired":true,"valueName":"search_term_string"}}],"inLanguage":"fr-FR"},{"@type":"Person","@id":"https:\/\/batijournal.com\/#\/schema\/person\/1dc96ec6957aa1ccb25ebe78bb19f100","name":"St\u00e9phane Miget","image":{"@type":"ImageObject","inLanguage":"fr-FR","@id":"https:\/\/secure.gravatar.com\/avatar\/89915563d925342126b8ef0281b93d9d7fc337043e8df017f780908eb9644451?s=96&d=mm&r=g","url":"https:\/\/secure.gravatar.com\/avatar\/89915563d925342126b8ef0281b93d9d7fc337043e8df017f780908eb9644451?s=96&d=mm&r=g","contentUrl":"https:\/\/secure.gravatar.com\/avatar\/89915563d925342126b8ef0281b93d9d7fc337043e8df017f780908eb9644451?s=96&d=mm&r=g","caption":"St\u00e9phane Miget"},"url":"https:\/\/batijournal.com\/index.php\/author\/stephane\/"}]}},"_links":{"self":[{"href":"https:\/\/batijournal.com\/index.php\/wp-json\/wp\/v2\/posts\/97022","targetHints":{"allow":["GET"]}}],"collection":[{"href":"https:\/\/batijournal.com\/index.php\/wp-json\/wp\/v2\/posts"}],"about":[{"href":"https:\/\/batijournal.com\/index.php\/wp-json\/wp\/v2\/types\/post"}],"author":[{"embeddable":true,"href":"https:\/\/batijournal.com\/index.php\/wp-json\/wp\/v2\/users\/17"}],"replies":[{"embeddable":true,"href":"https:\/\/batijournal.com\/index.php\/wp-json\/wp\/v2\/comments?post=97022"}],"version-history":[{"count":0,"href":"https:\/\/batijournal.com\/index.php\/wp-json\/wp\/v2\/posts\/97022\/revisions"}],"wp:featuredmedia":[{"embeddable":true,"href":"https:\/\/batijournal.com\/index.php\/wp-json\/wp\/v2\/media\/97023"}],"wp:attachment":[{"href":"https:\/\/batijournal.com\/index.php\/wp-json\/wp\/v2\/media?parent=97022"}],"wp:term":[{"taxonomy":"category","embeddable":true,"href":"https:\/\/batijournal.com\/index.php\/wp-json\/wp\/v2\/categories?post=97022"},{"taxonomy":"post_tag","embeddable":true,"href":"https:\/\/batijournal.com\/index.php\/wp-json\/wp\/v2\/tags?post=97022"}],"curies":[{"name":"wp","href":"https:\/\/api.w.org\/{rel}","templated":true}]}}