{"id":97058,"date":"2017-10-09T13:58:54","date_gmt":"2017-10-09T11:58:54","guid":{"rendered":"http:\/\/batijournal.com\/?p=97058"},"modified":"2019-07-15T11:27:10","modified_gmt":"2019-07-15T09:27:10","slug":"lilot-bois-a-strasbourg-top-depart","status":"publish","type":"post","link":"https:\/\/batijournal.com\/index.php\/lilot-bois-a-strasbourg-top-depart\/97058\/","title":{"rendered":"L&rsquo;Ilot Bois \u00e0 Strasbourg, top d\u00e9part"},"content":{"rendered":"<p><span style=\"color: #3c3b3c\"><span style=\"font-family: ArialMT, sans-serif\"><span style=\"font-size: large\">Bouygues Immobilier annonce le d\u00e9marrage des travaux de l&rsquo;op\u00e9ration Sensations au sein de l&rsquo;Ilot Bois \u00e0 Strasbourg. Situ\u00e9 dans le quartier des Deux-Rives, le projet &#8211; con\u00e7u par Koz Architectes et ASP Architecture &#8211; , se compose de 146 logements r\u00e9partis sur trois b\u00e2timents\u00a0: deux en R+8 et un en R+11. Reposant sur un socle commun en b\u00e9ton, Sensations est la premi\u00e8re r\u00e9alisation grande hauteur mettant en \u0153uvre des planchers, des fa\u00e7ades ainsi que cages d&rsquo;ascenseur et d&rsquo;escalier 100 % bois (CLT). Les besoins en chauffage de ces immeubles visant le niveau passif n&rsquo;exc\u00e8deront pas 15 kWh\/m2\/an. Les premi\u00e8res livraisons auront lieu au cours du premier semestre 2019.<\/span><\/span><\/span><\/p>\n<p>Doc. :\u00a0\u00a0 Infime \/ Koz Architectes et ASP Architecture<\/p>\n","protected":false},"excerpt":{"rendered":"<p>Bouygues Immobilier annonce le d\u00e9marrage des travaux de l&rsquo;op\u00e9ration Sensations au sein de l&rsquo;Ilot Bois \u00e0 Strasbourg. Situ\u00e9 dans le quartier des Deux-Rives, le projet &#8211; con\u00e7u par Koz Architectes et ASP Architecture &#8211; , se compose de 146 logements r\u00e9partis sur trois b\u00e2timents\u00a0: deux en R+8 et un en R+11. Reposant sur un socle [&hellip;]<\/p>\n","protected":false},"author":17,"featured_media":97059,"comment_status":"closed","ping_status":"closed","sticky":false,"template":"","format":"standard","meta":{"_et_pb_use_builder":"","_et_pb_old_content":"","_et_gb_content_width":"","footnotes":""},"categories":[10530,6340,10764],"tags":[],"class_list":["post-97058","post","type-post","status-publish","format-standard","has-post-thumbnail","hentry","category-actualites","category-architecture-conception","category-woodsurfer"],"yoast_head":"<!-- This site is optimized with the Yoast SEO plugin v27.4 - https:\/\/yoast.com\/product\/yoast-seo-wordpress\/ -->\n<title>L&#039;Ilot Bois \u00e0 Strasbourg, top d\u00e9part<\/title>\n<meta name=\"robots\" content=\"index, follow, max-snippet:-1, max-image-preview:large, max-video-preview:-1\" \/>\n<link rel=\"canonical\" href=\"https:\/\/batijournal.com\/index.php\/lilot-bois-a-strasbourg-top-depart\/97058\/\" \/>\n<meta property=\"og:locale\" content=\"fr_FR\" \/>\n<meta property=\"og:type\" content=\"article\" \/>\n<meta property=\"og:title\" content=\"L&#039;Ilot Bois \u00e0 Strasbourg, top d\u00e9part\" \/>\n<meta property=\"og:description\" content=\"Bouygues Immobilier annonce le d\u00e9marrage des travaux de l&rsquo;op\u00e9ration Sensations au sein de l&rsquo;Ilot Bois \u00e0 Strasbourg. Situ\u00e9 dans le quartier des Deux-Rives, le projet &#8211; con\u00e7u par Koz Architectes et ASP Architecture &#8211; , se compose de 146 logements r\u00e9partis sur trois b\u00e2timents\u00a0: deux en R+8 et un en R+11. Reposant sur un socle [&hellip;]\" \/>\n<meta property=\"og:url\" content=\"https:\/\/batijournal.com\/index.php\/lilot-bois-a-strasbourg-top-depart\/97058\/\" \/>\n<meta property=\"og:site_name\" content=\"Batijournal\" \/>\n<meta property=\"article:published_time\" content=\"2017-10-09T11:58:54+00:00\" \/>\n<meta property=\"article:modified_time\" content=\"2019-07-15T09:27:10+00:00\" \/>\n<meta property=\"og:image\" content=\"https:\/\/batijournal.com\/wp-content\/uploads\/2017\/10\/bouyguespf.jpg\" \/>\n\t<meta property=\"og:image:width\" content=\"4500\" \/>\n\t<meta property=\"og:image:height\" content=\"2753\" \/>\n\t<meta property=\"og:image:type\" content=\"image\/jpeg\" \/>\n<meta name=\"author\" content=\"St\u00e9phane Miget\" \/>\n<meta name=\"twitter:card\" content=\"summary_large_image\" \/>\n<meta name=\"twitter:creator\" content=\"@bati_journal\" \/>\n<meta name=\"twitter:site\" content=\"@bati_journal\" \/>\n<meta name=\"twitter:label1\" content=\"\u00c9crit par\" \/>\n\t<meta name=\"twitter:data1\" content=\"St\u00e9phane Miget\" \/>\n\t<meta name=\"twitter:label2\" content=\"Dur\u00e9e de lecture estim\u00e9e\" \/>\n\t<meta name=\"twitter:data2\" content=\"1 minute\" \/>\n<script type=\"application\/ld+json\" class=\"yoast-schema-graph\">{\"@context\":\"https:\\\/\\\/schema.org\",\"@graph\":[{\"@type\":\"Article\",\"@id\":\"https:\\\/\\\/batijournal.com\\\/index.php\\\/lilot-bois-a-strasbourg-top-depart\\\/97058\\\/#article\",\"isPartOf\":{\"@id\":\"https:\\\/\\\/batijournal.com\\\/index.php\\\/lilot-bois-a-strasbourg-top-depart\\\/97058\\\/\"},\"author\":{\"name\":\"St\u00e9phane Miget\",\"@id\":\"https:\\\/\\\/batijournal.com\\\/#\\\/schema\\\/person\\\/1dc96ec6957aa1ccb25ebe78bb19f100\"},\"headline\":\"L&rsquo;Ilot Bois \u00e0 Strasbourg, top d\u00e9part\",\"datePublished\":\"2017-10-09T11:58:54+00:00\",\"dateModified\":\"2019-07-15T09:27:10+00:00\",\"mainEntityOfPage\":{\"@id\":\"https:\\\/\\\/batijournal.com\\\/index.php\\\/lilot-bois-a-strasbourg-top-depart\\\/97058\\\/\"},\"wordCount\":133,\"image\":{\"@id\":\"https:\\\/\\\/batijournal.com\\\/index.php\\\/lilot-bois-a-strasbourg-top-depart\\\/97058\\\/#primaryimage\"},\"thumbnailUrl\":\"https:\\\/\\\/batijournal.com\\\/wp-content\\\/uploads\\\/2017\\\/10\\\/bouyguespf.jpg\",\"articleSection\":[\"Actualit\u00e9s\",\"Architecture &amp; Conception\",\"zz_Woodsurfer\"],\"inLanguage\":\"fr-FR\"},{\"@type\":\"WebPage\",\"@id\":\"https:\\\/\\\/batijournal.com\\\/index.php\\\/lilot-bois-a-strasbourg-top-depart\\\/97058\\\/\",\"url\":\"https:\\\/\\\/batijournal.com\\\/index.php\\\/lilot-bois-a-strasbourg-top-depart\\\/97058\\\/\",\"name\":\"L'Ilot Bois \u00e0 Strasbourg, top d\u00e9part\",\"isPartOf\":{\"@id\":\"https:\\\/\\\/batijournal.com\\\/#website\"},\"primaryImageOfPage\":{\"@id\":\"https:\\\/\\\/batijournal.com\\\/index.php\\\/lilot-bois-a-strasbourg-top-depart\\\/97058\\\/#primaryimage\"},\"image\":{\"@id\":\"https:\\\/\\\/batijournal.com\\\/index.php\\\/lilot-bois-a-strasbourg-top-depart\\\/97058\\\/#primaryimage\"},\"thumbnailUrl\":\"https:\\\/\\\/batijournal.com\\\/wp-content\\\/uploads\\\/2017\\\/10\\\/bouyguespf.jpg\",\"datePublished\":\"2017-10-09T11:58:54+00:00\",\"dateModified\":\"2019-07-15T09:27:10+00:00\",\"author\":{\"@id\":\"https:\\\/\\\/batijournal.com\\\/#\\\/schema\\\/person\\\/1dc96ec6957aa1ccb25ebe78bb19f100\"},\"breadcrumb\":{\"@id\":\"https:\\\/\\\/batijournal.com\\\/index.php\\\/lilot-bois-a-strasbourg-top-depart\\\/97058\\\/#breadcrumb\"},\"inLanguage\":\"fr-FR\",\"potentialAction\":[{\"@type\":\"ReadAction\",\"target\":[\"https:\\\/\\\/batijournal.com\\\/index.php\\\/lilot-bois-a-strasbourg-top-depart\\\/97058\\\/\"]}]},{\"@type\":\"ImageObject\",\"inLanguage\":\"fr-FR\",\"@id\":\"https:\\\/\\\/batijournal.com\\\/index.php\\\/lilot-bois-a-strasbourg-top-depart\\\/97058\\\/#primaryimage\",\"url\":\"https:\\\/\\\/batijournal.com\\\/wp-content\\\/uploads\\\/2017\\\/10\\\/bouyguespf.jpg\",\"contentUrl\":\"https:\\\/\\\/batijournal.com\\\/wp-content\\\/uploads\\\/2017\\\/10\\\/bouyguespf.jpg\",\"width\":4500,\"height\":2753},{\"@type\":\"BreadcrumbList\",\"@id\":\"https:\\\/\\\/batijournal.com\\\/index.php\\\/lilot-bois-a-strasbourg-top-depart\\\/97058\\\/#breadcrumb\",\"itemListElement\":[{\"@type\":\"ListItem\",\"position\":1,\"name\":\"Accueil\",\"item\":\"https:\\\/\\\/batijournal.com\\\/\"},{\"@type\":\"ListItem\",\"position\":2,\"name\":\"Actualit\u00e9s\",\"item\":\"https:\\\/\\\/batijournal.com\\\/index.php\\\/category\\\/actualites\\\/\"},{\"@type\":\"ListItem\",\"position\":3,\"name\":\"L&rsquo;Ilot Bois \u00e0 Strasbourg, top d\u00e9part\"}]},{\"@type\":\"WebSite\",\"@id\":\"https:\\\/\\\/batijournal.com\\\/#website\",\"url\":\"https:\\\/\\\/batijournal.com\\\/\",\"name\":\"Batijournal\",\"description\":\"L&#039;actualit\u00e9 du b\u00e2timent\",\"potentialAction\":[{\"@type\":\"SearchAction\",\"target\":{\"@type\":\"EntryPoint\",\"urlTemplate\":\"https:\\\/\\\/batijournal.com\\\/?s={search_term_string}\"},\"query-input\":{\"@type\":\"PropertyValueSpecification\",\"valueRequired\":true,\"valueName\":\"search_term_string\"}}],\"inLanguage\":\"fr-FR\"},{\"@type\":\"Person\",\"@id\":\"https:\\\/\\\/batijournal.com\\\/#\\\/schema\\\/person\\\/1dc96ec6957aa1ccb25ebe78bb19f100\",\"name\":\"St\u00e9phane Miget\",\"image\":{\"@type\":\"ImageObject\",\"inLanguage\":\"fr-FR\",\"@id\":\"https:\\\/\\\/secure.gravatar.com\\\/avatar\\\/89915563d925342126b8ef0281b93d9d7fc337043e8df017f780908eb9644451?s=96&d=mm&r=g\",\"url\":\"https:\\\/\\\/secure.gravatar.com\\\/avatar\\\/89915563d925342126b8ef0281b93d9d7fc337043e8df017f780908eb9644451?s=96&d=mm&r=g\",\"contentUrl\":\"https:\\\/\\\/secure.gravatar.com\\\/avatar\\\/89915563d925342126b8ef0281b93d9d7fc337043e8df017f780908eb9644451?s=96&d=mm&r=g\",\"caption\":\"St\u00e9phane Miget\"},\"url\":\"https:\\\/\\\/batijournal.com\\\/index.php\\\/author\\\/stephane\\\/\"}]}<\/script>\n<!-- \/ Yoast SEO plugin. -->","yoast_head_json":{"title":"L'Ilot Bois \u00e0 Strasbourg, top d\u00e9part","robots":{"index":"index","follow":"follow","max-snippet":"max-snippet:-1","max-image-preview":"max-image-preview:large","max-video-preview":"max-video-preview:-1"},"canonical":"https:\/\/batijournal.com\/index.php\/lilot-bois-a-strasbourg-top-depart\/97058\/","og_locale":"fr_FR","og_type":"article","og_title":"L'Ilot Bois \u00e0 Strasbourg, top d\u00e9part","og_description":"Bouygues Immobilier annonce le d\u00e9marrage des travaux de l&rsquo;op\u00e9ration Sensations au sein de l&rsquo;Ilot Bois \u00e0 Strasbourg. Situ\u00e9 dans le quartier des Deux-Rives, le projet &#8211; con\u00e7u par Koz Architectes et ASP Architecture &#8211; , se compose de 146 logements r\u00e9partis sur trois b\u00e2timents\u00a0: deux en R+8 et un en R+11. Reposant sur un socle [&hellip;]","og_url":"https:\/\/batijournal.com\/index.php\/lilot-bois-a-strasbourg-top-depart\/97058\/","og_site_name":"Batijournal","article_published_time":"2017-10-09T11:58:54+00:00","article_modified_time":"2019-07-15T09:27:10+00:00","og_image":[{"width":4500,"height":2753,"url":"https:\/\/batijournal.com\/wp-content\/uploads\/2017\/10\/bouyguespf.jpg","type":"image\/jpeg"}],"author":"St\u00e9phane Miget","twitter_card":"summary_large_image","twitter_creator":"@bati_journal","twitter_site":"@bati_journal","twitter_misc":{"\u00c9crit par":"St\u00e9phane Miget","Dur\u00e9e de lecture estim\u00e9e":"1 minute"},"schema":{"@context":"https:\/\/schema.org","@graph":[{"@type":"Article","@id":"https:\/\/batijournal.com\/index.php\/lilot-bois-a-strasbourg-top-depart\/97058\/#article","isPartOf":{"@id":"https:\/\/batijournal.com\/index.php\/lilot-bois-a-strasbourg-top-depart\/97058\/"},"author":{"name":"St\u00e9phane Miget","@id":"https:\/\/batijournal.com\/#\/schema\/person\/1dc96ec6957aa1ccb25ebe78bb19f100"},"headline":"L&rsquo;Ilot Bois \u00e0 Strasbourg, top d\u00e9part","datePublished":"2017-10-09T11:58:54+00:00","dateModified":"2019-07-15T09:27:10+00:00","mainEntityOfPage":{"@id":"https:\/\/batijournal.com\/index.php\/lilot-bois-a-strasbourg-top-depart\/97058\/"},"wordCount":133,"image":{"@id":"https:\/\/batijournal.com\/index.php\/lilot-bois-a-strasbourg-top-depart\/97058\/#primaryimage"},"thumbnailUrl":"https:\/\/batijournal.com\/wp-content\/uploads\/2017\/10\/bouyguespf.jpg","articleSection":["Actualit\u00e9s","Architecture &amp; Conception","zz_Woodsurfer"],"inLanguage":"fr-FR"},{"@type":"WebPage","@id":"https:\/\/batijournal.com\/index.php\/lilot-bois-a-strasbourg-top-depart\/97058\/","url":"https:\/\/batijournal.com\/index.php\/lilot-bois-a-strasbourg-top-depart\/97058\/","name":"L'Ilot Bois \u00e0 Strasbourg, top d\u00e9part","isPartOf":{"@id":"https:\/\/batijournal.com\/#website"},"primaryImageOfPage":{"@id":"https:\/\/batijournal.com\/index.php\/lilot-bois-a-strasbourg-top-depart\/97058\/#primaryimage"},"image":{"@id":"https:\/\/batijournal.com\/index.php\/lilot-bois-a-strasbourg-top-depart\/97058\/#primaryimage"},"thumbnailUrl":"https:\/\/batijournal.com\/wp-content\/uploads\/2017\/10\/bouyguespf.jpg","datePublished":"2017-10-09T11:58:54+00:00","dateModified":"2019-07-15T09:27:10+00:00","author":{"@id":"https:\/\/batijournal.com\/#\/schema\/person\/1dc96ec6957aa1ccb25ebe78bb19f100"},"breadcrumb":{"@id":"https:\/\/batijournal.com\/index.php\/lilot-bois-a-strasbourg-top-depart\/97058\/#breadcrumb"},"inLanguage":"fr-FR","potentialAction":[{"@type":"ReadAction","target":["https:\/\/batijournal.com\/index.php\/lilot-bois-a-strasbourg-top-depart\/97058\/"]}]},{"@type":"ImageObject","inLanguage":"fr-FR","@id":"https:\/\/batijournal.com\/index.php\/lilot-bois-a-strasbourg-top-depart\/97058\/#primaryimage","url":"https:\/\/batijournal.com\/wp-content\/uploads\/2017\/10\/bouyguespf.jpg","contentUrl":"https:\/\/batijournal.com\/wp-content\/uploads\/2017\/10\/bouyguespf.jpg","width":4500,"height":2753},{"@type":"BreadcrumbList","@id":"https:\/\/batijournal.com\/index.php\/lilot-bois-a-strasbourg-top-depart\/97058\/#breadcrumb","itemListElement":[{"@type":"ListItem","position":1,"name":"Accueil","item":"https:\/\/batijournal.com\/"},{"@type":"ListItem","position":2,"name":"Actualit\u00e9s","item":"https:\/\/batijournal.com\/index.php\/category\/actualites\/"},{"@type":"ListItem","position":3,"name":"L&rsquo;Ilot Bois \u00e0 Strasbourg, top d\u00e9part"}]},{"@type":"WebSite","@id":"https:\/\/batijournal.com\/#website","url":"https:\/\/batijournal.com\/","name":"Batijournal","description":"L&#039;actualit\u00e9 du b\u00e2timent","potentialAction":[{"@type":"SearchAction","target":{"@type":"EntryPoint","urlTemplate":"https:\/\/batijournal.com\/?s={search_term_string}"},"query-input":{"@type":"PropertyValueSpecification","valueRequired":true,"valueName":"search_term_string"}}],"inLanguage":"fr-FR"},{"@type":"Person","@id":"https:\/\/batijournal.com\/#\/schema\/person\/1dc96ec6957aa1ccb25ebe78bb19f100","name":"St\u00e9phane Miget","image":{"@type":"ImageObject","inLanguage":"fr-FR","@id":"https:\/\/secure.gravatar.com\/avatar\/89915563d925342126b8ef0281b93d9d7fc337043e8df017f780908eb9644451?s=96&d=mm&r=g","url":"https:\/\/secure.gravatar.com\/avatar\/89915563d925342126b8ef0281b93d9d7fc337043e8df017f780908eb9644451?s=96&d=mm&r=g","contentUrl":"https:\/\/secure.gravatar.com\/avatar\/89915563d925342126b8ef0281b93d9d7fc337043e8df017f780908eb9644451?s=96&d=mm&r=g","caption":"St\u00e9phane Miget"},"url":"https:\/\/batijournal.com\/index.php\/author\/stephane\/"}]}},"_links":{"self":[{"href":"https:\/\/batijournal.com\/index.php\/wp-json\/wp\/v2\/posts\/97058","targetHints":{"allow":["GET"]}}],"collection":[{"href":"https:\/\/batijournal.com\/index.php\/wp-json\/wp\/v2\/posts"}],"about":[{"href":"https:\/\/batijournal.com\/index.php\/wp-json\/wp\/v2\/types\/post"}],"author":[{"embeddable":true,"href":"https:\/\/batijournal.com\/index.php\/wp-json\/wp\/v2\/users\/17"}],"replies":[{"embeddable":true,"href":"https:\/\/batijournal.com\/index.php\/wp-json\/wp\/v2\/comments?post=97058"}],"version-history":[{"count":0,"href":"https:\/\/batijournal.com\/index.php\/wp-json\/wp\/v2\/posts\/97058\/revisions"}],"wp:featuredmedia":[{"embeddable":true,"href":"https:\/\/batijournal.com\/index.php\/wp-json\/wp\/v2\/media\/97059"}],"wp:attachment":[{"href":"https:\/\/batijournal.com\/index.php\/wp-json\/wp\/v2\/media?parent=97058"}],"wp:term":[{"taxonomy":"category","embeddable":true,"href":"https:\/\/batijournal.com\/index.php\/wp-json\/wp\/v2\/categories?post=97058"},{"taxonomy":"post_tag","embeddable":true,"href":"https:\/\/batijournal.com\/index.php\/wp-json\/wp\/v2\/tags?post=97058"}],"curies":[{"name":"wp","href":"https:\/\/api.w.org\/{rel}","templated":true}]}}