{"id":97116,"date":"2017-10-12T18:54:47","date_gmt":"2017-10-12T16:54:47","guid":{"rendered":"http:\/\/batijournal.com\/?p=97116"},"modified":"2017-10-12T18:54:47","modified_gmt":"2017-10-12T16:54:47","slug":"foret-francaise-exploitee-risque-denvol-constructions-bois-importees-jean-marie-ballu","status":"publish","type":"post","link":"https:\/\/batijournal.com\/index.php\/foret-francaise-exploitee-risque-denvol-constructions-bois-importees-jean-marie-ballu\/97116\/","title":{"rendered":"For\u00eat fran\u00e7aise sous-exploit\u00e9e : un risque d&rsquo;envol des constructions en bois import\u00e9es pour Jean-Marie Ballu"},"content":{"rendered":"<p><strong>Jean-Marie Ballu, ing\u00e9nieur g\u00e9n\u00e9ral honoraire des Ponts des Eaux et des For\u00eats, a donn\u00e9 une conf\u00e9rence le 12 octobre 2017 aupr\u00e8s de l&rsquo;AFEF, Association Fran\u00e7aise des Eaux et For\u00eat, autour des possibilit\u00e9s futures d&rsquo;approvisionnement en bois dans la fili\u00e8re construction. Le titre de son discours est \u00e9loquent : \u00ab Un paradoxe fran\u00e7ais, une for\u00eat sous-exploit\u00e9e et un risque d&rsquo;envol des constructions en bois import\u00e9s \u00bb. R\u00e9sum\u00e9&#8230;<\/strong><\/p>\n<p>Alors que la for\u00eat fran\u00e7aise est majoritairement feuillue (72 %), la r\u00e9colte de bois d&rsquo;\u0153uvre feuillu n&rsquo;est que de 26 %, et les sciages feuillus r\u00e9gressent \u00e0 1,3 millions de m3 (17 % des sciages), celle de r\u00e9sineux, atteint 74 %, et les sciages d\u00e9passent 8 millions de m3 soit 83 % de nos sciages (sur 28 % de surface). Le quasi arr\u00eat des plantations de r\u00e9sineux, surtout depuis la disparition en 2000 du Fonds Forestier National, pr\u00e9pare un trou de production dans une trentaine d&rsquo;ann\u00e9es, une forte chute pr\u00e9visible de l&rsquo;approvisionnement en r\u00e9sineux fran\u00e7ais en 2050. Planter aujourd&rsquo;hui, (c&rsquo;est urgent) donnera seulement en 2050 les douglas de 35 ans demand\u00e9s par la profession. Aujourd&rsquo;hui, la fili\u00e8re for\u00eat-bois fran\u00e7aise pourrait r\u00e9pondre en volume, aux besoins g\u00e9n\u00e9r\u00e9s par la hausse de la demande de la construction en bois mais pas seulement en essences r\u00e9sineuses, celles actuellement demand\u00e9es par la construction. Une hausse des importations est pr\u00e9visible. Les industriels de la construction, avec l&rsquo;aide des chercheurs, pourraient r\u00e9apprendre \u00e0 utiliser des feuillus et d\u00e9cider de recourir plus \u00e0 l&rsquo;utilisation du bois feuillu largement disponible. M\u00eame de tr\u00e8s modernes CLT pour planchers et parois des immeubles de grande hauteur, commencent \u00e0 \u00eatre fait en h\u00eatre et non plus en r\u00e9sineux habituels.<\/p>\n<p><a href=\"http:\/\/eauxetforets.blogspot.fr\" target=\"_blank\" rel=\"noopener\">http:\/\/eauxetforets.blogspot.fr<\/a><\/p>\n<p>&nbsp;<\/p>\n<p>&nbsp;<\/p>\n<p>&nbsp;<\/p>\n","protected":false},"excerpt":{"rendered":"<p>Jean-Marie Ballu, ing\u00e9nieur g\u00e9n\u00e9ral honoraire des Ponts des Eaux et des For\u00eats, a donn\u00e9 une conf\u00e9rence le 12 octobre 2017 aupr\u00e8s de l&rsquo;AFEF, Association Fran\u00e7aise des Eaux et For\u00eat, autour des possibilit\u00e9s futures d&rsquo;approvisionnement en bois dans la fili\u00e8re construction. Le titre de son discours est \u00e9loquent : \u00ab Un paradoxe fran\u00e7ais, une for\u00eat sous-exploit\u00e9e [&hellip;]<\/p>\n","protected":false},"author":17,"featured_media":93371,"comment_status":"closed","ping_status":"closed","sticky":false,"template":"","format":"standard","meta":{"_et_pb_use_builder":"off","_et_pb_old_content":"","_et_gb_content_width":"","footnotes":""},"categories":[10530,6340,10764],"tags":[374,1017,3307],"class_list":["post-97116","post","type-post","status-publish","format-standard","has-post-thumbnail","hentry","category-actualites","category-architecture-conception","category-woodsurfer","tag-construction-bois-2","tag-filiere-bois","tag-filiere-foret-bois"],"yoast_head":"<!-- This site is optimized with the Yoast SEO plugin v27.4 - https:\/\/yoast.com\/product\/yoast-seo-wordpress\/ -->\n<title>For\u00eat fran\u00e7aise sous-exploit\u00e9e : un risque d&#039;envol des constructions en bois import\u00e9es pour Jean-Marie Ballu<\/title>\n<meta name=\"robots\" content=\"index, follow, max-snippet:-1, max-image-preview:large, max-video-preview:-1\" \/>\n<link rel=\"canonical\" href=\"https:\/\/batijournal.com\/index.php\/foret-francaise-exploitee-risque-denvol-constructions-bois-importees-jean-marie-ballu\/97116\/\" \/>\n<meta property=\"og:locale\" content=\"fr_FR\" \/>\n<meta property=\"og:type\" content=\"article\" \/>\n<meta property=\"og:title\" content=\"For\u00eat fran\u00e7aise sous-exploit\u00e9e : un risque d&#039;envol des constructions en bois import\u00e9es pour Jean-Marie Ballu\" \/>\n<meta property=\"og:description\" content=\"Jean-Marie Ballu, ing\u00e9nieur g\u00e9n\u00e9ral honoraire des Ponts des Eaux et des For\u00eats, a donn\u00e9 une conf\u00e9rence le 12 octobre 2017 aupr\u00e8s de l&rsquo;AFEF, Association Fran\u00e7aise des Eaux et For\u00eat, autour des possibilit\u00e9s futures d&rsquo;approvisionnement en bois dans la fili\u00e8re construction. Le titre de son discours est \u00e9loquent : \u00ab Un paradoxe fran\u00e7ais, une for\u00eat sous-exploit\u00e9e [&hellip;]\" \/>\n<meta property=\"og:url\" content=\"https:\/\/batijournal.com\/index.php\/foret-francaise-exploitee-risque-denvol-constructions-bois-importees-jean-marie-ballu\/97116\/\" \/>\n<meta property=\"og:site_name\" content=\"Batijournal\" \/>\n<meta property=\"article:published_time\" content=\"2017-10-12T16:54:47+00:00\" \/>\n<meta property=\"og:image\" content=\"https:\/\/batijournal.com\/wp-content\/uploads\/2016\/07\/forets.jpg\" \/>\n\t<meta property=\"og:image:width\" content=\"1000\" \/>\n\t<meta property=\"og:image:height\" content=\"609\" \/>\n\t<meta property=\"og:image:type\" content=\"image\/jpeg\" \/>\n<meta name=\"author\" content=\"St\u00e9phane Miget\" \/>\n<meta name=\"twitter:card\" content=\"summary_large_image\" \/>\n<meta name=\"twitter:creator\" content=\"@bati_journal\" \/>\n<meta name=\"twitter:site\" content=\"@bati_journal\" \/>\n<meta name=\"twitter:label1\" content=\"\u00c9crit par\" \/>\n\t<meta name=\"twitter:data1\" content=\"St\u00e9phane Miget\" \/>\n\t<meta name=\"twitter:label2\" content=\"Dur\u00e9e de lecture estim\u00e9e\" \/>\n\t<meta name=\"twitter:data2\" content=\"2 minutes\" \/>\n<script type=\"application\/ld+json\" class=\"yoast-schema-graph\">{\"@context\":\"https:\\\/\\\/schema.org\",\"@graph\":[{\"@type\":\"Article\",\"@id\":\"https:\\\/\\\/batijournal.com\\\/index.php\\\/foret-francaise-exploitee-risque-denvol-constructions-bois-importees-jean-marie-ballu\\\/97116\\\/#article\",\"isPartOf\":{\"@id\":\"https:\\\/\\\/batijournal.com\\\/index.php\\\/foret-francaise-exploitee-risque-denvol-constructions-bois-importees-jean-marie-ballu\\\/97116\\\/\"},\"author\":{\"name\":\"St\u00e9phane Miget\",\"@id\":\"https:\\\/\\\/batijournal.com\\\/#\\\/schema\\\/person\\\/1dc96ec6957aa1ccb25ebe78bb19f100\"},\"headline\":\"For\u00eat fran\u00e7aise sous-exploit\u00e9e : un risque d&rsquo;envol des constructions en bois import\u00e9es pour Jean-Marie Ballu\",\"datePublished\":\"2017-10-12T16:54:47+00:00\",\"mainEntityOfPage\":{\"@id\":\"https:\\\/\\\/batijournal.com\\\/index.php\\\/foret-francaise-exploitee-risque-denvol-constructions-bois-importees-jean-marie-ballu\\\/97116\\\/\"},\"wordCount\":330,\"image\":{\"@id\":\"https:\\\/\\\/batijournal.com\\\/index.php\\\/foret-francaise-exploitee-risque-denvol-constructions-bois-importees-jean-marie-ballu\\\/97116\\\/#primaryimage\"},\"thumbnailUrl\":\"https:\\\/\\\/batijournal.com\\\/wp-content\\\/uploads\\\/2016\\\/07\\\/forets.jpg\",\"keywords\":[\"construction bois\",\"fili\u00e8re bois\",\"fili\u00e8re for\u00eat-bois\"],\"articleSection\":[\"Actualit\u00e9s\",\"Architecture &amp; Conception\",\"zz_Woodsurfer\"],\"inLanguage\":\"fr-FR\"},{\"@type\":\"WebPage\",\"@id\":\"https:\\\/\\\/batijournal.com\\\/index.php\\\/foret-francaise-exploitee-risque-denvol-constructions-bois-importees-jean-marie-ballu\\\/97116\\\/\",\"url\":\"https:\\\/\\\/batijournal.com\\\/index.php\\\/foret-francaise-exploitee-risque-denvol-constructions-bois-importees-jean-marie-ballu\\\/97116\\\/\",\"name\":\"For\u00eat fran\u00e7aise sous-exploit\u00e9e : un risque d'envol des constructions en bois import\u00e9es pour Jean-Marie Ballu\",\"isPartOf\":{\"@id\":\"https:\\\/\\\/batijournal.com\\\/#website\"},\"primaryImageOfPage\":{\"@id\":\"https:\\\/\\\/batijournal.com\\\/index.php\\\/foret-francaise-exploitee-risque-denvol-constructions-bois-importees-jean-marie-ballu\\\/97116\\\/#primaryimage\"},\"image\":{\"@id\":\"https:\\\/\\\/batijournal.com\\\/index.php\\\/foret-francaise-exploitee-risque-denvol-constructions-bois-importees-jean-marie-ballu\\\/97116\\\/#primaryimage\"},\"thumbnailUrl\":\"https:\\\/\\\/batijournal.com\\\/wp-content\\\/uploads\\\/2016\\\/07\\\/forets.jpg\",\"datePublished\":\"2017-10-12T16:54:47+00:00\",\"author\":{\"@id\":\"https:\\\/\\\/batijournal.com\\\/#\\\/schema\\\/person\\\/1dc96ec6957aa1ccb25ebe78bb19f100\"},\"breadcrumb\":{\"@id\":\"https:\\\/\\\/batijournal.com\\\/index.php\\\/foret-francaise-exploitee-risque-denvol-constructions-bois-importees-jean-marie-ballu\\\/97116\\\/#breadcrumb\"},\"inLanguage\":\"fr-FR\",\"potentialAction\":[{\"@type\":\"ReadAction\",\"target\":[\"https:\\\/\\\/batijournal.com\\\/index.php\\\/foret-francaise-exploitee-risque-denvol-constructions-bois-importees-jean-marie-ballu\\\/97116\\\/\"]}]},{\"@type\":\"ImageObject\",\"inLanguage\":\"fr-FR\",\"@id\":\"https:\\\/\\\/batijournal.com\\\/index.php\\\/foret-francaise-exploitee-risque-denvol-constructions-bois-importees-jean-marie-ballu\\\/97116\\\/#primaryimage\",\"url\":\"https:\\\/\\\/batijournal.com\\\/wp-content\\\/uploads\\\/2016\\\/07\\\/forets.jpg\",\"contentUrl\":\"https:\\\/\\\/batijournal.com\\\/wp-content\\\/uploads\\\/2016\\\/07\\\/forets.jpg\",\"width\":1000,\"height\":609},{\"@type\":\"BreadcrumbList\",\"@id\":\"https:\\\/\\\/batijournal.com\\\/index.php\\\/foret-francaise-exploitee-risque-denvol-constructions-bois-importees-jean-marie-ballu\\\/97116\\\/#breadcrumb\",\"itemListElement\":[{\"@type\":\"ListItem\",\"position\":1,\"name\":\"Accueil\",\"item\":\"https:\\\/\\\/batijournal.com\\\/\"},{\"@type\":\"ListItem\",\"position\":2,\"name\":\"Actualit\u00e9s\",\"item\":\"https:\\\/\\\/batijournal.com\\\/index.php\\\/category\\\/actualites\\\/\"},{\"@type\":\"ListItem\",\"position\":3,\"name\":\"For\u00eat fran\u00e7aise sous-exploit\u00e9e : un risque d&rsquo;envol des constructions en bois import\u00e9es pour Jean-Marie Ballu\"}]},{\"@type\":\"WebSite\",\"@id\":\"https:\\\/\\\/batijournal.com\\\/#website\",\"url\":\"https:\\\/\\\/batijournal.com\\\/\",\"name\":\"Batijournal\",\"description\":\"L&#039;actualit\u00e9 du b\u00e2timent\",\"potentialAction\":[{\"@type\":\"SearchAction\",\"target\":{\"@type\":\"EntryPoint\",\"urlTemplate\":\"https:\\\/\\\/batijournal.com\\\/?s={search_term_string}\"},\"query-input\":{\"@type\":\"PropertyValueSpecification\",\"valueRequired\":true,\"valueName\":\"search_term_string\"}}],\"inLanguage\":\"fr-FR\"},{\"@type\":\"Person\",\"@id\":\"https:\\\/\\\/batijournal.com\\\/#\\\/schema\\\/person\\\/1dc96ec6957aa1ccb25ebe78bb19f100\",\"name\":\"St\u00e9phane Miget\",\"image\":{\"@type\":\"ImageObject\",\"inLanguage\":\"fr-FR\",\"@id\":\"https:\\\/\\\/secure.gravatar.com\\\/avatar\\\/89915563d925342126b8ef0281b93d9d7fc337043e8df017f780908eb9644451?s=96&d=mm&r=g\",\"url\":\"https:\\\/\\\/secure.gravatar.com\\\/avatar\\\/89915563d925342126b8ef0281b93d9d7fc337043e8df017f780908eb9644451?s=96&d=mm&r=g\",\"contentUrl\":\"https:\\\/\\\/secure.gravatar.com\\\/avatar\\\/89915563d925342126b8ef0281b93d9d7fc337043e8df017f780908eb9644451?s=96&d=mm&r=g\",\"caption\":\"St\u00e9phane Miget\"},\"url\":\"https:\\\/\\\/batijournal.com\\\/index.php\\\/author\\\/stephane\\\/\"}]}<\/script>\n<!-- \/ Yoast SEO plugin. -->","yoast_head_json":{"title":"For\u00eat fran\u00e7aise sous-exploit\u00e9e : un risque d'envol des constructions en bois import\u00e9es pour Jean-Marie Ballu","robots":{"index":"index","follow":"follow","max-snippet":"max-snippet:-1","max-image-preview":"max-image-preview:large","max-video-preview":"max-video-preview:-1"},"canonical":"https:\/\/batijournal.com\/index.php\/foret-francaise-exploitee-risque-denvol-constructions-bois-importees-jean-marie-ballu\/97116\/","og_locale":"fr_FR","og_type":"article","og_title":"For\u00eat fran\u00e7aise sous-exploit\u00e9e : un risque d'envol des constructions en bois import\u00e9es pour Jean-Marie Ballu","og_description":"Jean-Marie Ballu, ing\u00e9nieur g\u00e9n\u00e9ral honoraire des Ponts des Eaux et des For\u00eats, a donn\u00e9 une conf\u00e9rence le 12 octobre 2017 aupr\u00e8s de l&rsquo;AFEF, Association Fran\u00e7aise des Eaux et For\u00eat, autour des possibilit\u00e9s futures d&rsquo;approvisionnement en bois dans la fili\u00e8re construction. Le titre de son discours est \u00e9loquent : \u00ab Un paradoxe fran\u00e7ais, une for\u00eat sous-exploit\u00e9e [&hellip;]","og_url":"https:\/\/batijournal.com\/index.php\/foret-francaise-exploitee-risque-denvol-constructions-bois-importees-jean-marie-ballu\/97116\/","og_site_name":"Batijournal","article_published_time":"2017-10-12T16:54:47+00:00","og_image":[{"width":1000,"height":609,"url":"https:\/\/batijournal.com\/wp-content\/uploads\/2016\/07\/forets.jpg","type":"image\/jpeg"}],"author":"St\u00e9phane Miget","twitter_card":"summary_large_image","twitter_creator":"@bati_journal","twitter_site":"@bati_journal","twitter_misc":{"\u00c9crit par":"St\u00e9phane Miget","Dur\u00e9e de lecture estim\u00e9e":"2 minutes"},"schema":{"@context":"https:\/\/schema.org","@graph":[{"@type":"Article","@id":"https:\/\/batijournal.com\/index.php\/foret-francaise-exploitee-risque-denvol-constructions-bois-importees-jean-marie-ballu\/97116\/#article","isPartOf":{"@id":"https:\/\/batijournal.com\/index.php\/foret-francaise-exploitee-risque-denvol-constructions-bois-importees-jean-marie-ballu\/97116\/"},"author":{"name":"St\u00e9phane Miget","@id":"https:\/\/batijournal.com\/#\/schema\/person\/1dc96ec6957aa1ccb25ebe78bb19f100"},"headline":"For\u00eat fran\u00e7aise sous-exploit\u00e9e : un risque d&rsquo;envol des constructions en bois import\u00e9es pour Jean-Marie Ballu","datePublished":"2017-10-12T16:54:47+00:00","mainEntityOfPage":{"@id":"https:\/\/batijournal.com\/index.php\/foret-francaise-exploitee-risque-denvol-constructions-bois-importees-jean-marie-ballu\/97116\/"},"wordCount":330,"image":{"@id":"https:\/\/batijournal.com\/index.php\/foret-francaise-exploitee-risque-denvol-constructions-bois-importees-jean-marie-ballu\/97116\/#primaryimage"},"thumbnailUrl":"https:\/\/batijournal.com\/wp-content\/uploads\/2016\/07\/forets.jpg","keywords":["construction bois","fili\u00e8re bois","fili\u00e8re for\u00eat-bois"],"articleSection":["Actualit\u00e9s","Architecture &amp; Conception","zz_Woodsurfer"],"inLanguage":"fr-FR"},{"@type":"WebPage","@id":"https:\/\/batijournal.com\/index.php\/foret-francaise-exploitee-risque-denvol-constructions-bois-importees-jean-marie-ballu\/97116\/","url":"https:\/\/batijournal.com\/index.php\/foret-francaise-exploitee-risque-denvol-constructions-bois-importees-jean-marie-ballu\/97116\/","name":"For\u00eat fran\u00e7aise sous-exploit\u00e9e : un risque d'envol des constructions en bois import\u00e9es pour Jean-Marie Ballu","isPartOf":{"@id":"https:\/\/batijournal.com\/#website"},"primaryImageOfPage":{"@id":"https:\/\/batijournal.com\/index.php\/foret-francaise-exploitee-risque-denvol-constructions-bois-importees-jean-marie-ballu\/97116\/#primaryimage"},"image":{"@id":"https:\/\/batijournal.com\/index.php\/foret-francaise-exploitee-risque-denvol-constructions-bois-importees-jean-marie-ballu\/97116\/#primaryimage"},"thumbnailUrl":"https:\/\/batijournal.com\/wp-content\/uploads\/2016\/07\/forets.jpg","datePublished":"2017-10-12T16:54:47+00:00","author":{"@id":"https:\/\/batijournal.com\/#\/schema\/person\/1dc96ec6957aa1ccb25ebe78bb19f100"},"breadcrumb":{"@id":"https:\/\/batijournal.com\/index.php\/foret-francaise-exploitee-risque-denvol-constructions-bois-importees-jean-marie-ballu\/97116\/#breadcrumb"},"inLanguage":"fr-FR","potentialAction":[{"@type":"ReadAction","target":["https:\/\/batijournal.com\/index.php\/foret-francaise-exploitee-risque-denvol-constructions-bois-importees-jean-marie-ballu\/97116\/"]}]},{"@type":"ImageObject","inLanguage":"fr-FR","@id":"https:\/\/batijournal.com\/index.php\/foret-francaise-exploitee-risque-denvol-constructions-bois-importees-jean-marie-ballu\/97116\/#primaryimage","url":"https:\/\/batijournal.com\/wp-content\/uploads\/2016\/07\/forets.jpg","contentUrl":"https:\/\/batijournal.com\/wp-content\/uploads\/2016\/07\/forets.jpg","width":1000,"height":609},{"@type":"BreadcrumbList","@id":"https:\/\/batijournal.com\/index.php\/foret-francaise-exploitee-risque-denvol-constructions-bois-importees-jean-marie-ballu\/97116\/#breadcrumb","itemListElement":[{"@type":"ListItem","position":1,"name":"Accueil","item":"https:\/\/batijournal.com\/"},{"@type":"ListItem","position":2,"name":"Actualit\u00e9s","item":"https:\/\/batijournal.com\/index.php\/category\/actualites\/"},{"@type":"ListItem","position":3,"name":"For\u00eat fran\u00e7aise sous-exploit\u00e9e : un risque d&rsquo;envol des constructions en bois import\u00e9es pour Jean-Marie Ballu"}]},{"@type":"WebSite","@id":"https:\/\/batijournal.com\/#website","url":"https:\/\/batijournal.com\/","name":"Batijournal","description":"L&#039;actualit\u00e9 du b\u00e2timent","potentialAction":[{"@type":"SearchAction","target":{"@type":"EntryPoint","urlTemplate":"https:\/\/batijournal.com\/?s={search_term_string}"},"query-input":{"@type":"PropertyValueSpecification","valueRequired":true,"valueName":"search_term_string"}}],"inLanguage":"fr-FR"},{"@type":"Person","@id":"https:\/\/batijournal.com\/#\/schema\/person\/1dc96ec6957aa1ccb25ebe78bb19f100","name":"St\u00e9phane Miget","image":{"@type":"ImageObject","inLanguage":"fr-FR","@id":"https:\/\/secure.gravatar.com\/avatar\/89915563d925342126b8ef0281b93d9d7fc337043e8df017f780908eb9644451?s=96&d=mm&r=g","url":"https:\/\/secure.gravatar.com\/avatar\/89915563d925342126b8ef0281b93d9d7fc337043e8df017f780908eb9644451?s=96&d=mm&r=g","contentUrl":"https:\/\/secure.gravatar.com\/avatar\/89915563d925342126b8ef0281b93d9d7fc337043e8df017f780908eb9644451?s=96&d=mm&r=g","caption":"St\u00e9phane Miget"},"url":"https:\/\/batijournal.com\/index.php\/author\/stephane\/"}]}},"_links":{"self":[{"href":"https:\/\/batijournal.com\/index.php\/wp-json\/wp\/v2\/posts\/97116","targetHints":{"allow":["GET"]}}],"collection":[{"href":"https:\/\/batijournal.com\/index.php\/wp-json\/wp\/v2\/posts"}],"about":[{"href":"https:\/\/batijournal.com\/index.php\/wp-json\/wp\/v2\/types\/post"}],"author":[{"embeddable":true,"href":"https:\/\/batijournal.com\/index.php\/wp-json\/wp\/v2\/users\/17"}],"replies":[{"embeddable":true,"href":"https:\/\/batijournal.com\/index.php\/wp-json\/wp\/v2\/comments?post=97116"}],"version-history":[{"count":0,"href":"https:\/\/batijournal.com\/index.php\/wp-json\/wp\/v2\/posts\/97116\/revisions"}],"wp:featuredmedia":[{"embeddable":true,"href":"https:\/\/batijournal.com\/index.php\/wp-json\/wp\/v2\/media\/93371"}],"wp:attachment":[{"href":"https:\/\/batijournal.com\/index.php\/wp-json\/wp\/v2\/media?parent=97116"}],"wp:term":[{"taxonomy":"category","embeddable":true,"href":"https:\/\/batijournal.com\/index.php\/wp-json\/wp\/v2\/categories?post=97116"},{"taxonomy":"post_tag","embeddable":true,"href":"https:\/\/batijournal.com\/index.php\/wp-json\/wp\/v2\/tags?post=97116"}],"curies":[{"name":"wp","href":"https:\/\/api.w.org\/{rel}","templated":true}]}}