{"id":97147,"date":"2017-10-17T17:44:40","date_gmt":"2017-10-17T15:44:40","guid":{"rendered":"http:\/\/batijournal.com\/?p=97147"},"modified":"2019-07-15T11:15:35","modified_gmt":"2019-07-15T09:15:35","slug":"25e-edition-salon-restoration-museums-and-cultural-business-international","status":"publish","type":"post","link":"https:\/\/batijournal.com\/index.php\/25e-edition-salon-restoration-museums-and-cultural-business-international\/97147\/","title":{"rendered":"25e \u00e9dition du salon \u00ab\u00a0Restoration Museums and Cultural Business International\u00a0\u00bb"},"content":{"rendered":"<p>La 25e \u00e9dition du salon <em>Restoration Museums and Cultural Business International<\/em> se tiendra du 21 au 23 mars 2018 \u00e0 la Ferrara Fiere en Italie.<br \/>\nTrois jours de s\u00e9minaires, rencontres et conf\u00e9rences en pr\u00e9sence d&rsquo;experts, d&rsquo;entreprises et d&rsquo;institutions du secteur de la restauration du patrimoine.<\/p>\n<p>Depuis 2016, le salon a \u00e9t\u00e9 renouvel\u00e9 en mettant particuli\u00e8rement l&rsquo;accent sur les mus\u00e9es. Il met en avant de nouvelles entreprises, en relation avec les mus\u00e9es priv\u00e9s et publiques, dans les secteurs de la mise en lumi\u00e8re, du transport des oeuvres d&rsquo;arts, des logiciels et autres technologies, de la restauration et du merchandising.<\/p>\n<p>En 2017, le salon a re\u00e7u la certification internationale ISF Cert (Institute for Certification of Statistics Trade Fair).<\/p>\n<p><a href=\"http:\/\/www.salonedelrestauro.com\/\" target=\"_blank\" rel=\"noopener noreferrer\">Plus d&rsquo;informations sur www.salonedelrestauro.com &gt;<\/a><\/p>\n","protected":false},"excerpt":{"rendered":"<p>La 25e \u00e9dition du salon Restoration Museums and Cultural Business International se tiendra du 21 au 23 mars 2018 \u00e0 la Ferrara Fiere en Italie. Trois jours de s\u00e9minaires, rencontres et conf\u00e9rences en pr\u00e9sence d&rsquo;experts, d&rsquo;entreprises et d&rsquo;institutions du secteur de la restauration du patrimoine. Depuis 2016, le salon a \u00e9t\u00e9 renouvel\u00e9 en mettant particuli\u00e8rement [&hellip;]<\/p>\n","protected":false},"author":1,"featured_media":97148,"comment_status":"closed","ping_status":"closed","sticky":false,"template":"","format":"standard","meta":{"_et_pb_use_builder":"","_et_pb_old_content":"","_et_gb_content_width":"","footnotes":""},"categories":[6340,9192],"tags":[386],"class_list":["post-97147","post","type-post","status-publish","format-standard","has-post-thumbnail","hentry","category-architecture-conception","category-evenements","tag-salon"],"yoast_head":"<!-- This site is optimized with the Yoast SEO plugin v27.4 - https:\/\/yoast.com\/product\/yoast-seo-wordpress\/ -->\n<title>25e \u00e9dition du salon &quot;Restoration Museums and Cultural Business International&quot;<\/title>\n<meta name=\"robots\" content=\"index, follow, max-snippet:-1, max-image-preview:large, max-video-preview:-1\" \/>\n<link rel=\"canonical\" href=\"https:\/\/batijournal.com\/index.php\/25e-edition-salon-restoration-museums-and-cultural-business-international\/97147\/\" \/>\n<meta property=\"og:locale\" content=\"fr_FR\" \/>\n<meta property=\"og:type\" content=\"article\" \/>\n<meta property=\"og:title\" content=\"25e \u00e9dition du salon &quot;Restoration Museums and Cultural Business International&quot;\" \/>\n<meta property=\"og:description\" content=\"La 25e \u00e9dition du salon Restoration Museums and Cultural Business International se tiendra du 21 au 23 mars 2018 \u00e0 la Ferrara Fiere en Italie. Trois jours de s\u00e9minaires, rencontres et conf\u00e9rences en pr\u00e9sence d&rsquo;experts, d&rsquo;entreprises et d&rsquo;institutions du secteur de la restauration du patrimoine. Depuis 2016, le salon a \u00e9t\u00e9 renouvel\u00e9 en mettant particuli\u00e8rement [&hellip;]\" \/>\n<meta property=\"og:url\" content=\"https:\/\/batijournal.com\/index.php\/25e-edition-salon-restoration-museums-and-cultural-business-international\/97147\/\" \/>\n<meta property=\"og:site_name\" content=\"Batijournal\" \/>\n<meta property=\"article:published_time\" content=\"2017-10-17T15:44:40+00:00\" \/>\n<meta property=\"article:modified_time\" content=\"2019-07-15T09:15:35+00:00\" \/>\n<meta property=\"og:image\" content=\"https:\/\/batijournal.com\/wp-content\/uploads\/2017\/10\/restoration-museums-tradeshow.png\" \/>\n\t<meta property=\"og:image:width\" content=\"348\" \/>\n\t<meta property=\"og:image:height\" content=\"230\" \/>\n\t<meta property=\"og:image:type\" content=\"image\/png\" \/>\n<meta name=\"author\" content=\"Bati-journal\" \/>\n<meta name=\"twitter:card\" content=\"summary_large_image\" \/>\n<meta name=\"twitter:creator\" content=\"@bati_journal\" \/>\n<meta name=\"twitter:site\" content=\"@bati_journal\" \/>\n<meta name=\"twitter:label1\" content=\"\u00c9crit par\" \/>\n\t<meta name=\"twitter:data1\" content=\"Bati-journal\" \/>\n\t<meta name=\"twitter:label2\" content=\"Dur\u00e9e de lecture estim\u00e9e\" \/>\n\t<meta name=\"twitter:data2\" content=\"1 minute\" \/>\n<script type=\"application\/ld+json\" class=\"yoast-schema-graph\">{\"@context\":\"https:\\\/\\\/schema.org\",\"@graph\":[{\"@type\":\"Article\",\"@id\":\"https:\\\/\\\/batijournal.com\\\/index.php\\\/25e-edition-salon-restoration-museums-and-cultural-business-international\\\/97147\\\/#article\",\"isPartOf\":{\"@id\":\"https:\\\/\\\/batijournal.com\\\/index.php\\\/25e-edition-salon-restoration-museums-and-cultural-business-international\\\/97147\\\/\"},\"author\":{\"name\":\"Bati-journal\",\"@id\":\"https:\\\/\\\/batijournal.com\\\/#\\\/schema\\\/person\\\/6a657e8967569e1b299972574848aa76\"},\"headline\":\"25e \u00e9dition du salon \u00ab\u00a0Restoration Museums and Cultural Business International\u00a0\u00bb\",\"datePublished\":\"2017-10-17T15:44:40+00:00\",\"dateModified\":\"2019-07-15T09:15:35+00:00\",\"mainEntityOfPage\":{\"@id\":\"https:\\\/\\\/batijournal.com\\\/index.php\\\/25e-edition-salon-restoration-museums-and-cultural-business-international\\\/97147\\\/\"},\"wordCount\":142,\"image\":{\"@id\":\"https:\\\/\\\/batijournal.com\\\/index.php\\\/25e-edition-salon-restoration-museums-and-cultural-business-international\\\/97147\\\/#primaryimage\"},\"thumbnailUrl\":\"https:\\\/\\\/batijournal.com\\\/wp-content\\\/uploads\\\/2017\\\/10\\\/restoration-museums-tradeshow.png\",\"keywords\":[\"salon\"],\"articleSection\":[\"Architecture &amp; Conception\",\"\u00c9v\u00e9nements\"],\"inLanguage\":\"fr-FR\"},{\"@type\":\"WebPage\",\"@id\":\"https:\\\/\\\/batijournal.com\\\/index.php\\\/25e-edition-salon-restoration-museums-and-cultural-business-international\\\/97147\\\/\",\"url\":\"https:\\\/\\\/batijournal.com\\\/index.php\\\/25e-edition-salon-restoration-museums-and-cultural-business-international\\\/97147\\\/\",\"name\":\"25e \u00e9dition du salon \\\"Restoration Museums and Cultural Business International\\\"\",\"isPartOf\":{\"@id\":\"https:\\\/\\\/batijournal.com\\\/#website\"},\"primaryImageOfPage\":{\"@id\":\"https:\\\/\\\/batijournal.com\\\/index.php\\\/25e-edition-salon-restoration-museums-and-cultural-business-international\\\/97147\\\/#primaryimage\"},\"image\":{\"@id\":\"https:\\\/\\\/batijournal.com\\\/index.php\\\/25e-edition-salon-restoration-museums-and-cultural-business-international\\\/97147\\\/#primaryimage\"},\"thumbnailUrl\":\"https:\\\/\\\/batijournal.com\\\/wp-content\\\/uploads\\\/2017\\\/10\\\/restoration-museums-tradeshow.png\",\"datePublished\":\"2017-10-17T15:44:40+00:00\",\"dateModified\":\"2019-07-15T09:15:35+00:00\",\"author\":{\"@id\":\"https:\\\/\\\/batijournal.com\\\/#\\\/schema\\\/person\\\/6a657e8967569e1b299972574848aa76\"},\"breadcrumb\":{\"@id\":\"https:\\\/\\\/batijournal.com\\\/index.php\\\/25e-edition-salon-restoration-museums-and-cultural-business-international\\\/97147\\\/#breadcrumb\"},\"inLanguage\":\"fr-FR\",\"potentialAction\":[{\"@type\":\"ReadAction\",\"target\":[\"https:\\\/\\\/batijournal.com\\\/index.php\\\/25e-edition-salon-restoration-museums-and-cultural-business-international\\\/97147\\\/\"]}]},{\"@type\":\"ImageObject\",\"inLanguage\":\"fr-FR\",\"@id\":\"https:\\\/\\\/batijournal.com\\\/index.php\\\/25e-edition-salon-restoration-museums-and-cultural-business-international\\\/97147\\\/#primaryimage\",\"url\":\"https:\\\/\\\/batijournal.com\\\/wp-content\\\/uploads\\\/2017\\\/10\\\/restoration-museums-tradeshow.png\",\"contentUrl\":\"https:\\\/\\\/batijournal.com\\\/wp-content\\\/uploads\\\/2017\\\/10\\\/restoration-museums-tradeshow.png\",\"width\":348,\"height\":230},{\"@type\":\"BreadcrumbList\",\"@id\":\"https:\\\/\\\/batijournal.com\\\/index.php\\\/25e-edition-salon-restoration-museums-and-cultural-business-international\\\/97147\\\/#breadcrumb\",\"itemListElement\":[{\"@type\":\"ListItem\",\"position\":1,\"name\":\"Accueil\",\"item\":\"https:\\\/\\\/batijournal.com\\\/\"},{\"@type\":\"ListItem\",\"position\":2,\"name\":\"Actualit\u00e9s\",\"item\":\"https:\\\/\\\/batijournal.com\\\/index.php\\\/category\\\/actualites\\\/\"},{\"@type\":\"ListItem\",\"position\":3,\"name\":\"Architecture &amp; Conception\",\"item\":\"https:\\\/\\\/batijournal.com\\\/index.php\\\/category\\\/actualites\\\/architecture-conception\\\/\"},{\"@type\":\"ListItem\",\"position\":4,\"name\":\"25e \u00e9dition du salon \u00ab\u00a0Restoration Museums and Cultural Business International\u00a0\u00bb\"}]},{\"@type\":\"WebSite\",\"@id\":\"https:\\\/\\\/batijournal.com\\\/#website\",\"url\":\"https:\\\/\\\/batijournal.com\\\/\",\"name\":\"Batijournal\",\"description\":\"L&#039;actualit\u00e9 du b\u00e2timent\",\"potentialAction\":[{\"@type\":\"SearchAction\",\"target\":{\"@type\":\"EntryPoint\",\"urlTemplate\":\"https:\\\/\\\/batijournal.com\\\/?s={search_term_string}\"},\"query-input\":{\"@type\":\"PropertyValueSpecification\",\"valueRequired\":true,\"valueName\":\"search_term_string\"}}],\"inLanguage\":\"fr-FR\"},{\"@type\":\"Person\",\"@id\":\"https:\\\/\\\/batijournal.com\\\/#\\\/schema\\\/person\\\/6a657e8967569e1b299972574848aa76\",\"name\":\"Bati-journal\",\"image\":{\"@type\":\"ImageObject\",\"inLanguage\":\"fr-FR\",\"@id\":\"https:\\\/\\\/secure.gravatar.com\\\/avatar\\\/a64364ea26392f9b4dd47e017ddaec74ff03aefc073b49e492e847201258f777?s=96&d=mm&r=g\",\"url\":\"https:\\\/\\\/secure.gravatar.com\\\/avatar\\\/a64364ea26392f9b4dd47e017ddaec74ff03aefc073b49e492e847201258f777?s=96&d=mm&r=g\",\"contentUrl\":\"https:\\\/\\\/secure.gravatar.com\\\/avatar\\\/a64364ea26392f9b4dd47e017ddaec74ff03aefc073b49e492e847201258f777?s=96&d=mm&r=g\",\"caption\":\"Bati-journal\"},\"url\":\"https:\\\/\\\/batijournal.com\\\/index.php\\\/author\\\/elodie\\\/\"}]}<\/script>\n<!-- \/ Yoast SEO plugin. -->","yoast_head_json":{"title":"25e \u00e9dition du salon \"Restoration Museums and Cultural Business International\"","robots":{"index":"index","follow":"follow","max-snippet":"max-snippet:-1","max-image-preview":"max-image-preview:large","max-video-preview":"max-video-preview:-1"},"canonical":"https:\/\/batijournal.com\/index.php\/25e-edition-salon-restoration-museums-and-cultural-business-international\/97147\/","og_locale":"fr_FR","og_type":"article","og_title":"25e \u00e9dition du salon \"Restoration Museums and Cultural Business International\"","og_description":"La 25e \u00e9dition du salon Restoration Museums and Cultural Business International se tiendra du 21 au 23 mars 2018 \u00e0 la Ferrara Fiere en Italie. Trois jours de s\u00e9minaires, rencontres et conf\u00e9rences en pr\u00e9sence d&rsquo;experts, d&rsquo;entreprises et d&rsquo;institutions du secteur de la restauration du patrimoine. Depuis 2016, le salon a \u00e9t\u00e9 renouvel\u00e9 en mettant particuli\u00e8rement [&hellip;]","og_url":"https:\/\/batijournal.com\/index.php\/25e-edition-salon-restoration-museums-and-cultural-business-international\/97147\/","og_site_name":"Batijournal","article_published_time":"2017-10-17T15:44:40+00:00","article_modified_time":"2019-07-15T09:15:35+00:00","og_image":[{"width":348,"height":230,"url":"https:\/\/batijournal.com\/wp-content\/uploads\/2017\/10\/restoration-museums-tradeshow.png","type":"image\/png"}],"author":"Bati-journal","twitter_card":"summary_large_image","twitter_creator":"@bati_journal","twitter_site":"@bati_journal","twitter_misc":{"\u00c9crit par":"Bati-journal","Dur\u00e9e de lecture estim\u00e9e":"1 minute"},"schema":{"@context":"https:\/\/schema.org","@graph":[{"@type":"Article","@id":"https:\/\/batijournal.com\/index.php\/25e-edition-salon-restoration-museums-and-cultural-business-international\/97147\/#article","isPartOf":{"@id":"https:\/\/batijournal.com\/index.php\/25e-edition-salon-restoration-museums-and-cultural-business-international\/97147\/"},"author":{"name":"Bati-journal","@id":"https:\/\/batijournal.com\/#\/schema\/person\/6a657e8967569e1b299972574848aa76"},"headline":"25e \u00e9dition du salon \u00ab\u00a0Restoration Museums and Cultural Business International\u00a0\u00bb","datePublished":"2017-10-17T15:44:40+00:00","dateModified":"2019-07-15T09:15:35+00:00","mainEntityOfPage":{"@id":"https:\/\/batijournal.com\/index.php\/25e-edition-salon-restoration-museums-and-cultural-business-international\/97147\/"},"wordCount":142,"image":{"@id":"https:\/\/batijournal.com\/index.php\/25e-edition-salon-restoration-museums-and-cultural-business-international\/97147\/#primaryimage"},"thumbnailUrl":"https:\/\/batijournal.com\/wp-content\/uploads\/2017\/10\/restoration-museums-tradeshow.png","keywords":["salon"],"articleSection":["Architecture &amp; Conception","\u00c9v\u00e9nements"],"inLanguage":"fr-FR"},{"@type":"WebPage","@id":"https:\/\/batijournal.com\/index.php\/25e-edition-salon-restoration-museums-and-cultural-business-international\/97147\/","url":"https:\/\/batijournal.com\/index.php\/25e-edition-salon-restoration-museums-and-cultural-business-international\/97147\/","name":"25e \u00e9dition du salon \"Restoration Museums and Cultural Business International\"","isPartOf":{"@id":"https:\/\/batijournal.com\/#website"},"primaryImageOfPage":{"@id":"https:\/\/batijournal.com\/index.php\/25e-edition-salon-restoration-museums-and-cultural-business-international\/97147\/#primaryimage"},"image":{"@id":"https:\/\/batijournal.com\/index.php\/25e-edition-salon-restoration-museums-and-cultural-business-international\/97147\/#primaryimage"},"thumbnailUrl":"https:\/\/batijournal.com\/wp-content\/uploads\/2017\/10\/restoration-museums-tradeshow.png","datePublished":"2017-10-17T15:44:40+00:00","dateModified":"2019-07-15T09:15:35+00:00","author":{"@id":"https:\/\/batijournal.com\/#\/schema\/person\/6a657e8967569e1b299972574848aa76"},"breadcrumb":{"@id":"https:\/\/batijournal.com\/index.php\/25e-edition-salon-restoration-museums-and-cultural-business-international\/97147\/#breadcrumb"},"inLanguage":"fr-FR","potentialAction":[{"@type":"ReadAction","target":["https:\/\/batijournal.com\/index.php\/25e-edition-salon-restoration-museums-and-cultural-business-international\/97147\/"]}]},{"@type":"ImageObject","inLanguage":"fr-FR","@id":"https:\/\/batijournal.com\/index.php\/25e-edition-salon-restoration-museums-and-cultural-business-international\/97147\/#primaryimage","url":"https:\/\/batijournal.com\/wp-content\/uploads\/2017\/10\/restoration-museums-tradeshow.png","contentUrl":"https:\/\/batijournal.com\/wp-content\/uploads\/2017\/10\/restoration-museums-tradeshow.png","width":348,"height":230},{"@type":"BreadcrumbList","@id":"https:\/\/batijournal.com\/index.php\/25e-edition-salon-restoration-museums-and-cultural-business-international\/97147\/#breadcrumb","itemListElement":[{"@type":"ListItem","position":1,"name":"Accueil","item":"https:\/\/batijournal.com\/"},{"@type":"ListItem","position":2,"name":"Actualit\u00e9s","item":"https:\/\/batijournal.com\/index.php\/category\/actualites\/"},{"@type":"ListItem","position":3,"name":"Architecture &amp; Conception","item":"https:\/\/batijournal.com\/index.php\/category\/actualites\/architecture-conception\/"},{"@type":"ListItem","position":4,"name":"25e \u00e9dition du salon \u00ab\u00a0Restoration Museums and Cultural Business International\u00a0\u00bb"}]},{"@type":"WebSite","@id":"https:\/\/batijournal.com\/#website","url":"https:\/\/batijournal.com\/","name":"Batijournal","description":"L&#039;actualit\u00e9 du b\u00e2timent","potentialAction":[{"@type":"SearchAction","target":{"@type":"EntryPoint","urlTemplate":"https:\/\/batijournal.com\/?s={search_term_string}"},"query-input":{"@type":"PropertyValueSpecification","valueRequired":true,"valueName":"search_term_string"}}],"inLanguage":"fr-FR"},{"@type":"Person","@id":"https:\/\/batijournal.com\/#\/schema\/person\/6a657e8967569e1b299972574848aa76","name":"Bati-journal","image":{"@type":"ImageObject","inLanguage":"fr-FR","@id":"https:\/\/secure.gravatar.com\/avatar\/a64364ea26392f9b4dd47e017ddaec74ff03aefc073b49e492e847201258f777?s=96&d=mm&r=g","url":"https:\/\/secure.gravatar.com\/avatar\/a64364ea26392f9b4dd47e017ddaec74ff03aefc073b49e492e847201258f777?s=96&d=mm&r=g","contentUrl":"https:\/\/secure.gravatar.com\/avatar\/a64364ea26392f9b4dd47e017ddaec74ff03aefc073b49e492e847201258f777?s=96&d=mm&r=g","caption":"Bati-journal"},"url":"https:\/\/batijournal.com\/index.php\/author\/elodie\/"}]}},"_links":{"self":[{"href":"https:\/\/batijournal.com\/index.php\/wp-json\/wp\/v2\/posts\/97147","targetHints":{"allow":["GET"]}}],"collection":[{"href":"https:\/\/batijournal.com\/index.php\/wp-json\/wp\/v2\/posts"}],"about":[{"href":"https:\/\/batijournal.com\/index.php\/wp-json\/wp\/v2\/types\/post"}],"author":[{"embeddable":true,"href":"https:\/\/batijournal.com\/index.php\/wp-json\/wp\/v2\/users\/1"}],"replies":[{"embeddable":true,"href":"https:\/\/batijournal.com\/index.php\/wp-json\/wp\/v2\/comments?post=97147"}],"version-history":[{"count":0,"href":"https:\/\/batijournal.com\/index.php\/wp-json\/wp\/v2\/posts\/97147\/revisions"}],"wp:featuredmedia":[{"embeddable":true,"href":"https:\/\/batijournal.com\/index.php\/wp-json\/wp\/v2\/media\/97148"}],"wp:attachment":[{"href":"https:\/\/batijournal.com\/index.php\/wp-json\/wp\/v2\/media?parent=97147"}],"wp:term":[{"taxonomy":"category","embeddable":true,"href":"https:\/\/batijournal.com\/index.php\/wp-json\/wp\/v2\/categories?post=97147"},{"taxonomy":"post_tag","embeddable":true,"href":"https:\/\/batijournal.com\/index.php\/wp-json\/wp\/v2\/tags?post=97147"}],"curies":[{"name":"wp","href":"https:\/\/api.w.org\/{rel}","templated":true}]}}