{"id":97166,"date":"2017-10-20T07:47:03","date_gmt":"2017-10-20T05:47:03","guid":{"rendered":"http:\/\/batijournal.com\/?p=97166"},"modified":"2019-07-15T11:21:37","modified_gmt":"2019-07-15T09:21:37","slug":"rennes-metropole-va-developper-construction-bois","status":"publish","type":"post","link":"https:\/\/batijournal.com\/index.php\/rennes-metropole-va-developper-construction-bois\/97166\/","title":{"rendered":"Rennes M\u00e9tropole va d\u00e9velopper la construction bois\u00a0"},"content":{"rendered":"<p>Lors de l&rsquo;\u00e9laboration du Programme local de l&rsquo;habitat (PLH) 2015-2020 de Rennes M\u00e9tropole, le diagnostic a mis en \u00e9vidence la n\u00e9cessit\u00e9 d&rsquo;innover dans le mode de production des logements. La m\u00e9tropole a d\u00e9cel\u00e9 dans la construction bois la capacit\u00e9 \u00e0 r\u00e9pondre \u00e0 ces enjeux. Le potentiel d&rsquo;innovation de la fili\u00e8re bois permet d&rsquo;envisager la construction de logements \u00e0 des prix abordables, tout en respectant leur qualit\u00e9 et les nouveaux usages d&rsquo;habitation. Rennes M\u00e9tropole a missionn\u00e9 l&rsquo;interprofession Abibois pour accompagner, en tant qu\u2019assistant ma\u00eetre d\u2019ouvrage (AMO), la mise en \u0153uvre d\u2019un appel \u00e0 manifestation d\u2019int\u00e9r\u00eat (AMI) destin\u00e9 \u00e0 porter le d\u00e9veloppement de la construction bois sur le territoire.<\/p>\n<p><a href=\"https:\/\/www.constructionboispourtous.com\" target=\"_blank\" rel=\"noopener noreferrer\">https:\/\/www.constructionboispourtous.com<\/a><\/p>\n<p>&nbsp;<\/p>\n","protected":false},"excerpt":{"rendered":"<p>Lors de l&rsquo;\u00e9laboration du Programme local de l&rsquo;habitat (PLH) 2015-2020 de Rennes M\u00e9tropole, le diagnostic a mis en \u00e9vidence la n\u00e9cessit\u00e9 d&rsquo;innover dans le mode de production des logements. La m\u00e9tropole a d\u00e9cel\u00e9 dans la construction bois la capacit\u00e9 \u00e0 r\u00e9pondre \u00e0 ces enjeux. Le potentiel d&rsquo;innovation de la fili\u00e8re bois permet d&rsquo;envisager la construction [&hellip;]<\/p>\n","protected":false},"author":17,"featured_media":97167,"comment_status":"closed","ping_status":"closed","sticky":false,"template":"","format":"standard","meta":{"_et_pb_use_builder":"","_et_pb_old_content":"","_et_gb_content_width":"","footnotes":""},"categories":[10530,6340,10764],"tags":[374],"class_list":["post-97166","post","type-post","status-publish","format-standard","has-post-thumbnail","hentry","category-actualites","category-architecture-conception","category-woodsurfer","tag-construction-bois-2"],"yoast_head":"<!-- This site is optimized with the Yoast SEO plugin v27.4 - https:\/\/yoast.com\/product\/yoast-seo-wordpress\/ -->\n<title>Rennes M\u00e9tropole va d\u00e9velopper la construction bois\u00a0<\/title>\n<meta name=\"robots\" content=\"index, follow, max-snippet:-1, max-image-preview:large, max-video-preview:-1\" \/>\n<link rel=\"canonical\" href=\"https:\/\/batijournal.com\/index.php\/rennes-metropole-va-developper-construction-bois\/97166\/\" \/>\n<meta property=\"og:locale\" content=\"fr_FR\" \/>\n<meta property=\"og:type\" content=\"article\" \/>\n<meta property=\"og:title\" content=\"Rennes M\u00e9tropole va d\u00e9velopper la construction bois\u00a0\" \/>\n<meta property=\"og:description\" content=\"Lors de l&rsquo;\u00e9laboration du Programme local de l&rsquo;habitat (PLH) 2015-2020 de Rennes M\u00e9tropole, le diagnostic a mis en \u00e9vidence la n\u00e9cessit\u00e9 d&rsquo;innover dans le mode de production des logements. La m\u00e9tropole a d\u00e9cel\u00e9 dans la construction bois la capacit\u00e9 \u00e0 r\u00e9pondre \u00e0 ces enjeux. Le potentiel d&rsquo;innovation de la fili\u00e8re bois permet d&rsquo;envisager la construction [&hellip;]\" \/>\n<meta property=\"og:url\" content=\"https:\/\/batijournal.com\/index.php\/rennes-metropole-va-developper-construction-bois\/97166\/\" \/>\n<meta property=\"og:site_name\" content=\"Batijournal\" \/>\n<meta property=\"article:published_time\" content=\"2017-10-20T05:47:03+00:00\" \/>\n<meta property=\"article:modified_time\" content=\"2019-07-15T09:21:37+00:00\" \/>\n<meta property=\"og:image\" content=\"https:\/\/batijournal.com\/wp-content\/uploads\/2017\/10\/renne-metropole-abibois_phase_projet_AMI-2.jpg\" \/>\n\t<meta property=\"og:image:width\" content=\"640\" \/>\n\t<meta property=\"og:image:height\" content=\"263\" \/>\n\t<meta property=\"og:image:type\" content=\"image\/jpeg\" \/>\n<meta name=\"author\" content=\"St\u00e9phane Miget\" \/>\n<meta name=\"twitter:card\" content=\"summary_large_image\" \/>\n<meta name=\"twitter:creator\" content=\"@bati_journal\" \/>\n<meta name=\"twitter:site\" content=\"@bati_journal\" \/>\n<meta name=\"twitter:label1\" content=\"\u00c9crit par\" \/>\n\t<meta name=\"twitter:data1\" content=\"St\u00e9phane Miget\" \/>\n\t<meta name=\"twitter:label2\" content=\"Dur\u00e9e de lecture estim\u00e9e\" \/>\n\t<meta name=\"twitter:data2\" content=\"1 minute\" \/>\n<script type=\"application\/ld+json\" class=\"yoast-schema-graph\">{\"@context\":\"https:\\\/\\\/schema.org\",\"@graph\":[{\"@type\":\"Article\",\"@id\":\"https:\\\/\\\/batijournal.com\\\/index.php\\\/rennes-metropole-va-developper-construction-bois\\\/97166\\\/#article\",\"isPartOf\":{\"@id\":\"https:\\\/\\\/batijournal.com\\\/index.php\\\/rennes-metropole-va-developper-construction-bois\\\/97166\\\/\"},\"author\":{\"name\":\"St\u00e9phane Miget\",\"@id\":\"https:\\\/\\\/batijournal.com\\\/#\\\/schema\\\/person\\\/1dc96ec6957aa1ccb25ebe78bb19f100\"},\"headline\":\"Rennes M\u00e9tropole va d\u00e9velopper la construction bois\u00a0\",\"datePublished\":\"2017-10-20T05:47:03+00:00\",\"dateModified\":\"2019-07-15T09:21:37+00:00\",\"mainEntityOfPage\":{\"@id\":\"https:\\\/\\\/batijournal.com\\\/index.php\\\/rennes-metropole-va-developper-construction-bois\\\/97166\\\/\"},\"wordCount\":138,\"image\":{\"@id\":\"https:\\\/\\\/batijournal.com\\\/index.php\\\/rennes-metropole-va-developper-construction-bois\\\/97166\\\/#primaryimage\"},\"thumbnailUrl\":\"https:\\\/\\\/batijournal.com\\\/wp-content\\\/uploads\\\/2017\\\/10\\\/renne-metropole-abibois_phase_projet_AMI-2.jpg\",\"keywords\":[\"construction bois\"],\"articleSection\":[\"Actualit\u00e9s\",\"Architecture &amp; Conception\",\"zz_Woodsurfer\"],\"inLanguage\":\"fr-FR\"},{\"@type\":\"WebPage\",\"@id\":\"https:\\\/\\\/batijournal.com\\\/index.php\\\/rennes-metropole-va-developper-construction-bois\\\/97166\\\/\",\"url\":\"https:\\\/\\\/batijournal.com\\\/index.php\\\/rennes-metropole-va-developper-construction-bois\\\/97166\\\/\",\"name\":\"Rennes M\u00e9tropole va d\u00e9velopper la construction bois\u00a0\",\"isPartOf\":{\"@id\":\"https:\\\/\\\/batijournal.com\\\/#website\"},\"primaryImageOfPage\":{\"@id\":\"https:\\\/\\\/batijournal.com\\\/index.php\\\/rennes-metropole-va-developper-construction-bois\\\/97166\\\/#primaryimage\"},\"image\":{\"@id\":\"https:\\\/\\\/batijournal.com\\\/index.php\\\/rennes-metropole-va-developper-construction-bois\\\/97166\\\/#primaryimage\"},\"thumbnailUrl\":\"https:\\\/\\\/batijournal.com\\\/wp-content\\\/uploads\\\/2017\\\/10\\\/renne-metropole-abibois_phase_projet_AMI-2.jpg\",\"datePublished\":\"2017-10-20T05:47:03+00:00\",\"dateModified\":\"2019-07-15T09:21:37+00:00\",\"author\":{\"@id\":\"https:\\\/\\\/batijournal.com\\\/#\\\/schema\\\/person\\\/1dc96ec6957aa1ccb25ebe78bb19f100\"},\"breadcrumb\":{\"@id\":\"https:\\\/\\\/batijournal.com\\\/index.php\\\/rennes-metropole-va-developper-construction-bois\\\/97166\\\/#breadcrumb\"},\"inLanguage\":\"fr-FR\",\"potentialAction\":[{\"@type\":\"ReadAction\",\"target\":[\"https:\\\/\\\/batijournal.com\\\/index.php\\\/rennes-metropole-va-developper-construction-bois\\\/97166\\\/\"]}]},{\"@type\":\"ImageObject\",\"inLanguage\":\"fr-FR\",\"@id\":\"https:\\\/\\\/batijournal.com\\\/index.php\\\/rennes-metropole-va-developper-construction-bois\\\/97166\\\/#primaryimage\",\"url\":\"https:\\\/\\\/batijournal.com\\\/wp-content\\\/uploads\\\/2017\\\/10\\\/renne-metropole-abibois_phase_projet_AMI-2.jpg\",\"contentUrl\":\"https:\\\/\\\/batijournal.com\\\/wp-content\\\/uploads\\\/2017\\\/10\\\/renne-metropole-abibois_phase_projet_AMI-2.jpg\",\"width\":640,\"height\":263},{\"@type\":\"BreadcrumbList\",\"@id\":\"https:\\\/\\\/batijournal.com\\\/index.php\\\/rennes-metropole-va-developper-construction-bois\\\/97166\\\/#breadcrumb\",\"itemListElement\":[{\"@type\":\"ListItem\",\"position\":1,\"name\":\"Accueil\",\"item\":\"https:\\\/\\\/batijournal.com\\\/\"},{\"@type\":\"ListItem\",\"position\":2,\"name\":\"Actualit\u00e9s\",\"item\":\"https:\\\/\\\/batijournal.com\\\/index.php\\\/category\\\/actualites\\\/\"},{\"@type\":\"ListItem\",\"position\":3,\"name\":\"Rennes M\u00e9tropole va d\u00e9velopper la construction bois\u00a0\"}]},{\"@type\":\"WebSite\",\"@id\":\"https:\\\/\\\/batijournal.com\\\/#website\",\"url\":\"https:\\\/\\\/batijournal.com\\\/\",\"name\":\"Batijournal\",\"description\":\"L&#039;actualit\u00e9 du b\u00e2timent\",\"potentialAction\":[{\"@type\":\"SearchAction\",\"target\":{\"@type\":\"EntryPoint\",\"urlTemplate\":\"https:\\\/\\\/batijournal.com\\\/?s={search_term_string}\"},\"query-input\":{\"@type\":\"PropertyValueSpecification\",\"valueRequired\":true,\"valueName\":\"search_term_string\"}}],\"inLanguage\":\"fr-FR\"},{\"@type\":\"Person\",\"@id\":\"https:\\\/\\\/batijournal.com\\\/#\\\/schema\\\/person\\\/1dc96ec6957aa1ccb25ebe78bb19f100\",\"name\":\"St\u00e9phane Miget\",\"image\":{\"@type\":\"ImageObject\",\"inLanguage\":\"fr-FR\",\"@id\":\"https:\\\/\\\/secure.gravatar.com\\\/avatar\\\/89915563d925342126b8ef0281b93d9d7fc337043e8df017f780908eb9644451?s=96&d=mm&r=g\",\"url\":\"https:\\\/\\\/secure.gravatar.com\\\/avatar\\\/89915563d925342126b8ef0281b93d9d7fc337043e8df017f780908eb9644451?s=96&d=mm&r=g\",\"contentUrl\":\"https:\\\/\\\/secure.gravatar.com\\\/avatar\\\/89915563d925342126b8ef0281b93d9d7fc337043e8df017f780908eb9644451?s=96&d=mm&r=g\",\"caption\":\"St\u00e9phane Miget\"},\"url\":\"https:\\\/\\\/batijournal.com\\\/index.php\\\/author\\\/stephane\\\/\"}]}<\/script>\n<!-- \/ Yoast SEO plugin. -->","yoast_head_json":{"title":"Rennes M\u00e9tropole va d\u00e9velopper la construction bois\u00a0","robots":{"index":"index","follow":"follow","max-snippet":"max-snippet:-1","max-image-preview":"max-image-preview:large","max-video-preview":"max-video-preview:-1"},"canonical":"https:\/\/batijournal.com\/index.php\/rennes-metropole-va-developper-construction-bois\/97166\/","og_locale":"fr_FR","og_type":"article","og_title":"Rennes M\u00e9tropole va d\u00e9velopper la construction bois\u00a0","og_description":"Lors de l&rsquo;\u00e9laboration du Programme local de l&rsquo;habitat (PLH) 2015-2020 de Rennes M\u00e9tropole, le diagnostic a mis en \u00e9vidence la n\u00e9cessit\u00e9 d&rsquo;innover dans le mode de production des logements. La m\u00e9tropole a d\u00e9cel\u00e9 dans la construction bois la capacit\u00e9 \u00e0 r\u00e9pondre \u00e0 ces enjeux. Le potentiel d&rsquo;innovation de la fili\u00e8re bois permet d&rsquo;envisager la construction [&hellip;]","og_url":"https:\/\/batijournal.com\/index.php\/rennes-metropole-va-developper-construction-bois\/97166\/","og_site_name":"Batijournal","article_published_time":"2017-10-20T05:47:03+00:00","article_modified_time":"2019-07-15T09:21:37+00:00","og_image":[{"width":640,"height":263,"url":"https:\/\/batijournal.com\/wp-content\/uploads\/2017\/10\/renne-metropole-abibois_phase_projet_AMI-2.jpg","type":"image\/jpeg"}],"author":"St\u00e9phane Miget","twitter_card":"summary_large_image","twitter_creator":"@bati_journal","twitter_site":"@bati_journal","twitter_misc":{"\u00c9crit par":"St\u00e9phane Miget","Dur\u00e9e de lecture estim\u00e9e":"1 minute"},"schema":{"@context":"https:\/\/schema.org","@graph":[{"@type":"Article","@id":"https:\/\/batijournal.com\/index.php\/rennes-metropole-va-developper-construction-bois\/97166\/#article","isPartOf":{"@id":"https:\/\/batijournal.com\/index.php\/rennes-metropole-va-developper-construction-bois\/97166\/"},"author":{"name":"St\u00e9phane Miget","@id":"https:\/\/batijournal.com\/#\/schema\/person\/1dc96ec6957aa1ccb25ebe78bb19f100"},"headline":"Rennes M\u00e9tropole va d\u00e9velopper la construction bois\u00a0","datePublished":"2017-10-20T05:47:03+00:00","dateModified":"2019-07-15T09:21:37+00:00","mainEntityOfPage":{"@id":"https:\/\/batijournal.com\/index.php\/rennes-metropole-va-developper-construction-bois\/97166\/"},"wordCount":138,"image":{"@id":"https:\/\/batijournal.com\/index.php\/rennes-metropole-va-developper-construction-bois\/97166\/#primaryimage"},"thumbnailUrl":"https:\/\/batijournal.com\/wp-content\/uploads\/2017\/10\/renne-metropole-abibois_phase_projet_AMI-2.jpg","keywords":["construction bois"],"articleSection":["Actualit\u00e9s","Architecture &amp; Conception","zz_Woodsurfer"],"inLanguage":"fr-FR"},{"@type":"WebPage","@id":"https:\/\/batijournal.com\/index.php\/rennes-metropole-va-developper-construction-bois\/97166\/","url":"https:\/\/batijournal.com\/index.php\/rennes-metropole-va-developper-construction-bois\/97166\/","name":"Rennes M\u00e9tropole va d\u00e9velopper la construction bois\u00a0","isPartOf":{"@id":"https:\/\/batijournal.com\/#website"},"primaryImageOfPage":{"@id":"https:\/\/batijournal.com\/index.php\/rennes-metropole-va-developper-construction-bois\/97166\/#primaryimage"},"image":{"@id":"https:\/\/batijournal.com\/index.php\/rennes-metropole-va-developper-construction-bois\/97166\/#primaryimage"},"thumbnailUrl":"https:\/\/batijournal.com\/wp-content\/uploads\/2017\/10\/renne-metropole-abibois_phase_projet_AMI-2.jpg","datePublished":"2017-10-20T05:47:03+00:00","dateModified":"2019-07-15T09:21:37+00:00","author":{"@id":"https:\/\/batijournal.com\/#\/schema\/person\/1dc96ec6957aa1ccb25ebe78bb19f100"},"breadcrumb":{"@id":"https:\/\/batijournal.com\/index.php\/rennes-metropole-va-developper-construction-bois\/97166\/#breadcrumb"},"inLanguage":"fr-FR","potentialAction":[{"@type":"ReadAction","target":["https:\/\/batijournal.com\/index.php\/rennes-metropole-va-developper-construction-bois\/97166\/"]}]},{"@type":"ImageObject","inLanguage":"fr-FR","@id":"https:\/\/batijournal.com\/index.php\/rennes-metropole-va-developper-construction-bois\/97166\/#primaryimage","url":"https:\/\/batijournal.com\/wp-content\/uploads\/2017\/10\/renne-metropole-abibois_phase_projet_AMI-2.jpg","contentUrl":"https:\/\/batijournal.com\/wp-content\/uploads\/2017\/10\/renne-metropole-abibois_phase_projet_AMI-2.jpg","width":640,"height":263},{"@type":"BreadcrumbList","@id":"https:\/\/batijournal.com\/index.php\/rennes-metropole-va-developper-construction-bois\/97166\/#breadcrumb","itemListElement":[{"@type":"ListItem","position":1,"name":"Accueil","item":"https:\/\/batijournal.com\/"},{"@type":"ListItem","position":2,"name":"Actualit\u00e9s","item":"https:\/\/batijournal.com\/index.php\/category\/actualites\/"},{"@type":"ListItem","position":3,"name":"Rennes M\u00e9tropole va d\u00e9velopper la construction bois\u00a0"}]},{"@type":"WebSite","@id":"https:\/\/batijournal.com\/#website","url":"https:\/\/batijournal.com\/","name":"Batijournal","description":"L&#039;actualit\u00e9 du b\u00e2timent","potentialAction":[{"@type":"SearchAction","target":{"@type":"EntryPoint","urlTemplate":"https:\/\/batijournal.com\/?s={search_term_string}"},"query-input":{"@type":"PropertyValueSpecification","valueRequired":true,"valueName":"search_term_string"}}],"inLanguage":"fr-FR"},{"@type":"Person","@id":"https:\/\/batijournal.com\/#\/schema\/person\/1dc96ec6957aa1ccb25ebe78bb19f100","name":"St\u00e9phane Miget","image":{"@type":"ImageObject","inLanguage":"fr-FR","@id":"https:\/\/secure.gravatar.com\/avatar\/89915563d925342126b8ef0281b93d9d7fc337043e8df017f780908eb9644451?s=96&d=mm&r=g","url":"https:\/\/secure.gravatar.com\/avatar\/89915563d925342126b8ef0281b93d9d7fc337043e8df017f780908eb9644451?s=96&d=mm&r=g","contentUrl":"https:\/\/secure.gravatar.com\/avatar\/89915563d925342126b8ef0281b93d9d7fc337043e8df017f780908eb9644451?s=96&d=mm&r=g","caption":"St\u00e9phane Miget"},"url":"https:\/\/batijournal.com\/index.php\/author\/stephane\/"}]}},"_links":{"self":[{"href":"https:\/\/batijournal.com\/index.php\/wp-json\/wp\/v2\/posts\/97166","targetHints":{"allow":["GET"]}}],"collection":[{"href":"https:\/\/batijournal.com\/index.php\/wp-json\/wp\/v2\/posts"}],"about":[{"href":"https:\/\/batijournal.com\/index.php\/wp-json\/wp\/v2\/types\/post"}],"author":[{"embeddable":true,"href":"https:\/\/batijournal.com\/index.php\/wp-json\/wp\/v2\/users\/17"}],"replies":[{"embeddable":true,"href":"https:\/\/batijournal.com\/index.php\/wp-json\/wp\/v2\/comments?post=97166"}],"version-history":[{"count":0,"href":"https:\/\/batijournal.com\/index.php\/wp-json\/wp\/v2\/posts\/97166\/revisions"}],"wp:featuredmedia":[{"embeddable":true,"href":"https:\/\/batijournal.com\/index.php\/wp-json\/wp\/v2\/media\/97167"}],"wp:attachment":[{"href":"https:\/\/batijournal.com\/index.php\/wp-json\/wp\/v2\/media?parent=97166"}],"wp:term":[{"taxonomy":"category","embeddable":true,"href":"https:\/\/batijournal.com\/index.php\/wp-json\/wp\/v2\/categories?post=97166"},{"taxonomy":"post_tag","embeddable":true,"href":"https:\/\/batijournal.com\/index.php\/wp-json\/wp\/v2\/tags?post=97166"}],"curies":[{"name":"wp","href":"https:\/\/api.w.org\/{rel}","templated":true}]}}