{"id":97191,"date":"2017-10-24T07:12:42","date_gmt":"2017-10-24T05:12:42","guid":{"rendered":"http:\/\/batijournal.com\/?p=97191"},"modified":"2019-07-15T12:03:49","modified_gmt":"2019-07-15T10:03:49","slug":"victoire-francaise-demi-teinte-travailleurs-detaches","status":"publish","type":"post","link":"https:\/\/batijournal.com\/index.php\/victoire-francaise-demi-teinte-travailleurs-detaches\/97191\/","title":{"rendered":"Victoire fran\u00e7aise en demi-teinte sur les travailleurs d\u00e9tach\u00e9s"},"content":{"rendered":"<p>Les 28 ministres du travail de l\u2019Union Europ\u00e9enne viennent de trouver un accord sur la r\u00e9vision de la directive qui datait de 1996. Toutes les r\u00e8gles appliqu\u00e9es aux travailleurs locaux vont s&rsquo;appliquer aux travailleurs d\u00e9tach\u00e9s. Le d\u00e9tachement sera d&rsquo;une dur\u00e9e maximale de 12 mois, mais les entreprises envoyant des travailleurs d\u00e9tach\u00e9s dans un autre pays de l\u2019UE, pourront demander une prolongation de 6 mois suppl\u00e9mentaires, \u00e0 condition de motiver leur demande aupr\u00e8s de l\u2019Etat d\u2019accueil. L\u2019entr\u00e9e en vigueur de la directive r\u00e9vis\u00e9e ne pourra se faire avant 4 ans apr\u00e8s son adoption, dans le meilleur des cas, pas avant 2022 si le texte est adopt\u00e9 avant la fin 2017. Le transport routier ne sera pas concern\u00e9 par la r\u00e9forme.<\/p>\n","protected":false},"excerpt":{"rendered":"<p>Les 28 ministres du travail de l\u2019Union Europ\u00e9enne viennent de trouver un accord sur la r\u00e9vision de la directive qui datait de 1996. Toutes les r\u00e8gles appliqu\u00e9es aux travailleurs locaux vont s&rsquo;appliquer aux travailleurs d\u00e9tach\u00e9s. Le d\u00e9tachement sera d&rsquo;une dur\u00e9e maximale de 12 mois, mais les entreprises envoyant des travailleurs d\u00e9tach\u00e9s dans un autre pays [&hellip;]<\/p>\n","protected":false},"author":17,"featured_media":95957,"comment_status":"closed","ping_status":"closed","sticky":false,"template":"","format":"standard","meta":{"_et_pb_use_builder":"","_et_pb_old_content":"","_et_gb_content_width":"","footnotes":""},"categories":[10530,6345],"tags":[6029],"class_list":["post-97191","post","type-post","status-publish","format-standard","has-post-thumbnail","hentry","category-actualites","category-economie-marches","tag-travailleurs-detaches"],"yoast_head":"<!-- This site is optimized with the Yoast SEO plugin v27.4 - https:\/\/yoast.com\/product\/yoast-seo-wordpress\/ -->\n<title>Victoire fran\u00e7aise en demi-teinte sur les travailleurs d\u00e9tach\u00e9s<\/title>\n<meta name=\"robots\" content=\"index, follow, max-snippet:-1, max-image-preview:large, max-video-preview:-1\" \/>\n<link rel=\"canonical\" href=\"https:\/\/batijournal.com\/index.php\/victoire-francaise-demi-teinte-travailleurs-detaches\/97191\/\" \/>\n<meta property=\"og:locale\" content=\"fr_FR\" \/>\n<meta property=\"og:type\" content=\"article\" \/>\n<meta property=\"og:title\" content=\"Victoire fran\u00e7aise en demi-teinte sur les travailleurs d\u00e9tach\u00e9s\" \/>\n<meta property=\"og:description\" content=\"Les 28 ministres du travail de l\u2019Union Europ\u00e9enne viennent de trouver un accord sur la r\u00e9vision de la directive qui datait de 1996. Toutes les r\u00e8gles appliqu\u00e9es aux travailleurs locaux vont s&rsquo;appliquer aux travailleurs d\u00e9tach\u00e9s. Le d\u00e9tachement sera d&rsquo;une dur\u00e9e maximale de 12 mois, mais les entreprises envoyant des travailleurs d\u00e9tach\u00e9s dans un autre pays [&hellip;]\" \/>\n<meta property=\"og:url\" content=\"https:\/\/batijournal.com\/index.php\/victoire-francaise-demi-teinte-travailleurs-detaches\/97191\/\" \/>\n<meta property=\"og:site_name\" content=\"Batijournal\" \/>\n<meta property=\"article:published_time\" content=\"2017-10-24T05:12:42+00:00\" \/>\n<meta property=\"article:modified_time\" content=\"2019-07-15T10:03:49+00:00\" \/>\n<meta property=\"og:image\" content=\"https:\/\/batijournal.com\/wp-content\/uploads\/2017\/05\/chantier-batiment.jpg\" \/>\n\t<meta property=\"og:image:width\" content=\"1200\" \/>\n\t<meta property=\"og:image:height\" content=\"676\" \/>\n\t<meta property=\"og:image:type\" content=\"image\/jpeg\" \/>\n<meta name=\"author\" content=\"St\u00e9phane Miget\" \/>\n<meta name=\"twitter:card\" content=\"summary_large_image\" \/>\n<meta name=\"twitter:creator\" content=\"@bati_journal\" \/>\n<meta name=\"twitter:site\" content=\"@bati_journal\" \/>\n<meta name=\"twitter:label1\" content=\"\u00c9crit par\" \/>\n\t<meta name=\"twitter:data1\" content=\"St\u00e9phane Miget\" \/>\n\t<meta name=\"twitter:label2\" content=\"Dur\u00e9e de lecture estim\u00e9e\" \/>\n\t<meta name=\"twitter:data2\" content=\"1 minute\" \/>\n<script type=\"application\/ld+json\" class=\"yoast-schema-graph\">{\"@context\":\"https:\\\/\\\/schema.org\",\"@graph\":[{\"@type\":\"Article\",\"@id\":\"https:\\\/\\\/batijournal.com\\\/index.php\\\/victoire-francaise-demi-teinte-travailleurs-detaches\\\/97191\\\/#article\",\"isPartOf\":{\"@id\":\"https:\\\/\\\/batijournal.com\\\/index.php\\\/victoire-francaise-demi-teinte-travailleurs-detaches\\\/97191\\\/\"},\"author\":{\"name\":\"St\u00e9phane Miget\",\"@id\":\"https:\\\/\\\/batijournal.com\\\/#\\\/schema\\\/person\\\/1dc96ec6957aa1ccb25ebe78bb19f100\"},\"headline\":\"Victoire fran\u00e7aise en demi-teinte sur les travailleurs d\u00e9tach\u00e9s\",\"datePublished\":\"2017-10-24T05:12:42+00:00\",\"dateModified\":\"2019-07-15T10:03:49+00:00\",\"mainEntityOfPage\":{\"@id\":\"https:\\\/\\\/batijournal.com\\\/index.php\\\/victoire-francaise-demi-teinte-travailleurs-detaches\\\/97191\\\/\"},\"wordCount\":146,\"image\":{\"@id\":\"https:\\\/\\\/batijournal.com\\\/index.php\\\/victoire-francaise-demi-teinte-travailleurs-detaches\\\/97191\\\/#primaryimage\"},\"thumbnailUrl\":\"https:\\\/\\\/batijournal.com\\\/wp-content\\\/uploads\\\/2017\\\/05\\\/chantier-batiment.jpg\",\"keywords\":[\"travailleurs d\u00e9tach\u00e9s\"],\"articleSection\":[\"Actualit\u00e9s\",\"\u00c9conomie &amp; March\u00e9s\"],\"inLanguage\":\"fr-FR\"},{\"@type\":\"WebPage\",\"@id\":\"https:\\\/\\\/batijournal.com\\\/index.php\\\/victoire-francaise-demi-teinte-travailleurs-detaches\\\/97191\\\/\",\"url\":\"https:\\\/\\\/batijournal.com\\\/index.php\\\/victoire-francaise-demi-teinte-travailleurs-detaches\\\/97191\\\/\",\"name\":\"Victoire fran\u00e7aise en demi-teinte sur les travailleurs d\u00e9tach\u00e9s\",\"isPartOf\":{\"@id\":\"https:\\\/\\\/batijournal.com\\\/#website\"},\"primaryImageOfPage\":{\"@id\":\"https:\\\/\\\/batijournal.com\\\/index.php\\\/victoire-francaise-demi-teinte-travailleurs-detaches\\\/97191\\\/#primaryimage\"},\"image\":{\"@id\":\"https:\\\/\\\/batijournal.com\\\/index.php\\\/victoire-francaise-demi-teinte-travailleurs-detaches\\\/97191\\\/#primaryimage\"},\"thumbnailUrl\":\"https:\\\/\\\/batijournal.com\\\/wp-content\\\/uploads\\\/2017\\\/05\\\/chantier-batiment.jpg\",\"datePublished\":\"2017-10-24T05:12:42+00:00\",\"dateModified\":\"2019-07-15T10:03:49+00:00\",\"author\":{\"@id\":\"https:\\\/\\\/batijournal.com\\\/#\\\/schema\\\/person\\\/1dc96ec6957aa1ccb25ebe78bb19f100\"},\"breadcrumb\":{\"@id\":\"https:\\\/\\\/batijournal.com\\\/index.php\\\/victoire-francaise-demi-teinte-travailleurs-detaches\\\/97191\\\/#breadcrumb\"},\"inLanguage\":\"fr-FR\",\"potentialAction\":[{\"@type\":\"ReadAction\",\"target\":[\"https:\\\/\\\/batijournal.com\\\/index.php\\\/victoire-francaise-demi-teinte-travailleurs-detaches\\\/97191\\\/\"]}]},{\"@type\":\"ImageObject\",\"inLanguage\":\"fr-FR\",\"@id\":\"https:\\\/\\\/batijournal.com\\\/index.php\\\/victoire-francaise-demi-teinte-travailleurs-detaches\\\/97191\\\/#primaryimage\",\"url\":\"https:\\\/\\\/batijournal.com\\\/wp-content\\\/uploads\\\/2017\\\/05\\\/chantier-batiment.jpg\",\"contentUrl\":\"https:\\\/\\\/batijournal.com\\\/wp-content\\\/uploads\\\/2017\\\/05\\\/chantier-batiment.jpg\",\"width\":1200,\"height\":676},{\"@type\":\"BreadcrumbList\",\"@id\":\"https:\\\/\\\/batijournal.com\\\/index.php\\\/victoire-francaise-demi-teinte-travailleurs-detaches\\\/97191\\\/#breadcrumb\",\"itemListElement\":[{\"@type\":\"ListItem\",\"position\":1,\"name\":\"Accueil\",\"item\":\"https:\\\/\\\/batijournal.com\\\/\"},{\"@type\":\"ListItem\",\"position\":2,\"name\":\"Actualit\u00e9s\",\"item\":\"https:\\\/\\\/batijournal.com\\\/index.php\\\/category\\\/actualites\\\/\"},{\"@type\":\"ListItem\",\"position\":3,\"name\":\"Victoire fran\u00e7aise en demi-teinte sur les travailleurs d\u00e9tach\u00e9s\"}]},{\"@type\":\"WebSite\",\"@id\":\"https:\\\/\\\/batijournal.com\\\/#website\",\"url\":\"https:\\\/\\\/batijournal.com\\\/\",\"name\":\"Batijournal\",\"description\":\"L&#039;actualit\u00e9 du b\u00e2timent\",\"potentialAction\":[{\"@type\":\"SearchAction\",\"target\":{\"@type\":\"EntryPoint\",\"urlTemplate\":\"https:\\\/\\\/batijournal.com\\\/?s={search_term_string}\"},\"query-input\":{\"@type\":\"PropertyValueSpecification\",\"valueRequired\":true,\"valueName\":\"search_term_string\"}}],\"inLanguage\":\"fr-FR\"},{\"@type\":\"Person\",\"@id\":\"https:\\\/\\\/batijournal.com\\\/#\\\/schema\\\/person\\\/1dc96ec6957aa1ccb25ebe78bb19f100\",\"name\":\"St\u00e9phane Miget\",\"image\":{\"@type\":\"ImageObject\",\"inLanguage\":\"fr-FR\",\"@id\":\"https:\\\/\\\/secure.gravatar.com\\\/avatar\\\/89915563d925342126b8ef0281b93d9d7fc337043e8df017f780908eb9644451?s=96&d=mm&r=g\",\"url\":\"https:\\\/\\\/secure.gravatar.com\\\/avatar\\\/89915563d925342126b8ef0281b93d9d7fc337043e8df017f780908eb9644451?s=96&d=mm&r=g\",\"contentUrl\":\"https:\\\/\\\/secure.gravatar.com\\\/avatar\\\/89915563d925342126b8ef0281b93d9d7fc337043e8df017f780908eb9644451?s=96&d=mm&r=g\",\"caption\":\"St\u00e9phane Miget\"},\"url\":\"https:\\\/\\\/batijournal.com\\\/index.php\\\/author\\\/stephane\\\/\"}]}<\/script>\n<!-- \/ Yoast SEO plugin. -->","yoast_head_json":{"title":"Victoire fran\u00e7aise en demi-teinte sur les travailleurs d\u00e9tach\u00e9s","robots":{"index":"index","follow":"follow","max-snippet":"max-snippet:-1","max-image-preview":"max-image-preview:large","max-video-preview":"max-video-preview:-1"},"canonical":"https:\/\/batijournal.com\/index.php\/victoire-francaise-demi-teinte-travailleurs-detaches\/97191\/","og_locale":"fr_FR","og_type":"article","og_title":"Victoire fran\u00e7aise en demi-teinte sur les travailleurs d\u00e9tach\u00e9s","og_description":"Les 28 ministres du travail de l\u2019Union Europ\u00e9enne viennent de trouver un accord sur la r\u00e9vision de la directive qui datait de 1996. Toutes les r\u00e8gles appliqu\u00e9es aux travailleurs locaux vont s&rsquo;appliquer aux travailleurs d\u00e9tach\u00e9s. Le d\u00e9tachement sera d&rsquo;une dur\u00e9e maximale de 12 mois, mais les entreprises envoyant des travailleurs d\u00e9tach\u00e9s dans un autre pays [&hellip;]","og_url":"https:\/\/batijournal.com\/index.php\/victoire-francaise-demi-teinte-travailleurs-detaches\/97191\/","og_site_name":"Batijournal","article_published_time":"2017-10-24T05:12:42+00:00","article_modified_time":"2019-07-15T10:03:49+00:00","og_image":[{"width":1200,"height":676,"url":"https:\/\/batijournal.com\/wp-content\/uploads\/2017\/05\/chantier-batiment.jpg","type":"image\/jpeg"}],"author":"St\u00e9phane Miget","twitter_card":"summary_large_image","twitter_creator":"@bati_journal","twitter_site":"@bati_journal","twitter_misc":{"\u00c9crit par":"St\u00e9phane Miget","Dur\u00e9e de lecture estim\u00e9e":"1 minute"},"schema":{"@context":"https:\/\/schema.org","@graph":[{"@type":"Article","@id":"https:\/\/batijournal.com\/index.php\/victoire-francaise-demi-teinte-travailleurs-detaches\/97191\/#article","isPartOf":{"@id":"https:\/\/batijournal.com\/index.php\/victoire-francaise-demi-teinte-travailleurs-detaches\/97191\/"},"author":{"name":"St\u00e9phane Miget","@id":"https:\/\/batijournal.com\/#\/schema\/person\/1dc96ec6957aa1ccb25ebe78bb19f100"},"headline":"Victoire fran\u00e7aise en demi-teinte sur les travailleurs d\u00e9tach\u00e9s","datePublished":"2017-10-24T05:12:42+00:00","dateModified":"2019-07-15T10:03:49+00:00","mainEntityOfPage":{"@id":"https:\/\/batijournal.com\/index.php\/victoire-francaise-demi-teinte-travailleurs-detaches\/97191\/"},"wordCount":146,"image":{"@id":"https:\/\/batijournal.com\/index.php\/victoire-francaise-demi-teinte-travailleurs-detaches\/97191\/#primaryimage"},"thumbnailUrl":"https:\/\/batijournal.com\/wp-content\/uploads\/2017\/05\/chantier-batiment.jpg","keywords":["travailleurs d\u00e9tach\u00e9s"],"articleSection":["Actualit\u00e9s","\u00c9conomie &amp; March\u00e9s"],"inLanguage":"fr-FR"},{"@type":"WebPage","@id":"https:\/\/batijournal.com\/index.php\/victoire-francaise-demi-teinte-travailleurs-detaches\/97191\/","url":"https:\/\/batijournal.com\/index.php\/victoire-francaise-demi-teinte-travailleurs-detaches\/97191\/","name":"Victoire fran\u00e7aise en demi-teinte sur les travailleurs d\u00e9tach\u00e9s","isPartOf":{"@id":"https:\/\/batijournal.com\/#website"},"primaryImageOfPage":{"@id":"https:\/\/batijournal.com\/index.php\/victoire-francaise-demi-teinte-travailleurs-detaches\/97191\/#primaryimage"},"image":{"@id":"https:\/\/batijournal.com\/index.php\/victoire-francaise-demi-teinte-travailleurs-detaches\/97191\/#primaryimage"},"thumbnailUrl":"https:\/\/batijournal.com\/wp-content\/uploads\/2017\/05\/chantier-batiment.jpg","datePublished":"2017-10-24T05:12:42+00:00","dateModified":"2019-07-15T10:03:49+00:00","author":{"@id":"https:\/\/batijournal.com\/#\/schema\/person\/1dc96ec6957aa1ccb25ebe78bb19f100"},"breadcrumb":{"@id":"https:\/\/batijournal.com\/index.php\/victoire-francaise-demi-teinte-travailleurs-detaches\/97191\/#breadcrumb"},"inLanguage":"fr-FR","potentialAction":[{"@type":"ReadAction","target":["https:\/\/batijournal.com\/index.php\/victoire-francaise-demi-teinte-travailleurs-detaches\/97191\/"]}]},{"@type":"ImageObject","inLanguage":"fr-FR","@id":"https:\/\/batijournal.com\/index.php\/victoire-francaise-demi-teinte-travailleurs-detaches\/97191\/#primaryimage","url":"https:\/\/batijournal.com\/wp-content\/uploads\/2017\/05\/chantier-batiment.jpg","contentUrl":"https:\/\/batijournal.com\/wp-content\/uploads\/2017\/05\/chantier-batiment.jpg","width":1200,"height":676},{"@type":"BreadcrumbList","@id":"https:\/\/batijournal.com\/index.php\/victoire-francaise-demi-teinte-travailleurs-detaches\/97191\/#breadcrumb","itemListElement":[{"@type":"ListItem","position":1,"name":"Accueil","item":"https:\/\/batijournal.com\/"},{"@type":"ListItem","position":2,"name":"Actualit\u00e9s","item":"https:\/\/batijournal.com\/index.php\/category\/actualites\/"},{"@type":"ListItem","position":3,"name":"Victoire fran\u00e7aise en demi-teinte sur les travailleurs d\u00e9tach\u00e9s"}]},{"@type":"WebSite","@id":"https:\/\/batijournal.com\/#website","url":"https:\/\/batijournal.com\/","name":"Batijournal","description":"L&#039;actualit\u00e9 du b\u00e2timent","potentialAction":[{"@type":"SearchAction","target":{"@type":"EntryPoint","urlTemplate":"https:\/\/batijournal.com\/?s={search_term_string}"},"query-input":{"@type":"PropertyValueSpecification","valueRequired":true,"valueName":"search_term_string"}}],"inLanguage":"fr-FR"},{"@type":"Person","@id":"https:\/\/batijournal.com\/#\/schema\/person\/1dc96ec6957aa1ccb25ebe78bb19f100","name":"St\u00e9phane Miget","image":{"@type":"ImageObject","inLanguage":"fr-FR","@id":"https:\/\/secure.gravatar.com\/avatar\/89915563d925342126b8ef0281b93d9d7fc337043e8df017f780908eb9644451?s=96&d=mm&r=g","url":"https:\/\/secure.gravatar.com\/avatar\/89915563d925342126b8ef0281b93d9d7fc337043e8df017f780908eb9644451?s=96&d=mm&r=g","contentUrl":"https:\/\/secure.gravatar.com\/avatar\/89915563d925342126b8ef0281b93d9d7fc337043e8df017f780908eb9644451?s=96&d=mm&r=g","caption":"St\u00e9phane Miget"},"url":"https:\/\/batijournal.com\/index.php\/author\/stephane\/"}]}},"_links":{"self":[{"href":"https:\/\/batijournal.com\/index.php\/wp-json\/wp\/v2\/posts\/97191","targetHints":{"allow":["GET"]}}],"collection":[{"href":"https:\/\/batijournal.com\/index.php\/wp-json\/wp\/v2\/posts"}],"about":[{"href":"https:\/\/batijournal.com\/index.php\/wp-json\/wp\/v2\/types\/post"}],"author":[{"embeddable":true,"href":"https:\/\/batijournal.com\/index.php\/wp-json\/wp\/v2\/users\/17"}],"replies":[{"embeddable":true,"href":"https:\/\/batijournal.com\/index.php\/wp-json\/wp\/v2\/comments?post=97191"}],"version-history":[{"count":0,"href":"https:\/\/batijournal.com\/index.php\/wp-json\/wp\/v2\/posts\/97191\/revisions"}],"wp:featuredmedia":[{"embeddable":true,"href":"https:\/\/batijournal.com\/index.php\/wp-json\/wp\/v2\/media\/95957"}],"wp:attachment":[{"href":"https:\/\/batijournal.com\/index.php\/wp-json\/wp\/v2\/media?parent=97191"}],"wp:term":[{"taxonomy":"category","embeddable":true,"href":"https:\/\/batijournal.com\/index.php\/wp-json\/wp\/v2\/categories?post=97191"},{"taxonomy":"post_tag","embeddable":true,"href":"https:\/\/batijournal.com\/index.php\/wp-json\/wp\/v2\/tags?post=97191"}],"curies":[{"name":"wp","href":"https:\/\/api.w.org\/{rel}","templated":true}]}}