{"id":97192,"date":"2017-10-24T07:40:35","date_gmt":"2017-10-24T05:40:35","guid":{"rendered":"http:\/\/batijournal.com\/?p=97192"},"modified":"2019-07-15T11:27:08","modified_gmt":"2019-07-15T09:27:08","slug":"tribunal-de-paris-a-recu-grand-prix-national-de-lingenierie","status":"publish","type":"post","link":"https:\/\/batijournal.com\/index.php\/tribunal-de-paris-a-recu-grand-prix-national-de-lingenierie\/97192\/","title":{"rendered":"Le Tribunal de Paris a re\u00e7u le Grand Prix National de l\u2019Ing\u00e9nierie"},"content":{"rendered":"<p>Le Grand Prix National de l\u2019Ing\u00e9nierie a \u00e9t\u00e9 d\u00e9cern\u00e9 aux \u00e9quipes de SETEC et de Renzo Piano Building Workshop (RPBW) pour le Tribunal de Paris. Avec ses 170 000 m2 de surface b\u00e2tie, le b\u00e2timent est une ville \u00e0 lui tout seul. Il abrite sur un site unique, la ZAC Clichy-Batignolles, le Tribunal de Grande Instance, les Tribunaux d\u2019Instance et le Tribunal de Police. Con\u00e7u pour symboliser une justice transparente, sobre et ordonn\u00e9e, le b\u00e2timent est enti\u00e8rement rev\u00eatu d\u2019une fa\u00e7ade cristalline, \u00e9quip\u00e9e de panneaux photovolta\u00efques. Un syst\u00e8me qui permet de maximiser l\u2019\u00e9clairage naturel tout en prot\u00e9geant du rayonnement solaire et qui contribue \u00e0 faire du Tribunal un b\u00e2timent bioclimatique certifi\u00e9 HQE. Inventif et spectaculaire, le Tribunal de Paris, con\u00e7u par les \u00e9quipes de SETEC en collaboration avec RPBW, n\u2019en est pas moins innovant. Sur le plan technologique, tout d\u2019abord : il comprend un \u00e9lancement vertical exceptionnel de 1\/17e pour une hauteur de 160 m de haut. Pour construire un tel \u00ab b\u00e2timent-tranche \u00bb, il a fallu une conception visionnaire avec une division en trois blocs verticaux par des joints de dilatation, un \u00e9largissement des noyaux dans la partie basse pour retrouver de l\u2019inertie, des \u00e9tudes de vents pouss\u00e9s ou encore l\u2019invention de cl\u00e9s de cisaillement \u00e0 trois niveaux pour garantir l\u2019homog\u00e9n\u00e9it\u00e9 des d\u00e9placements transversaux. La m\u00e9thode de travail utilis\u00e9e est \u00e9galement pr\u00e9curseur : d\u00e8s 2011, le b\u00e2timent a \u00e9t\u00e9 int\u00e9gralement con\u00e7u sous BIM, afin de constituer une base de donn\u00e9es partag\u00e9e entre tous les acteurs de la ma\u00eetrise d\u2019\u0153uvre et renseign\u00e9e en temps r\u00e9el.<\/p>\n<p>&nbsp;<\/p>\n<p>Visuel : L&rsquo;autre image, Labtop et Lansac &#8211; RPBW<\/p>\n<p>&nbsp;<\/p>\n","protected":false},"excerpt":{"rendered":"<p>Le Grand Prix National de l\u2019Ing\u00e9nierie a \u00e9t\u00e9 d\u00e9cern\u00e9 aux \u00e9quipes de SETEC et de Renzo Piano Building Workshop (RPBW) pour le Tribunal de Paris. Avec ses 170 000 m2 de surface b\u00e2tie, le b\u00e2timent est une ville \u00e0 lui tout seul. Il abrite sur un site unique, la ZAC Clichy-Batignolles, le Tribunal de Grande [&hellip;]<\/p>\n","protected":false},"author":17,"featured_media":97193,"comment_status":"closed","ping_status":"closed","sticky":false,"template":"","format":"standard","meta":{"_et_pb_use_builder":"","_et_pb_old_content":"","_et_gb_content_width":"","footnotes":""},"categories":[10530,6340,10771,10775,10778],"tags":[11005],"class_list":["post-97192","post","type-post","status-publish","format-standard","has-post-thumbnail","hentry","category-actualites","category-architecture-conception","category-5facades","category-actualites-5facades","category-planete","tag-concours"],"yoast_head":"<!-- This site is optimized with the Yoast SEO plugin v27.4 - https:\/\/yoast.com\/product\/yoast-seo-wordpress\/ -->\n<title>Le Tribunal de Paris a re\u00e7u le Grand Prix National de l\u2019Ing\u00e9nierie<\/title>\n<meta name=\"robots\" content=\"index, follow, max-snippet:-1, max-image-preview:large, max-video-preview:-1\" \/>\n<link rel=\"canonical\" href=\"https:\/\/batijournal.com\/index.php\/tribunal-de-paris-a-recu-grand-prix-national-de-lingenierie\/97192\/\" \/>\n<meta property=\"og:locale\" content=\"fr_FR\" \/>\n<meta property=\"og:type\" content=\"article\" \/>\n<meta property=\"og:title\" content=\"Le Tribunal de Paris a re\u00e7u le Grand Prix National de l\u2019Ing\u00e9nierie\" \/>\n<meta property=\"og:description\" content=\"Le Grand Prix National de l\u2019Ing\u00e9nierie a \u00e9t\u00e9 d\u00e9cern\u00e9 aux \u00e9quipes de SETEC et de Renzo Piano Building Workshop (RPBW) pour le Tribunal de Paris. Avec ses 170 000 m2 de surface b\u00e2tie, le b\u00e2timent est une ville \u00e0 lui tout seul. Il abrite sur un site unique, la ZAC Clichy-Batignolles, le Tribunal de Grande [&hellip;]\" \/>\n<meta property=\"og:url\" content=\"https:\/\/batijournal.com\/index.php\/tribunal-de-paris-a-recu-grand-prix-national-de-lingenierie\/97192\/\" \/>\n<meta property=\"og:site_name\" content=\"Batijournal\" \/>\n<meta property=\"article:published_time\" content=\"2017-10-24T05:40:35+00:00\" \/>\n<meta property=\"article:modified_time\" content=\"2019-07-15T09:27:08+00:00\" \/>\n<meta property=\"og:image\" content=\"https:\/\/batijournal.com\/wp-content\/uploads\/2017\/10\/Tribunal-de-Paris-Grand-Prix-National-Ingenierie.png\" \/>\n\t<meta property=\"og:image:width\" content=\"1180\" \/>\n\t<meta property=\"og:image:height\" content=\"812\" \/>\n\t<meta property=\"og:image:type\" content=\"image\/png\" \/>\n<meta name=\"author\" content=\"St\u00e9phane Miget\" \/>\n<meta name=\"twitter:card\" content=\"summary_large_image\" \/>\n<meta name=\"twitter:creator\" content=\"@bati_journal\" \/>\n<meta name=\"twitter:site\" content=\"@bati_journal\" \/>\n<meta name=\"twitter:label1\" content=\"\u00c9crit par\" \/>\n\t<meta name=\"twitter:data1\" content=\"St\u00e9phane Miget\" \/>\n\t<meta name=\"twitter:label2\" content=\"Dur\u00e9e de lecture estim\u00e9e\" \/>\n\t<meta name=\"twitter:data2\" content=\"1 minute\" \/>\n<script type=\"application\/ld+json\" class=\"yoast-schema-graph\">{\"@context\":\"https:\\\/\\\/schema.org\",\"@graph\":[{\"@type\":\"Article\",\"@id\":\"https:\\\/\\\/batijournal.com\\\/index.php\\\/tribunal-de-paris-a-recu-grand-prix-national-de-lingenierie\\\/97192\\\/#article\",\"isPartOf\":{\"@id\":\"https:\\\/\\\/batijournal.com\\\/index.php\\\/tribunal-de-paris-a-recu-grand-prix-national-de-lingenierie\\\/97192\\\/\"},\"author\":{\"name\":\"St\u00e9phane Miget\",\"@id\":\"https:\\\/\\\/batijournal.com\\\/#\\\/schema\\\/person\\\/1dc96ec6957aa1ccb25ebe78bb19f100\"},\"headline\":\"Le Tribunal de Paris a re\u00e7u le Grand Prix National de l\u2019Ing\u00e9nierie\",\"datePublished\":\"2017-10-24T05:40:35+00:00\",\"dateModified\":\"2019-07-15T09:27:08+00:00\",\"mainEntityOfPage\":{\"@id\":\"https:\\\/\\\/batijournal.com\\\/index.php\\\/tribunal-de-paris-a-recu-grand-prix-national-de-lingenierie\\\/97192\\\/\"},\"wordCount\":313,\"image\":{\"@id\":\"https:\\\/\\\/batijournal.com\\\/index.php\\\/tribunal-de-paris-a-recu-grand-prix-national-de-lingenierie\\\/97192\\\/#primaryimage\"},\"thumbnailUrl\":\"https:\\\/\\\/batijournal.com\\\/wp-content\\\/uploads\\\/2017\\\/10\\\/Tribunal-de-Paris-Grand-Prix-National-Ingenierie.png\",\"keywords\":[\"concours\"],\"articleSection\":[\"Actualit\u00e9s\",\"Architecture &amp; Conception\",\"zz_5fa\u00e7ades\",\"zz_Actualit\u00e9s - 5fa\u00e7ades\",\"zz_Plan\u00e8te B\u00e2timent\"],\"inLanguage\":\"fr-FR\"},{\"@type\":\"WebPage\",\"@id\":\"https:\\\/\\\/batijournal.com\\\/index.php\\\/tribunal-de-paris-a-recu-grand-prix-national-de-lingenierie\\\/97192\\\/\",\"url\":\"https:\\\/\\\/batijournal.com\\\/index.php\\\/tribunal-de-paris-a-recu-grand-prix-national-de-lingenierie\\\/97192\\\/\",\"name\":\"Le Tribunal de Paris a re\u00e7u le Grand Prix National de l\u2019Ing\u00e9nierie\",\"isPartOf\":{\"@id\":\"https:\\\/\\\/batijournal.com\\\/#website\"},\"primaryImageOfPage\":{\"@id\":\"https:\\\/\\\/batijournal.com\\\/index.php\\\/tribunal-de-paris-a-recu-grand-prix-national-de-lingenierie\\\/97192\\\/#primaryimage\"},\"image\":{\"@id\":\"https:\\\/\\\/batijournal.com\\\/index.php\\\/tribunal-de-paris-a-recu-grand-prix-national-de-lingenierie\\\/97192\\\/#primaryimage\"},\"thumbnailUrl\":\"https:\\\/\\\/batijournal.com\\\/wp-content\\\/uploads\\\/2017\\\/10\\\/Tribunal-de-Paris-Grand-Prix-National-Ingenierie.png\",\"datePublished\":\"2017-10-24T05:40:35+00:00\",\"dateModified\":\"2019-07-15T09:27:08+00:00\",\"author\":{\"@id\":\"https:\\\/\\\/batijournal.com\\\/#\\\/schema\\\/person\\\/1dc96ec6957aa1ccb25ebe78bb19f100\"},\"breadcrumb\":{\"@id\":\"https:\\\/\\\/batijournal.com\\\/index.php\\\/tribunal-de-paris-a-recu-grand-prix-national-de-lingenierie\\\/97192\\\/#breadcrumb\"},\"inLanguage\":\"fr-FR\",\"potentialAction\":[{\"@type\":\"ReadAction\",\"target\":[\"https:\\\/\\\/batijournal.com\\\/index.php\\\/tribunal-de-paris-a-recu-grand-prix-national-de-lingenierie\\\/97192\\\/\"]}]},{\"@type\":\"ImageObject\",\"inLanguage\":\"fr-FR\",\"@id\":\"https:\\\/\\\/batijournal.com\\\/index.php\\\/tribunal-de-paris-a-recu-grand-prix-national-de-lingenierie\\\/97192\\\/#primaryimage\",\"url\":\"https:\\\/\\\/batijournal.com\\\/wp-content\\\/uploads\\\/2017\\\/10\\\/Tribunal-de-Paris-Grand-Prix-National-Ingenierie.png\",\"contentUrl\":\"https:\\\/\\\/batijournal.com\\\/wp-content\\\/uploads\\\/2017\\\/10\\\/Tribunal-de-Paris-Grand-Prix-National-Ingenierie.png\",\"width\":1180,\"height\":812},{\"@type\":\"BreadcrumbList\",\"@id\":\"https:\\\/\\\/batijournal.com\\\/index.php\\\/tribunal-de-paris-a-recu-grand-prix-national-de-lingenierie\\\/97192\\\/#breadcrumb\",\"itemListElement\":[{\"@type\":\"ListItem\",\"position\":1,\"name\":\"Accueil\",\"item\":\"https:\\\/\\\/batijournal.com\\\/\"},{\"@type\":\"ListItem\",\"position\":2,\"name\":\"Actualit\u00e9s\",\"item\":\"https:\\\/\\\/batijournal.com\\\/index.php\\\/category\\\/actualites\\\/\"},{\"@type\":\"ListItem\",\"position\":3,\"name\":\"Le Tribunal de Paris a re\u00e7u le Grand Prix National de l\u2019Ing\u00e9nierie\"}]},{\"@type\":\"WebSite\",\"@id\":\"https:\\\/\\\/batijournal.com\\\/#website\",\"url\":\"https:\\\/\\\/batijournal.com\\\/\",\"name\":\"Batijournal\",\"description\":\"L&#039;actualit\u00e9 du b\u00e2timent\",\"potentialAction\":[{\"@type\":\"SearchAction\",\"target\":{\"@type\":\"EntryPoint\",\"urlTemplate\":\"https:\\\/\\\/batijournal.com\\\/?s={search_term_string}\"},\"query-input\":{\"@type\":\"PropertyValueSpecification\",\"valueRequired\":true,\"valueName\":\"search_term_string\"}}],\"inLanguage\":\"fr-FR\"},{\"@type\":\"Person\",\"@id\":\"https:\\\/\\\/batijournal.com\\\/#\\\/schema\\\/person\\\/1dc96ec6957aa1ccb25ebe78bb19f100\",\"name\":\"St\u00e9phane Miget\",\"image\":{\"@type\":\"ImageObject\",\"inLanguage\":\"fr-FR\",\"@id\":\"https:\\\/\\\/secure.gravatar.com\\\/avatar\\\/89915563d925342126b8ef0281b93d9d7fc337043e8df017f780908eb9644451?s=96&d=mm&r=g\",\"url\":\"https:\\\/\\\/secure.gravatar.com\\\/avatar\\\/89915563d925342126b8ef0281b93d9d7fc337043e8df017f780908eb9644451?s=96&d=mm&r=g\",\"contentUrl\":\"https:\\\/\\\/secure.gravatar.com\\\/avatar\\\/89915563d925342126b8ef0281b93d9d7fc337043e8df017f780908eb9644451?s=96&d=mm&r=g\",\"caption\":\"St\u00e9phane Miget\"},\"url\":\"https:\\\/\\\/batijournal.com\\\/index.php\\\/author\\\/stephane\\\/\"}]}<\/script>\n<!-- \/ Yoast SEO plugin. -->","yoast_head_json":{"title":"Le Tribunal de Paris a re\u00e7u le Grand Prix National de l\u2019Ing\u00e9nierie","robots":{"index":"index","follow":"follow","max-snippet":"max-snippet:-1","max-image-preview":"max-image-preview:large","max-video-preview":"max-video-preview:-1"},"canonical":"https:\/\/batijournal.com\/index.php\/tribunal-de-paris-a-recu-grand-prix-national-de-lingenierie\/97192\/","og_locale":"fr_FR","og_type":"article","og_title":"Le Tribunal de Paris a re\u00e7u le Grand Prix National de l\u2019Ing\u00e9nierie","og_description":"Le Grand Prix National de l\u2019Ing\u00e9nierie a \u00e9t\u00e9 d\u00e9cern\u00e9 aux \u00e9quipes de SETEC et de Renzo Piano Building Workshop (RPBW) pour le Tribunal de Paris. Avec ses 170 000 m2 de surface b\u00e2tie, le b\u00e2timent est une ville \u00e0 lui tout seul. Il abrite sur un site unique, la ZAC Clichy-Batignolles, le Tribunal de Grande [&hellip;]","og_url":"https:\/\/batijournal.com\/index.php\/tribunal-de-paris-a-recu-grand-prix-national-de-lingenierie\/97192\/","og_site_name":"Batijournal","article_published_time":"2017-10-24T05:40:35+00:00","article_modified_time":"2019-07-15T09:27:08+00:00","og_image":[{"width":1180,"height":812,"url":"https:\/\/batijournal.com\/wp-content\/uploads\/2017\/10\/Tribunal-de-Paris-Grand-Prix-National-Ingenierie.png","type":"image\/png"}],"author":"St\u00e9phane Miget","twitter_card":"summary_large_image","twitter_creator":"@bati_journal","twitter_site":"@bati_journal","twitter_misc":{"\u00c9crit par":"St\u00e9phane Miget","Dur\u00e9e de lecture estim\u00e9e":"1 minute"},"schema":{"@context":"https:\/\/schema.org","@graph":[{"@type":"Article","@id":"https:\/\/batijournal.com\/index.php\/tribunal-de-paris-a-recu-grand-prix-national-de-lingenierie\/97192\/#article","isPartOf":{"@id":"https:\/\/batijournal.com\/index.php\/tribunal-de-paris-a-recu-grand-prix-national-de-lingenierie\/97192\/"},"author":{"name":"St\u00e9phane Miget","@id":"https:\/\/batijournal.com\/#\/schema\/person\/1dc96ec6957aa1ccb25ebe78bb19f100"},"headline":"Le Tribunal de Paris a re\u00e7u le Grand Prix National de l\u2019Ing\u00e9nierie","datePublished":"2017-10-24T05:40:35+00:00","dateModified":"2019-07-15T09:27:08+00:00","mainEntityOfPage":{"@id":"https:\/\/batijournal.com\/index.php\/tribunal-de-paris-a-recu-grand-prix-national-de-lingenierie\/97192\/"},"wordCount":313,"image":{"@id":"https:\/\/batijournal.com\/index.php\/tribunal-de-paris-a-recu-grand-prix-national-de-lingenierie\/97192\/#primaryimage"},"thumbnailUrl":"https:\/\/batijournal.com\/wp-content\/uploads\/2017\/10\/Tribunal-de-Paris-Grand-Prix-National-Ingenierie.png","keywords":["concours"],"articleSection":["Actualit\u00e9s","Architecture &amp; Conception","zz_5fa\u00e7ades","zz_Actualit\u00e9s - 5fa\u00e7ades","zz_Plan\u00e8te B\u00e2timent"],"inLanguage":"fr-FR"},{"@type":"WebPage","@id":"https:\/\/batijournal.com\/index.php\/tribunal-de-paris-a-recu-grand-prix-national-de-lingenierie\/97192\/","url":"https:\/\/batijournal.com\/index.php\/tribunal-de-paris-a-recu-grand-prix-national-de-lingenierie\/97192\/","name":"Le Tribunal de Paris a re\u00e7u le Grand Prix National de l\u2019Ing\u00e9nierie","isPartOf":{"@id":"https:\/\/batijournal.com\/#website"},"primaryImageOfPage":{"@id":"https:\/\/batijournal.com\/index.php\/tribunal-de-paris-a-recu-grand-prix-national-de-lingenierie\/97192\/#primaryimage"},"image":{"@id":"https:\/\/batijournal.com\/index.php\/tribunal-de-paris-a-recu-grand-prix-national-de-lingenierie\/97192\/#primaryimage"},"thumbnailUrl":"https:\/\/batijournal.com\/wp-content\/uploads\/2017\/10\/Tribunal-de-Paris-Grand-Prix-National-Ingenierie.png","datePublished":"2017-10-24T05:40:35+00:00","dateModified":"2019-07-15T09:27:08+00:00","author":{"@id":"https:\/\/batijournal.com\/#\/schema\/person\/1dc96ec6957aa1ccb25ebe78bb19f100"},"breadcrumb":{"@id":"https:\/\/batijournal.com\/index.php\/tribunal-de-paris-a-recu-grand-prix-national-de-lingenierie\/97192\/#breadcrumb"},"inLanguage":"fr-FR","potentialAction":[{"@type":"ReadAction","target":["https:\/\/batijournal.com\/index.php\/tribunal-de-paris-a-recu-grand-prix-national-de-lingenierie\/97192\/"]}]},{"@type":"ImageObject","inLanguage":"fr-FR","@id":"https:\/\/batijournal.com\/index.php\/tribunal-de-paris-a-recu-grand-prix-national-de-lingenierie\/97192\/#primaryimage","url":"https:\/\/batijournal.com\/wp-content\/uploads\/2017\/10\/Tribunal-de-Paris-Grand-Prix-National-Ingenierie.png","contentUrl":"https:\/\/batijournal.com\/wp-content\/uploads\/2017\/10\/Tribunal-de-Paris-Grand-Prix-National-Ingenierie.png","width":1180,"height":812},{"@type":"BreadcrumbList","@id":"https:\/\/batijournal.com\/index.php\/tribunal-de-paris-a-recu-grand-prix-national-de-lingenierie\/97192\/#breadcrumb","itemListElement":[{"@type":"ListItem","position":1,"name":"Accueil","item":"https:\/\/batijournal.com\/"},{"@type":"ListItem","position":2,"name":"Actualit\u00e9s","item":"https:\/\/batijournal.com\/index.php\/category\/actualites\/"},{"@type":"ListItem","position":3,"name":"Le Tribunal de Paris a re\u00e7u le Grand Prix National de l\u2019Ing\u00e9nierie"}]},{"@type":"WebSite","@id":"https:\/\/batijournal.com\/#website","url":"https:\/\/batijournal.com\/","name":"Batijournal","description":"L&#039;actualit\u00e9 du b\u00e2timent","potentialAction":[{"@type":"SearchAction","target":{"@type":"EntryPoint","urlTemplate":"https:\/\/batijournal.com\/?s={search_term_string}"},"query-input":{"@type":"PropertyValueSpecification","valueRequired":true,"valueName":"search_term_string"}}],"inLanguage":"fr-FR"},{"@type":"Person","@id":"https:\/\/batijournal.com\/#\/schema\/person\/1dc96ec6957aa1ccb25ebe78bb19f100","name":"St\u00e9phane Miget","image":{"@type":"ImageObject","inLanguage":"fr-FR","@id":"https:\/\/secure.gravatar.com\/avatar\/89915563d925342126b8ef0281b93d9d7fc337043e8df017f780908eb9644451?s=96&d=mm&r=g","url":"https:\/\/secure.gravatar.com\/avatar\/89915563d925342126b8ef0281b93d9d7fc337043e8df017f780908eb9644451?s=96&d=mm&r=g","contentUrl":"https:\/\/secure.gravatar.com\/avatar\/89915563d925342126b8ef0281b93d9d7fc337043e8df017f780908eb9644451?s=96&d=mm&r=g","caption":"St\u00e9phane Miget"},"url":"https:\/\/batijournal.com\/index.php\/author\/stephane\/"}]}},"_links":{"self":[{"href":"https:\/\/batijournal.com\/index.php\/wp-json\/wp\/v2\/posts\/97192","targetHints":{"allow":["GET"]}}],"collection":[{"href":"https:\/\/batijournal.com\/index.php\/wp-json\/wp\/v2\/posts"}],"about":[{"href":"https:\/\/batijournal.com\/index.php\/wp-json\/wp\/v2\/types\/post"}],"author":[{"embeddable":true,"href":"https:\/\/batijournal.com\/index.php\/wp-json\/wp\/v2\/users\/17"}],"replies":[{"embeddable":true,"href":"https:\/\/batijournal.com\/index.php\/wp-json\/wp\/v2\/comments?post=97192"}],"version-history":[{"count":0,"href":"https:\/\/batijournal.com\/index.php\/wp-json\/wp\/v2\/posts\/97192\/revisions"}],"wp:featuredmedia":[{"embeddable":true,"href":"https:\/\/batijournal.com\/index.php\/wp-json\/wp\/v2\/media\/97193"}],"wp:attachment":[{"href":"https:\/\/batijournal.com\/index.php\/wp-json\/wp\/v2\/media?parent=97192"}],"wp:term":[{"taxonomy":"category","embeddable":true,"href":"https:\/\/batijournal.com\/index.php\/wp-json\/wp\/v2\/categories?post=97192"},{"taxonomy":"post_tag","embeddable":true,"href":"https:\/\/batijournal.com\/index.php\/wp-json\/wp\/v2\/tags?post=97192"}],"curies":[{"name":"wp","href":"https:\/\/api.w.org\/{rel}","templated":true}]}}