{"id":97206,"date":"2017-10-25T08:25:05","date_gmt":"2017-10-25T06:25:05","guid":{"rendered":"http:\/\/batijournal.com\/?p=97206"},"modified":"2019-07-15T11:15:34","modified_gmt":"2019-07-15T09:15:34","slug":"beton-patrimoine-historique-se-marient","status":"publish","type":"post","link":"https:\/\/batijournal.com\/index.php\/beton-patrimoine-historique-se-marient\/97206\/","title":{"rendered":"Quand b\u00e9ton et patrimoine historique se marient"},"content":{"rendered":"<p><strong>Le palmar\u00e8s de la 1\u00e8re \u00e9dition du Troph\u00e9e b\u00e9ton Pro (cat\u00e9gorie professionnels) a \u00e9t\u00e9 d\u00e9voil\u00e9 jeudi 19 octobre 2017 \u00e0 la Maison de l\u2019architecture en Ile-de-France. Le jury a distingu\u00e9 10 r\u00e9alisations. Parmi elles, la salle d\u2019expositions temporaires du Ch\u00e2teau d\u2019hardelot \u00e0 Condette (pas-de-calais) a obtenu le Prix du public, ex-aequo avec le Th\u00e9\u00e2tre Anthea d&rsquo;Antibes. Ces deux prix ont \u00e9t\u00e9 d\u00e9cern\u00e9s \u00e0 partir des votes effectu\u00e9s sur la page Facebook Troph\u00e9e b\u00e9ton.<\/strong><\/p>\n<p>Reposant sur une architecture audacieuse, la salle d\u00e9di\u00e9e aux expositions temporaires du ch\u00e2teau d\u2019Hardelot \u00e0 Condette (Pas-de-Calais) a \u00e9t\u00e9 inaugur\u00e9e en 2016. Sobri\u00e9t\u00e9 des mat\u00e9riaux, recherche de discr\u00e9tion et qualit\u00e9 de l\u2019ouvrage ont guid\u00e9 le travail des architectes qui souhaitaient cr\u00e9er un lieu serein et intense dans une architecture claire et sensible.<\/p>\n<p><img loading=\"lazy\" decoding=\"async\" class=\"aligncenter size-large wp-image-97215\" src=\"https:\/\/batijournal.com\/wp-content\/uploads\/2017\/10\/BARTOLI_MEDINA_HARDELOT_1016_06-1024x683.jpg\" alt=\"\" width=\"960\" height=\"640\" srcset=\"https:\/\/batijournal.com\/wp-content\/uploads\/2017\/10\/BARTOLI_MEDINA_HARDELOT_1016_06-1024x683.jpg 1024w, https:\/\/batijournal.com\/wp-content\/uploads\/2017\/10\/BARTOLI_MEDINA_HARDELOT_1016_06-150x100.jpg 150w, https:\/\/batijournal.com\/wp-content\/uploads\/2017\/10\/BARTOLI_MEDINA_HARDELOT_1016_06-300x200.jpg 300w, https:\/\/batijournal.com\/wp-content\/uploads\/2017\/10\/BARTOLI_MEDINA_HARDELOT_1016_06-768x512.jpg 768w, https:\/\/batijournal.com\/wp-content\/uploads\/2017\/10\/BARTOLI_MEDINA_HARDELOT_1016_06-600x400.jpg 600w, https:\/\/batijournal.com\/wp-content\/uploads\/2017\/10\/BARTOLI_MEDINA_HARDELOT_1016_06.jpg 1200w\" sizes=\"(max-width: 960px) 100vw, 960px\" \/><\/p>\n<p>La salle pr\u00e9sente une fa\u00e7ade rythm\u00e9e par des panneaux verticaux en b\u00e9ton fibr\u00e9 \u00e0 ultra-hautes performances (BFUP) dans un jeu subtil de pliages permettant de consolider l\u2019aspect massif des murs de pierres. Les diff\u00e9rentes hauteurs de toitures qui descendent progressivement permettent \u00e9galement de rappeler l\u2019empilement volum\u00e9trique du manoir de style Tudor et donnent un caract\u00e8re puissant au ch\u00e2teau.<\/p>\n<p>Dans un site o\u00f9 la pierre est dominante, le choix du b\u00e9ton, pierre de notre temps, s\u2019est impos\u00e9 comme une \u00e9vidence pour les architectes qui souhaitaient une mati\u00e8re permettant de\u00a0marquer clairement l\u2019intervention contemporaine, perp\u00e9tuer la min\u00e9ralit\u00e9 affirm\u00e9e existante du site et r\u00e9duire le nombre de mat\u00e9riaux.<\/p>\n<p>Le littoral \u00e0 proximit\u00e9 a impos\u00e9 le choix de fibres organiques pour le BFHUP afin de garantir l\u2019aspect dans le temps. Le BFHUP r\u00e9pond aux contraintes de contraste et int\u00e9grations souhait\u00e9es. Le choix d\u2019un b\u00e9ton blanc pur cr\u00e9e une mati\u00e8re vivante, renvoyant les couleurs du ciel.<\/p>\n<p>Ma\u00eetre d&rsquo;ouvrage : d\u00e9partement du Pas-de-Calais<br \/>\nMa\u00eetre d\u2019\u0153uvre : Bartoli Medina Architectes<br \/>\nBureau d&rsquo;\u00e9tudes : BA BAT<br \/>\nEntreprise : Norlit<\/p>\n<p>Photos : Michel Denanc\u00e9<\/p>\n<p>&nbsp;<\/p>\n<p><strong>Les 10 laur\u00e9ats de la 1\u00e8re \u00e9dition du Troph\u00e9e b\u00e9ton Pro<\/strong><br \/>\nCentre International d\u2019art pari\u00e9tal Montignac-Lascaux &#8211; Montignac (Dordogne)<br \/>\nLogements Sociaux Antoine Brun &#8211; Cannes-La\u2013Bocca (Alpes &#8211; Maritimes)<br \/>\nMaison des p\u00e9cheurs &#8211; Bonifacio (Corse)<br \/>\nM\u00e9diath\u00e8que Montaigne &#8211; Frontignan (H\u00e9rault)<br \/>\nM\u00e9morial international Notre-Dame-de-Laurette \u2013 Ablain \u2013Saint-Nazaire (Pas-de-Calais)<br \/>\nPalais de justice &#8211; B\u00e9ziers (H\u00e9rault)<br \/>\nParking Silo de l\u2019Arlequin &#8211; Grenoble (Is\u00e8re)<br \/>\nR\u00e9habilitation de l\u2019ancien presbytere &#8211; Thorens-Gli\u00e8res (Haute-Savoie)<br \/>\nR\u00e9sidence Jounicot-Truillet &#8211; Anglet (Pyr\u00e9n\u00e9es-Atlantique)<br \/>\nTour Radar \u2013 Campus de l\u2019Ecole Polytechnique &#8211; Palaiseau (Ile-de-France)<br \/>\nLes deux \u00ab\u00a0Prix du public\u00a0\u00bb, ex-aequo\u00a0:<br \/>\nSalle d\u2019expositions temporaires &#8211; Ch\u00e2teau d\u2019Hardelot &#8211; Condette (Pas-de-Calais)<br \/>\nTh\u00e9\u00e2tre Anthea \u2013 Antibes (Alpes-Maritimes)<\/p>\n","protected":false},"excerpt":{"rendered":"<p>Le palmar\u00e8s de la 1\u00e8re \u00e9dition du Troph\u00e9e b\u00e9ton Pro (cat\u00e9gorie professionnels) a \u00e9t\u00e9 d\u00e9voil\u00e9 jeudi 19 octobre 2017 \u00e0 la Maison de l\u2019architecture en Ile-de-France. Le jury a distingu\u00e9 10 r\u00e9alisations. Parmi elles, la salle d\u2019expositions temporaires du Ch\u00e2teau d\u2019hardelot \u00e0 Condette (pas-de-calais) a obtenu le Prix du public, ex-aequo avec le Th\u00e9\u00e2tre Anthea [&hellip;]<\/p>\n","protected":false},"author":17,"featured_media":97216,"comment_status":"closed","ping_status":"closed","sticky":false,"template":"","format":"standard","meta":{"_et_pb_use_builder":"","_et_pb_old_content":"","_et_gb_content_width":"","footnotes":""},"categories":[10530,6340,10785],"tags":[1128,11005],"class_list":["post-97206","post","type-post","status-publish","format-standard","has-post-thumbnail","hentry","category-actualites","category-architecture-conception","category-atrium","tag-beton","tag-concours"],"yoast_head":"<!-- This site is optimized with the Yoast SEO plugin v27.4 - https:\/\/yoast.com\/product\/yoast-seo-wordpress\/ -->\n<title>Quand b\u00e9ton et patrimoine historique se marient<\/title>\n<meta name=\"robots\" content=\"index, follow, max-snippet:-1, max-image-preview:large, max-video-preview:-1\" \/>\n<link rel=\"canonical\" href=\"https:\/\/batijournal.com\/index.php\/beton-patrimoine-historique-se-marient\/97206\/\" \/>\n<meta property=\"og:locale\" content=\"fr_FR\" \/>\n<meta property=\"og:type\" content=\"article\" \/>\n<meta property=\"og:title\" content=\"Quand b\u00e9ton et patrimoine historique se marient\" \/>\n<meta property=\"og:description\" content=\"Le palmar\u00e8s de la 1\u00e8re \u00e9dition du Troph\u00e9e b\u00e9ton Pro (cat\u00e9gorie professionnels) a \u00e9t\u00e9 d\u00e9voil\u00e9 jeudi 19 octobre 2017 \u00e0 la Maison de l\u2019architecture en Ile-de-France. Le jury a distingu\u00e9 10 r\u00e9alisations. Parmi elles, la salle d\u2019expositions temporaires du Ch\u00e2teau d\u2019hardelot \u00e0 Condette (pas-de-calais) a obtenu le Prix du public, ex-aequo avec le Th\u00e9\u00e2tre Anthea [&hellip;]\" \/>\n<meta property=\"og:url\" content=\"https:\/\/batijournal.com\/index.php\/beton-patrimoine-historique-se-marient\/97206\/\" \/>\n<meta property=\"og:site_name\" content=\"Batijournal\" \/>\n<meta property=\"article:published_time\" content=\"2017-10-25T06:25:05+00:00\" \/>\n<meta property=\"article:modified_time\" content=\"2019-07-15T09:15:34+00:00\" \/>\n<meta property=\"og:image\" content=\"https:\/\/batijournal.com\/wp-content\/uploads\/2017\/10\/BARTOLI_MEDINA_HARDELOT_1016_05_a.jpg\" \/>\n\t<meta property=\"og:image:width\" content=\"1200\" \/>\n\t<meta property=\"og:image:height\" content=\"827\" \/>\n\t<meta property=\"og:image:type\" content=\"image\/jpeg\" \/>\n<meta name=\"author\" content=\"St\u00e9phane Miget\" \/>\n<meta name=\"twitter:card\" content=\"summary_large_image\" \/>\n<meta name=\"twitter:creator\" content=\"@bati_journal\" \/>\n<meta name=\"twitter:site\" content=\"@bati_journal\" \/>\n<meta name=\"twitter:label1\" content=\"\u00c9crit par\" \/>\n\t<meta name=\"twitter:data1\" content=\"St\u00e9phane Miget\" \/>\n\t<meta name=\"twitter:label2\" content=\"Dur\u00e9e de lecture estim\u00e9e\" \/>\n\t<meta name=\"twitter:data2\" content=\"2 minutes\" \/>\n<script type=\"application\/ld+json\" class=\"yoast-schema-graph\">{\"@context\":\"https:\\\/\\\/schema.org\",\"@graph\":[{\"@type\":\"Article\",\"@id\":\"https:\\\/\\\/batijournal.com\\\/index.php\\\/beton-patrimoine-historique-se-marient\\\/97206\\\/#article\",\"isPartOf\":{\"@id\":\"https:\\\/\\\/batijournal.com\\\/index.php\\\/beton-patrimoine-historique-se-marient\\\/97206\\\/\"},\"author\":{\"name\":\"St\u00e9phane Miget\",\"@id\":\"https:\\\/\\\/batijournal.com\\\/#\\\/schema\\\/person\\\/1dc96ec6957aa1ccb25ebe78bb19f100\"},\"headline\":\"Quand b\u00e9ton et patrimoine historique se marient\",\"datePublished\":\"2017-10-25T06:25:05+00:00\",\"dateModified\":\"2019-07-15T09:15:34+00:00\",\"mainEntityOfPage\":{\"@id\":\"https:\\\/\\\/batijournal.com\\\/index.php\\\/beton-patrimoine-historique-se-marient\\\/97206\\\/\"},\"wordCount\":477,\"image\":{\"@id\":\"https:\\\/\\\/batijournal.com\\\/index.php\\\/beton-patrimoine-historique-se-marient\\\/97206\\\/#primaryimage\"},\"thumbnailUrl\":\"https:\\\/\\\/batijournal.com\\\/wp-content\\\/uploads\\\/2017\\\/10\\\/BARTOLI_MEDINA_HARDELOT_1016_05_a.jpg\",\"keywords\":[\"b\u00e9ton\",\"concours\"],\"articleSection\":[\"Actualit\u00e9s\",\"Architecture &amp; Conception\",\"zz_Atrium Patrimoine\"],\"inLanguage\":\"fr-FR\"},{\"@type\":\"WebPage\",\"@id\":\"https:\\\/\\\/batijournal.com\\\/index.php\\\/beton-patrimoine-historique-se-marient\\\/97206\\\/\",\"url\":\"https:\\\/\\\/batijournal.com\\\/index.php\\\/beton-patrimoine-historique-se-marient\\\/97206\\\/\",\"name\":\"Quand b\u00e9ton et patrimoine historique se marient\",\"isPartOf\":{\"@id\":\"https:\\\/\\\/batijournal.com\\\/#website\"},\"primaryImageOfPage\":{\"@id\":\"https:\\\/\\\/batijournal.com\\\/index.php\\\/beton-patrimoine-historique-se-marient\\\/97206\\\/#primaryimage\"},\"image\":{\"@id\":\"https:\\\/\\\/batijournal.com\\\/index.php\\\/beton-patrimoine-historique-se-marient\\\/97206\\\/#primaryimage\"},\"thumbnailUrl\":\"https:\\\/\\\/batijournal.com\\\/wp-content\\\/uploads\\\/2017\\\/10\\\/BARTOLI_MEDINA_HARDELOT_1016_05_a.jpg\",\"datePublished\":\"2017-10-25T06:25:05+00:00\",\"dateModified\":\"2019-07-15T09:15:34+00:00\",\"author\":{\"@id\":\"https:\\\/\\\/batijournal.com\\\/#\\\/schema\\\/person\\\/1dc96ec6957aa1ccb25ebe78bb19f100\"},\"breadcrumb\":{\"@id\":\"https:\\\/\\\/batijournal.com\\\/index.php\\\/beton-patrimoine-historique-se-marient\\\/97206\\\/#breadcrumb\"},\"inLanguage\":\"fr-FR\",\"potentialAction\":[{\"@type\":\"ReadAction\",\"target\":[\"https:\\\/\\\/batijournal.com\\\/index.php\\\/beton-patrimoine-historique-se-marient\\\/97206\\\/\"]}]},{\"@type\":\"ImageObject\",\"inLanguage\":\"fr-FR\",\"@id\":\"https:\\\/\\\/batijournal.com\\\/index.php\\\/beton-patrimoine-historique-se-marient\\\/97206\\\/#primaryimage\",\"url\":\"https:\\\/\\\/batijournal.com\\\/wp-content\\\/uploads\\\/2017\\\/10\\\/BARTOLI_MEDINA_HARDELOT_1016_05_a.jpg\",\"contentUrl\":\"https:\\\/\\\/batijournal.com\\\/wp-content\\\/uploads\\\/2017\\\/10\\\/BARTOLI_MEDINA_HARDELOT_1016_05_a.jpg\",\"width\":1200,\"height\":827},{\"@type\":\"BreadcrumbList\",\"@id\":\"https:\\\/\\\/batijournal.com\\\/index.php\\\/beton-patrimoine-historique-se-marient\\\/97206\\\/#breadcrumb\",\"itemListElement\":[{\"@type\":\"ListItem\",\"position\":1,\"name\":\"Accueil\",\"item\":\"https:\\\/\\\/batijournal.com\\\/\"},{\"@type\":\"ListItem\",\"position\":2,\"name\":\"Actualit\u00e9s\",\"item\":\"https:\\\/\\\/batijournal.com\\\/index.php\\\/category\\\/actualites\\\/\"},{\"@type\":\"ListItem\",\"position\":3,\"name\":\"Quand b\u00e9ton et patrimoine historique se marient\"}]},{\"@type\":\"WebSite\",\"@id\":\"https:\\\/\\\/batijournal.com\\\/#website\",\"url\":\"https:\\\/\\\/batijournal.com\\\/\",\"name\":\"Batijournal\",\"description\":\"L&#039;actualit\u00e9 du b\u00e2timent\",\"potentialAction\":[{\"@type\":\"SearchAction\",\"target\":{\"@type\":\"EntryPoint\",\"urlTemplate\":\"https:\\\/\\\/batijournal.com\\\/?s={search_term_string}\"},\"query-input\":{\"@type\":\"PropertyValueSpecification\",\"valueRequired\":true,\"valueName\":\"search_term_string\"}}],\"inLanguage\":\"fr-FR\"},{\"@type\":\"Person\",\"@id\":\"https:\\\/\\\/batijournal.com\\\/#\\\/schema\\\/person\\\/1dc96ec6957aa1ccb25ebe78bb19f100\",\"name\":\"St\u00e9phane Miget\",\"image\":{\"@type\":\"ImageObject\",\"inLanguage\":\"fr-FR\",\"@id\":\"https:\\\/\\\/secure.gravatar.com\\\/avatar\\\/89915563d925342126b8ef0281b93d9d7fc337043e8df017f780908eb9644451?s=96&d=mm&r=g\",\"url\":\"https:\\\/\\\/secure.gravatar.com\\\/avatar\\\/89915563d925342126b8ef0281b93d9d7fc337043e8df017f780908eb9644451?s=96&d=mm&r=g\",\"contentUrl\":\"https:\\\/\\\/secure.gravatar.com\\\/avatar\\\/89915563d925342126b8ef0281b93d9d7fc337043e8df017f780908eb9644451?s=96&d=mm&r=g\",\"caption\":\"St\u00e9phane Miget\"},\"url\":\"https:\\\/\\\/batijournal.com\\\/index.php\\\/author\\\/stephane\\\/\"}]}<\/script>\n<!-- \/ Yoast SEO plugin. -->","yoast_head_json":{"title":"Quand b\u00e9ton et patrimoine historique se marient","robots":{"index":"index","follow":"follow","max-snippet":"max-snippet:-1","max-image-preview":"max-image-preview:large","max-video-preview":"max-video-preview:-1"},"canonical":"https:\/\/batijournal.com\/index.php\/beton-patrimoine-historique-se-marient\/97206\/","og_locale":"fr_FR","og_type":"article","og_title":"Quand b\u00e9ton et patrimoine historique se marient","og_description":"Le palmar\u00e8s de la 1\u00e8re \u00e9dition du Troph\u00e9e b\u00e9ton Pro (cat\u00e9gorie professionnels) a \u00e9t\u00e9 d\u00e9voil\u00e9 jeudi 19 octobre 2017 \u00e0 la Maison de l\u2019architecture en Ile-de-France. Le jury a distingu\u00e9 10 r\u00e9alisations. Parmi elles, la salle d\u2019expositions temporaires du Ch\u00e2teau d\u2019hardelot \u00e0 Condette (pas-de-calais) a obtenu le Prix du public, ex-aequo avec le Th\u00e9\u00e2tre Anthea [&hellip;]","og_url":"https:\/\/batijournal.com\/index.php\/beton-patrimoine-historique-se-marient\/97206\/","og_site_name":"Batijournal","article_published_time":"2017-10-25T06:25:05+00:00","article_modified_time":"2019-07-15T09:15:34+00:00","og_image":[{"width":1200,"height":827,"url":"https:\/\/batijournal.com\/wp-content\/uploads\/2017\/10\/BARTOLI_MEDINA_HARDELOT_1016_05_a.jpg","type":"image\/jpeg"}],"author":"St\u00e9phane Miget","twitter_card":"summary_large_image","twitter_creator":"@bati_journal","twitter_site":"@bati_journal","twitter_misc":{"\u00c9crit par":"St\u00e9phane Miget","Dur\u00e9e de lecture estim\u00e9e":"2 minutes"},"schema":{"@context":"https:\/\/schema.org","@graph":[{"@type":"Article","@id":"https:\/\/batijournal.com\/index.php\/beton-patrimoine-historique-se-marient\/97206\/#article","isPartOf":{"@id":"https:\/\/batijournal.com\/index.php\/beton-patrimoine-historique-se-marient\/97206\/"},"author":{"name":"St\u00e9phane Miget","@id":"https:\/\/batijournal.com\/#\/schema\/person\/1dc96ec6957aa1ccb25ebe78bb19f100"},"headline":"Quand b\u00e9ton et patrimoine historique se marient","datePublished":"2017-10-25T06:25:05+00:00","dateModified":"2019-07-15T09:15:34+00:00","mainEntityOfPage":{"@id":"https:\/\/batijournal.com\/index.php\/beton-patrimoine-historique-se-marient\/97206\/"},"wordCount":477,"image":{"@id":"https:\/\/batijournal.com\/index.php\/beton-patrimoine-historique-se-marient\/97206\/#primaryimage"},"thumbnailUrl":"https:\/\/batijournal.com\/wp-content\/uploads\/2017\/10\/BARTOLI_MEDINA_HARDELOT_1016_05_a.jpg","keywords":["b\u00e9ton","concours"],"articleSection":["Actualit\u00e9s","Architecture &amp; Conception","zz_Atrium Patrimoine"],"inLanguage":"fr-FR"},{"@type":"WebPage","@id":"https:\/\/batijournal.com\/index.php\/beton-patrimoine-historique-se-marient\/97206\/","url":"https:\/\/batijournal.com\/index.php\/beton-patrimoine-historique-se-marient\/97206\/","name":"Quand b\u00e9ton et patrimoine historique se marient","isPartOf":{"@id":"https:\/\/batijournal.com\/#website"},"primaryImageOfPage":{"@id":"https:\/\/batijournal.com\/index.php\/beton-patrimoine-historique-se-marient\/97206\/#primaryimage"},"image":{"@id":"https:\/\/batijournal.com\/index.php\/beton-patrimoine-historique-se-marient\/97206\/#primaryimage"},"thumbnailUrl":"https:\/\/batijournal.com\/wp-content\/uploads\/2017\/10\/BARTOLI_MEDINA_HARDELOT_1016_05_a.jpg","datePublished":"2017-10-25T06:25:05+00:00","dateModified":"2019-07-15T09:15:34+00:00","author":{"@id":"https:\/\/batijournal.com\/#\/schema\/person\/1dc96ec6957aa1ccb25ebe78bb19f100"},"breadcrumb":{"@id":"https:\/\/batijournal.com\/index.php\/beton-patrimoine-historique-se-marient\/97206\/#breadcrumb"},"inLanguage":"fr-FR","potentialAction":[{"@type":"ReadAction","target":["https:\/\/batijournal.com\/index.php\/beton-patrimoine-historique-se-marient\/97206\/"]}]},{"@type":"ImageObject","inLanguage":"fr-FR","@id":"https:\/\/batijournal.com\/index.php\/beton-patrimoine-historique-se-marient\/97206\/#primaryimage","url":"https:\/\/batijournal.com\/wp-content\/uploads\/2017\/10\/BARTOLI_MEDINA_HARDELOT_1016_05_a.jpg","contentUrl":"https:\/\/batijournal.com\/wp-content\/uploads\/2017\/10\/BARTOLI_MEDINA_HARDELOT_1016_05_a.jpg","width":1200,"height":827},{"@type":"BreadcrumbList","@id":"https:\/\/batijournal.com\/index.php\/beton-patrimoine-historique-se-marient\/97206\/#breadcrumb","itemListElement":[{"@type":"ListItem","position":1,"name":"Accueil","item":"https:\/\/batijournal.com\/"},{"@type":"ListItem","position":2,"name":"Actualit\u00e9s","item":"https:\/\/batijournal.com\/index.php\/category\/actualites\/"},{"@type":"ListItem","position":3,"name":"Quand b\u00e9ton et patrimoine historique se marient"}]},{"@type":"WebSite","@id":"https:\/\/batijournal.com\/#website","url":"https:\/\/batijournal.com\/","name":"Batijournal","description":"L&#039;actualit\u00e9 du b\u00e2timent","potentialAction":[{"@type":"SearchAction","target":{"@type":"EntryPoint","urlTemplate":"https:\/\/batijournal.com\/?s={search_term_string}"},"query-input":{"@type":"PropertyValueSpecification","valueRequired":true,"valueName":"search_term_string"}}],"inLanguage":"fr-FR"},{"@type":"Person","@id":"https:\/\/batijournal.com\/#\/schema\/person\/1dc96ec6957aa1ccb25ebe78bb19f100","name":"St\u00e9phane Miget","image":{"@type":"ImageObject","inLanguage":"fr-FR","@id":"https:\/\/secure.gravatar.com\/avatar\/89915563d925342126b8ef0281b93d9d7fc337043e8df017f780908eb9644451?s=96&d=mm&r=g","url":"https:\/\/secure.gravatar.com\/avatar\/89915563d925342126b8ef0281b93d9d7fc337043e8df017f780908eb9644451?s=96&d=mm&r=g","contentUrl":"https:\/\/secure.gravatar.com\/avatar\/89915563d925342126b8ef0281b93d9d7fc337043e8df017f780908eb9644451?s=96&d=mm&r=g","caption":"St\u00e9phane Miget"},"url":"https:\/\/batijournal.com\/index.php\/author\/stephane\/"}]}},"_links":{"self":[{"href":"https:\/\/batijournal.com\/index.php\/wp-json\/wp\/v2\/posts\/97206","targetHints":{"allow":["GET"]}}],"collection":[{"href":"https:\/\/batijournal.com\/index.php\/wp-json\/wp\/v2\/posts"}],"about":[{"href":"https:\/\/batijournal.com\/index.php\/wp-json\/wp\/v2\/types\/post"}],"author":[{"embeddable":true,"href":"https:\/\/batijournal.com\/index.php\/wp-json\/wp\/v2\/users\/17"}],"replies":[{"embeddable":true,"href":"https:\/\/batijournal.com\/index.php\/wp-json\/wp\/v2\/comments?post=97206"}],"version-history":[{"count":0,"href":"https:\/\/batijournal.com\/index.php\/wp-json\/wp\/v2\/posts\/97206\/revisions"}],"wp:featuredmedia":[{"embeddable":true,"href":"https:\/\/batijournal.com\/index.php\/wp-json\/wp\/v2\/media\/97216"}],"wp:attachment":[{"href":"https:\/\/batijournal.com\/index.php\/wp-json\/wp\/v2\/media?parent=97206"}],"wp:term":[{"taxonomy":"category","embeddable":true,"href":"https:\/\/batijournal.com\/index.php\/wp-json\/wp\/v2\/categories?post=97206"},{"taxonomy":"post_tag","embeddable":true,"href":"https:\/\/batijournal.com\/index.php\/wp-json\/wp\/v2\/tags?post=97206"}],"curies":[{"name":"wp","href":"https:\/\/api.w.org\/{rel}","templated":true}]}}