{"id":97303,"date":"2017-11-06T14:54:30","date_gmt":"2017-11-06T13:54:30","guid":{"rendered":"http:\/\/batijournal.com\/?p=97303"},"modified":"2019-07-15T16:58:28","modified_gmt":"2019-07-15T14:58:28","slug":"batimat-2017-apres-rt-2012","status":"publish","type":"post","link":"https:\/\/batijournal.com\/index.php\/batimat-2017-apres-rt-2012\/97303\/","title":{"rendered":"BATIMAT 2017 &#8211; Apr\u00e8s la RT 2012"},"content":{"rendered":"<p><iframe loading=\"lazy\" src=\"https:\/\/www.youtube.com\/embed\/s1cSrdOWZTM\" width=\"560\" height=\"315\" frameborder=\"0\" allowfullscreen=\"allowfullscreen\" data-mce-fragment=\"1\"><\/iframe><\/p>\n<p>St\u00e9phane Miget re\u00e7oit J\u00e9r\u00f4me Gatier, directeur du Plan B\u00e2timent durable, et Yann Dervyn, directeur d&rsquo;Effinergie, pour faire un point sur la r\u00e9glementation apr\u00e8s la RT 2012.<\/p>\n<p class=\"p1\"><span class=\"s1\">J\u00e9r\u00f4me Gatier : <em>\u00ab\u00a0Le Plan B\u00e2timent durable est une mission qui a pris son origine dans le Grenelle de l\u2019environnement et est pr\u00e9sid\u00e9e par Philippe Pelletier. \u00a0Notre but est de rassembler tous les professionnels du b\u00e2timent et de l\u2019immobilier \u00e0 Paris et en r\u00e9gion autour des objectifs fran\u00e7ais d\u2019am\u00e9lioration de la performance \u00e9nerg\u00e9tique de tous les segments du b\u00e2timent. <\/em><br \/>\n<\/span><em><span class=\"s1\">Nous travaillons main dans la main avec les pouvoirs publics. Nous sommes une structure de concertation en amont de la diffusion des informations sur toutes les nouveaut\u00e9s initi\u00e9es par l\u2019administration.<br \/>\n<\/span>Concernant la RT 2012 qui est la r\u00e9glementation dans la construction neuve pour l\u2019\u00e9nerg\u00e9tique, nous consid\u00e9rons que cette r\u00e9glementation a permis un progr\u00e8s important<span class=\"Apple-converted-space\">\u00a0 <\/span>dans la performance \u00e9nerg\u00e9tique intrins\u00e8que au moment de la construction. Les b\u00e2timents de la RT 2012 consomment beaucoup moins que les b\u00e2timents de la g\u00e9n\u00e9ration pr\u00e9c\u00e9dente.<br \/>\n<\/em><em><span class=\"s1\">On peut dire que le Plan B\u00e2timent durable fait partie des instances qui ont permis que les r\u00e9glementations thermiques et \u00e9nerg\u00e9tiques \u00e9voluent vers un cadre plus large. Avec ce label, on va plus vers l\u2019environnemental et la pr\u00e9vention du r\u00e9chauffement climatique.\u00a0\u00bb<\/span><\/em><\/p>\n<p class=\"p1\"><span class=\"s1\">Yann Dervyn : <em>\u00ab\u00a0<\/em><\/span><em><span class=\"s1\">Effinergie est une association cr\u00e9\u00e9e il y a onze ans \u00e0 l\u2019initiative de diff\u00e9rents acteurs : collectivit\u00e9s territoriales, industriels, banques,<span class=\"Apple-converted-space\">\u00a0 <\/span>experts\u2026 Le but \u00e9tait de d\u00e9finir un niveau d\u2019efficacit\u00e9 \u00e9nerg\u00e9tique plus ambitieux que celui de la RT 2005. Le label BBC est issu des travaux de l\u2019association.\u00a0<\/span><span class=\"s1\">La RT 2012 a repris les niveaux de BBC-Effinergie. On a maintenant, depuis 2007, dix ans de recul sur ces labels. On compile les donn\u00e9es de ces b\u00e2timents et l&rsquo;on peut observer les gains \u00e9nerg\u00e9tiques qui ont \u00e9t\u00e9 r\u00e9alis\u00e9s. On s\u2019est aper\u00e7u que des aspects de la RT 2012 m\u00e9riteraient d\u2019\u00eatre retravaill\u00e9s, deux points notamment : les ponts thermiques et le calcul du Bbio.<br \/>\n<\/span><span class=\"s1\">Le label E+C- signifie \u00e9nergie positive et r\u00e9duction carbone. C\u2019est une exp\u00e9rimentation qui peut d\u00e9boucher sur un label. Elle int\u00e8gre le soucis d\u2019aller vers des b\u00e2timents \u00e0 \u00e9nergie positive et la probl\u00e9matique carbone. On va calculer tous les impacts carbone de tous les mat\u00e9riaux et de tous les services li\u00e9s \u00e0 la vie du b\u00e2timent. Il faut \u00e0 la fois que les acteurs se l\u2019approprient et montent en comp\u00e9tence, et<\/span><span class=\"s1\">\u00a0que les industriels puissent entrer leur production dans la FDES de mani\u00e8re \u00e0 pouvoir calculer l\u2019impact carbone.<span class=\"Apple-converted-space\">\u00a0 <\/span>On a encore beaucoup \u00e0 faire sur le calcul carbone.\u00a0\u00bb<\/span><\/em><\/p>\n","protected":false},"excerpt":{"rendered":"<p>St\u00e9phane Miget re\u00e7oit J\u00e9r\u00f4me Gatier, directeur du Plan B\u00e2timent durable, et Yann Dervyn, directeur d&rsquo;Effinergie, pour faire un point sur la r\u00e9glementation apr\u00e8s la RT 2012. J\u00e9r\u00f4me Gatier : \u00ab\u00a0Le Plan B\u00e2timent durable est une mission qui a pris son origine dans le Grenelle de l\u2019environnement et est pr\u00e9sid\u00e9e par Philippe Pelletier. \u00a0Notre but est [&hellip;]<\/p>\n","protected":false},"author":1,"featured_media":97304,"comment_status":"closed","ping_status":"closed","sticky":false,"template":"","format":"standard","meta":{"_et_pb_use_builder":"","_et_pb_old_content":"","_et_gb_content_width":"","footnotes":""},"categories":[6345,10775],"tags":[11505,12092,1684,2684,1264],"class_list":["post-97303","post","type-post","status-publish","format-standard","has-post-thumbnail","hentry","category-economie-marches","category-actualites-5facades","tag-batijournal-tv","tag-batimat-2017","tag-effinergie","tag-plan-batiment-durable","tag-rt2012"],"yoast_head":"<!-- This site is optimized with the Yoast SEO plugin v27.4 - https:\/\/yoast.com\/product\/yoast-seo-wordpress\/ -->\n<title>BATIMAT 2017 - Apr\u00e8s la RT 2012<\/title>\n<meta name=\"robots\" content=\"index, follow, max-snippet:-1, max-image-preview:large, max-video-preview:-1\" \/>\n<link rel=\"canonical\" href=\"https:\/\/batijournal.com\/index.php\/batimat-2017-apres-rt-2012\/97303\/\" \/>\n<meta property=\"og:locale\" content=\"fr_FR\" \/>\n<meta property=\"og:type\" content=\"article\" \/>\n<meta property=\"og:title\" content=\"BATIMAT 2017 - Apr\u00e8s la RT 2012\" \/>\n<meta property=\"og:description\" content=\"St\u00e9phane Miget re\u00e7oit J\u00e9r\u00f4me Gatier, directeur du Plan B\u00e2timent durable, et Yann Dervyn, directeur d&rsquo;Effinergie, pour faire un point sur la r\u00e9glementation apr\u00e8s la RT 2012. J\u00e9r\u00f4me Gatier : \u00ab\u00a0Le Plan B\u00e2timent durable est une mission qui a pris son origine dans le Grenelle de l\u2019environnement et est pr\u00e9sid\u00e9e par Philippe Pelletier. \u00a0Notre but est [&hellip;]\" \/>\n<meta property=\"og:url\" content=\"https:\/\/batijournal.com\/index.php\/batimat-2017-apres-rt-2012\/97303\/\" \/>\n<meta property=\"og:site_name\" content=\"Batijournal\" \/>\n<meta property=\"article:published_time\" content=\"2017-11-06T13:54:30+00:00\" \/>\n<meta property=\"article:modified_time\" content=\"2019-07-15T14:58:28+00:00\" \/>\n<meta property=\"og:image\" content=\"https:\/\/batijournal.com\/wp-content\/uploads\/2017\/11\/batimat-2017-apres-la-rt-2012.jpg\" \/>\n\t<meta property=\"og:image:width\" content=\"1280\" \/>\n\t<meta property=\"og:image:height\" content=\"720\" \/>\n\t<meta property=\"og:image:type\" content=\"image\/jpeg\" \/>\n<meta name=\"author\" content=\"Bati-journal\" \/>\n<meta name=\"twitter:card\" content=\"summary_large_image\" \/>\n<meta name=\"twitter:creator\" content=\"@bati_journal\" \/>\n<meta name=\"twitter:site\" content=\"@bati_journal\" \/>\n<meta name=\"twitter:label1\" content=\"\u00c9crit par\" \/>\n\t<meta name=\"twitter:data1\" content=\"Bati-journal\" \/>\n\t<meta name=\"twitter:label2\" content=\"Dur\u00e9e de lecture estim\u00e9e\" \/>\n\t<meta name=\"twitter:data2\" content=\"2 minutes\" \/>\n<script type=\"application\/ld+json\" class=\"yoast-schema-graph\">{\"@context\":\"https:\\\/\\\/schema.org\",\"@graph\":[{\"@type\":\"Article\",\"@id\":\"https:\\\/\\\/batijournal.com\\\/index.php\\\/batimat-2017-apres-rt-2012\\\/97303\\\/#article\",\"isPartOf\":{\"@id\":\"https:\\\/\\\/batijournal.com\\\/index.php\\\/batimat-2017-apres-rt-2012\\\/97303\\\/\"},\"author\":{\"name\":\"Bati-journal\",\"@id\":\"https:\\\/\\\/batijournal.com\\\/#\\\/schema\\\/person\\\/6a657e8967569e1b299972574848aa76\"},\"headline\":\"BATIMAT 2017 &#8211; Apr\u00e8s la RT 2012\",\"datePublished\":\"2017-11-06T13:54:30+00:00\",\"dateModified\":\"2019-07-15T14:58:28+00:00\",\"mainEntityOfPage\":{\"@id\":\"https:\\\/\\\/batijournal.com\\\/index.php\\\/batimat-2017-apres-rt-2012\\\/97303\\\/\"},\"wordCount\":485,\"image\":{\"@id\":\"https:\\\/\\\/batijournal.com\\\/index.php\\\/batimat-2017-apres-rt-2012\\\/97303\\\/#primaryimage\"},\"thumbnailUrl\":\"https:\\\/\\\/batijournal.com\\\/wp-content\\\/uploads\\\/2017\\\/11\\\/batimat-2017-apres-la-rt-2012.jpg\",\"keywords\":[\"batijournal TV\",\"Batimat 2017\",\"effinergie\",\"plan b\u00e2timent durable\",\"rt2012\"],\"articleSection\":[\"\u00c9conomie &amp; March\u00e9s\",\"zz_Actualit\u00e9s - 5fa\u00e7ades\"],\"inLanguage\":\"fr-FR\"},{\"@type\":\"WebPage\",\"@id\":\"https:\\\/\\\/batijournal.com\\\/index.php\\\/batimat-2017-apres-rt-2012\\\/97303\\\/\",\"url\":\"https:\\\/\\\/batijournal.com\\\/index.php\\\/batimat-2017-apres-rt-2012\\\/97303\\\/\",\"name\":\"BATIMAT 2017 - Apr\u00e8s la RT 2012\",\"isPartOf\":{\"@id\":\"https:\\\/\\\/batijournal.com\\\/#website\"},\"primaryImageOfPage\":{\"@id\":\"https:\\\/\\\/batijournal.com\\\/index.php\\\/batimat-2017-apres-rt-2012\\\/97303\\\/#primaryimage\"},\"image\":{\"@id\":\"https:\\\/\\\/batijournal.com\\\/index.php\\\/batimat-2017-apres-rt-2012\\\/97303\\\/#primaryimage\"},\"thumbnailUrl\":\"https:\\\/\\\/batijournal.com\\\/wp-content\\\/uploads\\\/2017\\\/11\\\/batimat-2017-apres-la-rt-2012.jpg\",\"datePublished\":\"2017-11-06T13:54:30+00:00\",\"dateModified\":\"2019-07-15T14:58:28+00:00\",\"author\":{\"@id\":\"https:\\\/\\\/batijournal.com\\\/#\\\/schema\\\/person\\\/6a657e8967569e1b299972574848aa76\"},\"breadcrumb\":{\"@id\":\"https:\\\/\\\/batijournal.com\\\/index.php\\\/batimat-2017-apres-rt-2012\\\/97303\\\/#breadcrumb\"},\"inLanguage\":\"fr-FR\",\"potentialAction\":[{\"@type\":\"ReadAction\",\"target\":[\"https:\\\/\\\/batijournal.com\\\/index.php\\\/batimat-2017-apres-rt-2012\\\/97303\\\/\"]}]},{\"@type\":\"ImageObject\",\"inLanguage\":\"fr-FR\",\"@id\":\"https:\\\/\\\/batijournal.com\\\/index.php\\\/batimat-2017-apres-rt-2012\\\/97303\\\/#primaryimage\",\"url\":\"https:\\\/\\\/batijournal.com\\\/wp-content\\\/uploads\\\/2017\\\/11\\\/batimat-2017-apres-la-rt-2012.jpg\",\"contentUrl\":\"https:\\\/\\\/batijournal.com\\\/wp-content\\\/uploads\\\/2017\\\/11\\\/batimat-2017-apres-la-rt-2012.jpg\",\"width\":1280,\"height\":720},{\"@type\":\"BreadcrumbList\",\"@id\":\"https:\\\/\\\/batijournal.com\\\/index.php\\\/batimat-2017-apres-rt-2012\\\/97303\\\/#breadcrumb\",\"itemListElement\":[{\"@type\":\"ListItem\",\"position\":1,\"name\":\"Accueil\",\"item\":\"https:\\\/\\\/batijournal.com\\\/\"},{\"@type\":\"ListItem\",\"position\":2,\"name\":\"Actualit\u00e9s\",\"item\":\"https:\\\/\\\/batijournal.com\\\/index.php\\\/category\\\/actualites\\\/\"},{\"@type\":\"ListItem\",\"position\":3,\"name\":\"\u00c9conomie &amp; March\u00e9s\",\"item\":\"https:\\\/\\\/batijournal.com\\\/index.php\\\/category\\\/actualites\\\/economie-marches\\\/\"},{\"@type\":\"ListItem\",\"position\":4,\"name\":\"BATIMAT 2017 &#8211; Apr\u00e8s la RT 2012\"}]},{\"@type\":\"WebSite\",\"@id\":\"https:\\\/\\\/batijournal.com\\\/#website\",\"url\":\"https:\\\/\\\/batijournal.com\\\/\",\"name\":\"Batijournal\",\"description\":\"L&#039;actualit\u00e9 du b\u00e2timent\",\"potentialAction\":[{\"@type\":\"SearchAction\",\"target\":{\"@type\":\"EntryPoint\",\"urlTemplate\":\"https:\\\/\\\/batijournal.com\\\/?s={search_term_string}\"},\"query-input\":{\"@type\":\"PropertyValueSpecification\",\"valueRequired\":true,\"valueName\":\"search_term_string\"}}],\"inLanguage\":\"fr-FR\"},{\"@type\":\"Person\",\"@id\":\"https:\\\/\\\/batijournal.com\\\/#\\\/schema\\\/person\\\/6a657e8967569e1b299972574848aa76\",\"name\":\"Bati-journal\",\"image\":{\"@type\":\"ImageObject\",\"inLanguage\":\"fr-FR\",\"@id\":\"https:\\\/\\\/secure.gravatar.com\\\/avatar\\\/a64364ea26392f9b4dd47e017ddaec74ff03aefc073b49e492e847201258f777?s=96&d=mm&r=g\",\"url\":\"https:\\\/\\\/secure.gravatar.com\\\/avatar\\\/a64364ea26392f9b4dd47e017ddaec74ff03aefc073b49e492e847201258f777?s=96&d=mm&r=g\",\"contentUrl\":\"https:\\\/\\\/secure.gravatar.com\\\/avatar\\\/a64364ea26392f9b4dd47e017ddaec74ff03aefc073b49e492e847201258f777?s=96&d=mm&r=g\",\"caption\":\"Bati-journal\"},\"url\":\"https:\\\/\\\/batijournal.com\\\/index.php\\\/author\\\/elodie\\\/\"}]}<\/script>\n<!-- \/ Yoast SEO plugin. -->","yoast_head_json":{"title":"BATIMAT 2017 - Apr\u00e8s la RT 2012","robots":{"index":"index","follow":"follow","max-snippet":"max-snippet:-1","max-image-preview":"max-image-preview:large","max-video-preview":"max-video-preview:-1"},"canonical":"https:\/\/batijournal.com\/index.php\/batimat-2017-apres-rt-2012\/97303\/","og_locale":"fr_FR","og_type":"article","og_title":"BATIMAT 2017 - Apr\u00e8s la RT 2012","og_description":"St\u00e9phane Miget re\u00e7oit J\u00e9r\u00f4me Gatier, directeur du Plan B\u00e2timent durable, et Yann Dervyn, directeur d&rsquo;Effinergie, pour faire un point sur la r\u00e9glementation apr\u00e8s la RT 2012. J\u00e9r\u00f4me Gatier : \u00ab\u00a0Le Plan B\u00e2timent durable est une mission qui a pris son origine dans le Grenelle de l\u2019environnement et est pr\u00e9sid\u00e9e par Philippe Pelletier. \u00a0Notre but est [&hellip;]","og_url":"https:\/\/batijournal.com\/index.php\/batimat-2017-apres-rt-2012\/97303\/","og_site_name":"Batijournal","article_published_time":"2017-11-06T13:54:30+00:00","article_modified_time":"2019-07-15T14:58:28+00:00","og_image":[{"width":1280,"height":720,"url":"https:\/\/batijournal.com\/wp-content\/uploads\/2017\/11\/batimat-2017-apres-la-rt-2012.jpg","type":"image\/jpeg"}],"author":"Bati-journal","twitter_card":"summary_large_image","twitter_creator":"@bati_journal","twitter_site":"@bati_journal","twitter_misc":{"\u00c9crit par":"Bati-journal","Dur\u00e9e de lecture estim\u00e9e":"2 minutes"},"schema":{"@context":"https:\/\/schema.org","@graph":[{"@type":"Article","@id":"https:\/\/batijournal.com\/index.php\/batimat-2017-apres-rt-2012\/97303\/#article","isPartOf":{"@id":"https:\/\/batijournal.com\/index.php\/batimat-2017-apres-rt-2012\/97303\/"},"author":{"name":"Bati-journal","@id":"https:\/\/batijournal.com\/#\/schema\/person\/6a657e8967569e1b299972574848aa76"},"headline":"BATIMAT 2017 &#8211; Apr\u00e8s la RT 2012","datePublished":"2017-11-06T13:54:30+00:00","dateModified":"2019-07-15T14:58:28+00:00","mainEntityOfPage":{"@id":"https:\/\/batijournal.com\/index.php\/batimat-2017-apres-rt-2012\/97303\/"},"wordCount":485,"image":{"@id":"https:\/\/batijournal.com\/index.php\/batimat-2017-apres-rt-2012\/97303\/#primaryimage"},"thumbnailUrl":"https:\/\/batijournal.com\/wp-content\/uploads\/2017\/11\/batimat-2017-apres-la-rt-2012.jpg","keywords":["batijournal TV","Batimat 2017","effinergie","plan b\u00e2timent durable","rt2012"],"articleSection":["\u00c9conomie &amp; March\u00e9s","zz_Actualit\u00e9s - 5fa\u00e7ades"],"inLanguage":"fr-FR"},{"@type":"WebPage","@id":"https:\/\/batijournal.com\/index.php\/batimat-2017-apres-rt-2012\/97303\/","url":"https:\/\/batijournal.com\/index.php\/batimat-2017-apres-rt-2012\/97303\/","name":"BATIMAT 2017 - Apr\u00e8s la RT 2012","isPartOf":{"@id":"https:\/\/batijournal.com\/#website"},"primaryImageOfPage":{"@id":"https:\/\/batijournal.com\/index.php\/batimat-2017-apres-rt-2012\/97303\/#primaryimage"},"image":{"@id":"https:\/\/batijournal.com\/index.php\/batimat-2017-apres-rt-2012\/97303\/#primaryimage"},"thumbnailUrl":"https:\/\/batijournal.com\/wp-content\/uploads\/2017\/11\/batimat-2017-apres-la-rt-2012.jpg","datePublished":"2017-11-06T13:54:30+00:00","dateModified":"2019-07-15T14:58:28+00:00","author":{"@id":"https:\/\/batijournal.com\/#\/schema\/person\/6a657e8967569e1b299972574848aa76"},"breadcrumb":{"@id":"https:\/\/batijournal.com\/index.php\/batimat-2017-apres-rt-2012\/97303\/#breadcrumb"},"inLanguage":"fr-FR","potentialAction":[{"@type":"ReadAction","target":["https:\/\/batijournal.com\/index.php\/batimat-2017-apres-rt-2012\/97303\/"]}]},{"@type":"ImageObject","inLanguage":"fr-FR","@id":"https:\/\/batijournal.com\/index.php\/batimat-2017-apres-rt-2012\/97303\/#primaryimage","url":"https:\/\/batijournal.com\/wp-content\/uploads\/2017\/11\/batimat-2017-apres-la-rt-2012.jpg","contentUrl":"https:\/\/batijournal.com\/wp-content\/uploads\/2017\/11\/batimat-2017-apres-la-rt-2012.jpg","width":1280,"height":720},{"@type":"BreadcrumbList","@id":"https:\/\/batijournal.com\/index.php\/batimat-2017-apres-rt-2012\/97303\/#breadcrumb","itemListElement":[{"@type":"ListItem","position":1,"name":"Accueil","item":"https:\/\/batijournal.com\/"},{"@type":"ListItem","position":2,"name":"Actualit\u00e9s","item":"https:\/\/batijournal.com\/index.php\/category\/actualites\/"},{"@type":"ListItem","position":3,"name":"\u00c9conomie &amp; March\u00e9s","item":"https:\/\/batijournal.com\/index.php\/category\/actualites\/economie-marches\/"},{"@type":"ListItem","position":4,"name":"BATIMAT 2017 &#8211; Apr\u00e8s la RT 2012"}]},{"@type":"WebSite","@id":"https:\/\/batijournal.com\/#website","url":"https:\/\/batijournal.com\/","name":"Batijournal","description":"L&#039;actualit\u00e9 du b\u00e2timent","potentialAction":[{"@type":"SearchAction","target":{"@type":"EntryPoint","urlTemplate":"https:\/\/batijournal.com\/?s={search_term_string}"},"query-input":{"@type":"PropertyValueSpecification","valueRequired":true,"valueName":"search_term_string"}}],"inLanguage":"fr-FR"},{"@type":"Person","@id":"https:\/\/batijournal.com\/#\/schema\/person\/6a657e8967569e1b299972574848aa76","name":"Bati-journal","image":{"@type":"ImageObject","inLanguage":"fr-FR","@id":"https:\/\/secure.gravatar.com\/avatar\/a64364ea26392f9b4dd47e017ddaec74ff03aefc073b49e492e847201258f777?s=96&d=mm&r=g","url":"https:\/\/secure.gravatar.com\/avatar\/a64364ea26392f9b4dd47e017ddaec74ff03aefc073b49e492e847201258f777?s=96&d=mm&r=g","contentUrl":"https:\/\/secure.gravatar.com\/avatar\/a64364ea26392f9b4dd47e017ddaec74ff03aefc073b49e492e847201258f777?s=96&d=mm&r=g","caption":"Bati-journal"},"url":"https:\/\/batijournal.com\/index.php\/author\/elodie\/"}]}},"_links":{"self":[{"href":"https:\/\/batijournal.com\/index.php\/wp-json\/wp\/v2\/posts\/97303","targetHints":{"allow":["GET"]}}],"collection":[{"href":"https:\/\/batijournal.com\/index.php\/wp-json\/wp\/v2\/posts"}],"about":[{"href":"https:\/\/batijournal.com\/index.php\/wp-json\/wp\/v2\/types\/post"}],"author":[{"embeddable":true,"href":"https:\/\/batijournal.com\/index.php\/wp-json\/wp\/v2\/users\/1"}],"replies":[{"embeddable":true,"href":"https:\/\/batijournal.com\/index.php\/wp-json\/wp\/v2\/comments?post=97303"}],"version-history":[{"count":0,"href":"https:\/\/batijournal.com\/index.php\/wp-json\/wp\/v2\/posts\/97303\/revisions"}],"wp:featuredmedia":[{"embeddable":true,"href":"https:\/\/batijournal.com\/index.php\/wp-json\/wp\/v2\/media\/97304"}],"wp:attachment":[{"href":"https:\/\/batijournal.com\/index.php\/wp-json\/wp\/v2\/media?parent=97303"}],"wp:term":[{"taxonomy":"category","embeddable":true,"href":"https:\/\/batijournal.com\/index.php\/wp-json\/wp\/v2\/categories?post=97303"},{"taxonomy":"post_tag","embeddable":true,"href":"https:\/\/batijournal.com\/index.php\/wp-json\/wp\/v2\/tags?post=97303"}],"curies":[{"name":"wp","href":"https:\/\/api.w.org\/{rel}","templated":true}]}}