{"id":97343,"date":"2017-11-07T16:54:00","date_gmt":"2017-11-07T15:54:00","guid":{"rendered":"http:\/\/batijournal.com\/?p=97343"},"modified":"2019-07-15T12:21:59","modified_gmt":"2019-07-15T10:21:59","slug":"lechec-politiques-deconomie-denergie-partie-responsable-de-non-diminution-nucleaire","status":"publish","type":"post","link":"https:\/\/batijournal.com\/index.php\/lechec-politiques-deconomie-denergie-partie-responsable-de-non-diminution-nucleaire\/97343\/","title":{"rendered":"L&rsquo;\u00e9chec des politiques d&rsquo;\u00e9conomie d\u2019\u00e9nergie en partie responsable de la non diminution du nucl\u00e9aire"},"content":{"rendered":"<p>Nicolas Hulot a annonc\u00e9 ajourd&rsquo;hui, \u00e0 l\u2019issue du Conseil des Ministres, qu\u2019il sera \u201cdifficile\u201d de respecter l\u2019objectif de baisser la part d\u2019\u00e9lectricit\u00e9 nucl\u00e9aire de 75 \u00e0 50% en 2025. Cette annonce intervient alors que le R\u00e9seau de Transport d\u2019Electricit\u00e9 (RTE) pr\u00e9sentait ce matin 5 sc\u00e9narios pr\u00e9visionnels de production d\u2019\u00e9lectricit\u00e9 \u00e0 horizons 2025 et 2035. Parmi les 5 trajectoires, une seule permettrait de respecter la loi sur la transition \u00e9nerg\u00e9tique avec 50% d\u2019\u00e9lectricit\u00e9 nucl\u00e9aire en 2025, sans accro\u00eetre les \u00e9missions de CO2.<\/p>\n<p>Pour Michel Dubromel, pr\u00e9sident de France Nature Environnement, <em>\u00ab avec cette annonce, le gouvernement d\u00e9clare qu\u2019il ne respectera pas l\u2019objectif de la loi de transition \u00e9nerg\u00e9tique. Aujourd\u2019hui, le diagnostic est, il est vrai, accablant pour la France : \u00e9chec des politiques d&rsquo;\u00e9conomie d\u2019\u00e9nergie, notamment dans le r\u00e9sidentiel tertiaire, absence d\u2019une politique volontariste et ambitieuse de d\u00e9veloppement des \u00e9nergies renouvelables. Mais des leviers existent pour rendre compatibles la diminution de la part du nucl\u00e9aire et la r\u00e9duction de nos \u00e9missions de gaz \u00e0 effet de serre, comme en t\u00e9moignent certains sc\u00e9narios pr\u00e9sent\u00e9s par RTE. Encore faut-il s\u2019en saisir, donner le cap et proposer le cadre ad\u00e9quat aux nombreux acteurs pr\u00eats \u00e0 s\u2019engager dans la transition \u00e9nerg\u00e9tique. \u00bb<\/em><\/p>\n<div class=\"page\" title=\"Page 1\">\n<div class=\"layoutArea\">\n<div class=\"column\">\n<p>Le Syndicat des \u00e9nergies renouvelables constate, quant \u00e0 lui, qu\u2019il est indispensable d\u2019acc\u00e9l\u00e9rer \u00e0 court terme le rythme de d\u00e9ploiement des \u00e9nergies renouvelables afin de v\u00e9ritablement diversifier, \u00e0 l\u2019image de nos voisins europ\u00e9ens, le mix \u00e9lectrique de notre pays. <em>\u00ab Pour infl\u00e9chir le rythme, il faut rapidement actionner, dans les mois qui viennent, un certain nombre de leviers, en particulier dans le domaine de la simplification. Mais il est aussi essentiel de faciliter l\u2019appropriation des \u00e9nergies renouvelables par les riverains, leurs repr\u00e9sentants et l\u2019ensemble de la population. L\u2019urgence climatique et la sensibilisation croissante de nos concitoyens \u00e0 cet enjeu crucial vont, nous en sommes convaincus, aider \u00e0 transformer le large soutien aux \u00e9nergies renouvelables qui existe aujourd\u2019hui au sein de la population en une v\u00e9ritable appropriation par les territoires. Au-del\u00e0 des chiffres, c\u2019est l\u00e0 sans doute le plus beau et le plus important des objectifs \u00bb<\/em>, explique Jean-Louis BAL, Pr\u00e9sident du Syndicat des \u00e9nergies renouvelables.<\/p>\n<\/div>\n<\/div>\n<\/div>\n","protected":false},"excerpt":{"rendered":"<p>Nicolas Hulot a annonc\u00e9 ajourd&rsquo;hui, \u00e0 l\u2019issue du Conseil des Ministres, qu\u2019il sera \u201cdifficile\u201d de respecter l\u2019objectif de baisser la part d\u2019\u00e9lectricit\u00e9 nucl\u00e9aire de 75 \u00e0 50% en 2025. Cette annonce intervient alors que le R\u00e9seau de Transport d\u2019Electricit\u00e9 (RTE) pr\u00e9sentait ce matin 5 sc\u00e9narios pr\u00e9visionnels de production d\u2019\u00e9lectricit\u00e9 \u00e0 horizons 2025 et 2035. Parmi [&hellip;]<\/p>\n","protected":false},"author":17,"featured_media":89084,"comment_status":"closed","ping_status":"closed","sticky":false,"template":"","format":"standard","meta":{"_et_pb_use_builder":"","_et_pb_old_content":"","_et_gb_content_width":"","footnotes":""},"categories":[10530,6351],"tags":[382],"class_list":["post-97343","post","type-post","status-publish","format-standard","has-post-thumbnail","hentry","category-actualites","category-energie-environnement","tag-electricite"],"yoast_head":"<!-- This site is optimized with the Yoast SEO plugin v27.4 - https:\/\/yoast.com\/product\/yoast-seo-wordpress\/ -->\n<title>L&#039;\u00e9chec des politiques d&#039;\u00e9conomie d\u2019\u00e9nergie en partie responsable de la non diminution du nucl\u00e9aire<\/title>\n<meta name=\"robots\" content=\"index, follow, max-snippet:-1, max-image-preview:large, max-video-preview:-1\" \/>\n<link rel=\"canonical\" href=\"https:\/\/batijournal.com\/index.php\/lechec-politiques-deconomie-denergie-partie-responsable-de-non-diminution-nucleaire\/97343\/\" \/>\n<meta property=\"og:locale\" content=\"fr_FR\" \/>\n<meta property=\"og:type\" content=\"article\" \/>\n<meta property=\"og:title\" content=\"L&#039;\u00e9chec des politiques d&#039;\u00e9conomie d\u2019\u00e9nergie en partie responsable de la non diminution du nucl\u00e9aire\" \/>\n<meta property=\"og:description\" content=\"Nicolas Hulot a annonc\u00e9 ajourd&rsquo;hui, \u00e0 l\u2019issue du Conseil des Ministres, qu\u2019il sera \u201cdifficile\u201d de respecter l\u2019objectif de baisser la part d\u2019\u00e9lectricit\u00e9 nucl\u00e9aire de 75 \u00e0 50% en 2025. Cette annonce intervient alors que le R\u00e9seau de Transport d\u2019Electricit\u00e9 (RTE) pr\u00e9sentait ce matin 5 sc\u00e9narios pr\u00e9visionnels de production d\u2019\u00e9lectricit\u00e9 \u00e0 horizons 2025 et 2035. Parmi [&hellip;]\" \/>\n<meta property=\"og:url\" content=\"https:\/\/batijournal.com\/index.php\/lechec-politiques-deconomie-denergie-partie-responsable-de-non-diminution-nucleaire\/97343\/\" \/>\n<meta property=\"og:site_name\" content=\"Batijournal\" \/>\n<meta property=\"article:published_time\" content=\"2017-11-07T15:54:00+00:00\" \/>\n<meta property=\"article:modified_time\" content=\"2019-07-15T10:21:59+00:00\" \/>\n<meta property=\"og:image\" content=\"https:\/\/batijournal.com\/wp-content\/uploads\/2015\/09\/etiquette-energie.jpg\" \/>\n\t<meta property=\"og:image:width\" content=\"534\" \/>\n\t<meta property=\"og:image:height\" content=\"301\" \/>\n\t<meta property=\"og:image:type\" content=\"image\/jpeg\" \/>\n<meta name=\"author\" content=\"St\u00e9phane Miget\" \/>\n<meta name=\"twitter:card\" content=\"summary_large_image\" \/>\n<meta name=\"twitter:creator\" content=\"@bati_journal\" \/>\n<meta name=\"twitter:site\" content=\"@bati_journal\" \/>\n<meta name=\"twitter:label1\" content=\"\u00c9crit par\" \/>\n\t<meta name=\"twitter:data1\" content=\"St\u00e9phane Miget\" \/>\n\t<meta name=\"twitter:label2\" content=\"Dur\u00e9e de lecture estim\u00e9e\" \/>\n\t<meta name=\"twitter:data2\" content=\"2 minutes\" \/>\n<script type=\"application\/ld+json\" class=\"yoast-schema-graph\">{\"@context\":\"https:\\\/\\\/schema.org\",\"@graph\":[{\"@type\":\"Article\",\"@id\":\"https:\\\/\\\/batijournal.com\\\/index.php\\\/lechec-politiques-deconomie-denergie-partie-responsable-de-non-diminution-nucleaire\\\/97343\\\/#article\",\"isPartOf\":{\"@id\":\"https:\\\/\\\/batijournal.com\\\/index.php\\\/lechec-politiques-deconomie-denergie-partie-responsable-de-non-diminution-nucleaire\\\/97343\\\/\"},\"author\":{\"name\":\"St\u00e9phane Miget\",\"@id\":\"https:\\\/\\\/batijournal.com\\\/#\\\/schema\\\/person\\\/1dc96ec6957aa1ccb25ebe78bb19f100\"},\"headline\":\"L&rsquo;\u00e9chec des politiques d&rsquo;\u00e9conomie d\u2019\u00e9nergie en partie responsable de la non diminution du nucl\u00e9aire\",\"datePublished\":\"2017-11-07T15:54:00+00:00\",\"dateModified\":\"2019-07-15T10:21:59+00:00\",\"mainEntityOfPage\":{\"@id\":\"https:\\\/\\\/batijournal.com\\\/index.php\\\/lechec-politiques-deconomie-denergie-partie-responsable-de-non-diminution-nucleaire\\\/97343\\\/\"},\"wordCount\":401,\"image\":{\"@id\":\"https:\\\/\\\/batijournal.com\\\/index.php\\\/lechec-politiques-deconomie-denergie-partie-responsable-de-non-diminution-nucleaire\\\/97343\\\/#primaryimage\"},\"thumbnailUrl\":\"https:\\\/\\\/batijournal.com\\\/wp-content\\\/uploads\\\/2015\\\/09\\\/etiquette-energie.jpg\",\"keywords\":[\"\u00e9lectricit\u00e9\"],\"articleSection\":[\"Actualit\u00e9s\",\"\u00c9nergie &amp; Environnement\"],\"inLanguage\":\"fr-FR\"},{\"@type\":\"WebPage\",\"@id\":\"https:\\\/\\\/batijournal.com\\\/index.php\\\/lechec-politiques-deconomie-denergie-partie-responsable-de-non-diminution-nucleaire\\\/97343\\\/\",\"url\":\"https:\\\/\\\/batijournal.com\\\/index.php\\\/lechec-politiques-deconomie-denergie-partie-responsable-de-non-diminution-nucleaire\\\/97343\\\/\",\"name\":\"L'\u00e9chec des politiques d'\u00e9conomie d\u2019\u00e9nergie en partie responsable de la non diminution du nucl\u00e9aire\",\"isPartOf\":{\"@id\":\"https:\\\/\\\/batijournal.com\\\/#website\"},\"primaryImageOfPage\":{\"@id\":\"https:\\\/\\\/batijournal.com\\\/index.php\\\/lechec-politiques-deconomie-denergie-partie-responsable-de-non-diminution-nucleaire\\\/97343\\\/#primaryimage\"},\"image\":{\"@id\":\"https:\\\/\\\/batijournal.com\\\/index.php\\\/lechec-politiques-deconomie-denergie-partie-responsable-de-non-diminution-nucleaire\\\/97343\\\/#primaryimage\"},\"thumbnailUrl\":\"https:\\\/\\\/batijournal.com\\\/wp-content\\\/uploads\\\/2015\\\/09\\\/etiquette-energie.jpg\",\"datePublished\":\"2017-11-07T15:54:00+00:00\",\"dateModified\":\"2019-07-15T10:21:59+00:00\",\"author\":{\"@id\":\"https:\\\/\\\/batijournal.com\\\/#\\\/schema\\\/person\\\/1dc96ec6957aa1ccb25ebe78bb19f100\"},\"breadcrumb\":{\"@id\":\"https:\\\/\\\/batijournal.com\\\/index.php\\\/lechec-politiques-deconomie-denergie-partie-responsable-de-non-diminution-nucleaire\\\/97343\\\/#breadcrumb\"},\"inLanguage\":\"fr-FR\",\"potentialAction\":[{\"@type\":\"ReadAction\",\"target\":[\"https:\\\/\\\/batijournal.com\\\/index.php\\\/lechec-politiques-deconomie-denergie-partie-responsable-de-non-diminution-nucleaire\\\/97343\\\/\"]}]},{\"@type\":\"ImageObject\",\"inLanguage\":\"fr-FR\",\"@id\":\"https:\\\/\\\/batijournal.com\\\/index.php\\\/lechec-politiques-deconomie-denergie-partie-responsable-de-non-diminution-nucleaire\\\/97343\\\/#primaryimage\",\"url\":\"https:\\\/\\\/batijournal.com\\\/wp-content\\\/uploads\\\/2015\\\/09\\\/etiquette-energie.jpg\",\"contentUrl\":\"https:\\\/\\\/batijournal.com\\\/wp-content\\\/uploads\\\/2015\\\/09\\\/etiquette-energie.jpg\",\"width\":534,\"height\":301},{\"@type\":\"BreadcrumbList\",\"@id\":\"https:\\\/\\\/batijournal.com\\\/index.php\\\/lechec-politiques-deconomie-denergie-partie-responsable-de-non-diminution-nucleaire\\\/97343\\\/#breadcrumb\",\"itemListElement\":[{\"@type\":\"ListItem\",\"position\":1,\"name\":\"Accueil\",\"item\":\"https:\\\/\\\/batijournal.com\\\/\"},{\"@type\":\"ListItem\",\"position\":2,\"name\":\"Actualit\u00e9s\",\"item\":\"https:\\\/\\\/batijournal.com\\\/index.php\\\/category\\\/actualites\\\/\"},{\"@type\":\"ListItem\",\"position\":3,\"name\":\"L&rsquo;\u00e9chec des politiques d&rsquo;\u00e9conomie d\u2019\u00e9nergie en partie responsable de la non diminution du nucl\u00e9aire\"}]},{\"@type\":\"WebSite\",\"@id\":\"https:\\\/\\\/batijournal.com\\\/#website\",\"url\":\"https:\\\/\\\/batijournal.com\\\/\",\"name\":\"Batijournal\",\"description\":\"L&#039;actualit\u00e9 du b\u00e2timent\",\"potentialAction\":[{\"@type\":\"SearchAction\",\"target\":{\"@type\":\"EntryPoint\",\"urlTemplate\":\"https:\\\/\\\/batijournal.com\\\/?s={search_term_string}\"},\"query-input\":{\"@type\":\"PropertyValueSpecification\",\"valueRequired\":true,\"valueName\":\"search_term_string\"}}],\"inLanguage\":\"fr-FR\"},{\"@type\":\"Person\",\"@id\":\"https:\\\/\\\/batijournal.com\\\/#\\\/schema\\\/person\\\/1dc96ec6957aa1ccb25ebe78bb19f100\",\"name\":\"St\u00e9phane Miget\",\"image\":{\"@type\":\"ImageObject\",\"inLanguage\":\"fr-FR\",\"@id\":\"https:\\\/\\\/secure.gravatar.com\\\/avatar\\\/89915563d925342126b8ef0281b93d9d7fc337043e8df017f780908eb9644451?s=96&d=mm&r=g\",\"url\":\"https:\\\/\\\/secure.gravatar.com\\\/avatar\\\/89915563d925342126b8ef0281b93d9d7fc337043e8df017f780908eb9644451?s=96&d=mm&r=g\",\"contentUrl\":\"https:\\\/\\\/secure.gravatar.com\\\/avatar\\\/89915563d925342126b8ef0281b93d9d7fc337043e8df017f780908eb9644451?s=96&d=mm&r=g\",\"caption\":\"St\u00e9phane Miget\"},\"url\":\"https:\\\/\\\/batijournal.com\\\/index.php\\\/author\\\/stephane\\\/\"}]}<\/script>\n<!-- \/ Yoast SEO plugin. -->","yoast_head_json":{"title":"L'\u00e9chec des politiques d'\u00e9conomie d\u2019\u00e9nergie en partie responsable de la non diminution du nucl\u00e9aire","robots":{"index":"index","follow":"follow","max-snippet":"max-snippet:-1","max-image-preview":"max-image-preview:large","max-video-preview":"max-video-preview:-1"},"canonical":"https:\/\/batijournal.com\/index.php\/lechec-politiques-deconomie-denergie-partie-responsable-de-non-diminution-nucleaire\/97343\/","og_locale":"fr_FR","og_type":"article","og_title":"L'\u00e9chec des politiques d'\u00e9conomie d\u2019\u00e9nergie en partie responsable de la non diminution du nucl\u00e9aire","og_description":"Nicolas Hulot a annonc\u00e9 ajourd&rsquo;hui, \u00e0 l\u2019issue du Conseil des Ministres, qu\u2019il sera \u201cdifficile\u201d de respecter l\u2019objectif de baisser la part d\u2019\u00e9lectricit\u00e9 nucl\u00e9aire de 75 \u00e0 50% en 2025. Cette annonce intervient alors que le R\u00e9seau de Transport d\u2019Electricit\u00e9 (RTE) pr\u00e9sentait ce matin 5 sc\u00e9narios pr\u00e9visionnels de production d\u2019\u00e9lectricit\u00e9 \u00e0 horizons 2025 et 2035. Parmi [&hellip;]","og_url":"https:\/\/batijournal.com\/index.php\/lechec-politiques-deconomie-denergie-partie-responsable-de-non-diminution-nucleaire\/97343\/","og_site_name":"Batijournal","article_published_time":"2017-11-07T15:54:00+00:00","article_modified_time":"2019-07-15T10:21:59+00:00","og_image":[{"width":534,"height":301,"url":"https:\/\/batijournal.com\/wp-content\/uploads\/2015\/09\/etiquette-energie.jpg","type":"image\/jpeg"}],"author":"St\u00e9phane Miget","twitter_card":"summary_large_image","twitter_creator":"@bati_journal","twitter_site":"@bati_journal","twitter_misc":{"\u00c9crit par":"St\u00e9phane Miget","Dur\u00e9e de lecture estim\u00e9e":"2 minutes"},"schema":{"@context":"https:\/\/schema.org","@graph":[{"@type":"Article","@id":"https:\/\/batijournal.com\/index.php\/lechec-politiques-deconomie-denergie-partie-responsable-de-non-diminution-nucleaire\/97343\/#article","isPartOf":{"@id":"https:\/\/batijournal.com\/index.php\/lechec-politiques-deconomie-denergie-partie-responsable-de-non-diminution-nucleaire\/97343\/"},"author":{"name":"St\u00e9phane Miget","@id":"https:\/\/batijournal.com\/#\/schema\/person\/1dc96ec6957aa1ccb25ebe78bb19f100"},"headline":"L&rsquo;\u00e9chec des politiques d&rsquo;\u00e9conomie d\u2019\u00e9nergie en partie responsable de la non diminution du nucl\u00e9aire","datePublished":"2017-11-07T15:54:00+00:00","dateModified":"2019-07-15T10:21:59+00:00","mainEntityOfPage":{"@id":"https:\/\/batijournal.com\/index.php\/lechec-politiques-deconomie-denergie-partie-responsable-de-non-diminution-nucleaire\/97343\/"},"wordCount":401,"image":{"@id":"https:\/\/batijournal.com\/index.php\/lechec-politiques-deconomie-denergie-partie-responsable-de-non-diminution-nucleaire\/97343\/#primaryimage"},"thumbnailUrl":"https:\/\/batijournal.com\/wp-content\/uploads\/2015\/09\/etiquette-energie.jpg","keywords":["\u00e9lectricit\u00e9"],"articleSection":["Actualit\u00e9s","\u00c9nergie &amp; Environnement"],"inLanguage":"fr-FR"},{"@type":"WebPage","@id":"https:\/\/batijournal.com\/index.php\/lechec-politiques-deconomie-denergie-partie-responsable-de-non-diminution-nucleaire\/97343\/","url":"https:\/\/batijournal.com\/index.php\/lechec-politiques-deconomie-denergie-partie-responsable-de-non-diminution-nucleaire\/97343\/","name":"L'\u00e9chec des politiques d'\u00e9conomie d\u2019\u00e9nergie en partie responsable de la non diminution du nucl\u00e9aire","isPartOf":{"@id":"https:\/\/batijournal.com\/#website"},"primaryImageOfPage":{"@id":"https:\/\/batijournal.com\/index.php\/lechec-politiques-deconomie-denergie-partie-responsable-de-non-diminution-nucleaire\/97343\/#primaryimage"},"image":{"@id":"https:\/\/batijournal.com\/index.php\/lechec-politiques-deconomie-denergie-partie-responsable-de-non-diminution-nucleaire\/97343\/#primaryimage"},"thumbnailUrl":"https:\/\/batijournal.com\/wp-content\/uploads\/2015\/09\/etiquette-energie.jpg","datePublished":"2017-11-07T15:54:00+00:00","dateModified":"2019-07-15T10:21:59+00:00","author":{"@id":"https:\/\/batijournal.com\/#\/schema\/person\/1dc96ec6957aa1ccb25ebe78bb19f100"},"breadcrumb":{"@id":"https:\/\/batijournal.com\/index.php\/lechec-politiques-deconomie-denergie-partie-responsable-de-non-diminution-nucleaire\/97343\/#breadcrumb"},"inLanguage":"fr-FR","potentialAction":[{"@type":"ReadAction","target":["https:\/\/batijournal.com\/index.php\/lechec-politiques-deconomie-denergie-partie-responsable-de-non-diminution-nucleaire\/97343\/"]}]},{"@type":"ImageObject","inLanguage":"fr-FR","@id":"https:\/\/batijournal.com\/index.php\/lechec-politiques-deconomie-denergie-partie-responsable-de-non-diminution-nucleaire\/97343\/#primaryimage","url":"https:\/\/batijournal.com\/wp-content\/uploads\/2015\/09\/etiquette-energie.jpg","contentUrl":"https:\/\/batijournal.com\/wp-content\/uploads\/2015\/09\/etiquette-energie.jpg","width":534,"height":301},{"@type":"BreadcrumbList","@id":"https:\/\/batijournal.com\/index.php\/lechec-politiques-deconomie-denergie-partie-responsable-de-non-diminution-nucleaire\/97343\/#breadcrumb","itemListElement":[{"@type":"ListItem","position":1,"name":"Accueil","item":"https:\/\/batijournal.com\/"},{"@type":"ListItem","position":2,"name":"Actualit\u00e9s","item":"https:\/\/batijournal.com\/index.php\/category\/actualites\/"},{"@type":"ListItem","position":3,"name":"L&rsquo;\u00e9chec des politiques d&rsquo;\u00e9conomie d\u2019\u00e9nergie en partie responsable de la non diminution du nucl\u00e9aire"}]},{"@type":"WebSite","@id":"https:\/\/batijournal.com\/#website","url":"https:\/\/batijournal.com\/","name":"Batijournal","description":"L&#039;actualit\u00e9 du b\u00e2timent","potentialAction":[{"@type":"SearchAction","target":{"@type":"EntryPoint","urlTemplate":"https:\/\/batijournal.com\/?s={search_term_string}"},"query-input":{"@type":"PropertyValueSpecification","valueRequired":true,"valueName":"search_term_string"}}],"inLanguage":"fr-FR"},{"@type":"Person","@id":"https:\/\/batijournal.com\/#\/schema\/person\/1dc96ec6957aa1ccb25ebe78bb19f100","name":"St\u00e9phane Miget","image":{"@type":"ImageObject","inLanguage":"fr-FR","@id":"https:\/\/secure.gravatar.com\/avatar\/89915563d925342126b8ef0281b93d9d7fc337043e8df017f780908eb9644451?s=96&d=mm&r=g","url":"https:\/\/secure.gravatar.com\/avatar\/89915563d925342126b8ef0281b93d9d7fc337043e8df017f780908eb9644451?s=96&d=mm&r=g","contentUrl":"https:\/\/secure.gravatar.com\/avatar\/89915563d925342126b8ef0281b93d9d7fc337043e8df017f780908eb9644451?s=96&d=mm&r=g","caption":"St\u00e9phane Miget"},"url":"https:\/\/batijournal.com\/index.php\/author\/stephane\/"}]}},"_links":{"self":[{"href":"https:\/\/batijournal.com\/index.php\/wp-json\/wp\/v2\/posts\/97343","targetHints":{"allow":["GET"]}}],"collection":[{"href":"https:\/\/batijournal.com\/index.php\/wp-json\/wp\/v2\/posts"}],"about":[{"href":"https:\/\/batijournal.com\/index.php\/wp-json\/wp\/v2\/types\/post"}],"author":[{"embeddable":true,"href":"https:\/\/batijournal.com\/index.php\/wp-json\/wp\/v2\/users\/17"}],"replies":[{"embeddable":true,"href":"https:\/\/batijournal.com\/index.php\/wp-json\/wp\/v2\/comments?post=97343"}],"version-history":[{"count":0,"href":"https:\/\/batijournal.com\/index.php\/wp-json\/wp\/v2\/posts\/97343\/revisions"}],"wp:featuredmedia":[{"embeddable":true,"href":"https:\/\/batijournal.com\/index.php\/wp-json\/wp\/v2\/media\/89084"}],"wp:attachment":[{"href":"https:\/\/batijournal.com\/index.php\/wp-json\/wp\/v2\/media?parent=97343"}],"wp:term":[{"taxonomy":"category","embeddable":true,"href":"https:\/\/batijournal.com\/index.php\/wp-json\/wp\/v2\/categories?post=97343"},{"taxonomy":"post_tag","embeddable":true,"href":"https:\/\/batijournal.com\/index.php\/wp-json\/wp\/v2\/tags?post=97343"}],"curies":[{"name":"wp","href":"https:\/\/api.w.org\/{rel}","templated":true}]}}