{"id":97358,"date":"2017-11-07T18:59:57","date_gmt":"2017-11-07T17:59:57","guid":{"rendered":"http:\/\/batijournal.com\/?p=97358"},"modified":"2019-07-15T16:58:26","modified_gmt":"2019-07-15T14:58:26","slug":"batimat-2017-requalification-facade-igh","status":"publish","type":"post","link":"https:\/\/batijournal.com\/index.php\/batimat-2017-requalification-facade-igh\/97358\/","title":{"rendered":"BATIMAT 2017 &#8211; Requalification fa\u00e7ade IGH"},"content":{"rendered":"<p><iframe loading=\"lazy\" src=\"https:\/\/www.youtube.com\/embed\/I9Wxzj8qrRc\" width=\"560\" height=\"315\" frameborder=\"0\" allowfullscreen=\"allowfullscreen\" data-mce-fragment=\"1\"><\/iframe><\/p>\n<p>Daniel Thibault, directeur op\u00e9rationnel chez Marteau, nous parle de la r\u00e9novation des fa\u00e7ades des tours Rimini dans le 13e arrondissement parisien. \u00ab\u00a0<i>La probl\u00e9matique \u00e9tait de travailler sur deux supports amiant\u00e9s simultan\u00e9ment. Il a fallu travailler sur tous les \u00e9l\u00e9ments de s\u00e9curit\u00e9 qui s&rsquo;imposent et r\u00e9soudre des probl\u00e8mes de fixation des \u00e9chafaudages. La probl\u00e9matique d&rsquo;approvisionnement en milieu urbain \u00e9tait aussi \u00e0 prendre en compte. Ce chantier a n\u00e9cessit\u00e9 40 semi-remorques d&rsquo;isolant vers des surfaces de stockage limit\u00e9es. Le chantier a dur\u00e9 18 mois et il fallait que tout le monde puisse vivre normalement durant les travaux.\u00a0Nous avons fix\u00e9 une laine min\u00e9rale de 160 mm d&rsquo;\u00e9paisseur. La pr\u00e9sence d&rsquo;amiante nous a oblig\u00e9s \u00e0 utiliser un syst\u00e8me de\u00a0fixation par clouage, source de tr\u00e8s peu de poussi\u00e8re.\u00a0\u00bb<\/i><\/p>\n<p>Pierrick Frouin, directeur technique chez Zolpan, nous pr\u00e9sente l&rsquo;op\u00e9ration de requalification des fa\u00e7ades des tours Orgues de Flandre dans le 19e arrondissement de Paris. \u00ab\u00a0<i>Il a fallu adapter la mise en \u0153uvre \u00e0 l&rsquo;architecture particuli\u00e8re des tours. La difficult\u00e9 pour nous \u00e9tait de r\u00e9pondre aux exigences de l&rsquo;architecte : conserver\u00a0l&rsquo;architecture\u00a0originelle, les angles arrondis du\u00a0b\u00e2timent. Nous avons travaill\u00e9 six mois pour\u00a0valider la solution technique avec l&rsquo;architecte. Il a fallu trouver un proc\u00e9d\u00e9 de d\u00e9coupe de la laine\u00a0isolante. Nous avons d\u00e9pos\u00e9 un brevet pour faire ces d\u00e9coupes sp\u00e9cifiques.\u00a0\u00bb<\/i><\/p>\n","protected":false},"excerpt":{"rendered":"<p>Daniel Thibault, directeur op\u00e9rationnel chez Marteau, nous parle de la r\u00e9novation des fa\u00e7ades des tours Rimini dans le 13e arrondissement parisien. \u00ab\u00a0La probl\u00e9matique \u00e9tait de travailler sur deux supports amiant\u00e9s simultan\u00e9ment. Il a fallu travailler sur tous les \u00e9l\u00e9ments de s\u00e9curit\u00e9 qui s&rsquo;imposent et r\u00e9soudre des probl\u00e8mes de fixation des \u00e9chafaudages. La probl\u00e9matique d&rsquo;approvisionnement en [&hellip;]<\/p>\n","protected":false},"author":1,"featured_media":97359,"comment_status":"closed","ping_status":"closed","sticky":false,"template":"","format":"standard","meta":{"_et_pb_use_builder":"","_et_pb_old_content":"","_et_gb_content_width":"","footnotes":""},"categories":[6340,10775],"tags":[12139,12092,126,7426],"class_list":["post-97358","post","type-post","status-publish","format-standard","has-post-thumbnail","hentry","category-architecture-conception","category-actualites-5facades","tag-batijournal","tag-batimat-2017","tag-facade","tag-igh"],"yoast_head":"<!-- This site is optimized with the Yoast SEO plugin v27.4 - https:\/\/yoast.com\/product\/yoast-seo-wordpress\/ -->\n<title>BATIMAT 2017 - Requalification fa\u00e7ade IGH<\/title>\n<meta name=\"robots\" content=\"index, follow, max-snippet:-1, max-image-preview:large, max-video-preview:-1\" \/>\n<link rel=\"canonical\" href=\"https:\/\/batijournal.com\/index.php\/batimat-2017-requalification-facade-igh\/97358\/\" \/>\n<meta property=\"og:locale\" content=\"fr_FR\" \/>\n<meta property=\"og:type\" content=\"article\" \/>\n<meta property=\"og:title\" content=\"BATIMAT 2017 - Requalification fa\u00e7ade IGH\" \/>\n<meta property=\"og:description\" content=\"Daniel Thibault, directeur op\u00e9rationnel chez Marteau, nous parle de la r\u00e9novation des fa\u00e7ades des tours Rimini dans le 13e arrondissement parisien. \u00ab\u00a0La probl\u00e9matique \u00e9tait de travailler sur deux supports amiant\u00e9s simultan\u00e9ment. Il a fallu travailler sur tous les \u00e9l\u00e9ments de s\u00e9curit\u00e9 qui s&rsquo;imposent et r\u00e9soudre des probl\u00e8mes de fixation des \u00e9chafaudages. La probl\u00e9matique d&rsquo;approvisionnement en [&hellip;]\" \/>\n<meta property=\"og:url\" content=\"https:\/\/batijournal.com\/index.php\/batimat-2017-requalification-facade-igh\/97358\/\" \/>\n<meta property=\"og:site_name\" content=\"Batijournal\" \/>\n<meta property=\"article:published_time\" content=\"2017-11-07T17:59:57+00:00\" \/>\n<meta property=\"article:modified_time\" content=\"2019-07-15T14:58:26+00:00\" \/>\n<meta property=\"og:image\" content=\"https:\/\/batijournal.com\/wp-content\/uploads\/2017\/11\/batimat-2017-requalification-fac.jpg\" \/>\n\t<meta property=\"og:image:width\" content=\"1280\" \/>\n\t<meta property=\"og:image:height\" content=\"720\" \/>\n\t<meta property=\"og:image:type\" content=\"image\/jpeg\" \/>\n<meta name=\"author\" content=\"Bati-journal\" \/>\n<meta name=\"twitter:card\" content=\"summary_large_image\" \/>\n<meta name=\"twitter:creator\" content=\"@bati_journal\" \/>\n<meta name=\"twitter:site\" content=\"@bati_journal\" \/>\n<meta name=\"twitter:label1\" content=\"\u00c9crit par\" \/>\n\t<meta name=\"twitter:data1\" content=\"Bati-journal\" \/>\n\t<meta name=\"twitter:label2\" content=\"Dur\u00e9e de lecture estim\u00e9e\" \/>\n\t<meta name=\"twitter:data2\" content=\"1 minute\" \/>\n<script type=\"application\/ld+json\" class=\"yoast-schema-graph\">{\"@context\":\"https:\\\/\\\/schema.org\",\"@graph\":[{\"@type\":\"Article\",\"@id\":\"https:\\\/\\\/batijournal.com\\\/index.php\\\/batimat-2017-requalification-facade-igh\\\/97358\\\/#article\",\"isPartOf\":{\"@id\":\"https:\\\/\\\/batijournal.com\\\/index.php\\\/batimat-2017-requalification-facade-igh\\\/97358\\\/\"},\"author\":{\"name\":\"Bati-journal\",\"@id\":\"https:\\\/\\\/batijournal.com\\\/#\\\/schema\\\/person\\\/6a657e8967569e1b299972574848aa76\"},\"headline\":\"BATIMAT 2017 &#8211; Requalification fa\u00e7ade IGH\",\"datePublished\":\"2017-11-07T17:59:57+00:00\",\"dateModified\":\"2019-07-15T14:58:26+00:00\",\"mainEntityOfPage\":{\"@id\":\"https:\\\/\\\/batijournal.com\\\/index.php\\\/batimat-2017-requalification-facade-igh\\\/97358\\\/\"},\"wordCount\":255,\"image\":{\"@id\":\"https:\\\/\\\/batijournal.com\\\/index.php\\\/batimat-2017-requalification-facade-igh\\\/97358\\\/#primaryimage\"},\"thumbnailUrl\":\"https:\\\/\\\/batijournal.com\\\/wp-content\\\/uploads\\\/2017\\\/11\\\/batimat-2017-requalification-fac.jpg\",\"keywords\":[\"Batijournal\",\"Batimat 2017\",\"fa\u00e7ade\",\"igh\"],\"articleSection\":[\"Architecture &amp; Conception\",\"zz_Actualit\u00e9s - 5fa\u00e7ades\"],\"inLanguage\":\"fr-FR\"},{\"@type\":\"WebPage\",\"@id\":\"https:\\\/\\\/batijournal.com\\\/index.php\\\/batimat-2017-requalification-facade-igh\\\/97358\\\/\",\"url\":\"https:\\\/\\\/batijournal.com\\\/index.php\\\/batimat-2017-requalification-facade-igh\\\/97358\\\/\",\"name\":\"BATIMAT 2017 - Requalification fa\u00e7ade IGH\",\"isPartOf\":{\"@id\":\"https:\\\/\\\/batijournal.com\\\/#website\"},\"primaryImageOfPage\":{\"@id\":\"https:\\\/\\\/batijournal.com\\\/index.php\\\/batimat-2017-requalification-facade-igh\\\/97358\\\/#primaryimage\"},\"image\":{\"@id\":\"https:\\\/\\\/batijournal.com\\\/index.php\\\/batimat-2017-requalification-facade-igh\\\/97358\\\/#primaryimage\"},\"thumbnailUrl\":\"https:\\\/\\\/batijournal.com\\\/wp-content\\\/uploads\\\/2017\\\/11\\\/batimat-2017-requalification-fac.jpg\",\"datePublished\":\"2017-11-07T17:59:57+00:00\",\"dateModified\":\"2019-07-15T14:58:26+00:00\",\"author\":{\"@id\":\"https:\\\/\\\/batijournal.com\\\/#\\\/schema\\\/person\\\/6a657e8967569e1b299972574848aa76\"},\"breadcrumb\":{\"@id\":\"https:\\\/\\\/batijournal.com\\\/index.php\\\/batimat-2017-requalification-facade-igh\\\/97358\\\/#breadcrumb\"},\"inLanguage\":\"fr-FR\",\"potentialAction\":[{\"@type\":\"ReadAction\",\"target\":[\"https:\\\/\\\/batijournal.com\\\/index.php\\\/batimat-2017-requalification-facade-igh\\\/97358\\\/\"]}]},{\"@type\":\"ImageObject\",\"inLanguage\":\"fr-FR\",\"@id\":\"https:\\\/\\\/batijournal.com\\\/index.php\\\/batimat-2017-requalification-facade-igh\\\/97358\\\/#primaryimage\",\"url\":\"https:\\\/\\\/batijournal.com\\\/wp-content\\\/uploads\\\/2017\\\/11\\\/batimat-2017-requalification-fac.jpg\",\"contentUrl\":\"https:\\\/\\\/batijournal.com\\\/wp-content\\\/uploads\\\/2017\\\/11\\\/batimat-2017-requalification-fac.jpg\",\"width\":1280,\"height\":720},{\"@type\":\"BreadcrumbList\",\"@id\":\"https:\\\/\\\/batijournal.com\\\/index.php\\\/batimat-2017-requalification-facade-igh\\\/97358\\\/#breadcrumb\",\"itemListElement\":[{\"@type\":\"ListItem\",\"position\":1,\"name\":\"Accueil\",\"item\":\"https:\\\/\\\/batijournal.com\\\/\"},{\"@type\":\"ListItem\",\"position\":2,\"name\":\"Actualit\u00e9s\",\"item\":\"https:\\\/\\\/batijournal.com\\\/index.php\\\/category\\\/actualites\\\/\"},{\"@type\":\"ListItem\",\"position\":3,\"name\":\"Architecture &amp; Conception\",\"item\":\"https:\\\/\\\/batijournal.com\\\/index.php\\\/category\\\/actualites\\\/architecture-conception\\\/\"},{\"@type\":\"ListItem\",\"position\":4,\"name\":\"BATIMAT 2017 &#8211; Requalification fa\u00e7ade IGH\"}]},{\"@type\":\"WebSite\",\"@id\":\"https:\\\/\\\/batijournal.com\\\/#website\",\"url\":\"https:\\\/\\\/batijournal.com\\\/\",\"name\":\"Batijournal\",\"description\":\"L&#039;actualit\u00e9 du b\u00e2timent\",\"potentialAction\":[{\"@type\":\"SearchAction\",\"target\":{\"@type\":\"EntryPoint\",\"urlTemplate\":\"https:\\\/\\\/batijournal.com\\\/?s={search_term_string}\"},\"query-input\":{\"@type\":\"PropertyValueSpecification\",\"valueRequired\":true,\"valueName\":\"search_term_string\"}}],\"inLanguage\":\"fr-FR\"},{\"@type\":\"Person\",\"@id\":\"https:\\\/\\\/batijournal.com\\\/#\\\/schema\\\/person\\\/6a657e8967569e1b299972574848aa76\",\"name\":\"Bati-journal\",\"image\":{\"@type\":\"ImageObject\",\"inLanguage\":\"fr-FR\",\"@id\":\"https:\\\/\\\/secure.gravatar.com\\\/avatar\\\/a64364ea26392f9b4dd47e017ddaec74ff03aefc073b49e492e847201258f777?s=96&d=mm&r=g\",\"url\":\"https:\\\/\\\/secure.gravatar.com\\\/avatar\\\/a64364ea26392f9b4dd47e017ddaec74ff03aefc073b49e492e847201258f777?s=96&d=mm&r=g\",\"contentUrl\":\"https:\\\/\\\/secure.gravatar.com\\\/avatar\\\/a64364ea26392f9b4dd47e017ddaec74ff03aefc073b49e492e847201258f777?s=96&d=mm&r=g\",\"caption\":\"Bati-journal\"},\"url\":\"https:\\\/\\\/batijournal.com\\\/index.php\\\/author\\\/elodie\\\/\"}]}<\/script>\n<!-- \/ Yoast SEO plugin. -->","yoast_head_json":{"title":"BATIMAT 2017 - Requalification fa\u00e7ade IGH","robots":{"index":"index","follow":"follow","max-snippet":"max-snippet:-1","max-image-preview":"max-image-preview:large","max-video-preview":"max-video-preview:-1"},"canonical":"https:\/\/batijournal.com\/index.php\/batimat-2017-requalification-facade-igh\/97358\/","og_locale":"fr_FR","og_type":"article","og_title":"BATIMAT 2017 - Requalification fa\u00e7ade IGH","og_description":"Daniel Thibault, directeur op\u00e9rationnel chez Marteau, nous parle de la r\u00e9novation des fa\u00e7ades des tours Rimini dans le 13e arrondissement parisien. \u00ab\u00a0La probl\u00e9matique \u00e9tait de travailler sur deux supports amiant\u00e9s simultan\u00e9ment. Il a fallu travailler sur tous les \u00e9l\u00e9ments de s\u00e9curit\u00e9 qui s&rsquo;imposent et r\u00e9soudre des probl\u00e8mes de fixation des \u00e9chafaudages. La probl\u00e9matique d&rsquo;approvisionnement en [&hellip;]","og_url":"https:\/\/batijournal.com\/index.php\/batimat-2017-requalification-facade-igh\/97358\/","og_site_name":"Batijournal","article_published_time":"2017-11-07T17:59:57+00:00","article_modified_time":"2019-07-15T14:58:26+00:00","og_image":[{"width":1280,"height":720,"url":"https:\/\/batijournal.com\/wp-content\/uploads\/2017\/11\/batimat-2017-requalification-fac.jpg","type":"image\/jpeg"}],"author":"Bati-journal","twitter_card":"summary_large_image","twitter_creator":"@bati_journal","twitter_site":"@bati_journal","twitter_misc":{"\u00c9crit par":"Bati-journal","Dur\u00e9e de lecture estim\u00e9e":"1 minute"},"schema":{"@context":"https:\/\/schema.org","@graph":[{"@type":"Article","@id":"https:\/\/batijournal.com\/index.php\/batimat-2017-requalification-facade-igh\/97358\/#article","isPartOf":{"@id":"https:\/\/batijournal.com\/index.php\/batimat-2017-requalification-facade-igh\/97358\/"},"author":{"name":"Bati-journal","@id":"https:\/\/batijournal.com\/#\/schema\/person\/6a657e8967569e1b299972574848aa76"},"headline":"BATIMAT 2017 &#8211; Requalification fa\u00e7ade IGH","datePublished":"2017-11-07T17:59:57+00:00","dateModified":"2019-07-15T14:58:26+00:00","mainEntityOfPage":{"@id":"https:\/\/batijournal.com\/index.php\/batimat-2017-requalification-facade-igh\/97358\/"},"wordCount":255,"image":{"@id":"https:\/\/batijournal.com\/index.php\/batimat-2017-requalification-facade-igh\/97358\/#primaryimage"},"thumbnailUrl":"https:\/\/batijournal.com\/wp-content\/uploads\/2017\/11\/batimat-2017-requalification-fac.jpg","keywords":["Batijournal","Batimat 2017","fa\u00e7ade","igh"],"articleSection":["Architecture &amp; Conception","zz_Actualit\u00e9s - 5fa\u00e7ades"],"inLanguage":"fr-FR"},{"@type":"WebPage","@id":"https:\/\/batijournal.com\/index.php\/batimat-2017-requalification-facade-igh\/97358\/","url":"https:\/\/batijournal.com\/index.php\/batimat-2017-requalification-facade-igh\/97358\/","name":"BATIMAT 2017 - Requalification fa\u00e7ade IGH","isPartOf":{"@id":"https:\/\/batijournal.com\/#website"},"primaryImageOfPage":{"@id":"https:\/\/batijournal.com\/index.php\/batimat-2017-requalification-facade-igh\/97358\/#primaryimage"},"image":{"@id":"https:\/\/batijournal.com\/index.php\/batimat-2017-requalification-facade-igh\/97358\/#primaryimage"},"thumbnailUrl":"https:\/\/batijournal.com\/wp-content\/uploads\/2017\/11\/batimat-2017-requalification-fac.jpg","datePublished":"2017-11-07T17:59:57+00:00","dateModified":"2019-07-15T14:58:26+00:00","author":{"@id":"https:\/\/batijournal.com\/#\/schema\/person\/6a657e8967569e1b299972574848aa76"},"breadcrumb":{"@id":"https:\/\/batijournal.com\/index.php\/batimat-2017-requalification-facade-igh\/97358\/#breadcrumb"},"inLanguage":"fr-FR","potentialAction":[{"@type":"ReadAction","target":["https:\/\/batijournal.com\/index.php\/batimat-2017-requalification-facade-igh\/97358\/"]}]},{"@type":"ImageObject","inLanguage":"fr-FR","@id":"https:\/\/batijournal.com\/index.php\/batimat-2017-requalification-facade-igh\/97358\/#primaryimage","url":"https:\/\/batijournal.com\/wp-content\/uploads\/2017\/11\/batimat-2017-requalification-fac.jpg","contentUrl":"https:\/\/batijournal.com\/wp-content\/uploads\/2017\/11\/batimat-2017-requalification-fac.jpg","width":1280,"height":720},{"@type":"BreadcrumbList","@id":"https:\/\/batijournal.com\/index.php\/batimat-2017-requalification-facade-igh\/97358\/#breadcrumb","itemListElement":[{"@type":"ListItem","position":1,"name":"Accueil","item":"https:\/\/batijournal.com\/"},{"@type":"ListItem","position":2,"name":"Actualit\u00e9s","item":"https:\/\/batijournal.com\/index.php\/category\/actualites\/"},{"@type":"ListItem","position":3,"name":"Architecture &amp; Conception","item":"https:\/\/batijournal.com\/index.php\/category\/actualites\/architecture-conception\/"},{"@type":"ListItem","position":4,"name":"BATIMAT 2017 &#8211; Requalification fa\u00e7ade IGH"}]},{"@type":"WebSite","@id":"https:\/\/batijournal.com\/#website","url":"https:\/\/batijournal.com\/","name":"Batijournal","description":"L&#039;actualit\u00e9 du b\u00e2timent","potentialAction":[{"@type":"SearchAction","target":{"@type":"EntryPoint","urlTemplate":"https:\/\/batijournal.com\/?s={search_term_string}"},"query-input":{"@type":"PropertyValueSpecification","valueRequired":true,"valueName":"search_term_string"}}],"inLanguage":"fr-FR"},{"@type":"Person","@id":"https:\/\/batijournal.com\/#\/schema\/person\/6a657e8967569e1b299972574848aa76","name":"Bati-journal","image":{"@type":"ImageObject","inLanguage":"fr-FR","@id":"https:\/\/secure.gravatar.com\/avatar\/a64364ea26392f9b4dd47e017ddaec74ff03aefc073b49e492e847201258f777?s=96&d=mm&r=g","url":"https:\/\/secure.gravatar.com\/avatar\/a64364ea26392f9b4dd47e017ddaec74ff03aefc073b49e492e847201258f777?s=96&d=mm&r=g","contentUrl":"https:\/\/secure.gravatar.com\/avatar\/a64364ea26392f9b4dd47e017ddaec74ff03aefc073b49e492e847201258f777?s=96&d=mm&r=g","caption":"Bati-journal"},"url":"https:\/\/batijournal.com\/index.php\/author\/elodie\/"}]}},"_links":{"self":[{"href":"https:\/\/batijournal.com\/index.php\/wp-json\/wp\/v2\/posts\/97358","targetHints":{"allow":["GET"]}}],"collection":[{"href":"https:\/\/batijournal.com\/index.php\/wp-json\/wp\/v2\/posts"}],"about":[{"href":"https:\/\/batijournal.com\/index.php\/wp-json\/wp\/v2\/types\/post"}],"author":[{"embeddable":true,"href":"https:\/\/batijournal.com\/index.php\/wp-json\/wp\/v2\/users\/1"}],"replies":[{"embeddable":true,"href":"https:\/\/batijournal.com\/index.php\/wp-json\/wp\/v2\/comments?post=97358"}],"version-history":[{"count":0,"href":"https:\/\/batijournal.com\/index.php\/wp-json\/wp\/v2\/posts\/97358\/revisions"}],"wp:featuredmedia":[{"embeddable":true,"href":"https:\/\/batijournal.com\/index.php\/wp-json\/wp\/v2\/media\/97359"}],"wp:attachment":[{"href":"https:\/\/batijournal.com\/index.php\/wp-json\/wp\/v2\/media?parent=97358"}],"wp:term":[{"taxonomy":"category","embeddable":true,"href":"https:\/\/batijournal.com\/index.php\/wp-json\/wp\/v2\/categories?post=97358"},{"taxonomy":"post_tag","embeddable":true,"href":"https:\/\/batijournal.com\/index.php\/wp-json\/wp\/v2\/tags?post=97358"}],"curies":[{"name":"wp","href":"https:\/\/api.w.org\/{rel}","templated":true}]}}