{"id":97362,"date":"2017-11-08T08:51:16","date_gmt":"2017-11-08T07:51:16","guid":{"rendered":"http:\/\/batijournal.com\/?p=97362"},"modified":"2019-07-15T11:15:33","modified_gmt":"2019-07-15T09:15:33","slug":"investissement-participatif-renovation-fort-trois-tetes-de-briancon","status":"publish","type":"post","link":"https:\/\/batijournal.com\/index.php\/investissement-participatif-renovation-fort-trois-tetes-de-briancon\/97362\/","title":{"rendered":"Investissement participatif pour la r\u00e9novation du fort des Trois T\u00eates \u00e0 Brian\u00e7on"},"content":{"rendered":"<p>Class\u00e9 au titre des Monuments historiques en 1989 et inscrit au patrimoine de l\u2019Unesco en 2008, le fort des Trois T\u00eates est un ensemble de fortifications \u00e9tendu sur 41 hectares et dominant la ville fortifi\u00e9e de Brian\u00e7on. \u00c9galement consid\u00e9r\u00e9 par Europa Nostra comme un des sept sites europ\u00e9ens les plus menac\u00e9s de destruction, le site conna\u00eetra en 2018 le lancement d\u2019un vaste chantier de r\u00e9novation. Le projet, port\u00e9 par la soci\u00e9t\u00e9 Next Financial Partners, constitue le premier projet d\u2019investissement participatif priv\u00e9 dans un fort fran\u00e7ais. Par ailleurs, les \u00e9tudes men\u00e9es avec la Drac d&rsquo;Aix-en-Provence, sous la direction de son conservateur en chef, Robert Jourdan, permettront, au terme de deux ann\u00e9es de travaux, de faire rena\u00eetre ce site et de le rendre enti\u00e8rement accessible au public. S\u00e9duits par les avantages fiscaux et patrimoniaux offerts par le projet, les investisseurs priv\u00e9s sont de plus en plus nombreux \u00e0 apporter leur contribution aux 60 M\u20ac n\u00e9cessaires au financement des travaux. Les r\u00e9glementations architecturales et environnementales s&rsquo;appliquant au fort des T\u00eates sont tr\u00e8s strictes et visent le respect du b\u00e2timent, tant sa structure que son aspect ext\u00e9rieur. C&rsquo;est dans cette d\u00e9marche que l&rsquo;architecte Gabor Mester de Parajd, architecte en chef des Monuments historiques, m\u00e8nera la conception et la conduite des travaux. Par ailleurs, les \u00e9tudes men\u00e9es avec la Drac des Hautes-Alpes permettront de concevoir des solutions efficaces et respectueuses de l&rsquo;environnement en terme d&rsquo;\u00e9nergie, de mat\u00e9riaux et de syst\u00e8mes de construction.<\/p>\n<p><img loading=\"lazy\" decoding=\"async\" class=\"aligncenter size-full wp-image-97364\" src=\"https:\/\/batijournal.com\/wp-content\/uploads\/2017\/11\/Fort-des-Trois-Tetes-briancon-2.png\" alt=\"\" width=\"618\" height=\"355\" srcset=\"https:\/\/batijournal.com\/wp-content\/uploads\/2017\/11\/Fort-des-Trois-Tetes-briancon-2.png 618w, https:\/\/batijournal.com\/wp-content\/uploads\/2017\/11\/Fort-des-Trois-Tetes-briancon-2-150x86.png 150w, https:\/\/batijournal.com\/wp-content\/uploads\/2017\/11\/Fort-des-Trois-Tetes-briancon-2-300x172.png 300w, https:\/\/batijournal.com\/wp-content\/uploads\/2017\/11\/Fort-des-Trois-Tetes-briancon-2-600x345.png 600w\" sizes=\"(max-width: 618px) 100vw, 618px\" \/><\/p>\n","protected":false},"excerpt":{"rendered":"<p>Class\u00e9 au titre des Monuments historiques en 1989 et inscrit au patrimoine de l\u2019Unesco en 2008, le fort des Trois T\u00eates est un ensemble de fortifications \u00e9tendu sur 41 hectares et dominant la ville fortifi\u00e9e de Brian\u00e7on. \u00c9galement consid\u00e9r\u00e9 par Europa Nostra comme un des sept sites europ\u00e9ens les plus menac\u00e9s de destruction, le site [&hellip;]<\/p>\n","protected":false},"author":17,"featured_media":97363,"comment_status":"closed","ping_status":"closed","sticky":false,"template":"","format":"standard","meta":{"_et_pb_use_builder":"","_et_pb_old_content":"","_et_gb_content_width":"","footnotes":""},"categories":[10530,6340,10785],"tags":[6376],"class_list":["post-97362","post","type-post","status-publish","format-standard","has-post-thumbnail","hentry","category-actualites","category-architecture-conception","category-atrium","tag-monument-historique"],"yoast_head":"<!-- This site is optimized with the Yoast SEO plugin v27.4 - https:\/\/yoast.com\/product\/yoast-seo-wordpress\/ -->\n<title>Investissement participatif pour la r\u00e9novation du fort des Trois T\u00eates \u00e0 Brian\u00e7on<\/title>\n<meta name=\"robots\" content=\"index, follow, max-snippet:-1, max-image-preview:large, max-video-preview:-1\" \/>\n<link rel=\"canonical\" href=\"https:\/\/batijournal.com\/index.php\/investissement-participatif-renovation-fort-trois-tetes-de-briancon\/97362\/\" \/>\n<meta property=\"og:locale\" content=\"fr_FR\" \/>\n<meta property=\"og:type\" content=\"article\" \/>\n<meta property=\"og:title\" content=\"Investissement participatif pour la r\u00e9novation du fort des Trois T\u00eates \u00e0 Brian\u00e7on\" \/>\n<meta property=\"og:description\" content=\"Class\u00e9 au titre des Monuments historiques en 1989 et inscrit au patrimoine de l\u2019Unesco en 2008, le fort des Trois T\u00eates est un ensemble de fortifications \u00e9tendu sur 41 hectares et dominant la ville fortifi\u00e9e de Brian\u00e7on. \u00c9galement consid\u00e9r\u00e9 par Europa Nostra comme un des sept sites europ\u00e9ens les plus menac\u00e9s de destruction, le site [&hellip;]\" \/>\n<meta property=\"og:url\" content=\"https:\/\/batijournal.com\/index.php\/investissement-participatif-renovation-fort-trois-tetes-de-briancon\/97362\/\" \/>\n<meta property=\"og:site_name\" content=\"Batijournal\" \/>\n<meta property=\"article:published_time\" content=\"2017-11-08T07:51:16+00:00\" \/>\n<meta property=\"article:modified_time\" content=\"2019-07-15T09:15:33+00:00\" \/>\n<meta property=\"og:image\" content=\"https:\/\/batijournal.com\/wp-content\/uploads\/2017\/11\/Fort-des-Trois-Tetes-briancon.png\" \/>\n\t<meta property=\"og:image:width\" content=\"1053\" \/>\n\t<meta property=\"og:image:height\" content=\"581\" \/>\n\t<meta property=\"og:image:type\" content=\"image\/png\" \/>\n<meta name=\"author\" content=\"St\u00e9phane Miget\" \/>\n<meta name=\"twitter:card\" content=\"summary_large_image\" \/>\n<meta name=\"twitter:creator\" content=\"@bati_journal\" \/>\n<meta name=\"twitter:site\" content=\"@bati_journal\" \/>\n<meta name=\"twitter:label1\" content=\"\u00c9crit par\" \/>\n\t<meta name=\"twitter:data1\" content=\"St\u00e9phane Miget\" \/>\n\t<meta name=\"twitter:label2\" content=\"Dur\u00e9e de lecture estim\u00e9e\" \/>\n\t<meta name=\"twitter:data2\" content=\"1 minute\" \/>\n<script type=\"application\/ld+json\" class=\"yoast-schema-graph\">{\"@context\":\"https:\\\/\\\/schema.org\",\"@graph\":[{\"@type\":\"Article\",\"@id\":\"https:\\\/\\\/batijournal.com\\\/index.php\\\/investissement-participatif-renovation-fort-trois-tetes-de-briancon\\\/97362\\\/#article\",\"isPartOf\":{\"@id\":\"https:\\\/\\\/batijournal.com\\\/index.php\\\/investissement-participatif-renovation-fort-trois-tetes-de-briancon\\\/97362\\\/\"},\"author\":{\"name\":\"St\u00e9phane Miget\",\"@id\":\"https:\\\/\\\/batijournal.com\\\/#\\\/schema\\\/person\\\/1dc96ec6957aa1ccb25ebe78bb19f100\"},\"headline\":\"Investissement participatif pour la r\u00e9novation du fort des Trois T\u00eates \u00e0 Brian\u00e7on\",\"datePublished\":\"2017-11-08T07:51:16+00:00\",\"dateModified\":\"2019-07-15T09:15:33+00:00\",\"mainEntityOfPage\":{\"@id\":\"https:\\\/\\\/batijournal.com\\\/index.php\\\/investissement-participatif-renovation-fort-trois-tetes-de-briancon\\\/97362\\\/\"},\"wordCount\":281,\"image\":{\"@id\":\"https:\\\/\\\/batijournal.com\\\/index.php\\\/investissement-participatif-renovation-fort-trois-tetes-de-briancon\\\/97362\\\/#primaryimage\"},\"thumbnailUrl\":\"https:\\\/\\\/batijournal.com\\\/wp-content\\\/uploads\\\/2017\\\/11\\\/Fort-des-Trois-Tetes-briancon.png\",\"keywords\":[\"monument historique\"],\"articleSection\":[\"Actualit\u00e9s\",\"Architecture &amp; Conception\",\"zz_Atrium Patrimoine\"],\"inLanguage\":\"fr-FR\"},{\"@type\":\"WebPage\",\"@id\":\"https:\\\/\\\/batijournal.com\\\/index.php\\\/investissement-participatif-renovation-fort-trois-tetes-de-briancon\\\/97362\\\/\",\"url\":\"https:\\\/\\\/batijournal.com\\\/index.php\\\/investissement-participatif-renovation-fort-trois-tetes-de-briancon\\\/97362\\\/\",\"name\":\"Investissement participatif pour la r\u00e9novation du fort des Trois T\u00eates \u00e0 Brian\u00e7on\",\"isPartOf\":{\"@id\":\"https:\\\/\\\/batijournal.com\\\/#website\"},\"primaryImageOfPage\":{\"@id\":\"https:\\\/\\\/batijournal.com\\\/index.php\\\/investissement-participatif-renovation-fort-trois-tetes-de-briancon\\\/97362\\\/#primaryimage\"},\"image\":{\"@id\":\"https:\\\/\\\/batijournal.com\\\/index.php\\\/investissement-participatif-renovation-fort-trois-tetes-de-briancon\\\/97362\\\/#primaryimage\"},\"thumbnailUrl\":\"https:\\\/\\\/batijournal.com\\\/wp-content\\\/uploads\\\/2017\\\/11\\\/Fort-des-Trois-Tetes-briancon.png\",\"datePublished\":\"2017-11-08T07:51:16+00:00\",\"dateModified\":\"2019-07-15T09:15:33+00:00\",\"author\":{\"@id\":\"https:\\\/\\\/batijournal.com\\\/#\\\/schema\\\/person\\\/1dc96ec6957aa1ccb25ebe78bb19f100\"},\"breadcrumb\":{\"@id\":\"https:\\\/\\\/batijournal.com\\\/index.php\\\/investissement-participatif-renovation-fort-trois-tetes-de-briancon\\\/97362\\\/#breadcrumb\"},\"inLanguage\":\"fr-FR\",\"potentialAction\":[{\"@type\":\"ReadAction\",\"target\":[\"https:\\\/\\\/batijournal.com\\\/index.php\\\/investissement-participatif-renovation-fort-trois-tetes-de-briancon\\\/97362\\\/\"]}]},{\"@type\":\"ImageObject\",\"inLanguage\":\"fr-FR\",\"@id\":\"https:\\\/\\\/batijournal.com\\\/index.php\\\/investissement-participatif-renovation-fort-trois-tetes-de-briancon\\\/97362\\\/#primaryimage\",\"url\":\"https:\\\/\\\/batijournal.com\\\/wp-content\\\/uploads\\\/2017\\\/11\\\/Fort-des-Trois-Tetes-briancon.png\",\"contentUrl\":\"https:\\\/\\\/batijournal.com\\\/wp-content\\\/uploads\\\/2017\\\/11\\\/Fort-des-Trois-Tetes-briancon.png\",\"width\":1053,\"height\":581},{\"@type\":\"BreadcrumbList\",\"@id\":\"https:\\\/\\\/batijournal.com\\\/index.php\\\/investissement-participatif-renovation-fort-trois-tetes-de-briancon\\\/97362\\\/#breadcrumb\",\"itemListElement\":[{\"@type\":\"ListItem\",\"position\":1,\"name\":\"Accueil\",\"item\":\"https:\\\/\\\/batijournal.com\\\/\"},{\"@type\":\"ListItem\",\"position\":2,\"name\":\"Actualit\u00e9s\",\"item\":\"https:\\\/\\\/batijournal.com\\\/index.php\\\/category\\\/actualites\\\/\"},{\"@type\":\"ListItem\",\"position\":3,\"name\":\"Investissement participatif pour la r\u00e9novation du fort des Trois T\u00eates \u00e0 Brian\u00e7on\"}]},{\"@type\":\"WebSite\",\"@id\":\"https:\\\/\\\/batijournal.com\\\/#website\",\"url\":\"https:\\\/\\\/batijournal.com\\\/\",\"name\":\"Batijournal\",\"description\":\"L&#039;actualit\u00e9 du b\u00e2timent\",\"potentialAction\":[{\"@type\":\"SearchAction\",\"target\":{\"@type\":\"EntryPoint\",\"urlTemplate\":\"https:\\\/\\\/batijournal.com\\\/?s={search_term_string}\"},\"query-input\":{\"@type\":\"PropertyValueSpecification\",\"valueRequired\":true,\"valueName\":\"search_term_string\"}}],\"inLanguage\":\"fr-FR\"},{\"@type\":\"Person\",\"@id\":\"https:\\\/\\\/batijournal.com\\\/#\\\/schema\\\/person\\\/1dc96ec6957aa1ccb25ebe78bb19f100\",\"name\":\"St\u00e9phane Miget\",\"image\":{\"@type\":\"ImageObject\",\"inLanguage\":\"fr-FR\",\"@id\":\"https:\\\/\\\/secure.gravatar.com\\\/avatar\\\/89915563d925342126b8ef0281b93d9d7fc337043e8df017f780908eb9644451?s=96&d=mm&r=g\",\"url\":\"https:\\\/\\\/secure.gravatar.com\\\/avatar\\\/89915563d925342126b8ef0281b93d9d7fc337043e8df017f780908eb9644451?s=96&d=mm&r=g\",\"contentUrl\":\"https:\\\/\\\/secure.gravatar.com\\\/avatar\\\/89915563d925342126b8ef0281b93d9d7fc337043e8df017f780908eb9644451?s=96&d=mm&r=g\",\"caption\":\"St\u00e9phane Miget\"},\"url\":\"https:\\\/\\\/batijournal.com\\\/index.php\\\/author\\\/stephane\\\/\"}]}<\/script>\n<!-- \/ Yoast SEO plugin. -->","yoast_head_json":{"title":"Investissement participatif pour la r\u00e9novation du fort des Trois T\u00eates \u00e0 Brian\u00e7on","robots":{"index":"index","follow":"follow","max-snippet":"max-snippet:-1","max-image-preview":"max-image-preview:large","max-video-preview":"max-video-preview:-1"},"canonical":"https:\/\/batijournal.com\/index.php\/investissement-participatif-renovation-fort-trois-tetes-de-briancon\/97362\/","og_locale":"fr_FR","og_type":"article","og_title":"Investissement participatif pour la r\u00e9novation du fort des Trois T\u00eates \u00e0 Brian\u00e7on","og_description":"Class\u00e9 au titre des Monuments historiques en 1989 et inscrit au patrimoine de l\u2019Unesco en 2008, le fort des Trois T\u00eates est un ensemble de fortifications \u00e9tendu sur 41 hectares et dominant la ville fortifi\u00e9e de Brian\u00e7on. \u00c9galement consid\u00e9r\u00e9 par Europa Nostra comme un des sept sites europ\u00e9ens les plus menac\u00e9s de destruction, le site [&hellip;]","og_url":"https:\/\/batijournal.com\/index.php\/investissement-participatif-renovation-fort-trois-tetes-de-briancon\/97362\/","og_site_name":"Batijournal","article_published_time":"2017-11-08T07:51:16+00:00","article_modified_time":"2019-07-15T09:15:33+00:00","og_image":[{"width":1053,"height":581,"url":"https:\/\/batijournal.com\/wp-content\/uploads\/2017\/11\/Fort-des-Trois-Tetes-briancon.png","type":"image\/png"}],"author":"St\u00e9phane Miget","twitter_card":"summary_large_image","twitter_creator":"@bati_journal","twitter_site":"@bati_journal","twitter_misc":{"\u00c9crit par":"St\u00e9phane Miget","Dur\u00e9e de lecture estim\u00e9e":"1 minute"},"schema":{"@context":"https:\/\/schema.org","@graph":[{"@type":"Article","@id":"https:\/\/batijournal.com\/index.php\/investissement-participatif-renovation-fort-trois-tetes-de-briancon\/97362\/#article","isPartOf":{"@id":"https:\/\/batijournal.com\/index.php\/investissement-participatif-renovation-fort-trois-tetes-de-briancon\/97362\/"},"author":{"name":"St\u00e9phane Miget","@id":"https:\/\/batijournal.com\/#\/schema\/person\/1dc96ec6957aa1ccb25ebe78bb19f100"},"headline":"Investissement participatif pour la r\u00e9novation du fort des Trois T\u00eates \u00e0 Brian\u00e7on","datePublished":"2017-11-08T07:51:16+00:00","dateModified":"2019-07-15T09:15:33+00:00","mainEntityOfPage":{"@id":"https:\/\/batijournal.com\/index.php\/investissement-participatif-renovation-fort-trois-tetes-de-briancon\/97362\/"},"wordCount":281,"image":{"@id":"https:\/\/batijournal.com\/index.php\/investissement-participatif-renovation-fort-trois-tetes-de-briancon\/97362\/#primaryimage"},"thumbnailUrl":"https:\/\/batijournal.com\/wp-content\/uploads\/2017\/11\/Fort-des-Trois-Tetes-briancon.png","keywords":["monument historique"],"articleSection":["Actualit\u00e9s","Architecture &amp; Conception","zz_Atrium Patrimoine"],"inLanguage":"fr-FR"},{"@type":"WebPage","@id":"https:\/\/batijournal.com\/index.php\/investissement-participatif-renovation-fort-trois-tetes-de-briancon\/97362\/","url":"https:\/\/batijournal.com\/index.php\/investissement-participatif-renovation-fort-trois-tetes-de-briancon\/97362\/","name":"Investissement participatif pour la r\u00e9novation du fort des Trois T\u00eates \u00e0 Brian\u00e7on","isPartOf":{"@id":"https:\/\/batijournal.com\/#website"},"primaryImageOfPage":{"@id":"https:\/\/batijournal.com\/index.php\/investissement-participatif-renovation-fort-trois-tetes-de-briancon\/97362\/#primaryimage"},"image":{"@id":"https:\/\/batijournal.com\/index.php\/investissement-participatif-renovation-fort-trois-tetes-de-briancon\/97362\/#primaryimage"},"thumbnailUrl":"https:\/\/batijournal.com\/wp-content\/uploads\/2017\/11\/Fort-des-Trois-Tetes-briancon.png","datePublished":"2017-11-08T07:51:16+00:00","dateModified":"2019-07-15T09:15:33+00:00","author":{"@id":"https:\/\/batijournal.com\/#\/schema\/person\/1dc96ec6957aa1ccb25ebe78bb19f100"},"breadcrumb":{"@id":"https:\/\/batijournal.com\/index.php\/investissement-participatif-renovation-fort-trois-tetes-de-briancon\/97362\/#breadcrumb"},"inLanguage":"fr-FR","potentialAction":[{"@type":"ReadAction","target":["https:\/\/batijournal.com\/index.php\/investissement-participatif-renovation-fort-trois-tetes-de-briancon\/97362\/"]}]},{"@type":"ImageObject","inLanguage":"fr-FR","@id":"https:\/\/batijournal.com\/index.php\/investissement-participatif-renovation-fort-trois-tetes-de-briancon\/97362\/#primaryimage","url":"https:\/\/batijournal.com\/wp-content\/uploads\/2017\/11\/Fort-des-Trois-Tetes-briancon.png","contentUrl":"https:\/\/batijournal.com\/wp-content\/uploads\/2017\/11\/Fort-des-Trois-Tetes-briancon.png","width":1053,"height":581},{"@type":"BreadcrumbList","@id":"https:\/\/batijournal.com\/index.php\/investissement-participatif-renovation-fort-trois-tetes-de-briancon\/97362\/#breadcrumb","itemListElement":[{"@type":"ListItem","position":1,"name":"Accueil","item":"https:\/\/batijournal.com\/"},{"@type":"ListItem","position":2,"name":"Actualit\u00e9s","item":"https:\/\/batijournal.com\/index.php\/category\/actualites\/"},{"@type":"ListItem","position":3,"name":"Investissement participatif pour la r\u00e9novation du fort des Trois T\u00eates \u00e0 Brian\u00e7on"}]},{"@type":"WebSite","@id":"https:\/\/batijournal.com\/#website","url":"https:\/\/batijournal.com\/","name":"Batijournal","description":"L&#039;actualit\u00e9 du b\u00e2timent","potentialAction":[{"@type":"SearchAction","target":{"@type":"EntryPoint","urlTemplate":"https:\/\/batijournal.com\/?s={search_term_string}"},"query-input":{"@type":"PropertyValueSpecification","valueRequired":true,"valueName":"search_term_string"}}],"inLanguage":"fr-FR"},{"@type":"Person","@id":"https:\/\/batijournal.com\/#\/schema\/person\/1dc96ec6957aa1ccb25ebe78bb19f100","name":"St\u00e9phane Miget","image":{"@type":"ImageObject","inLanguage":"fr-FR","@id":"https:\/\/secure.gravatar.com\/avatar\/89915563d925342126b8ef0281b93d9d7fc337043e8df017f780908eb9644451?s=96&d=mm&r=g","url":"https:\/\/secure.gravatar.com\/avatar\/89915563d925342126b8ef0281b93d9d7fc337043e8df017f780908eb9644451?s=96&d=mm&r=g","contentUrl":"https:\/\/secure.gravatar.com\/avatar\/89915563d925342126b8ef0281b93d9d7fc337043e8df017f780908eb9644451?s=96&d=mm&r=g","caption":"St\u00e9phane Miget"},"url":"https:\/\/batijournal.com\/index.php\/author\/stephane\/"}]}},"_links":{"self":[{"href":"https:\/\/batijournal.com\/index.php\/wp-json\/wp\/v2\/posts\/97362","targetHints":{"allow":["GET"]}}],"collection":[{"href":"https:\/\/batijournal.com\/index.php\/wp-json\/wp\/v2\/posts"}],"about":[{"href":"https:\/\/batijournal.com\/index.php\/wp-json\/wp\/v2\/types\/post"}],"author":[{"embeddable":true,"href":"https:\/\/batijournal.com\/index.php\/wp-json\/wp\/v2\/users\/17"}],"replies":[{"embeddable":true,"href":"https:\/\/batijournal.com\/index.php\/wp-json\/wp\/v2\/comments?post=97362"}],"version-history":[{"count":0,"href":"https:\/\/batijournal.com\/index.php\/wp-json\/wp\/v2\/posts\/97362\/revisions"}],"wp:featuredmedia":[{"embeddable":true,"href":"https:\/\/batijournal.com\/index.php\/wp-json\/wp\/v2\/media\/97363"}],"wp:attachment":[{"href":"https:\/\/batijournal.com\/index.php\/wp-json\/wp\/v2\/media?parent=97362"}],"wp:term":[{"taxonomy":"category","embeddable":true,"href":"https:\/\/batijournal.com\/index.php\/wp-json\/wp\/v2\/categories?post=97362"},{"taxonomy":"post_tag","embeddable":true,"href":"https:\/\/batijournal.com\/index.php\/wp-json\/wp\/v2\/tags?post=97362"}],"curies":[{"name":"wp","href":"https:\/\/api.w.org\/{rel}","templated":true}]}}