{"id":97366,"date":"2017-11-08T09:05:12","date_gmt":"2017-11-08T08:05:12","guid":{"rendered":"http:\/\/batijournal.com\/?p=97366"},"modified":"2017-11-08T13:50:18","modified_gmt":"2017-11-08T12:50:18","slug":"contrats-de-transition-ecologique-se-precisent","status":"publish","type":"post","link":"https:\/\/batijournal.com\/index.php\/contrats-de-transition-ecologique-se-precisent\/97366\/","title":{"rendered":"Les contrats de transition \u00e9cologique se pr\u00e9cisent"},"content":{"rendered":"<p>Pour mettre en marche la transition \u00e9cologique dans l\u2019ensemble de nos territoires, S\u00e9bastien Lecornu, secr\u00e9taire d\u2019\u00c9tat aupr\u00e8s du ministre de la Transition \u00e9cologique et solidaire, pr\u00e9pare, dans le cadre du Green New Deal de Nicolas Hulot, une nouvelle politique \u00e9cologique territoriale : les contrats de transition \u00e9cologique. Il a souhait\u00e9 conclure les premi\u00e8res rencontres territoriales de la troisi\u00e8me r\u00e9volution industrielle car les futurs contrats de transition \u00e9cologique s\u2019inspireront de la dynamique Rev3 d\u00e9velopp\u00e9e dans les Hauts-de-France par Xavier Bertrand et Philippe Vasseur. En effet, avec les contrats de transition \u00e9cologique, l\u2019ambition est d\u2019accompagner les territoires sous tous les aspects de la transition \u00e9cologique y compris les mutations \u00e9conomiques et sociales.<\/p>\n<p><strong>Les contrats de transition \u00e9cologique permettront de mobiliser toutes les forces de l\u2019administration pour rassembler les financements publics et priv\u00e9s, faire aboutir rapidement les projets, simplifier les proc\u00e9dures et mettre en place toute l\u2019ing\u00e9nierie n\u00e9cessaire.<\/strong><\/p>\n<p>Dans un premier temps, une quinzaine de territoires vont \u00eatre identifi\u00e9s pour couvrir toutes les situations :<br \/>\n&#8211; des m\u00e9tropoles, des villes moyennes et des communes rurales ;<br \/>\n&#8211; des territoires en difficult\u00e9 et d\u2019autres en avance ;<br \/>\n&#8211; des th\u00e9matiques couvrant tout le champ de la transition \u00e9cologique : la transition \u00e9nerg\u00e9tique, la mobilit\u00e9, la biodiversit\u00e9, la pr\u00e9servation des terres agricoles, la pollution et la vuln\u00e9rabilit\u00e9.<\/p>\n<p>La philosophie des contrats sera compl\u00e8tement arr\u00eat\u00e9e en d\u00e9cembre \u00e0 l\u2019issue de la prochaine Conf\u00e9rence des territoires. Les n\u00e9gociations avec les territoires s\u00e9lectionn\u00e9s commenceront d\u00e9but 2018 pour s\u2019engager d\u00e8s l\u2019\u00e9t\u00e9 dans la mise en \u0153uvre op\u00e9rationnelle.<\/p>\n","protected":false},"excerpt":{"rendered":"<p>Pour mettre en marche la transition \u00e9cologique dans l\u2019ensemble de nos territoires, S\u00e9bastien Lecornu, secr\u00e9taire d\u2019\u00c9tat aupr\u00e8s du ministre de la Transition \u00e9cologique et solidaire, pr\u00e9pare, dans le cadre du Green New Deal de Nicolas Hulot, une nouvelle politique \u00e9cologique territoriale : les contrats de transition \u00e9cologique. Il a souhait\u00e9 conclure les premi\u00e8res rencontres territoriales [&hellip;]<\/p>\n","protected":false},"author":17,"featured_media":93627,"comment_status":"closed","ping_status":"closed","sticky":false,"template":"","format":"standard","meta":{"_et_pb_use_builder":"","_et_pb_old_content":"","_et_gb_content_width":"","footnotes":""},"categories":[10530,6351],"tags":[11059],"class_list":["post-97366","post","type-post","status-publish","format-standard","has-post-thumbnail","hentry","category-actualites","category-energie-environnement","tag-transition-energetique"],"yoast_head":"<!-- This site is optimized with the Yoast SEO plugin v27.4 - https:\/\/yoast.com\/product\/yoast-seo-wordpress\/ -->\n<title>Les contrats de transition \u00e9cologique se pr\u00e9cisent<\/title>\n<meta name=\"robots\" content=\"index, follow, max-snippet:-1, max-image-preview:large, max-video-preview:-1\" \/>\n<link rel=\"canonical\" href=\"https:\/\/batijournal.com\/index.php\/contrats-de-transition-ecologique-se-precisent\/97366\/\" \/>\n<meta property=\"og:locale\" content=\"fr_FR\" \/>\n<meta property=\"og:type\" content=\"article\" \/>\n<meta property=\"og:title\" content=\"Les contrats de transition \u00e9cologique se pr\u00e9cisent\" \/>\n<meta property=\"og:description\" content=\"Pour mettre en marche la transition \u00e9cologique dans l\u2019ensemble de nos territoires, S\u00e9bastien Lecornu, secr\u00e9taire d\u2019\u00c9tat aupr\u00e8s du ministre de la Transition \u00e9cologique et solidaire, pr\u00e9pare, dans le cadre du Green New Deal de Nicolas Hulot, une nouvelle politique \u00e9cologique territoriale : les contrats de transition \u00e9cologique. Il a souhait\u00e9 conclure les premi\u00e8res rencontres territoriales [&hellip;]\" \/>\n<meta property=\"og:url\" content=\"https:\/\/batijournal.com\/index.php\/contrats-de-transition-ecologique-se-precisent\/97366\/\" \/>\n<meta property=\"og:site_name\" content=\"Batijournal\" \/>\n<meta property=\"article:published_time\" content=\"2017-11-08T08:05:12+00:00\" \/>\n<meta property=\"article:modified_time\" content=\"2017-11-08T12:50:18+00:00\" \/>\n<meta property=\"og:image\" content=\"https:\/\/batijournal.com\/wp-content\/uploads\/2016\/09\/photovoltaique3.jpg\" \/>\n\t<meta property=\"og:image:width\" content=\"1000\" \/>\n\t<meta property=\"og:image:height\" content=\"485\" \/>\n\t<meta property=\"og:image:type\" content=\"image\/jpeg\" \/>\n<meta name=\"author\" content=\"St\u00e9phane Miget\" \/>\n<meta name=\"twitter:card\" content=\"summary_large_image\" \/>\n<meta name=\"twitter:creator\" content=\"@bati_journal\" \/>\n<meta name=\"twitter:site\" content=\"@bati_journal\" \/>\n<meta name=\"twitter:label1\" content=\"\u00c9crit par\" \/>\n\t<meta name=\"twitter:data1\" content=\"St\u00e9phane Miget\" \/>\n\t<meta name=\"twitter:label2\" content=\"Dur\u00e9e de lecture estim\u00e9e\" \/>\n\t<meta name=\"twitter:data2\" content=\"1 minute\" \/>\n<script type=\"application\/ld+json\" class=\"yoast-schema-graph\">{\"@context\":\"https:\\\/\\\/schema.org\",\"@graph\":[{\"@type\":\"Article\",\"@id\":\"https:\\\/\\\/batijournal.com\\\/index.php\\\/contrats-de-transition-ecologique-se-precisent\\\/97366\\\/#article\",\"isPartOf\":{\"@id\":\"https:\\\/\\\/batijournal.com\\\/index.php\\\/contrats-de-transition-ecologique-se-precisent\\\/97366\\\/\"},\"author\":{\"name\":\"St\u00e9phane Miget\",\"@id\":\"https:\\\/\\\/batijournal.com\\\/#\\\/schema\\\/person\\\/1dc96ec6957aa1ccb25ebe78bb19f100\"},\"headline\":\"Les contrats de transition \u00e9cologique se pr\u00e9cisent\",\"datePublished\":\"2017-11-08T08:05:12+00:00\",\"dateModified\":\"2017-11-08T12:50:18+00:00\",\"mainEntityOfPage\":{\"@id\":\"https:\\\/\\\/batijournal.com\\\/index.php\\\/contrats-de-transition-ecologique-se-precisent\\\/97366\\\/\"},\"wordCount\":290,\"image\":{\"@id\":\"https:\\\/\\\/batijournal.com\\\/index.php\\\/contrats-de-transition-ecologique-se-precisent\\\/97366\\\/#primaryimage\"},\"thumbnailUrl\":\"https:\\\/\\\/batijournal.com\\\/wp-content\\\/uploads\\\/2016\\\/09\\\/photovoltaique3.jpg\",\"keywords\":[\"transition \u00e9nerg\u00e9tique\"],\"articleSection\":[\"Actualit\u00e9s\",\"\u00c9nergie &amp; Environnement\"],\"inLanguage\":\"fr-FR\"},{\"@type\":\"WebPage\",\"@id\":\"https:\\\/\\\/batijournal.com\\\/index.php\\\/contrats-de-transition-ecologique-se-precisent\\\/97366\\\/\",\"url\":\"https:\\\/\\\/batijournal.com\\\/index.php\\\/contrats-de-transition-ecologique-se-precisent\\\/97366\\\/\",\"name\":\"Les contrats de transition \u00e9cologique se pr\u00e9cisent\",\"isPartOf\":{\"@id\":\"https:\\\/\\\/batijournal.com\\\/#website\"},\"primaryImageOfPage\":{\"@id\":\"https:\\\/\\\/batijournal.com\\\/index.php\\\/contrats-de-transition-ecologique-se-precisent\\\/97366\\\/#primaryimage\"},\"image\":{\"@id\":\"https:\\\/\\\/batijournal.com\\\/index.php\\\/contrats-de-transition-ecologique-se-precisent\\\/97366\\\/#primaryimage\"},\"thumbnailUrl\":\"https:\\\/\\\/batijournal.com\\\/wp-content\\\/uploads\\\/2016\\\/09\\\/photovoltaique3.jpg\",\"datePublished\":\"2017-11-08T08:05:12+00:00\",\"dateModified\":\"2017-11-08T12:50:18+00:00\",\"author\":{\"@id\":\"https:\\\/\\\/batijournal.com\\\/#\\\/schema\\\/person\\\/1dc96ec6957aa1ccb25ebe78bb19f100\"},\"breadcrumb\":{\"@id\":\"https:\\\/\\\/batijournal.com\\\/index.php\\\/contrats-de-transition-ecologique-se-precisent\\\/97366\\\/#breadcrumb\"},\"inLanguage\":\"fr-FR\",\"potentialAction\":[{\"@type\":\"ReadAction\",\"target\":[\"https:\\\/\\\/batijournal.com\\\/index.php\\\/contrats-de-transition-ecologique-se-precisent\\\/97366\\\/\"]}]},{\"@type\":\"ImageObject\",\"inLanguage\":\"fr-FR\",\"@id\":\"https:\\\/\\\/batijournal.com\\\/index.php\\\/contrats-de-transition-ecologique-se-precisent\\\/97366\\\/#primaryimage\",\"url\":\"https:\\\/\\\/batijournal.com\\\/wp-content\\\/uploads\\\/2016\\\/09\\\/photovoltaique3.jpg\",\"contentUrl\":\"https:\\\/\\\/batijournal.com\\\/wp-content\\\/uploads\\\/2016\\\/09\\\/photovoltaique3.jpg\",\"width\":1000,\"height\":485},{\"@type\":\"BreadcrumbList\",\"@id\":\"https:\\\/\\\/batijournal.com\\\/index.php\\\/contrats-de-transition-ecologique-se-precisent\\\/97366\\\/#breadcrumb\",\"itemListElement\":[{\"@type\":\"ListItem\",\"position\":1,\"name\":\"Accueil\",\"item\":\"https:\\\/\\\/batijournal.com\\\/\"},{\"@type\":\"ListItem\",\"position\":2,\"name\":\"Actualit\u00e9s\",\"item\":\"https:\\\/\\\/batijournal.com\\\/index.php\\\/category\\\/actualites\\\/\"},{\"@type\":\"ListItem\",\"position\":3,\"name\":\"Les contrats de transition \u00e9cologique se pr\u00e9cisent\"}]},{\"@type\":\"WebSite\",\"@id\":\"https:\\\/\\\/batijournal.com\\\/#website\",\"url\":\"https:\\\/\\\/batijournal.com\\\/\",\"name\":\"Batijournal\",\"description\":\"L&#039;actualit\u00e9 du b\u00e2timent\",\"potentialAction\":[{\"@type\":\"SearchAction\",\"target\":{\"@type\":\"EntryPoint\",\"urlTemplate\":\"https:\\\/\\\/batijournal.com\\\/?s={search_term_string}\"},\"query-input\":{\"@type\":\"PropertyValueSpecification\",\"valueRequired\":true,\"valueName\":\"search_term_string\"}}],\"inLanguage\":\"fr-FR\"},{\"@type\":\"Person\",\"@id\":\"https:\\\/\\\/batijournal.com\\\/#\\\/schema\\\/person\\\/1dc96ec6957aa1ccb25ebe78bb19f100\",\"name\":\"St\u00e9phane Miget\",\"image\":{\"@type\":\"ImageObject\",\"inLanguage\":\"fr-FR\",\"@id\":\"https:\\\/\\\/secure.gravatar.com\\\/avatar\\\/89915563d925342126b8ef0281b93d9d7fc337043e8df017f780908eb9644451?s=96&d=mm&r=g\",\"url\":\"https:\\\/\\\/secure.gravatar.com\\\/avatar\\\/89915563d925342126b8ef0281b93d9d7fc337043e8df017f780908eb9644451?s=96&d=mm&r=g\",\"contentUrl\":\"https:\\\/\\\/secure.gravatar.com\\\/avatar\\\/89915563d925342126b8ef0281b93d9d7fc337043e8df017f780908eb9644451?s=96&d=mm&r=g\",\"caption\":\"St\u00e9phane Miget\"},\"url\":\"https:\\\/\\\/batijournal.com\\\/index.php\\\/author\\\/stephane\\\/\"}]}<\/script>\n<!-- \/ Yoast SEO plugin. -->","yoast_head_json":{"title":"Les contrats de transition \u00e9cologique se pr\u00e9cisent","robots":{"index":"index","follow":"follow","max-snippet":"max-snippet:-1","max-image-preview":"max-image-preview:large","max-video-preview":"max-video-preview:-1"},"canonical":"https:\/\/batijournal.com\/index.php\/contrats-de-transition-ecologique-se-precisent\/97366\/","og_locale":"fr_FR","og_type":"article","og_title":"Les contrats de transition \u00e9cologique se pr\u00e9cisent","og_description":"Pour mettre en marche la transition \u00e9cologique dans l\u2019ensemble de nos territoires, S\u00e9bastien Lecornu, secr\u00e9taire d\u2019\u00c9tat aupr\u00e8s du ministre de la Transition \u00e9cologique et solidaire, pr\u00e9pare, dans le cadre du Green New Deal de Nicolas Hulot, une nouvelle politique \u00e9cologique territoriale : les contrats de transition \u00e9cologique. Il a souhait\u00e9 conclure les premi\u00e8res rencontres territoriales [&hellip;]","og_url":"https:\/\/batijournal.com\/index.php\/contrats-de-transition-ecologique-se-precisent\/97366\/","og_site_name":"Batijournal","article_published_time":"2017-11-08T08:05:12+00:00","article_modified_time":"2017-11-08T12:50:18+00:00","og_image":[{"width":1000,"height":485,"url":"https:\/\/batijournal.com\/wp-content\/uploads\/2016\/09\/photovoltaique3.jpg","type":"image\/jpeg"}],"author":"St\u00e9phane Miget","twitter_card":"summary_large_image","twitter_creator":"@bati_journal","twitter_site":"@bati_journal","twitter_misc":{"\u00c9crit par":"St\u00e9phane Miget","Dur\u00e9e de lecture estim\u00e9e":"1 minute"},"schema":{"@context":"https:\/\/schema.org","@graph":[{"@type":"Article","@id":"https:\/\/batijournal.com\/index.php\/contrats-de-transition-ecologique-se-precisent\/97366\/#article","isPartOf":{"@id":"https:\/\/batijournal.com\/index.php\/contrats-de-transition-ecologique-se-precisent\/97366\/"},"author":{"name":"St\u00e9phane Miget","@id":"https:\/\/batijournal.com\/#\/schema\/person\/1dc96ec6957aa1ccb25ebe78bb19f100"},"headline":"Les contrats de transition \u00e9cologique se pr\u00e9cisent","datePublished":"2017-11-08T08:05:12+00:00","dateModified":"2017-11-08T12:50:18+00:00","mainEntityOfPage":{"@id":"https:\/\/batijournal.com\/index.php\/contrats-de-transition-ecologique-se-precisent\/97366\/"},"wordCount":290,"image":{"@id":"https:\/\/batijournal.com\/index.php\/contrats-de-transition-ecologique-se-precisent\/97366\/#primaryimage"},"thumbnailUrl":"https:\/\/batijournal.com\/wp-content\/uploads\/2016\/09\/photovoltaique3.jpg","keywords":["transition \u00e9nerg\u00e9tique"],"articleSection":["Actualit\u00e9s","\u00c9nergie &amp; Environnement"],"inLanguage":"fr-FR"},{"@type":"WebPage","@id":"https:\/\/batijournal.com\/index.php\/contrats-de-transition-ecologique-se-precisent\/97366\/","url":"https:\/\/batijournal.com\/index.php\/contrats-de-transition-ecologique-se-precisent\/97366\/","name":"Les contrats de transition \u00e9cologique se pr\u00e9cisent","isPartOf":{"@id":"https:\/\/batijournal.com\/#website"},"primaryImageOfPage":{"@id":"https:\/\/batijournal.com\/index.php\/contrats-de-transition-ecologique-se-precisent\/97366\/#primaryimage"},"image":{"@id":"https:\/\/batijournal.com\/index.php\/contrats-de-transition-ecologique-se-precisent\/97366\/#primaryimage"},"thumbnailUrl":"https:\/\/batijournal.com\/wp-content\/uploads\/2016\/09\/photovoltaique3.jpg","datePublished":"2017-11-08T08:05:12+00:00","dateModified":"2017-11-08T12:50:18+00:00","author":{"@id":"https:\/\/batijournal.com\/#\/schema\/person\/1dc96ec6957aa1ccb25ebe78bb19f100"},"breadcrumb":{"@id":"https:\/\/batijournal.com\/index.php\/contrats-de-transition-ecologique-se-precisent\/97366\/#breadcrumb"},"inLanguage":"fr-FR","potentialAction":[{"@type":"ReadAction","target":["https:\/\/batijournal.com\/index.php\/contrats-de-transition-ecologique-se-precisent\/97366\/"]}]},{"@type":"ImageObject","inLanguage":"fr-FR","@id":"https:\/\/batijournal.com\/index.php\/contrats-de-transition-ecologique-se-precisent\/97366\/#primaryimage","url":"https:\/\/batijournal.com\/wp-content\/uploads\/2016\/09\/photovoltaique3.jpg","contentUrl":"https:\/\/batijournal.com\/wp-content\/uploads\/2016\/09\/photovoltaique3.jpg","width":1000,"height":485},{"@type":"BreadcrumbList","@id":"https:\/\/batijournal.com\/index.php\/contrats-de-transition-ecologique-se-precisent\/97366\/#breadcrumb","itemListElement":[{"@type":"ListItem","position":1,"name":"Accueil","item":"https:\/\/batijournal.com\/"},{"@type":"ListItem","position":2,"name":"Actualit\u00e9s","item":"https:\/\/batijournal.com\/index.php\/category\/actualites\/"},{"@type":"ListItem","position":3,"name":"Les contrats de transition \u00e9cologique se pr\u00e9cisent"}]},{"@type":"WebSite","@id":"https:\/\/batijournal.com\/#website","url":"https:\/\/batijournal.com\/","name":"Batijournal","description":"L&#039;actualit\u00e9 du b\u00e2timent","potentialAction":[{"@type":"SearchAction","target":{"@type":"EntryPoint","urlTemplate":"https:\/\/batijournal.com\/?s={search_term_string}"},"query-input":{"@type":"PropertyValueSpecification","valueRequired":true,"valueName":"search_term_string"}}],"inLanguage":"fr-FR"},{"@type":"Person","@id":"https:\/\/batijournal.com\/#\/schema\/person\/1dc96ec6957aa1ccb25ebe78bb19f100","name":"St\u00e9phane Miget","image":{"@type":"ImageObject","inLanguage":"fr-FR","@id":"https:\/\/secure.gravatar.com\/avatar\/89915563d925342126b8ef0281b93d9d7fc337043e8df017f780908eb9644451?s=96&d=mm&r=g","url":"https:\/\/secure.gravatar.com\/avatar\/89915563d925342126b8ef0281b93d9d7fc337043e8df017f780908eb9644451?s=96&d=mm&r=g","contentUrl":"https:\/\/secure.gravatar.com\/avatar\/89915563d925342126b8ef0281b93d9d7fc337043e8df017f780908eb9644451?s=96&d=mm&r=g","caption":"St\u00e9phane Miget"},"url":"https:\/\/batijournal.com\/index.php\/author\/stephane\/"}]}},"_links":{"self":[{"href":"https:\/\/batijournal.com\/index.php\/wp-json\/wp\/v2\/posts\/97366","targetHints":{"allow":["GET"]}}],"collection":[{"href":"https:\/\/batijournal.com\/index.php\/wp-json\/wp\/v2\/posts"}],"about":[{"href":"https:\/\/batijournal.com\/index.php\/wp-json\/wp\/v2\/types\/post"}],"author":[{"embeddable":true,"href":"https:\/\/batijournal.com\/index.php\/wp-json\/wp\/v2\/users\/17"}],"replies":[{"embeddable":true,"href":"https:\/\/batijournal.com\/index.php\/wp-json\/wp\/v2\/comments?post=97366"}],"version-history":[{"count":0,"href":"https:\/\/batijournal.com\/index.php\/wp-json\/wp\/v2\/posts\/97366\/revisions"}],"wp:featuredmedia":[{"embeddable":true,"href":"https:\/\/batijournal.com\/index.php\/wp-json\/wp\/v2\/media\/93627"}],"wp:attachment":[{"href":"https:\/\/batijournal.com\/index.php\/wp-json\/wp\/v2\/media?parent=97366"}],"wp:term":[{"taxonomy":"category","embeddable":true,"href":"https:\/\/batijournal.com\/index.php\/wp-json\/wp\/v2\/categories?post=97366"},{"taxonomy":"post_tag","embeddable":true,"href":"https:\/\/batijournal.com\/index.php\/wp-json\/wp\/v2\/tags?post=97366"}],"curies":[{"name":"wp","href":"https:\/\/api.w.org\/{rel}","templated":true}]}}