{"id":97385,"date":"2017-11-08T12:42:45","date_gmt":"2017-11-08T11:42:45","guid":{"rendered":"http:\/\/batijournal.com\/?p=97385"},"modified":"2020-07-17T13:45:06","modified_gmt":"2020-07-17T11:45:06","slug":"batimat-2017-structuration-de-loffre-bois-francais","status":"publish","type":"post","link":"https:\/\/batijournal.com\/index.php\/batimat-2017-structuration-de-loffre-bois-francais\/97385\/","title":{"rendered":"BATIMAT 2017 &#8211; La structuration de l&rsquo;offre bois fran\u00e7ais"},"content":{"rendered":"<p><iframe loading=\"lazy\" src=\"https:\/\/www.youtube.com\/embed\/SMVm2d3e9QI\" width=\"560\" height=\"315\" frameborder=\"0\" allowfullscreen=\"allowfullscreen\" data-mce-fragment=\"1\"><\/iframe><\/p>\n<p>Jean Piveteau, pr\u00e9sident de Piveteaubois et de la commission seconde transformation de la FNB, Marl\u00e8ne Mivielle, charg\u00e9e de mission seconde transformation et normalisation \u00e0 la FNB, Philippe Monchaux, directeur du p\u00f4le premi\u00e8re transformation et approvisionnement \u00e0 FCBA, Benjamin Mermet, prescripteur bois, Fibra et administrateur Bois des Alpes, et S\u00e9bastien L\u00e9v\u00e9nez, directeur ISB et repr\u00e9sentant Le commerce du bois.<\/p>\n<p>Jean Piveteau : \u00ab\u00a0<i>Il y a une dizaine d&rsquo;ann\u00e9es, les scieurs se sont mis \u00e0 faire de la transformation du bois. Il y avait un retard \u00e0 combler. Il fallait structurer l&rsquo;offre en bois fran\u00e7ais. On a cr\u00e9\u00e9, au sein de la FNB, une commission seconde transformation de fa\u00e7on \u00e0 rassembler toute l&rsquo;offre en bois transform\u00e9 fran\u00e7ais et la pr\u00e9senter aux prescripteurs. La\u00a0consommation de bois r\u00e9sineux fran\u00e7ais repr\u00e9sente 7 millions de m\u00e8tres cubes. Il y a de la place pour que l&rsquo;industrie fran\u00e7aise se d\u00e9veloppe sur son territoire.\u00a0\u00bb\u00a0<\/i><\/p>\n<p>Marl\u00e8ne Mivielle : \u00ab\u00a0<em>Depuis trois ans, nous travaillons \u00e0 la cr\u00e9ation d&rsquo;une bo\u00eete \u00e0 outils pour pr\u00e9senter l&rsquo;offre en bois fran\u00e7ais avec un argumentaire sur leur utilisation, une pr\u00e9sentation des produits par usage. Choisir le bois fran\u00e7ais, c&rsquo;est faire vivre toute une \u00e9conomie en France. Nous avons fait un annuaire des entreprises qui travaillent ces produits. Nous avons cr\u00e9\u00e9, cette ann\u00e9e, le catalogue des bois fran\u00e7ais pour pr\u00e9senter une offre standardis\u00e9e. Il sortira le 15 d\u00e9cembre prochain. Dans ce catalogue, des fiches pratiques d\u00e9tailleront les produits et les exigences des normes.\u00a0\u00bb<\/em><\/p>\n<p>Philippe Monchaux : \u00ab\u00a0<i>Pour structurer l&rsquo;offre, il faut la d\u00e9finir, qu&rsquo;elle soit qualifi\u00e9e et r\u00e9ponde \u00e0 des normes. C&rsquo;est le travail de FCBA qui, ces derni\u00e8res ann\u00e9es, a qualifi\u00e9 des produits pour les faire r\u00e9pondre \u00e0 des normes afin qu&rsquo;ils puissent \u00eatre utilis\u00e9s. Nous avons pour cela men\u00e9 des essais et avons discut\u00e9 avec des professionnels fran\u00e7ais ou \u00e9trangers dans des commissions de normalisation. Nous saluons, ici, l&rsquo;effort de la FNB qui a mis en place en son sein une personne d\u00e9di\u00e9e aux actions de normalisation, qui assure le lien entre les praticiens et les normalisateurs qui d\u00e9fendent les positions fran\u00e7aises au niveau europ\u00e9en afin que les bois fran\u00e7ais soient acceptables dans les produits d&rsquo;ing\u00e9nierie. Apr\u00e8s celle du Douglas, nous travaillons \u00e0 la normalisation des feuillus : aujourd&rsquo;hui, ch\u00eane, h\u00eatre et ch\u00e2taignier sont marquables CE\u2026 Nous allons aussi devoir caract\u00e9riser les produits mixtes, compos\u00e9s de plusieurs essences coll\u00e9es par exemple, produits techniques tr\u00e8s int\u00e9ressants. Nous poursuivons notre travail, en lien avec les professionnels, en fonction de leurs demandes.\u00a0\u00bb<\/i><\/p>\n<p>Benjamin Mermet : \u00ab\u00a0<em>En 2007 et 2008, nous avons constat\u00e9 que la fili\u00e8re n&rsquo;\u00e9tait pas suffisamment structur\u00e9e. Les industriels et scieurs ne communiquaient pas suffisamment entre eux. Nous avons cr\u00e9\u00e9 une association pour redynamiser cette fili\u00e8re. Il y a un r\u00e9f\u00e9rentiel qui va garantir aux ma\u00eetrises d&rsquo;ouvrage et ma\u00eetrises d&rsquo;\u0153uvre du bois qualifi\u00e9. Du bois certifi\u00e9 Bois des\u00a0<\/em><i>Alpes, c&rsquo;est un marquage CE, une tra\u00e7abilit\u00e9, du bois s\u00e9ch\u00e9 et\u00a0calibr\u00e9. La\u00a0certification Bois des Alpes est certifi\u00e9e Cofrac.\u00a0\u00bb<\/i><\/p>\n<p>S\u00e9bastien L\u00e9v\u00e9nez : \u00ab\u00a0<i>Il y a, aujourd&rsquo;hui, une offre\u00a0beaucoup plus importante en bois fran\u00e7ais. Nous avons besoin de bois certifi\u00e9s. La fili\u00e8re s&rsquo;est beaucoup plus structur\u00e9e ces derni\u00e8res ann\u00e9es. Elle a fait\u00a0beaucoup pour que l&rsquo;on puisse avoir du bois utilisable industriellement. La ressource est importante en France. Toute la fili\u00e8re est en mouvement pour que soit pr\u00e9f\u00e9r\u00e9 le bois fran\u00e7ais.\u00a0\u00bb<\/i><\/p>\n","protected":false},"excerpt":{"rendered":"<p>Jean Piveteau, pr\u00e9sident de Piveteaubois et de la commission seconde transformation de la FNB, Marl\u00e8ne Mivielle, charg\u00e9e de mission seconde transformation et normalisation \u00e0 la FNB, Philippe Monchaux, directeur du p\u00f4le premi\u00e8re transformation et approvisionnement \u00e0 FCBA, Benjamin Mermet, prescripteur bois, Fibra et administrateur Bois des Alpes, et S\u00e9bastien L\u00e9v\u00e9nez, directeur ISB et repr\u00e9sentant Le [&hellip;]<\/p>\n","protected":false},"author":1,"featured_media":97386,"comment_status":"closed","ping_status":"closed","sticky":false,"template":"","format":"standard","meta":{"_et_pb_use_builder":"","_et_pb_old_content":"","_et_gb_content_width":"","footnotes":""},"categories":[6345],"tags":[11505,12092,11061,4122],"class_list":["post-97385","post","type-post","status-publish","format-standard","has-post-thumbnail","hentry","category-economie-marches","tag-batijournal-tv","tag-batimat-2017","tag-bois-francais","tag-piveteaubois"],"yoast_head":"<!-- This site is optimized with the Yoast SEO plugin v27.4 - https:\/\/yoast.com\/product\/yoast-seo-wordpress\/ -->\n<title>BATIMAT 2017 - La structuration de l&#039;offre bois fran\u00e7ais<\/title>\n<meta name=\"robots\" content=\"index, follow, max-snippet:-1, max-image-preview:large, max-video-preview:-1\" \/>\n<link rel=\"canonical\" href=\"https:\/\/batijournal.com\/index.php\/batimat-2017-structuration-de-loffre-bois-francais\/97385\/\" \/>\n<meta property=\"og:locale\" content=\"fr_FR\" \/>\n<meta property=\"og:type\" content=\"article\" \/>\n<meta property=\"og:title\" content=\"BATIMAT 2017 - La structuration de l&#039;offre bois fran\u00e7ais\" \/>\n<meta property=\"og:description\" content=\"Jean Piveteau, pr\u00e9sident de Piveteaubois et de la commission seconde transformation de la FNB, Marl\u00e8ne Mivielle, charg\u00e9e de mission seconde transformation et normalisation \u00e0 la FNB, Philippe Monchaux, directeur du p\u00f4le premi\u00e8re transformation et approvisionnement \u00e0 FCBA, Benjamin Mermet, prescripteur bois, Fibra et administrateur Bois des Alpes, et S\u00e9bastien L\u00e9v\u00e9nez, directeur ISB et repr\u00e9sentant Le [&hellip;]\" \/>\n<meta property=\"og:url\" content=\"https:\/\/batijournal.com\/index.php\/batimat-2017-structuration-de-loffre-bois-francais\/97385\/\" \/>\n<meta property=\"og:site_name\" content=\"Batijournal\" \/>\n<meta property=\"article:published_time\" content=\"2017-11-08T11:42:45+00:00\" \/>\n<meta property=\"article:modified_time\" content=\"2020-07-17T11:45:06+00:00\" \/>\n<meta property=\"og:image\" content=\"https:\/\/batijournal.com\/wp-content\/uploads\/2017\/11\/batimat-2017-la-structuration-de.jpg\" \/>\n\t<meta property=\"og:image:width\" content=\"1280\" \/>\n\t<meta property=\"og:image:height\" content=\"720\" \/>\n\t<meta property=\"og:image:type\" content=\"image\/jpeg\" \/>\n<meta name=\"author\" content=\"Bati-journal\" \/>\n<meta name=\"twitter:card\" content=\"summary_large_image\" \/>\n<meta name=\"twitter:creator\" content=\"@bati_journal\" \/>\n<meta name=\"twitter:site\" content=\"@bati_journal\" \/>\n<meta name=\"twitter:label1\" content=\"\u00c9crit par\" \/>\n\t<meta name=\"twitter:data1\" content=\"Bati-journal\" \/>\n\t<meta name=\"twitter:label2\" content=\"Dur\u00e9e de lecture estim\u00e9e\" \/>\n\t<meta name=\"twitter:data2\" content=\"3 minutes\" \/>\n<script type=\"application\/ld+json\" class=\"yoast-schema-graph\">{\"@context\":\"https:\\\/\\\/schema.org\",\"@graph\":[{\"@type\":\"Article\",\"@id\":\"https:\\\/\\\/batijournal.com\\\/index.php\\\/batimat-2017-structuration-de-loffre-bois-francais\\\/97385\\\/#article\",\"isPartOf\":{\"@id\":\"https:\\\/\\\/batijournal.com\\\/index.php\\\/batimat-2017-structuration-de-loffre-bois-francais\\\/97385\\\/\"},\"author\":{\"name\":\"Bati-journal\",\"@id\":\"https:\\\/\\\/batijournal.com\\\/#\\\/schema\\\/person\\\/6a657e8967569e1b299972574848aa76\"},\"headline\":\"BATIMAT 2017 &#8211; La structuration de l&rsquo;offre bois fran\u00e7ais\",\"datePublished\":\"2017-11-08T11:42:45+00:00\",\"dateModified\":\"2020-07-17T11:45:06+00:00\",\"mainEntityOfPage\":{\"@id\":\"https:\\\/\\\/batijournal.com\\\/index.php\\\/batimat-2017-structuration-de-loffre-bois-francais\\\/97385\\\/\"},\"wordCount\":637,\"image\":{\"@id\":\"https:\\\/\\\/batijournal.com\\\/index.php\\\/batimat-2017-structuration-de-loffre-bois-francais\\\/97385\\\/#primaryimage\"},\"thumbnailUrl\":\"https:\\\/\\\/batijournal.com\\\/wp-content\\\/uploads\\\/2017\\\/11\\\/batimat-2017-la-structuration-de.jpg\",\"keywords\":[\"batijournal TV\",\"Batimat 2017\",\"bois fran\u00e7ais\",\"PiveteauBois\"],\"articleSection\":[\"\u00c9conomie &amp; March\u00e9s\"],\"inLanguage\":\"fr-FR\"},{\"@type\":\"WebPage\",\"@id\":\"https:\\\/\\\/batijournal.com\\\/index.php\\\/batimat-2017-structuration-de-loffre-bois-francais\\\/97385\\\/\",\"url\":\"https:\\\/\\\/batijournal.com\\\/index.php\\\/batimat-2017-structuration-de-loffre-bois-francais\\\/97385\\\/\",\"name\":\"BATIMAT 2017 - La structuration de l'offre bois fran\u00e7ais\",\"isPartOf\":{\"@id\":\"https:\\\/\\\/batijournal.com\\\/#website\"},\"primaryImageOfPage\":{\"@id\":\"https:\\\/\\\/batijournal.com\\\/index.php\\\/batimat-2017-structuration-de-loffre-bois-francais\\\/97385\\\/#primaryimage\"},\"image\":{\"@id\":\"https:\\\/\\\/batijournal.com\\\/index.php\\\/batimat-2017-structuration-de-loffre-bois-francais\\\/97385\\\/#primaryimage\"},\"thumbnailUrl\":\"https:\\\/\\\/batijournal.com\\\/wp-content\\\/uploads\\\/2017\\\/11\\\/batimat-2017-la-structuration-de.jpg\",\"datePublished\":\"2017-11-08T11:42:45+00:00\",\"dateModified\":\"2020-07-17T11:45:06+00:00\",\"author\":{\"@id\":\"https:\\\/\\\/batijournal.com\\\/#\\\/schema\\\/person\\\/6a657e8967569e1b299972574848aa76\"},\"breadcrumb\":{\"@id\":\"https:\\\/\\\/batijournal.com\\\/index.php\\\/batimat-2017-structuration-de-loffre-bois-francais\\\/97385\\\/#breadcrumb\"},\"inLanguage\":\"fr-FR\",\"potentialAction\":[{\"@type\":\"ReadAction\",\"target\":[\"https:\\\/\\\/batijournal.com\\\/index.php\\\/batimat-2017-structuration-de-loffre-bois-francais\\\/97385\\\/\"]}]},{\"@type\":\"ImageObject\",\"inLanguage\":\"fr-FR\",\"@id\":\"https:\\\/\\\/batijournal.com\\\/index.php\\\/batimat-2017-structuration-de-loffre-bois-francais\\\/97385\\\/#primaryimage\",\"url\":\"https:\\\/\\\/batijournal.com\\\/wp-content\\\/uploads\\\/2017\\\/11\\\/batimat-2017-la-structuration-de.jpg\",\"contentUrl\":\"https:\\\/\\\/batijournal.com\\\/wp-content\\\/uploads\\\/2017\\\/11\\\/batimat-2017-la-structuration-de.jpg\",\"width\":1280,\"height\":720},{\"@type\":\"BreadcrumbList\",\"@id\":\"https:\\\/\\\/batijournal.com\\\/index.php\\\/batimat-2017-structuration-de-loffre-bois-francais\\\/97385\\\/#breadcrumb\",\"itemListElement\":[{\"@type\":\"ListItem\",\"position\":1,\"name\":\"Accueil\",\"item\":\"https:\\\/\\\/batijournal.com\\\/\"},{\"@type\":\"ListItem\",\"position\":2,\"name\":\"Actualit\u00e9s\",\"item\":\"https:\\\/\\\/batijournal.com\\\/index.php\\\/category\\\/actualites\\\/\"},{\"@type\":\"ListItem\",\"position\":3,\"name\":\"\u00c9conomie &amp; March\u00e9s\",\"item\":\"https:\\\/\\\/batijournal.com\\\/index.php\\\/category\\\/actualites\\\/economie-marches\\\/\"},{\"@type\":\"ListItem\",\"position\":4,\"name\":\"BATIMAT 2017 &#8211; La structuration de l&rsquo;offre bois fran\u00e7ais\"}]},{\"@type\":\"WebSite\",\"@id\":\"https:\\\/\\\/batijournal.com\\\/#website\",\"url\":\"https:\\\/\\\/batijournal.com\\\/\",\"name\":\"Batijournal\",\"description\":\"L&#039;actualit\u00e9 du b\u00e2timent\",\"potentialAction\":[{\"@type\":\"SearchAction\",\"target\":{\"@type\":\"EntryPoint\",\"urlTemplate\":\"https:\\\/\\\/batijournal.com\\\/?s={search_term_string}\"},\"query-input\":{\"@type\":\"PropertyValueSpecification\",\"valueRequired\":true,\"valueName\":\"search_term_string\"}}],\"inLanguage\":\"fr-FR\"},{\"@type\":\"Person\",\"@id\":\"https:\\\/\\\/batijournal.com\\\/#\\\/schema\\\/person\\\/6a657e8967569e1b299972574848aa76\",\"name\":\"Bati-journal\",\"image\":{\"@type\":\"ImageObject\",\"inLanguage\":\"fr-FR\",\"@id\":\"https:\\\/\\\/secure.gravatar.com\\\/avatar\\\/a64364ea26392f9b4dd47e017ddaec74ff03aefc073b49e492e847201258f777?s=96&d=mm&r=g\",\"url\":\"https:\\\/\\\/secure.gravatar.com\\\/avatar\\\/a64364ea26392f9b4dd47e017ddaec74ff03aefc073b49e492e847201258f777?s=96&d=mm&r=g\",\"contentUrl\":\"https:\\\/\\\/secure.gravatar.com\\\/avatar\\\/a64364ea26392f9b4dd47e017ddaec74ff03aefc073b49e492e847201258f777?s=96&d=mm&r=g\",\"caption\":\"Bati-journal\"},\"url\":\"https:\\\/\\\/batijournal.com\\\/index.php\\\/author\\\/elodie\\\/\"}]}<\/script>\n<!-- \/ Yoast SEO plugin. -->","yoast_head_json":{"title":"BATIMAT 2017 - La structuration de l'offre bois fran\u00e7ais","robots":{"index":"index","follow":"follow","max-snippet":"max-snippet:-1","max-image-preview":"max-image-preview:large","max-video-preview":"max-video-preview:-1"},"canonical":"https:\/\/batijournal.com\/index.php\/batimat-2017-structuration-de-loffre-bois-francais\/97385\/","og_locale":"fr_FR","og_type":"article","og_title":"BATIMAT 2017 - La structuration de l'offre bois fran\u00e7ais","og_description":"Jean Piveteau, pr\u00e9sident de Piveteaubois et de la commission seconde transformation de la FNB, Marl\u00e8ne Mivielle, charg\u00e9e de mission seconde transformation et normalisation \u00e0 la FNB, Philippe Monchaux, directeur du p\u00f4le premi\u00e8re transformation et approvisionnement \u00e0 FCBA, Benjamin Mermet, prescripteur bois, Fibra et administrateur Bois des Alpes, et S\u00e9bastien L\u00e9v\u00e9nez, directeur ISB et repr\u00e9sentant Le [&hellip;]","og_url":"https:\/\/batijournal.com\/index.php\/batimat-2017-structuration-de-loffre-bois-francais\/97385\/","og_site_name":"Batijournal","article_published_time":"2017-11-08T11:42:45+00:00","article_modified_time":"2020-07-17T11:45:06+00:00","og_image":[{"width":1280,"height":720,"url":"https:\/\/batijournal.com\/wp-content\/uploads\/2017\/11\/batimat-2017-la-structuration-de.jpg","type":"image\/jpeg"}],"author":"Bati-journal","twitter_card":"summary_large_image","twitter_creator":"@bati_journal","twitter_site":"@bati_journal","twitter_misc":{"\u00c9crit par":"Bati-journal","Dur\u00e9e de lecture estim\u00e9e":"3 minutes"},"schema":{"@context":"https:\/\/schema.org","@graph":[{"@type":"Article","@id":"https:\/\/batijournal.com\/index.php\/batimat-2017-structuration-de-loffre-bois-francais\/97385\/#article","isPartOf":{"@id":"https:\/\/batijournal.com\/index.php\/batimat-2017-structuration-de-loffre-bois-francais\/97385\/"},"author":{"name":"Bati-journal","@id":"https:\/\/batijournal.com\/#\/schema\/person\/6a657e8967569e1b299972574848aa76"},"headline":"BATIMAT 2017 &#8211; La structuration de l&rsquo;offre bois fran\u00e7ais","datePublished":"2017-11-08T11:42:45+00:00","dateModified":"2020-07-17T11:45:06+00:00","mainEntityOfPage":{"@id":"https:\/\/batijournal.com\/index.php\/batimat-2017-structuration-de-loffre-bois-francais\/97385\/"},"wordCount":637,"image":{"@id":"https:\/\/batijournal.com\/index.php\/batimat-2017-structuration-de-loffre-bois-francais\/97385\/#primaryimage"},"thumbnailUrl":"https:\/\/batijournal.com\/wp-content\/uploads\/2017\/11\/batimat-2017-la-structuration-de.jpg","keywords":["batijournal TV","Batimat 2017","bois fran\u00e7ais","PiveteauBois"],"articleSection":["\u00c9conomie &amp; March\u00e9s"],"inLanguage":"fr-FR"},{"@type":"WebPage","@id":"https:\/\/batijournal.com\/index.php\/batimat-2017-structuration-de-loffre-bois-francais\/97385\/","url":"https:\/\/batijournal.com\/index.php\/batimat-2017-structuration-de-loffre-bois-francais\/97385\/","name":"BATIMAT 2017 - La structuration de l'offre bois fran\u00e7ais","isPartOf":{"@id":"https:\/\/batijournal.com\/#website"},"primaryImageOfPage":{"@id":"https:\/\/batijournal.com\/index.php\/batimat-2017-structuration-de-loffre-bois-francais\/97385\/#primaryimage"},"image":{"@id":"https:\/\/batijournal.com\/index.php\/batimat-2017-structuration-de-loffre-bois-francais\/97385\/#primaryimage"},"thumbnailUrl":"https:\/\/batijournal.com\/wp-content\/uploads\/2017\/11\/batimat-2017-la-structuration-de.jpg","datePublished":"2017-11-08T11:42:45+00:00","dateModified":"2020-07-17T11:45:06+00:00","author":{"@id":"https:\/\/batijournal.com\/#\/schema\/person\/6a657e8967569e1b299972574848aa76"},"breadcrumb":{"@id":"https:\/\/batijournal.com\/index.php\/batimat-2017-structuration-de-loffre-bois-francais\/97385\/#breadcrumb"},"inLanguage":"fr-FR","potentialAction":[{"@type":"ReadAction","target":["https:\/\/batijournal.com\/index.php\/batimat-2017-structuration-de-loffre-bois-francais\/97385\/"]}]},{"@type":"ImageObject","inLanguage":"fr-FR","@id":"https:\/\/batijournal.com\/index.php\/batimat-2017-structuration-de-loffre-bois-francais\/97385\/#primaryimage","url":"https:\/\/batijournal.com\/wp-content\/uploads\/2017\/11\/batimat-2017-la-structuration-de.jpg","contentUrl":"https:\/\/batijournal.com\/wp-content\/uploads\/2017\/11\/batimat-2017-la-structuration-de.jpg","width":1280,"height":720},{"@type":"BreadcrumbList","@id":"https:\/\/batijournal.com\/index.php\/batimat-2017-structuration-de-loffre-bois-francais\/97385\/#breadcrumb","itemListElement":[{"@type":"ListItem","position":1,"name":"Accueil","item":"https:\/\/batijournal.com\/"},{"@type":"ListItem","position":2,"name":"Actualit\u00e9s","item":"https:\/\/batijournal.com\/index.php\/category\/actualites\/"},{"@type":"ListItem","position":3,"name":"\u00c9conomie &amp; March\u00e9s","item":"https:\/\/batijournal.com\/index.php\/category\/actualites\/economie-marches\/"},{"@type":"ListItem","position":4,"name":"BATIMAT 2017 &#8211; La structuration de l&rsquo;offre bois fran\u00e7ais"}]},{"@type":"WebSite","@id":"https:\/\/batijournal.com\/#website","url":"https:\/\/batijournal.com\/","name":"Batijournal","description":"L&#039;actualit\u00e9 du b\u00e2timent","potentialAction":[{"@type":"SearchAction","target":{"@type":"EntryPoint","urlTemplate":"https:\/\/batijournal.com\/?s={search_term_string}"},"query-input":{"@type":"PropertyValueSpecification","valueRequired":true,"valueName":"search_term_string"}}],"inLanguage":"fr-FR"},{"@type":"Person","@id":"https:\/\/batijournal.com\/#\/schema\/person\/6a657e8967569e1b299972574848aa76","name":"Bati-journal","image":{"@type":"ImageObject","inLanguage":"fr-FR","@id":"https:\/\/secure.gravatar.com\/avatar\/a64364ea26392f9b4dd47e017ddaec74ff03aefc073b49e492e847201258f777?s=96&d=mm&r=g","url":"https:\/\/secure.gravatar.com\/avatar\/a64364ea26392f9b4dd47e017ddaec74ff03aefc073b49e492e847201258f777?s=96&d=mm&r=g","contentUrl":"https:\/\/secure.gravatar.com\/avatar\/a64364ea26392f9b4dd47e017ddaec74ff03aefc073b49e492e847201258f777?s=96&d=mm&r=g","caption":"Bati-journal"},"url":"https:\/\/batijournal.com\/index.php\/author\/elodie\/"}]}},"_links":{"self":[{"href":"https:\/\/batijournal.com\/index.php\/wp-json\/wp\/v2\/posts\/97385","targetHints":{"allow":["GET"]}}],"collection":[{"href":"https:\/\/batijournal.com\/index.php\/wp-json\/wp\/v2\/posts"}],"about":[{"href":"https:\/\/batijournal.com\/index.php\/wp-json\/wp\/v2\/types\/post"}],"author":[{"embeddable":true,"href":"https:\/\/batijournal.com\/index.php\/wp-json\/wp\/v2\/users\/1"}],"replies":[{"embeddable":true,"href":"https:\/\/batijournal.com\/index.php\/wp-json\/wp\/v2\/comments?post=97385"}],"version-history":[{"count":0,"href":"https:\/\/batijournal.com\/index.php\/wp-json\/wp\/v2\/posts\/97385\/revisions"}],"wp:featuredmedia":[{"embeddable":true,"href":"https:\/\/batijournal.com\/index.php\/wp-json\/wp\/v2\/media\/97386"}],"wp:attachment":[{"href":"https:\/\/batijournal.com\/index.php\/wp-json\/wp\/v2\/media?parent=97385"}],"wp:term":[{"taxonomy":"category","embeddable":true,"href":"https:\/\/batijournal.com\/index.php\/wp-json\/wp\/v2\/categories?post=97385"},{"taxonomy":"post_tag","embeddable":true,"href":"https:\/\/batijournal.com\/index.php\/wp-json\/wp\/v2\/tags?post=97385"}],"curies":[{"name":"wp","href":"https:\/\/api.w.org\/{rel}","templated":true}]}}