{"id":97396,"date":"2017-11-08T16:14:39","date_gmt":"2017-11-08T15:14:39","guid":{"rendered":"http:\/\/batijournal.com\/?p=97396"},"modified":"2019-07-15T16:58:25","modified_gmt":"2019-07-15T14:58:25","slug":"batimat-2017-interview-de-thomas-delepine-stephane-lambert-snbvi","status":"publish","type":"post","link":"https:\/\/batijournal.com\/index.php\/batimat-2017-interview-de-thomas-delepine-stephane-lambert-snbvi\/97396\/","title":{"rendered":"BATIMAT 2017 &#8211; Interview de Thomas Del\u00e9pine et de St\u00e9phane Lambert, SNBVI"},"content":{"rendered":"<p><iframe loading=\"lazy\" src=\"https:\/\/www.youtube.com\/embed\/7JrEGNzNYNg\" width=\"560\" height=\"315\" frameborder=\"0\" allowfullscreen=\"allowfullscreen\" data-mce-fragment=\"1\"><\/iframe><\/p>\n<p>Thomas Del\u00e9pine, chef de produits marketing pour Carea, et St\u00e9phane Lambert, responsable Bered Faynot Industrie SA, pr\u00e9sentent le SNBVI, Syndicat national des bardages et v\u00eatures isol\u00e9es. Le SNBVI est un groupement d&rsquo;une quinzaine d&rsquo;industriels qui repr\u00e9sentent des fabricants de parements et d&rsquo;accessoires de fixation secondaire ainsi que la profession aupr\u00e8s des institutionnels. Il s&rsquo;agit de d\u00e9fendre une fili\u00e8re qui apporte une vraie r\u00e9ponse technique. C&rsquo;est \u00e9galement la valorisation d&rsquo;une fili\u00e8re qui accompagne les architectes, les ma\u00eetres d&rsquo;ouvrage et les entreprises.<\/p>\n","protected":false},"excerpt":{"rendered":"<p>Thomas Del\u00e9pine, chef de produits marketing pour Carea, et St\u00e9phane Lambert, responsable Bered Faynot Industrie SA, pr\u00e9sentent le SNBVI, Syndicat national des bardages et v\u00eatures isol\u00e9es. Le SNBVI est un groupement d&rsquo;une quinzaine d&rsquo;industriels qui repr\u00e9sentent des fabricants de parements et d&rsquo;accessoires de fixation secondaire ainsi que la profession aupr\u00e8s des institutionnels. Il s&rsquo;agit de [&hellip;]<\/p>\n","protected":false},"author":1,"featured_media":97397,"comment_status":"closed","ping_status":"closed","sticky":false,"template":"","format":"standard","meta":{"_et_pb_use_builder":"","_et_pb_old_content":"","_et_gb_content_width":"","footnotes":""},"categories":[6340,10775],"tags":[11505,11001,12092,5583],"class_list":["post-97396","post","type-post","status-publish","format-standard","has-post-thumbnail","hentry","category-architecture-conception","category-actualites-5facades","tag-batijournal-tv","tag-batimat","tag-batimat-2017","tag-snbvi"],"yoast_head":"<!-- This site is optimized with the Yoast SEO plugin v27.4 - https:\/\/yoast.com\/product\/yoast-seo-wordpress\/ -->\n<title>BATIMAT 2017 - Interview de Thomas Del\u00e9pine et de St\u00e9phane Lambert, SNBVI<\/title>\n<meta name=\"robots\" content=\"index, follow, max-snippet:-1, max-image-preview:large, max-video-preview:-1\" \/>\n<link rel=\"canonical\" href=\"https:\/\/batijournal.com\/index.php\/batimat-2017-interview-de-thomas-delepine-stephane-lambert-snbvi\/97396\/\" \/>\n<meta property=\"og:locale\" content=\"fr_FR\" \/>\n<meta property=\"og:type\" content=\"article\" \/>\n<meta property=\"og:title\" content=\"BATIMAT 2017 - Interview de Thomas Del\u00e9pine et de St\u00e9phane Lambert, SNBVI\" \/>\n<meta property=\"og:description\" content=\"Thomas Del\u00e9pine, chef de produits marketing pour Carea, et St\u00e9phane Lambert, responsable Bered Faynot Industrie SA, pr\u00e9sentent le SNBVI, Syndicat national des bardages et v\u00eatures isol\u00e9es. Le SNBVI est un groupement d&rsquo;une quinzaine d&rsquo;industriels qui repr\u00e9sentent des fabricants de parements et d&rsquo;accessoires de fixation secondaire ainsi que la profession aupr\u00e8s des institutionnels. Il s&rsquo;agit de [&hellip;]\" \/>\n<meta property=\"og:url\" content=\"https:\/\/batijournal.com\/index.php\/batimat-2017-interview-de-thomas-delepine-stephane-lambert-snbvi\/97396\/\" \/>\n<meta property=\"og:site_name\" content=\"Batijournal\" \/>\n<meta property=\"article:published_time\" content=\"2017-11-08T15:14:39+00:00\" \/>\n<meta property=\"article:modified_time\" content=\"2019-07-15T14:58:25+00:00\" \/>\n<meta property=\"og:image\" content=\"https:\/\/batijournal.com\/wp-content\/uploads\/2017\/11\/batimat-2017.jpg\" \/>\n\t<meta property=\"og:image:width\" content=\"1280\" \/>\n\t<meta property=\"og:image:height\" content=\"720\" \/>\n\t<meta property=\"og:image:type\" content=\"image\/jpeg\" \/>\n<meta name=\"author\" content=\"Bati-journal\" \/>\n<meta name=\"twitter:card\" content=\"summary_large_image\" \/>\n<meta name=\"twitter:creator\" content=\"@bati_journal\" \/>\n<meta name=\"twitter:site\" content=\"@bati_journal\" \/>\n<meta name=\"twitter:label1\" content=\"\u00c9crit par\" \/>\n\t<meta name=\"twitter:data1\" content=\"Bati-journal\" \/>\n<script type=\"application\/ld+json\" class=\"yoast-schema-graph\">{\"@context\":\"https:\\\/\\\/schema.org\",\"@graph\":[{\"@type\":\"Article\",\"@id\":\"https:\\\/\\\/batijournal.com\\\/index.php\\\/batimat-2017-interview-de-thomas-delepine-stephane-lambert-snbvi\\\/97396\\\/#article\",\"isPartOf\":{\"@id\":\"https:\\\/\\\/batijournal.com\\\/index.php\\\/batimat-2017-interview-de-thomas-delepine-stephane-lambert-snbvi\\\/97396\\\/\"},\"author\":{\"name\":\"Bati-journal\",\"@id\":\"https:\\\/\\\/batijournal.com\\\/#\\\/schema\\\/person\\\/6a657e8967569e1b299972574848aa76\"},\"headline\":\"BATIMAT 2017 &#8211; Interview de Thomas Del\u00e9pine et de St\u00e9phane Lambert, SNBVI\",\"datePublished\":\"2017-11-08T15:14:39+00:00\",\"dateModified\":\"2019-07-15T14:58:25+00:00\",\"mainEntityOfPage\":{\"@id\":\"https:\\\/\\\/batijournal.com\\\/index.php\\\/batimat-2017-interview-de-thomas-delepine-stephane-lambert-snbvi\\\/97396\\\/\"},\"wordCount\":112,\"image\":{\"@id\":\"https:\\\/\\\/batijournal.com\\\/index.php\\\/batimat-2017-interview-de-thomas-delepine-stephane-lambert-snbvi\\\/97396\\\/#primaryimage\"},\"thumbnailUrl\":\"https:\\\/\\\/batijournal.com\\\/wp-content\\\/uploads\\\/2017\\\/11\\\/batimat-2017.jpg\",\"keywords\":[\"batijournal TV\",\"batimat\",\"Batimat 2017\",\"SNBVI\"],\"articleSection\":[\"Architecture &amp; Conception\",\"zz_Actualit\u00e9s - 5fa\u00e7ades\"],\"inLanguage\":\"fr-FR\"},{\"@type\":\"WebPage\",\"@id\":\"https:\\\/\\\/batijournal.com\\\/index.php\\\/batimat-2017-interview-de-thomas-delepine-stephane-lambert-snbvi\\\/97396\\\/\",\"url\":\"https:\\\/\\\/batijournal.com\\\/index.php\\\/batimat-2017-interview-de-thomas-delepine-stephane-lambert-snbvi\\\/97396\\\/\",\"name\":\"BATIMAT 2017 - Interview de Thomas Del\u00e9pine et de St\u00e9phane Lambert, SNBVI\",\"isPartOf\":{\"@id\":\"https:\\\/\\\/batijournal.com\\\/#website\"},\"primaryImageOfPage\":{\"@id\":\"https:\\\/\\\/batijournal.com\\\/index.php\\\/batimat-2017-interview-de-thomas-delepine-stephane-lambert-snbvi\\\/97396\\\/#primaryimage\"},\"image\":{\"@id\":\"https:\\\/\\\/batijournal.com\\\/index.php\\\/batimat-2017-interview-de-thomas-delepine-stephane-lambert-snbvi\\\/97396\\\/#primaryimage\"},\"thumbnailUrl\":\"https:\\\/\\\/batijournal.com\\\/wp-content\\\/uploads\\\/2017\\\/11\\\/batimat-2017.jpg\",\"datePublished\":\"2017-11-08T15:14:39+00:00\",\"dateModified\":\"2019-07-15T14:58:25+00:00\",\"author\":{\"@id\":\"https:\\\/\\\/batijournal.com\\\/#\\\/schema\\\/person\\\/6a657e8967569e1b299972574848aa76\"},\"breadcrumb\":{\"@id\":\"https:\\\/\\\/batijournal.com\\\/index.php\\\/batimat-2017-interview-de-thomas-delepine-stephane-lambert-snbvi\\\/97396\\\/#breadcrumb\"},\"inLanguage\":\"fr-FR\",\"potentialAction\":[{\"@type\":\"ReadAction\",\"target\":[\"https:\\\/\\\/batijournal.com\\\/index.php\\\/batimat-2017-interview-de-thomas-delepine-stephane-lambert-snbvi\\\/97396\\\/\"]}]},{\"@type\":\"ImageObject\",\"inLanguage\":\"fr-FR\",\"@id\":\"https:\\\/\\\/batijournal.com\\\/index.php\\\/batimat-2017-interview-de-thomas-delepine-stephane-lambert-snbvi\\\/97396\\\/#primaryimage\",\"url\":\"https:\\\/\\\/batijournal.com\\\/wp-content\\\/uploads\\\/2017\\\/11\\\/batimat-2017.jpg\",\"contentUrl\":\"https:\\\/\\\/batijournal.com\\\/wp-content\\\/uploads\\\/2017\\\/11\\\/batimat-2017.jpg\",\"width\":1280,\"height\":720},{\"@type\":\"BreadcrumbList\",\"@id\":\"https:\\\/\\\/batijournal.com\\\/index.php\\\/batimat-2017-interview-de-thomas-delepine-stephane-lambert-snbvi\\\/97396\\\/#breadcrumb\",\"itemListElement\":[{\"@type\":\"ListItem\",\"position\":1,\"name\":\"Accueil\",\"item\":\"https:\\\/\\\/batijournal.com\\\/\"},{\"@type\":\"ListItem\",\"position\":2,\"name\":\"Actualit\u00e9s\",\"item\":\"https:\\\/\\\/batijournal.com\\\/index.php\\\/category\\\/actualites\\\/\"},{\"@type\":\"ListItem\",\"position\":3,\"name\":\"Architecture &amp; Conception\",\"item\":\"https:\\\/\\\/batijournal.com\\\/index.php\\\/category\\\/actualites\\\/architecture-conception\\\/\"},{\"@type\":\"ListItem\",\"position\":4,\"name\":\"BATIMAT 2017 &#8211; Interview de Thomas Del\u00e9pine et de St\u00e9phane Lambert, SNBVI\"}]},{\"@type\":\"WebSite\",\"@id\":\"https:\\\/\\\/batijournal.com\\\/#website\",\"url\":\"https:\\\/\\\/batijournal.com\\\/\",\"name\":\"Batijournal\",\"description\":\"L&#039;actualit\u00e9 du b\u00e2timent\",\"potentialAction\":[{\"@type\":\"SearchAction\",\"target\":{\"@type\":\"EntryPoint\",\"urlTemplate\":\"https:\\\/\\\/batijournal.com\\\/?s={search_term_string}\"},\"query-input\":{\"@type\":\"PropertyValueSpecification\",\"valueRequired\":true,\"valueName\":\"search_term_string\"}}],\"inLanguage\":\"fr-FR\"},{\"@type\":\"Person\",\"@id\":\"https:\\\/\\\/batijournal.com\\\/#\\\/schema\\\/person\\\/6a657e8967569e1b299972574848aa76\",\"name\":\"Bati-journal\",\"image\":{\"@type\":\"ImageObject\",\"inLanguage\":\"fr-FR\",\"@id\":\"https:\\\/\\\/secure.gravatar.com\\\/avatar\\\/a64364ea26392f9b4dd47e017ddaec74ff03aefc073b49e492e847201258f777?s=96&d=mm&r=g\",\"url\":\"https:\\\/\\\/secure.gravatar.com\\\/avatar\\\/a64364ea26392f9b4dd47e017ddaec74ff03aefc073b49e492e847201258f777?s=96&d=mm&r=g\",\"contentUrl\":\"https:\\\/\\\/secure.gravatar.com\\\/avatar\\\/a64364ea26392f9b4dd47e017ddaec74ff03aefc073b49e492e847201258f777?s=96&d=mm&r=g\",\"caption\":\"Bati-journal\"},\"url\":\"https:\\\/\\\/batijournal.com\\\/index.php\\\/author\\\/elodie\\\/\"}]}<\/script>\n<!-- \/ Yoast SEO plugin. -->","yoast_head_json":{"title":"BATIMAT 2017 - Interview de Thomas Del\u00e9pine et de St\u00e9phane Lambert, SNBVI","robots":{"index":"index","follow":"follow","max-snippet":"max-snippet:-1","max-image-preview":"max-image-preview:large","max-video-preview":"max-video-preview:-1"},"canonical":"https:\/\/batijournal.com\/index.php\/batimat-2017-interview-de-thomas-delepine-stephane-lambert-snbvi\/97396\/","og_locale":"fr_FR","og_type":"article","og_title":"BATIMAT 2017 - Interview de Thomas Del\u00e9pine et de St\u00e9phane Lambert, SNBVI","og_description":"Thomas Del\u00e9pine, chef de produits marketing pour Carea, et St\u00e9phane Lambert, responsable Bered Faynot Industrie SA, pr\u00e9sentent le SNBVI, Syndicat national des bardages et v\u00eatures isol\u00e9es. Le SNBVI est un groupement d&rsquo;une quinzaine d&rsquo;industriels qui repr\u00e9sentent des fabricants de parements et d&rsquo;accessoires de fixation secondaire ainsi que la profession aupr\u00e8s des institutionnels. Il s&rsquo;agit de [&hellip;]","og_url":"https:\/\/batijournal.com\/index.php\/batimat-2017-interview-de-thomas-delepine-stephane-lambert-snbvi\/97396\/","og_site_name":"Batijournal","article_published_time":"2017-11-08T15:14:39+00:00","article_modified_time":"2019-07-15T14:58:25+00:00","og_image":[{"width":1280,"height":720,"url":"https:\/\/batijournal.com\/wp-content\/uploads\/2017\/11\/batimat-2017.jpg","type":"image\/jpeg"}],"author":"Bati-journal","twitter_card":"summary_large_image","twitter_creator":"@bati_journal","twitter_site":"@bati_journal","twitter_misc":{"\u00c9crit par":"Bati-journal"},"schema":{"@context":"https:\/\/schema.org","@graph":[{"@type":"Article","@id":"https:\/\/batijournal.com\/index.php\/batimat-2017-interview-de-thomas-delepine-stephane-lambert-snbvi\/97396\/#article","isPartOf":{"@id":"https:\/\/batijournal.com\/index.php\/batimat-2017-interview-de-thomas-delepine-stephane-lambert-snbvi\/97396\/"},"author":{"name":"Bati-journal","@id":"https:\/\/batijournal.com\/#\/schema\/person\/6a657e8967569e1b299972574848aa76"},"headline":"BATIMAT 2017 &#8211; Interview de Thomas Del\u00e9pine et de St\u00e9phane Lambert, SNBVI","datePublished":"2017-11-08T15:14:39+00:00","dateModified":"2019-07-15T14:58:25+00:00","mainEntityOfPage":{"@id":"https:\/\/batijournal.com\/index.php\/batimat-2017-interview-de-thomas-delepine-stephane-lambert-snbvi\/97396\/"},"wordCount":112,"image":{"@id":"https:\/\/batijournal.com\/index.php\/batimat-2017-interview-de-thomas-delepine-stephane-lambert-snbvi\/97396\/#primaryimage"},"thumbnailUrl":"https:\/\/batijournal.com\/wp-content\/uploads\/2017\/11\/batimat-2017.jpg","keywords":["batijournal TV","batimat","Batimat 2017","SNBVI"],"articleSection":["Architecture &amp; Conception","zz_Actualit\u00e9s - 5fa\u00e7ades"],"inLanguage":"fr-FR"},{"@type":"WebPage","@id":"https:\/\/batijournal.com\/index.php\/batimat-2017-interview-de-thomas-delepine-stephane-lambert-snbvi\/97396\/","url":"https:\/\/batijournal.com\/index.php\/batimat-2017-interview-de-thomas-delepine-stephane-lambert-snbvi\/97396\/","name":"BATIMAT 2017 - Interview de Thomas Del\u00e9pine et de St\u00e9phane Lambert, SNBVI","isPartOf":{"@id":"https:\/\/batijournal.com\/#website"},"primaryImageOfPage":{"@id":"https:\/\/batijournal.com\/index.php\/batimat-2017-interview-de-thomas-delepine-stephane-lambert-snbvi\/97396\/#primaryimage"},"image":{"@id":"https:\/\/batijournal.com\/index.php\/batimat-2017-interview-de-thomas-delepine-stephane-lambert-snbvi\/97396\/#primaryimage"},"thumbnailUrl":"https:\/\/batijournal.com\/wp-content\/uploads\/2017\/11\/batimat-2017.jpg","datePublished":"2017-11-08T15:14:39+00:00","dateModified":"2019-07-15T14:58:25+00:00","author":{"@id":"https:\/\/batijournal.com\/#\/schema\/person\/6a657e8967569e1b299972574848aa76"},"breadcrumb":{"@id":"https:\/\/batijournal.com\/index.php\/batimat-2017-interview-de-thomas-delepine-stephane-lambert-snbvi\/97396\/#breadcrumb"},"inLanguage":"fr-FR","potentialAction":[{"@type":"ReadAction","target":["https:\/\/batijournal.com\/index.php\/batimat-2017-interview-de-thomas-delepine-stephane-lambert-snbvi\/97396\/"]}]},{"@type":"ImageObject","inLanguage":"fr-FR","@id":"https:\/\/batijournal.com\/index.php\/batimat-2017-interview-de-thomas-delepine-stephane-lambert-snbvi\/97396\/#primaryimage","url":"https:\/\/batijournal.com\/wp-content\/uploads\/2017\/11\/batimat-2017.jpg","contentUrl":"https:\/\/batijournal.com\/wp-content\/uploads\/2017\/11\/batimat-2017.jpg","width":1280,"height":720},{"@type":"BreadcrumbList","@id":"https:\/\/batijournal.com\/index.php\/batimat-2017-interview-de-thomas-delepine-stephane-lambert-snbvi\/97396\/#breadcrumb","itemListElement":[{"@type":"ListItem","position":1,"name":"Accueil","item":"https:\/\/batijournal.com\/"},{"@type":"ListItem","position":2,"name":"Actualit\u00e9s","item":"https:\/\/batijournal.com\/index.php\/category\/actualites\/"},{"@type":"ListItem","position":3,"name":"Architecture &amp; Conception","item":"https:\/\/batijournal.com\/index.php\/category\/actualites\/architecture-conception\/"},{"@type":"ListItem","position":4,"name":"BATIMAT 2017 &#8211; Interview de Thomas Del\u00e9pine et de St\u00e9phane Lambert, SNBVI"}]},{"@type":"WebSite","@id":"https:\/\/batijournal.com\/#website","url":"https:\/\/batijournal.com\/","name":"Batijournal","description":"L&#039;actualit\u00e9 du b\u00e2timent","potentialAction":[{"@type":"SearchAction","target":{"@type":"EntryPoint","urlTemplate":"https:\/\/batijournal.com\/?s={search_term_string}"},"query-input":{"@type":"PropertyValueSpecification","valueRequired":true,"valueName":"search_term_string"}}],"inLanguage":"fr-FR"},{"@type":"Person","@id":"https:\/\/batijournal.com\/#\/schema\/person\/6a657e8967569e1b299972574848aa76","name":"Bati-journal","image":{"@type":"ImageObject","inLanguage":"fr-FR","@id":"https:\/\/secure.gravatar.com\/avatar\/a64364ea26392f9b4dd47e017ddaec74ff03aefc073b49e492e847201258f777?s=96&d=mm&r=g","url":"https:\/\/secure.gravatar.com\/avatar\/a64364ea26392f9b4dd47e017ddaec74ff03aefc073b49e492e847201258f777?s=96&d=mm&r=g","contentUrl":"https:\/\/secure.gravatar.com\/avatar\/a64364ea26392f9b4dd47e017ddaec74ff03aefc073b49e492e847201258f777?s=96&d=mm&r=g","caption":"Bati-journal"},"url":"https:\/\/batijournal.com\/index.php\/author\/elodie\/"}]}},"_links":{"self":[{"href":"https:\/\/batijournal.com\/index.php\/wp-json\/wp\/v2\/posts\/97396","targetHints":{"allow":["GET"]}}],"collection":[{"href":"https:\/\/batijournal.com\/index.php\/wp-json\/wp\/v2\/posts"}],"about":[{"href":"https:\/\/batijournal.com\/index.php\/wp-json\/wp\/v2\/types\/post"}],"author":[{"embeddable":true,"href":"https:\/\/batijournal.com\/index.php\/wp-json\/wp\/v2\/users\/1"}],"replies":[{"embeddable":true,"href":"https:\/\/batijournal.com\/index.php\/wp-json\/wp\/v2\/comments?post=97396"}],"version-history":[{"count":0,"href":"https:\/\/batijournal.com\/index.php\/wp-json\/wp\/v2\/posts\/97396\/revisions"}],"wp:featuredmedia":[{"embeddable":true,"href":"https:\/\/batijournal.com\/index.php\/wp-json\/wp\/v2\/media\/97397"}],"wp:attachment":[{"href":"https:\/\/batijournal.com\/index.php\/wp-json\/wp\/v2\/media?parent=97396"}],"wp:term":[{"taxonomy":"category","embeddable":true,"href":"https:\/\/batijournal.com\/index.php\/wp-json\/wp\/v2\/categories?post=97396"},{"taxonomy":"post_tag","embeddable":true,"href":"https:\/\/batijournal.com\/index.php\/wp-json\/wp\/v2\/tags?post=97396"}],"curies":[{"name":"wp","href":"https:\/\/api.w.org\/{rel}","templated":true}]}}