{"id":97480,"date":"2017-11-13T10:09:36","date_gmt":"2017-11-13T09:09:36","guid":{"rendered":"http:\/\/batijournal.com\/?p=97480"},"modified":"2019-07-15T11:27:06","modified_gmt":"2019-07-15T09:27:06","slug":"complexe-aquatique-baigne-couleurs","status":"publish","type":"post","link":"https:\/\/batijournal.com\/index.php\/complexe-aquatique-baigne-couleurs\/97480\/","title":{"rendered":"Un complexe aquatique qui baigne dans les couleurs"},"content":{"rendered":"<p>La piscine Ren\u00e9-Guibert \u00e0 Pertuis (84) ne r\u00e9pondait plus ni aux normes ni aux besoins d\u2019une population en attente d\u2019un \u00e9quipement aux loisirs diversifi\u00e9s, ouvert toute l\u2019ann\u00e9e. Dans le cadre d\u2019un programme de r\u00e9novation des piscines communales d\u2019int\u00e9r\u00eat communautaire lanc\u00e9 d\u00e8s 2004 par la Communaut\u00e9 du Pays d\u2019Aix (CPA). La ville de Pertuis a engag\u00e9 un chantier de grande ampleur d\u2019une dur\u00e9e de pr\u00e8s de 24 mois dont le co\u00fbt est estim\u00e9 \u00e0 14 M\u20ac et pour lequel Demathieu Bard Construction s\u2019est vu confier le macro lot comprenant le clos couvert, les bassins et leurs am\u00e9nagements, soit environ 66% du montant total des travaux. Le projet, port\u00e9 par Z Architecture, articule plusieurs espaces aquatiques autour du b\u00e2timent principal de 80 m de longueur sur 25 m de largeur. L\u2019architecture est caract\u00e9ris\u00e9e par les poteaux en bois positionn\u00e9s en V devant une fa\u00e7ade multicolore. Alors que la fa\u00e7ade Nord est en b\u00e9ton, les 900 m\u00b2 de fa\u00e7ades Sud et Est sont constitu\u00e9es de panneaux de verre de 2 m x 1 m color\u00e9s en 5 teintes diff\u00e9rentes dans des tons jaunes et ocres. Les 380 panneaux de verres sont fix\u00e9s sur une structure porteuse en aluminium situ\u00e9e derri\u00e8re les poteaux de bois en V destin\u00e9s \u00e0 reprendre la charge de la toiture en d\u00e9bord. Les plaques de verre dont le poids unitaire est de 100 kg, ont \u00e9t\u00e9 pos\u00e9es \u00e0 la main avec une phase d\u00e9licate \u00e0 l\u2019endroit des poteaux o\u00f9 l\u2019espace disponible n\u2019est que de 25 cm pour glisser et poser les vitrages. Un faux plafond constitu\u00e9 d\u2019un ensemble de pyramides en lattes de bois contribue \u00e0 la qualit\u00e9 de l\u2019ambiance du lieu.<\/p>\n<p><img loading=\"lazy\" decoding=\"async\" class=\"aligncenter size-large wp-image-97481\" src=\"https:\/\/batijournal.com\/wp-content\/uploads\/2017\/11\/piscine-pertuis-2-1024x561.jpg\" alt=\"\" width=\"960\" height=\"526\" srcset=\"https:\/\/batijournal.com\/wp-content\/uploads\/2017\/11\/piscine-pertuis-2-1024x561.jpg 1024w, https:\/\/batijournal.com\/wp-content\/uploads\/2017\/11\/piscine-pertuis-2-150x82.jpg 150w, https:\/\/batijournal.com\/wp-content\/uploads\/2017\/11\/piscine-pertuis-2-300x165.jpg 300w, https:\/\/batijournal.com\/wp-content\/uploads\/2017\/11\/piscine-pertuis-2-768x421.jpg 768w, https:\/\/batijournal.com\/wp-content\/uploads\/2017\/11\/piscine-pertuis-2-600x329.jpg 600w, https:\/\/batijournal.com\/wp-content\/uploads\/2017\/11\/piscine-pertuis-2.jpg 1200w\" sizes=\"(max-width: 960px) 100vw, 960px\" \/><\/p>\n<p>Ma\u00eetre d&rsquo;\u0153uvre : M\u00e9tropole Aix Marseille \/ Pertuis<br \/>\nArchitecte mandataire : Z ARCHITECTURE<br \/>\nArchitecte d\u2019ex\u00e9cution : CARTA ASSOCIES<br \/>\nBET : GIRUS<br \/>\nConstruction : Demathieu Bard, macro lot 01 comprenant le Clos couvert, les bassins et leurs am\u00e9nagements<\/p>\n<div class=\"page\" title=\"Page 1\">\n<div class=\"section\">\n<div class=\"layoutArea\">\n<div class=\"column\">\n<p>Photos : @ZArchitecture<\/p>\n<p>&nbsp;<\/p>\n<\/div>\n<\/div>\n<\/div>\n<\/div>\n","protected":false},"excerpt":{"rendered":"<p>La piscine Ren\u00e9-Guibert \u00e0 Pertuis (84) ne r\u00e9pondait plus ni aux normes ni aux besoins d\u2019une population en attente d\u2019un \u00e9quipement aux loisirs diversifi\u00e9s, ouvert toute l\u2019ann\u00e9e. Dans le cadre d\u2019un programme de r\u00e9novation des piscines communales d\u2019int\u00e9r\u00eat communautaire lanc\u00e9 d\u00e8s 2004 par la Communaut\u00e9 du Pays d\u2019Aix (CPA). La ville de Pertuis a engag\u00e9 [&hellip;]<\/p>\n","protected":false},"author":17,"featured_media":97482,"comment_status":"closed","ping_status":"closed","sticky":false,"template":"","format":"standard","meta":{"_et_pb_use_builder":"","_et_pb_old_content":"","_et_gb_content_width":"","footnotes":""},"categories":[10530,6340,10771,10775],"tags":[126],"class_list":["post-97480","post","type-post","status-publish","format-standard","has-post-thumbnail","hentry","category-actualites","category-architecture-conception","category-5facades","category-actualites-5facades","tag-facade"],"yoast_head":"<!-- This site is optimized with the Yoast SEO plugin v27.4 - https:\/\/yoast.com\/product\/yoast-seo-wordpress\/ -->\n<title>Un complexe aquatique qui baigne dans les couleurs<\/title>\n<meta name=\"robots\" content=\"index, follow, max-snippet:-1, max-image-preview:large, max-video-preview:-1\" \/>\n<link rel=\"canonical\" href=\"https:\/\/batijournal.com\/index.php\/complexe-aquatique-baigne-couleurs\/97480\/\" \/>\n<meta property=\"og:locale\" content=\"fr_FR\" \/>\n<meta property=\"og:type\" content=\"article\" \/>\n<meta property=\"og:title\" content=\"Un complexe aquatique qui baigne dans les couleurs\" \/>\n<meta property=\"og:description\" content=\"La piscine Ren\u00e9-Guibert \u00e0 Pertuis (84) ne r\u00e9pondait plus ni aux normes ni aux besoins d\u2019une population en attente d\u2019un \u00e9quipement aux loisirs diversifi\u00e9s, ouvert toute l\u2019ann\u00e9e. Dans le cadre d\u2019un programme de r\u00e9novation des piscines communales d\u2019int\u00e9r\u00eat communautaire lanc\u00e9 d\u00e8s 2004 par la Communaut\u00e9 du Pays d\u2019Aix (CPA). La ville de Pertuis a engag\u00e9 [&hellip;]\" \/>\n<meta property=\"og:url\" content=\"https:\/\/batijournal.com\/index.php\/complexe-aquatique-baigne-couleurs\/97480\/\" \/>\n<meta property=\"og:site_name\" content=\"Batijournal\" \/>\n<meta property=\"article:published_time\" content=\"2017-11-13T09:09:36+00:00\" \/>\n<meta property=\"article:modified_time\" content=\"2019-07-15T09:27:06+00:00\" \/>\n<meta property=\"og:image\" content=\"https:\/\/batijournal.com\/wp-content\/uploads\/2017\/11\/piscine-pertuis.jpg\" \/>\n\t<meta property=\"og:image:width\" content=\"1200\" \/>\n\t<meta property=\"og:image:height\" content=\"676\" \/>\n\t<meta property=\"og:image:type\" content=\"image\/jpeg\" \/>\n<meta name=\"author\" content=\"St\u00e9phane Miget\" \/>\n<meta name=\"twitter:card\" content=\"summary_large_image\" \/>\n<meta name=\"twitter:creator\" content=\"@bati_journal\" \/>\n<meta name=\"twitter:site\" content=\"@bati_journal\" \/>\n<meta name=\"twitter:label1\" content=\"\u00c9crit par\" \/>\n\t<meta name=\"twitter:data1\" content=\"St\u00e9phane Miget\" \/>\n\t<meta name=\"twitter:label2\" content=\"Dur\u00e9e de lecture estim\u00e9e\" \/>\n\t<meta name=\"twitter:data2\" content=\"2 minutes\" \/>\n<script type=\"application\/ld+json\" class=\"yoast-schema-graph\">{\"@context\":\"https:\\\/\\\/schema.org\",\"@graph\":[{\"@type\":\"Article\",\"@id\":\"https:\\\/\\\/batijournal.com\\\/index.php\\\/complexe-aquatique-baigne-couleurs\\\/97480\\\/#article\",\"isPartOf\":{\"@id\":\"https:\\\/\\\/batijournal.com\\\/index.php\\\/complexe-aquatique-baigne-couleurs\\\/97480\\\/\"},\"author\":{\"name\":\"St\u00e9phane Miget\",\"@id\":\"https:\\\/\\\/batijournal.com\\\/#\\\/schema\\\/person\\\/1dc96ec6957aa1ccb25ebe78bb19f100\"},\"headline\":\"Un complexe aquatique qui baigne dans les couleurs\",\"datePublished\":\"2017-11-13T09:09:36+00:00\",\"dateModified\":\"2019-07-15T09:27:06+00:00\",\"mainEntityOfPage\":{\"@id\":\"https:\\\/\\\/batijournal.com\\\/index.php\\\/complexe-aquatique-baigne-couleurs\\\/97480\\\/\"},\"wordCount\":344,\"image\":{\"@id\":\"https:\\\/\\\/batijournal.com\\\/index.php\\\/complexe-aquatique-baigne-couleurs\\\/97480\\\/#primaryimage\"},\"thumbnailUrl\":\"https:\\\/\\\/batijournal.com\\\/wp-content\\\/uploads\\\/2017\\\/11\\\/piscine-pertuis.jpg\",\"keywords\":[\"fa\u00e7ade\"],\"articleSection\":[\"Actualit\u00e9s\",\"Architecture &amp; Conception\",\"zz_5fa\u00e7ades\",\"zz_Actualit\u00e9s - 5fa\u00e7ades\"],\"inLanguage\":\"fr-FR\"},{\"@type\":\"WebPage\",\"@id\":\"https:\\\/\\\/batijournal.com\\\/index.php\\\/complexe-aquatique-baigne-couleurs\\\/97480\\\/\",\"url\":\"https:\\\/\\\/batijournal.com\\\/index.php\\\/complexe-aquatique-baigne-couleurs\\\/97480\\\/\",\"name\":\"Un complexe aquatique qui baigne dans les couleurs\",\"isPartOf\":{\"@id\":\"https:\\\/\\\/batijournal.com\\\/#website\"},\"primaryImageOfPage\":{\"@id\":\"https:\\\/\\\/batijournal.com\\\/index.php\\\/complexe-aquatique-baigne-couleurs\\\/97480\\\/#primaryimage\"},\"image\":{\"@id\":\"https:\\\/\\\/batijournal.com\\\/index.php\\\/complexe-aquatique-baigne-couleurs\\\/97480\\\/#primaryimage\"},\"thumbnailUrl\":\"https:\\\/\\\/batijournal.com\\\/wp-content\\\/uploads\\\/2017\\\/11\\\/piscine-pertuis.jpg\",\"datePublished\":\"2017-11-13T09:09:36+00:00\",\"dateModified\":\"2019-07-15T09:27:06+00:00\",\"author\":{\"@id\":\"https:\\\/\\\/batijournal.com\\\/#\\\/schema\\\/person\\\/1dc96ec6957aa1ccb25ebe78bb19f100\"},\"breadcrumb\":{\"@id\":\"https:\\\/\\\/batijournal.com\\\/index.php\\\/complexe-aquatique-baigne-couleurs\\\/97480\\\/#breadcrumb\"},\"inLanguage\":\"fr-FR\",\"potentialAction\":[{\"@type\":\"ReadAction\",\"target\":[\"https:\\\/\\\/batijournal.com\\\/index.php\\\/complexe-aquatique-baigne-couleurs\\\/97480\\\/\"]}]},{\"@type\":\"ImageObject\",\"inLanguage\":\"fr-FR\",\"@id\":\"https:\\\/\\\/batijournal.com\\\/index.php\\\/complexe-aquatique-baigne-couleurs\\\/97480\\\/#primaryimage\",\"url\":\"https:\\\/\\\/batijournal.com\\\/wp-content\\\/uploads\\\/2017\\\/11\\\/piscine-pertuis.jpg\",\"contentUrl\":\"https:\\\/\\\/batijournal.com\\\/wp-content\\\/uploads\\\/2017\\\/11\\\/piscine-pertuis.jpg\",\"width\":1200,\"height\":676},{\"@type\":\"BreadcrumbList\",\"@id\":\"https:\\\/\\\/batijournal.com\\\/index.php\\\/complexe-aquatique-baigne-couleurs\\\/97480\\\/#breadcrumb\",\"itemListElement\":[{\"@type\":\"ListItem\",\"position\":1,\"name\":\"Accueil\",\"item\":\"https:\\\/\\\/batijournal.com\\\/\"},{\"@type\":\"ListItem\",\"position\":2,\"name\":\"Actualit\u00e9s\",\"item\":\"https:\\\/\\\/batijournal.com\\\/index.php\\\/category\\\/actualites\\\/\"},{\"@type\":\"ListItem\",\"position\":3,\"name\":\"Un complexe aquatique qui baigne dans les couleurs\"}]},{\"@type\":\"WebSite\",\"@id\":\"https:\\\/\\\/batijournal.com\\\/#website\",\"url\":\"https:\\\/\\\/batijournal.com\\\/\",\"name\":\"Batijournal\",\"description\":\"L&#039;actualit\u00e9 du b\u00e2timent\",\"potentialAction\":[{\"@type\":\"SearchAction\",\"target\":{\"@type\":\"EntryPoint\",\"urlTemplate\":\"https:\\\/\\\/batijournal.com\\\/?s={search_term_string}\"},\"query-input\":{\"@type\":\"PropertyValueSpecification\",\"valueRequired\":true,\"valueName\":\"search_term_string\"}}],\"inLanguage\":\"fr-FR\"},{\"@type\":\"Person\",\"@id\":\"https:\\\/\\\/batijournal.com\\\/#\\\/schema\\\/person\\\/1dc96ec6957aa1ccb25ebe78bb19f100\",\"name\":\"St\u00e9phane Miget\",\"image\":{\"@type\":\"ImageObject\",\"inLanguage\":\"fr-FR\",\"@id\":\"https:\\\/\\\/secure.gravatar.com\\\/avatar\\\/89915563d925342126b8ef0281b93d9d7fc337043e8df017f780908eb9644451?s=96&d=mm&r=g\",\"url\":\"https:\\\/\\\/secure.gravatar.com\\\/avatar\\\/89915563d925342126b8ef0281b93d9d7fc337043e8df017f780908eb9644451?s=96&d=mm&r=g\",\"contentUrl\":\"https:\\\/\\\/secure.gravatar.com\\\/avatar\\\/89915563d925342126b8ef0281b93d9d7fc337043e8df017f780908eb9644451?s=96&d=mm&r=g\",\"caption\":\"St\u00e9phane Miget\"},\"url\":\"https:\\\/\\\/batijournal.com\\\/index.php\\\/author\\\/stephane\\\/\"}]}<\/script>\n<!-- \/ Yoast SEO plugin. -->","yoast_head_json":{"title":"Un complexe aquatique qui baigne dans les couleurs","robots":{"index":"index","follow":"follow","max-snippet":"max-snippet:-1","max-image-preview":"max-image-preview:large","max-video-preview":"max-video-preview:-1"},"canonical":"https:\/\/batijournal.com\/index.php\/complexe-aquatique-baigne-couleurs\/97480\/","og_locale":"fr_FR","og_type":"article","og_title":"Un complexe aquatique qui baigne dans les couleurs","og_description":"La piscine Ren\u00e9-Guibert \u00e0 Pertuis (84) ne r\u00e9pondait plus ni aux normes ni aux besoins d\u2019une population en attente d\u2019un \u00e9quipement aux loisirs diversifi\u00e9s, ouvert toute l\u2019ann\u00e9e. Dans le cadre d\u2019un programme de r\u00e9novation des piscines communales d\u2019int\u00e9r\u00eat communautaire lanc\u00e9 d\u00e8s 2004 par la Communaut\u00e9 du Pays d\u2019Aix (CPA). La ville de Pertuis a engag\u00e9 [&hellip;]","og_url":"https:\/\/batijournal.com\/index.php\/complexe-aquatique-baigne-couleurs\/97480\/","og_site_name":"Batijournal","article_published_time":"2017-11-13T09:09:36+00:00","article_modified_time":"2019-07-15T09:27:06+00:00","og_image":[{"width":1200,"height":676,"url":"https:\/\/batijournal.com\/wp-content\/uploads\/2017\/11\/piscine-pertuis.jpg","type":"image\/jpeg"}],"author":"St\u00e9phane Miget","twitter_card":"summary_large_image","twitter_creator":"@bati_journal","twitter_site":"@bati_journal","twitter_misc":{"\u00c9crit par":"St\u00e9phane Miget","Dur\u00e9e de lecture estim\u00e9e":"2 minutes"},"schema":{"@context":"https:\/\/schema.org","@graph":[{"@type":"Article","@id":"https:\/\/batijournal.com\/index.php\/complexe-aquatique-baigne-couleurs\/97480\/#article","isPartOf":{"@id":"https:\/\/batijournal.com\/index.php\/complexe-aquatique-baigne-couleurs\/97480\/"},"author":{"name":"St\u00e9phane Miget","@id":"https:\/\/batijournal.com\/#\/schema\/person\/1dc96ec6957aa1ccb25ebe78bb19f100"},"headline":"Un complexe aquatique qui baigne dans les couleurs","datePublished":"2017-11-13T09:09:36+00:00","dateModified":"2019-07-15T09:27:06+00:00","mainEntityOfPage":{"@id":"https:\/\/batijournal.com\/index.php\/complexe-aquatique-baigne-couleurs\/97480\/"},"wordCount":344,"image":{"@id":"https:\/\/batijournal.com\/index.php\/complexe-aquatique-baigne-couleurs\/97480\/#primaryimage"},"thumbnailUrl":"https:\/\/batijournal.com\/wp-content\/uploads\/2017\/11\/piscine-pertuis.jpg","keywords":["fa\u00e7ade"],"articleSection":["Actualit\u00e9s","Architecture &amp; Conception","zz_5fa\u00e7ades","zz_Actualit\u00e9s - 5fa\u00e7ades"],"inLanguage":"fr-FR"},{"@type":"WebPage","@id":"https:\/\/batijournal.com\/index.php\/complexe-aquatique-baigne-couleurs\/97480\/","url":"https:\/\/batijournal.com\/index.php\/complexe-aquatique-baigne-couleurs\/97480\/","name":"Un complexe aquatique qui baigne dans les couleurs","isPartOf":{"@id":"https:\/\/batijournal.com\/#website"},"primaryImageOfPage":{"@id":"https:\/\/batijournal.com\/index.php\/complexe-aquatique-baigne-couleurs\/97480\/#primaryimage"},"image":{"@id":"https:\/\/batijournal.com\/index.php\/complexe-aquatique-baigne-couleurs\/97480\/#primaryimage"},"thumbnailUrl":"https:\/\/batijournal.com\/wp-content\/uploads\/2017\/11\/piscine-pertuis.jpg","datePublished":"2017-11-13T09:09:36+00:00","dateModified":"2019-07-15T09:27:06+00:00","author":{"@id":"https:\/\/batijournal.com\/#\/schema\/person\/1dc96ec6957aa1ccb25ebe78bb19f100"},"breadcrumb":{"@id":"https:\/\/batijournal.com\/index.php\/complexe-aquatique-baigne-couleurs\/97480\/#breadcrumb"},"inLanguage":"fr-FR","potentialAction":[{"@type":"ReadAction","target":["https:\/\/batijournal.com\/index.php\/complexe-aquatique-baigne-couleurs\/97480\/"]}]},{"@type":"ImageObject","inLanguage":"fr-FR","@id":"https:\/\/batijournal.com\/index.php\/complexe-aquatique-baigne-couleurs\/97480\/#primaryimage","url":"https:\/\/batijournal.com\/wp-content\/uploads\/2017\/11\/piscine-pertuis.jpg","contentUrl":"https:\/\/batijournal.com\/wp-content\/uploads\/2017\/11\/piscine-pertuis.jpg","width":1200,"height":676},{"@type":"BreadcrumbList","@id":"https:\/\/batijournal.com\/index.php\/complexe-aquatique-baigne-couleurs\/97480\/#breadcrumb","itemListElement":[{"@type":"ListItem","position":1,"name":"Accueil","item":"https:\/\/batijournal.com\/"},{"@type":"ListItem","position":2,"name":"Actualit\u00e9s","item":"https:\/\/batijournal.com\/index.php\/category\/actualites\/"},{"@type":"ListItem","position":3,"name":"Un complexe aquatique qui baigne dans les couleurs"}]},{"@type":"WebSite","@id":"https:\/\/batijournal.com\/#website","url":"https:\/\/batijournal.com\/","name":"Batijournal","description":"L&#039;actualit\u00e9 du b\u00e2timent","potentialAction":[{"@type":"SearchAction","target":{"@type":"EntryPoint","urlTemplate":"https:\/\/batijournal.com\/?s={search_term_string}"},"query-input":{"@type":"PropertyValueSpecification","valueRequired":true,"valueName":"search_term_string"}}],"inLanguage":"fr-FR"},{"@type":"Person","@id":"https:\/\/batijournal.com\/#\/schema\/person\/1dc96ec6957aa1ccb25ebe78bb19f100","name":"St\u00e9phane Miget","image":{"@type":"ImageObject","inLanguage":"fr-FR","@id":"https:\/\/secure.gravatar.com\/avatar\/89915563d925342126b8ef0281b93d9d7fc337043e8df017f780908eb9644451?s=96&d=mm&r=g","url":"https:\/\/secure.gravatar.com\/avatar\/89915563d925342126b8ef0281b93d9d7fc337043e8df017f780908eb9644451?s=96&d=mm&r=g","contentUrl":"https:\/\/secure.gravatar.com\/avatar\/89915563d925342126b8ef0281b93d9d7fc337043e8df017f780908eb9644451?s=96&d=mm&r=g","caption":"St\u00e9phane Miget"},"url":"https:\/\/batijournal.com\/index.php\/author\/stephane\/"}]}},"_links":{"self":[{"href":"https:\/\/batijournal.com\/index.php\/wp-json\/wp\/v2\/posts\/97480","targetHints":{"allow":["GET"]}}],"collection":[{"href":"https:\/\/batijournal.com\/index.php\/wp-json\/wp\/v2\/posts"}],"about":[{"href":"https:\/\/batijournal.com\/index.php\/wp-json\/wp\/v2\/types\/post"}],"author":[{"embeddable":true,"href":"https:\/\/batijournal.com\/index.php\/wp-json\/wp\/v2\/users\/17"}],"replies":[{"embeddable":true,"href":"https:\/\/batijournal.com\/index.php\/wp-json\/wp\/v2\/comments?post=97480"}],"version-history":[{"count":0,"href":"https:\/\/batijournal.com\/index.php\/wp-json\/wp\/v2\/posts\/97480\/revisions"}],"wp:featuredmedia":[{"embeddable":true,"href":"https:\/\/batijournal.com\/index.php\/wp-json\/wp\/v2\/media\/97482"}],"wp:attachment":[{"href":"https:\/\/batijournal.com\/index.php\/wp-json\/wp\/v2\/media?parent=97480"}],"wp:term":[{"taxonomy":"category","embeddable":true,"href":"https:\/\/batijournal.com\/index.php\/wp-json\/wp\/v2\/categories?post=97480"},{"taxonomy":"post_tag","embeddable":true,"href":"https:\/\/batijournal.com\/index.php\/wp-json\/wp\/v2\/tags?post=97480"}],"curies":[{"name":"wp","href":"https:\/\/api.w.org\/{rel}","templated":true}]}}