{"id":97494,"date":"2017-11-13T18:13:51","date_gmt":"2017-11-13T17:13:51","guid":{"rendered":"http:\/\/batijournal.com\/?p=97494"},"modified":"2019-07-15T12:10:48","modified_gmt":"2019-07-15T10:10:48","slug":"intairieur-label-qualite-de-lair-interieur","status":"publish","type":"post","link":"https:\/\/batijournal.com\/index.php\/intairieur-label-qualite-de-lair-interieur\/97494\/","title":{"rendered":"INTAIRIEUR : un label pour la qualit\u00e9 de l&rsquo;air int\u00e9rieur"},"content":{"rendered":"<p>Le label INTAIRIEUR est le premier protocole de valorisation de la Qualit\u00e9 de l\u2019Air Int\u00e9rieur dans les logements neufs. Ce label propose un r\u00e9f\u00e9rentiel simple et fiable qui permet de mettre en place un affichage de qualit\u00e9 reconnu aussi bien par les professionnels que par le grand public. Il est avant tout un outil de valorisation mis au service des diff\u00e9rents acteurs de l\u2019immobilier neuf au premier rang desquels figurent les promoteurs et les bailleurs sociaux. La demande de labellisation est formul\u00e9e par le ma\u00eetre d\u2019ouvrage avant le d\u00e9p\u00f4t du permis de construire. Un auditeur agr\u00e9\u00e9 contr\u00f4le l\u2019op\u00e9ration en phases programme, conception et r\u00e9ception et \u00e0 la demande du ma\u00eetre d\u2019ouvrage pendant l\u2019ex\u00e9cution. A l\u2019issue de ce protocole, le label INTAIRIEUR est d\u00e9livr\u00e9 au ma\u00eetre d\u2019ouvrage. Le label INTAIRIEUR est le fruit d\u2019une r\u00e9flexion collective men\u00e9e depuis plusieurs ann\u00e9es, entre acteurs publics, op\u00e9rateurs priv\u00e9s et citoyens. Ensemble, ils ont cr\u00e9\u00e9 une association baptis\u00e9e APQAI (Association de Promotion de la Qualit\u00e9 de l\u2019Air Int\u00e9rieur) afin de continuer \u00e0 \u0153uvrer pour l\u2019am\u00e9lioration de la QAI en France. Un organisme de labellisation baptis\u00e9 IMMOLAB a \u00e9t\u00e9 cr\u00e9\u00e9 en parall\u00e8le afin d\u2019apporter avec le label INTAIRIEUR une r\u00e9ponse concr\u00e8te aux attentes du publics, des b\u00e2tisseurs et des pouvoirs publics.<\/p>\n","protected":false},"excerpt":{"rendered":"<p>Le label INTAIRIEUR est le premier protocole de valorisation de la Qualit\u00e9 de l\u2019Air Int\u00e9rieur dans les logements neufs. Ce label propose un r\u00e9f\u00e9rentiel simple et fiable qui permet de mettre en place un affichage de qualit\u00e9 reconnu aussi bien par les professionnels que par le grand public. Il est avant tout un outil de [&hellip;]<\/p>\n","protected":false},"author":17,"featured_media":97495,"comment_status":"closed","ping_status":"closed","sticky":false,"template":"","format":"standard","meta":{"_et_pb_use_builder":"","_et_pb_old_content":"","_et_gb_content_width":"","footnotes":""},"categories":[10530,6340],"tags":[1037,3905],"class_list":["post-97494","post","type-post","status-publish","format-standard","has-post-thumbnail","hentry","category-actualites","category-architecture-conception","tag-label","tag-qualite-de-lair-interieur"],"yoast_head":"<!-- This site is optimized with the Yoast SEO plugin v27.4 - https:\/\/yoast.com\/product\/yoast-seo-wordpress\/ -->\n<title>INTAIRIEUR : un label pour la qualit\u00e9 de l&#039;air int\u00e9rieur<\/title>\n<meta name=\"robots\" content=\"index, follow, max-snippet:-1, max-image-preview:large, max-video-preview:-1\" \/>\n<link rel=\"canonical\" href=\"https:\/\/batijournal.com\/index.php\/intairieur-label-qualite-de-lair-interieur\/97494\/\" \/>\n<meta property=\"og:locale\" content=\"fr_FR\" \/>\n<meta property=\"og:type\" content=\"article\" \/>\n<meta property=\"og:title\" content=\"INTAIRIEUR : un label pour la qualit\u00e9 de l&#039;air int\u00e9rieur\" \/>\n<meta property=\"og:description\" content=\"Le label INTAIRIEUR est le premier protocole de valorisation de la Qualit\u00e9 de l\u2019Air Int\u00e9rieur dans les logements neufs. Ce label propose un r\u00e9f\u00e9rentiel simple et fiable qui permet de mettre en place un affichage de qualit\u00e9 reconnu aussi bien par les professionnels que par le grand public. Il est avant tout un outil de [&hellip;]\" \/>\n<meta property=\"og:url\" content=\"https:\/\/batijournal.com\/index.php\/intairieur-label-qualite-de-lair-interieur\/97494\/\" \/>\n<meta property=\"og:site_name\" content=\"Batijournal\" \/>\n<meta property=\"article:published_time\" content=\"2017-11-13T17:13:51+00:00\" \/>\n<meta property=\"article:modified_time\" content=\"2019-07-15T10:10:48+00:00\" \/>\n<meta property=\"og:image\" content=\"https:\/\/batijournal.com\/wp-content\/uploads\/2017\/11\/label-intairieur.jpg\" \/>\n\t<meta property=\"og:image:width\" content=\"697\" \/>\n\t<meta property=\"og:image:height\" content=\"403\" \/>\n\t<meta property=\"og:image:type\" content=\"image\/jpeg\" \/>\n<meta name=\"author\" content=\"St\u00e9phane Miget\" \/>\n<meta name=\"twitter:card\" content=\"summary_large_image\" \/>\n<meta name=\"twitter:creator\" content=\"@bati_journal\" \/>\n<meta name=\"twitter:site\" content=\"@bati_journal\" \/>\n<meta name=\"twitter:label1\" content=\"\u00c9crit par\" \/>\n\t<meta name=\"twitter:data1\" content=\"St\u00e9phane Miget\" \/>\n\t<meta name=\"twitter:label2\" content=\"Dur\u00e9e de lecture estim\u00e9e\" \/>\n\t<meta name=\"twitter:data2\" content=\"1 minute\" \/>\n<script type=\"application\/ld+json\" class=\"yoast-schema-graph\">{\"@context\":\"https:\\\/\\\/schema.org\",\"@graph\":[{\"@type\":\"Article\",\"@id\":\"https:\\\/\\\/batijournal.com\\\/index.php\\\/intairieur-label-qualite-de-lair-interieur\\\/97494\\\/#article\",\"isPartOf\":{\"@id\":\"https:\\\/\\\/batijournal.com\\\/index.php\\\/intairieur-label-qualite-de-lair-interieur\\\/97494\\\/\"},\"author\":{\"name\":\"St\u00e9phane Miget\",\"@id\":\"https:\\\/\\\/batijournal.com\\\/#\\\/schema\\\/person\\\/1dc96ec6957aa1ccb25ebe78bb19f100\"},\"headline\":\"INTAIRIEUR : un label pour la qualit\u00e9 de l&rsquo;air int\u00e9rieur\",\"datePublished\":\"2017-11-13T17:13:51+00:00\",\"dateModified\":\"2019-07-15T10:10:48+00:00\",\"mainEntityOfPage\":{\"@id\":\"https:\\\/\\\/batijournal.com\\\/index.php\\\/intairieur-label-qualite-de-lair-interieur\\\/97494\\\/\"},\"wordCount\":253,\"image\":{\"@id\":\"https:\\\/\\\/batijournal.com\\\/index.php\\\/intairieur-label-qualite-de-lair-interieur\\\/97494\\\/#primaryimage\"},\"thumbnailUrl\":\"https:\\\/\\\/batijournal.com\\\/wp-content\\\/uploads\\\/2017\\\/11\\\/label-intairieur.jpg\",\"keywords\":[\"label\",\"Qualit\u00e9 de l'air int\u00e9rieur\"],\"articleSection\":[\"Actualit\u00e9s\",\"Architecture &amp; Conception\"],\"inLanguage\":\"fr-FR\"},{\"@type\":\"WebPage\",\"@id\":\"https:\\\/\\\/batijournal.com\\\/index.php\\\/intairieur-label-qualite-de-lair-interieur\\\/97494\\\/\",\"url\":\"https:\\\/\\\/batijournal.com\\\/index.php\\\/intairieur-label-qualite-de-lair-interieur\\\/97494\\\/\",\"name\":\"INTAIRIEUR : un label pour la qualit\u00e9 de l'air int\u00e9rieur\",\"isPartOf\":{\"@id\":\"https:\\\/\\\/batijournal.com\\\/#website\"},\"primaryImageOfPage\":{\"@id\":\"https:\\\/\\\/batijournal.com\\\/index.php\\\/intairieur-label-qualite-de-lair-interieur\\\/97494\\\/#primaryimage\"},\"image\":{\"@id\":\"https:\\\/\\\/batijournal.com\\\/index.php\\\/intairieur-label-qualite-de-lair-interieur\\\/97494\\\/#primaryimage\"},\"thumbnailUrl\":\"https:\\\/\\\/batijournal.com\\\/wp-content\\\/uploads\\\/2017\\\/11\\\/label-intairieur.jpg\",\"datePublished\":\"2017-11-13T17:13:51+00:00\",\"dateModified\":\"2019-07-15T10:10:48+00:00\",\"author\":{\"@id\":\"https:\\\/\\\/batijournal.com\\\/#\\\/schema\\\/person\\\/1dc96ec6957aa1ccb25ebe78bb19f100\"},\"breadcrumb\":{\"@id\":\"https:\\\/\\\/batijournal.com\\\/index.php\\\/intairieur-label-qualite-de-lair-interieur\\\/97494\\\/#breadcrumb\"},\"inLanguage\":\"fr-FR\",\"potentialAction\":[{\"@type\":\"ReadAction\",\"target\":[\"https:\\\/\\\/batijournal.com\\\/index.php\\\/intairieur-label-qualite-de-lair-interieur\\\/97494\\\/\"]}]},{\"@type\":\"ImageObject\",\"inLanguage\":\"fr-FR\",\"@id\":\"https:\\\/\\\/batijournal.com\\\/index.php\\\/intairieur-label-qualite-de-lair-interieur\\\/97494\\\/#primaryimage\",\"url\":\"https:\\\/\\\/batijournal.com\\\/wp-content\\\/uploads\\\/2017\\\/11\\\/label-intairieur.jpg\",\"contentUrl\":\"https:\\\/\\\/batijournal.com\\\/wp-content\\\/uploads\\\/2017\\\/11\\\/label-intairieur.jpg\",\"width\":697,\"height\":403},{\"@type\":\"BreadcrumbList\",\"@id\":\"https:\\\/\\\/batijournal.com\\\/index.php\\\/intairieur-label-qualite-de-lair-interieur\\\/97494\\\/#breadcrumb\",\"itemListElement\":[{\"@type\":\"ListItem\",\"position\":1,\"name\":\"Accueil\",\"item\":\"https:\\\/\\\/batijournal.com\\\/\"},{\"@type\":\"ListItem\",\"position\":2,\"name\":\"Actualit\u00e9s\",\"item\":\"https:\\\/\\\/batijournal.com\\\/index.php\\\/category\\\/actualites\\\/\"},{\"@type\":\"ListItem\",\"position\":3,\"name\":\"INTAIRIEUR : un label pour la qualit\u00e9 de l&rsquo;air int\u00e9rieur\"}]},{\"@type\":\"WebSite\",\"@id\":\"https:\\\/\\\/batijournal.com\\\/#website\",\"url\":\"https:\\\/\\\/batijournal.com\\\/\",\"name\":\"Batijournal\",\"description\":\"L&#039;actualit\u00e9 du b\u00e2timent\",\"potentialAction\":[{\"@type\":\"SearchAction\",\"target\":{\"@type\":\"EntryPoint\",\"urlTemplate\":\"https:\\\/\\\/batijournal.com\\\/?s={search_term_string}\"},\"query-input\":{\"@type\":\"PropertyValueSpecification\",\"valueRequired\":true,\"valueName\":\"search_term_string\"}}],\"inLanguage\":\"fr-FR\"},{\"@type\":\"Person\",\"@id\":\"https:\\\/\\\/batijournal.com\\\/#\\\/schema\\\/person\\\/1dc96ec6957aa1ccb25ebe78bb19f100\",\"name\":\"St\u00e9phane Miget\",\"image\":{\"@type\":\"ImageObject\",\"inLanguage\":\"fr-FR\",\"@id\":\"https:\\\/\\\/secure.gravatar.com\\\/avatar\\\/89915563d925342126b8ef0281b93d9d7fc337043e8df017f780908eb9644451?s=96&d=mm&r=g\",\"url\":\"https:\\\/\\\/secure.gravatar.com\\\/avatar\\\/89915563d925342126b8ef0281b93d9d7fc337043e8df017f780908eb9644451?s=96&d=mm&r=g\",\"contentUrl\":\"https:\\\/\\\/secure.gravatar.com\\\/avatar\\\/89915563d925342126b8ef0281b93d9d7fc337043e8df017f780908eb9644451?s=96&d=mm&r=g\",\"caption\":\"St\u00e9phane Miget\"},\"url\":\"https:\\\/\\\/batijournal.com\\\/index.php\\\/author\\\/stephane\\\/\"}]}<\/script>\n<!-- \/ Yoast SEO plugin. -->","yoast_head_json":{"title":"INTAIRIEUR : un label pour la qualit\u00e9 de l'air int\u00e9rieur","robots":{"index":"index","follow":"follow","max-snippet":"max-snippet:-1","max-image-preview":"max-image-preview:large","max-video-preview":"max-video-preview:-1"},"canonical":"https:\/\/batijournal.com\/index.php\/intairieur-label-qualite-de-lair-interieur\/97494\/","og_locale":"fr_FR","og_type":"article","og_title":"INTAIRIEUR : un label pour la qualit\u00e9 de l'air int\u00e9rieur","og_description":"Le label INTAIRIEUR est le premier protocole de valorisation de la Qualit\u00e9 de l\u2019Air Int\u00e9rieur dans les logements neufs. Ce label propose un r\u00e9f\u00e9rentiel simple et fiable qui permet de mettre en place un affichage de qualit\u00e9 reconnu aussi bien par les professionnels que par le grand public. Il est avant tout un outil de [&hellip;]","og_url":"https:\/\/batijournal.com\/index.php\/intairieur-label-qualite-de-lair-interieur\/97494\/","og_site_name":"Batijournal","article_published_time":"2017-11-13T17:13:51+00:00","article_modified_time":"2019-07-15T10:10:48+00:00","og_image":[{"width":697,"height":403,"url":"https:\/\/batijournal.com\/wp-content\/uploads\/2017\/11\/label-intairieur.jpg","type":"image\/jpeg"}],"author":"St\u00e9phane Miget","twitter_card":"summary_large_image","twitter_creator":"@bati_journal","twitter_site":"@bati_journal","twitter_misc":{"\u00c9crit par":"St\u00e9phane Miget","Dur\u00e9e de lecture estim\u00e9e":"1 minute"},"schema":{"@context":"https:\/\/schema.org","@graph":[{"@type":"Article","@id":"https:\/\/batijournal.com\/index.php\/intairieur-label-qualite-de-lair-interieur\/97494\/#article","isPartOf":{"@id":"https:\/\/batijournal.com\/index.php\/intairieur-label-qualite-de-lair-interieur\/97494\/"},"author":{"name":"St\u00e9phane Miget","@id":"https:\/\/batijournal.com\/#\/schema\/person\/1dc96ec6957aa1ccb25ebe78bb19f100"},"headline":"INTAIRIEUR : un label pour la qualit\u00e9 de l&rsquo;air int\u00e9rieur","datePublished":"2017-11-13T17:13:51+00:00","dateModified":"2019-07-15T10:10:48+00:00","mainEntityOfPage":{"@id":"https:\/\/batijournal.com\/index.php\/intairieur-label-qualite-de-lair-interieur\/97494\/"},"wordCount":253,"image":{"@id":"https:\/\/batijournal.com\/index.php\/intairieur-label-qualite-de-lair-interieur\/97494\/#primaryimage"},"thumbnailUrl":"https:\/\/batijournal.com\/wp-content\/uploads\/2017\/11\/label-intairieur.jpg","keywords":["label","Qualit\u00e9 de l'air int\u00e9rieur"],"articleSection":["Actualit\u00e9s","Architecture &amp; Conception"],"inLanguage":"fr-FR"},{"@type":"WebPage","@id":"https:\/\/batijournal.com\/index.php\/intairieur-label-qualite-de-lair-interieur\/97494\/","url":"https:\/\/batijournal.com\/index.php\/intairieur-label-qualite-de-lair-interieur\/97494\/","name":"INTAIRIEUR : un label pour la qualit\u00e9 de l'air int\u00e9rieur","isPartOf":{"@id":"https:\/\/batijournal.com\/#website"},"primaryImageOfPage":{"@id":"https:\/\/batijournal.com\/index.php\/intairieur-label-qualite-de-lair-interieur\/97494\/#primaryimage"},"image":{"@id":"https:\/\/batijournal.com\/index.php\/intairieur-label-qualite-de-lair-interieur\/97494\/#primaryimage"},"thumbnailUrl":"https:\/\/batijournal.com\/wp-content\/uploads\/2017\/11\/label-intairieur.jpg","datePublished":"2017-11-13T17:13:51+00:00","dateModified":"2019-07-15T10:10:48+00:00","author":{"@id":"https:\/\/batijournal.com\/#\/schema\/person\/1dc96ec6957aa1ccb25ebe78bb19f100"},"breadcrumb":{"@id":"https:\/\/batijournal.com\/index.php\/intairieur-label-qualite-de-lair-interieur\/97494\/#breadcrumb"},"inLanguage":"fr-FR","potentialAction":[{"@type":"ReadAction","target":["https:\/\/batijournal.com\/index.php\/intairieur-label-qualite-de-lair-interieur\/97494\/"]}]},{"@type":"ImageObject","inLanguage":"fr-FR","@id":"https:\/\/batijournal.com\/index.php\/intairieur-label-qualite-de-lair-interieur\/97494\/#primaryimage","url":"https:\/\/batijournal.com\/wp-content\/uploads\/2017\/11\/label-intairieur.jpg","contentUrl":"https:\/\/batijournal.com\/wp-content\/uploads\/2017\/11\/label-intairieur.jpg","width":697,"height":403},{"@type":"BreadcrumbList","@id":"https:\/\/batijournal.com\/index.php\/intairieur-label-qualite-de-lair-interieur\/97494\/#breadcrumb","itemListElement":[{"@type":"ListItem","position":1,"name":"Accueil","item":"https:\/\/batijournal.com\/"},{"@type":"ListItem","position":2,"name":"Actualit\u00e9s","item":"https:\/\/batijournal.com\/index.php\/category\/actualites\/"},{"@type":"ListItem","position":3,"name":"INTAIRIEUR : un label pour la qualit\u00e9 de l&rsquo;air int\u00e9rieur"}]},{"@type":"WebSite","@id":"https:\/\/batijournal.com\/#website","url":"https:\/\/batijournal.com\/","name":"Batijournal","description":"L&#039;actualit\u00e9 du b\u00e2timent","potentialAction":[{"@type":"SearchAction","target":{"@type":"EntryPoint","urlTemplate":"https:\/\/batijournal.com\/?s={search_term_string}"},"query-input":{"@type":"PropertyValueSpecification","valueRequired":true,"valueName":"search_term_string"}}],"inLanguage":"fr-FR"},{"@type":"Person","@id":"https:\/\/batijournal.com\/#\/schema\/person\/1dc96ec6957aa1ccb25ebe78bb19f100","name":"St\u00e9phane Miget","image":{"@type":"ImageObject","inLanguage":"fr-FR","@id":"https:\/\/secure.gravatar.com\/avatar\/89915563d925342126b8ef0281b93d9d7fc337043e8df017f780908eb9644451?s=96&d=mm&r=g","url":"https:\/\/secure.gravatar.com\/avatar\/89915563d925342126b8ef0281b93d9d7fc337043e8df017f780908eb9644451?s=96&d=mm&r=g","contentUrl":"https:\/\/secure.gravatar.com\/avatar\/89915563d925342126b8ef0281b93d9d7fc337043e8df017f780908eb9644451?s=96&d=mm&r=g","caption":"St\u00e9phane Miget"},"url":"https:\/\/batijournal.com\/index.php\/author\/stephane\/"}]}},"_links":{"self":[{"href":"https:\/\/batijournal.com\/index.php\/wp-json\/wp\/v2\/posts\/97494","targetHints":{"allow":["GET"]}}],"collection":[{"href":"https:\/\/batijournal.com\/index.php\/wp-json\/wp\/v2\/posts"}],"about":[{"href":"https:\/\/batijournal.com\/index.php\/wp-json\/wp\/v2\/types\/post"}],"author":[{"embeddable":true,"href":"https:\/\/batijournal.com\/index.php\/wp-json\/wp\/v2\/users\/17"}],"replies":[{"embeddable":true,"href":"https:\/\/batijournal.com\/index.php\/wp-json\/wp\/v2\/comments?post=97494"}],"version-history":[{"count":0,"href":"https:\/\/batijournal.com\/index.php\/wp-json\/wp\/v2\/posts\/97494\/revisions"}],"wp:featuredmedia":[{"embeddable":true,"href":"https:\/\/batijournal.com\/index.php\/wp-json\/wp\/v2\/media\/97495"}],"wp:attachment":[{"href":"https:\/\/batijournal.com\/index.php\/wp-json\/wp\/v2\/media?parent=97494"}],"wp:term":[{"taxonomy":"category","embeddable":true,"href":"https:\/\/batijournal.com\/index.php\/wp-json\/wp\/v2\/categories?post=97494"},{"taxonomy":"post_tag","embeddable":true,"href":"https:\/\/batijournal.com\/index.php\/wp-json\/wp\/v2\/tags?post=97494"}],"curies":[{"name":"wp","href":"https:\/\/api.w.org\/{rel}","templated":true}]}}