{"id":97510,"date":"2017-11-14T17:34:11","date_gmt":"2017-11-14T16:34:11","guid":{"rendered":"http:\/\/batijournal.com\/?p=97510"},"modified":"2019-07-15T11:15:32","modified_gmt":"2019-07-15T09:15:32","slug":"tuile-terre-cuite-magnifiee","status":"publish","type":"post","link":"https:\/\/batijournal.com\/index.php\/tuile-terre-cuite-magnifiee\/97510\/","title":{"rendered":"La tuile terre cuite magnifi\u00e9e"},"content":{"rendered":"<p class=\"p1\"><b>Le 19 octobre dernier, \u00e0 l\u2019h\u00f4tel de Bourgtheroulde, \u00e0 Rouen, s&rsquo;est tenue la c\u00e9r\u00e9monie officielle de remise des Troph\u00e9es Al\u00e9onard, concours qui met \u00e0 l&rsquo;honneur chaque ann\u00e9e le savoir-faire et la cr\u00e9ativit\u00e9 des artisans couvreurs. Pour cette treizi\u00e8me \u00e9dition, le jury, dont la r\u00e9daction d&rsquo;<i>Atrium Construction<\/i> faisait partie, a trait\u00e9 47 dossiers de candidature. Voici les cinq laur\u00e9ats. <\/b><\/p>\n<p class=\"p3\">Photos : Al\u00e9onard<\/p>\n<p><img loading=\"lazy\" decoding=\"async\" class=\"size-medium wp-image-97512\" src=\"https:\/\/batijournal.com\/wp-content\/uploads\/2017\/11\/MH-2-300x225.jpg\" alt=\"\" width=\"300\" height=\"225\" srcset=\"https:\/\/batijournal.com\/wp-content\/uploads\/2017\/11\/MH-2-300x225.jpg 300w, https:\/\/batijournal.com\/wp-content\/uploads\/2017\/11\/MH-2-150x113.jpg 150w, https:\/\/batijournal.com\/wp-content\/uploads\/2017\/11\/MH-2-768x576.jpg 768w, https:\/\/batijournal.com\/wp-content\/uploads\/2017\/11\/MH-2-600x450.jpg 600w, https:\/\/batijournal.com\/wp-content\/uploads\/2017\/11\/MH-2.jpg 800w\" sizes=\"(max-width: 300px) 100vw, 300px\" \/><\/p>\n<p class=\"p1\"><b>MONUMENT HISTORIQUE<\/b><\/p>\n<p class=\"p1\"><b>Entreprise Battais et Fils, associ\u00e9e \u00e0 Bruno Decaris, architecte en chef des monuments historiques\u00a0: couverture de l\u2019\u00e9glise de Thury (89) <\/b><\/p>\n<p class=\"p1\">La qualit\u00e9, l\u2019harmonie et l\u2019homog\u00e9n\u00e9it\u00e9 du m\u00e9lange de cinq couleurs de tuiles associ\u00e9es \u00e0 deux formats diff\u00e9rents a v\u00e9ritablement conquis le jury. La ma\u00eetrise technique n\u00e9cessaire \u00e0 la bonne r\u00e9alisation de ce projet de 720 m\u00b2 est impressionnante\u00a0: ar\u00eatiers ferm\u00e9s et tranch\u00e9s sur noquets de plomb, rives \u00e0 noquets de cuivre, fa\u00eetage \u00e0 cr\u00eate de chaux, \u00e9pis de fa\u00eetage\u2026 Seule l&rsquo;\u00e9troite collaboration entre l\u2019architecte en chef des monuments historiques et le couvreur et le savoir-faire exceptionnel des \u00e9quipes pouvaient permettre une telle qualit\u00e9 de mise en \u0153uvre pour ce projet d\u2019exception. Tuiles utilis\u00e9es : Monuments Historiques 17 x 27 et 17 x 28, Ocre Rose, Orange Clair, Rouge Naturel, Rouge d\u2019Automne, Rouge de Mars.<\/p>\n<p class=\"p1\"><b>R\u00c9NOVATION<\/b><\/p>\n<p><img loading=\"lazy\" decoding=\"async\" class=\"size-medium wp-image-97513\" src=\"https:\/\/batijournal.com\/wp-content\/uploads\/2017\/11\/MH-3-300x225.jpg\" alt=\"\" width=\"300\" height=\"225\" srcset=\"https:\/\/batijournal.com\/wp-content\/uploads\/2017\/11\/MH-3-300x225.jpg 300w, https:\/\/batijournal.com\/wp-content\/uploads\/2017\/11\/MH-3-150x113.jpg 150w, https:\/\/batijournal.com\/wp-content\/uploads\/2017\/11\/MH-3-768x576.jpg 768w, https:\/\/batijournal.com\/wp-content\/uploads\/2017\/11\/MH-3-600x450.jpg 600w, https:\/\/batijournal.com\/wp-content\/uploads\/2017\/11\/MH-3.jpg 800w\" sizes=\"(max-width: 300px) 100vw, 300px\" \/><\/p>\n<p><b>Entreprise Cosse P\u00e8re et Fils\u00a0: maison individuelle situ\u00e9e \u00e0 Le Meux (60)<\/b><\/div>\n<p class=\"p1\">Fa\u00eetage scell\u00e9 avec cr\u00eate et embarrures, raccord de type noue ferm\u00e9e en arrondi entre la lucarne et la toiture, ar\u00eatiers au filet de mortier sur les lucarnes parfaitement rectilignes, chaque d\u00e9tail de ce chantier de 480 m\u00b2 a \u00e9t\u00e9 parfaitement soign\u00e9. On peut remarquer l\u2019\u00e9l\u00e9gance de l\u2019association des tuiles Pontigny et Patrimoine Vert de Lichen, Noir de Vigne et Vieilli Naturel en trois formats diff\u00e9rents.<\/p>\n<p class=\"p1\"><b>PREMIER CHANTIER <\/b><\/p>\n<p class=\"p1\"><b><img loading=\"lazy\" decoding=\"async\" class=\"alignright size-medium wp-image-97514\" src=\"https:\/\/batijournal.com\/wp-content\/uploads\/2017\/11\/MH-4-300x173.jpg\" alt=\"\" width=\"300\" height=\"173\" srcset=\"https:\/\/batijournal.com\/wp-content\/uploads\/2017\/11\/MH-4-300x173.jpg 300w, https:\/\/batijournal.com\/wp-content\/uploads\/2017\/11\/MH-4-150x87.jpg 150w, https:\/\/batijournal.com\/wp-content\/uploads\/2017\/11\/MH-4-768x444.jpg 768w, https:\/\/batijournal.com\/wp-content\/uploads\/2017\/11\/MH-4-600x347.jpg 600w, https:\/\/batijournal.com\/wp-content\/uploads\/2017\/11\/MH-4.jpg 800w\" sizes=\"(max-width: 300px) 100vw, 300px\" \/>Entreprise Daniel Hebert\u00a0: couverture du Golf du Vaudreuil (27)<\/b><\/p>\n<p class=\"p1\">Compos\u00e9 de tuiles Patrimoine et Pontigny Rouge de Mars, Ocr\u00e9 Lichen, Vert de Lichen et Rouge Flamm\u00e9, le panachage r\u00e9gulier de cette toiture de 850 m\u00b2 est d\u2019autant plus remarquable que plusieurs rampants et points singuliers venaient en compliquer la mise en \u0153uvre\u00a0: plusieurs lucarnes capucines, des faiti\u00e8res et ar\u00eatiers scell\u00e9s au mortier b\u00e2tard, des pentes biaises, traitements par bandes solins\u2026<\/p>\n<p class=\"p1\"><b>B\u00c2TIMENT NEUF<\/b><\/p>\n<p><strong>Entreprise P\u00e8tre : couverture d&rsquo;une maison individuelle \u00e0 Bazoches-sur-Vesles (02)<\/strong><\/p>\n<p><img loading=\"lazy\" decoding=\"async\" class=\"alignright wp-image-97516 \" src=\"https:\/\/batijournal.com\/wp-content\/uploads\/2017\/11\/MH-6-225x300.jpg\" alt=\"\" width=\"151\" height=\"201\" srcset=\"https:\/\/batijournal.com\/wp-content\/uploads\/2017\/11\/MH-6-225x300.jpg 225w, https:\/\/batijournal.com\/wp-content\/uploads\/2017\/11\/MH-6-113x150.jpg 113w, https:\/\/batijournal.com\/wp-content\/uploads\/2017\/11\/MH-6.jpg 600w\" sizes=\"(max-width: 151px) 100vw, 151px\" \/><\/p>\n<p class=\"p1\">Ce sont les tuiles Pontigny Ocre Rose, Brun Flamm\u00e9 et Vieilli Naturel qui ont \u00e9t\u00e9 choisies pour la r\u00e9alisation de la couverture de 140 m\u00b2 de cette maison. Le jury a appr\u00e9ci\u00e9 le soin apport\u00e9 \u00e0 la r\u00e9alisation de tous les points singuliers du projet\u00a0: la chati\u00e8re fix\u00e9e avec sa grille de ventilation, le pourtour des fen\u00eatres de toit, les lignes de rives et de fa\u00eetage. \u00c0 noter\u00a0: la pose de goutti\u00e8res cuivr\u00e9es ardennaises qui vient compl\u00e9ter l\u2019esth\u00e9tique tr\u00e8s soign\u00e9e de l\u2019ensemble.<\/p>\n<p class=\"p1\"><b>CHANTIER R\u00c9ALIS\u00c9 \u00c0 L\u2019INTERNATIONAL<\/b><\/p>\n<p class=\"p1\"><b><img loading=\"lazy\" decoding=\"async\" class=\"alignright size-medium wp-image-97515\" src=\"https:\/\/batijournal.com\/wp-content\/uploads\/2017\/11\/MH-5-300x200.jpg\" alt=\"\" width=\"300\" height=\"200\" srcset=\"https:\/\/batijournal.com\/wp-content\/uploads\/2017\/11\/MH-5-300x200.jpg 300w, https:\/\/batijournal.com\/wp-content\/uploads\/2017\/11\/MH-5-150x100.jpg 150w, https:\/\/batijournal.com\/wp-content\/uploads\/2017\/11\/MH-5-768x512.jpg 768w, https:\/\/batijournal.com\/wp-content\/uploads\/2017\/11\/MH-5-1024x683.jpg 1024w, https:\/\/batijournal.com\/wp-content\/uploads\/2017\/11\/MH-5-600x400.jpg 600w, https:\/\/batijournal.com\/wp-content\/uploads\/2017\/11\/MH-5.jpg 1382w\" sizes=\"(max-width: 300px) 100vw, 300px\" \/>Entreprise Maekelberg\u00a0: intervention sur un b\u00e2timent neuf \u00e0 Kortemark (Belgique) <\/b><\/p>\n<p class=\"p1\">La similitude de couleur et de texture entre tuiles et briques est la caract\u00e9ristique la plus remarquable et la plus \u00e9tonnante de cette r\u00e9alisation. Pour ce faire, ce sont les tuiles Patrimoine Vert de Lichen, Rouge de Mars et Noir de Vigne qui ont \u00e9t\u00e9 choisies et mises en place avec une parfaite ma\u00eetrise. On remarquera notamment le d\u00e9licat raccord entre deux niveaux du support au-dessus de la fen\u00eatre de toit, r\u00e9alis\u00e9 avec \u00e9l\u00e9gance et discr\u00e9tion.<\/p>\n","protected":false},"excerpt":{"rendered":"<p>Le 19 octobre dernier, \u00e0 l\u2019h\u00f4tel de Bourgtheroulde, \u00e0 Rouen, s&rsquo;est tenue la c\u00e9r\u00e9monie officielle de remise des Troph\u00e9es Al\u00e9onard, concours qui met \u00e0 l&rsquo;honneur chaque ann\u00e9e le savoir-faire et la cr\u00e9ativit\u00e9 des artisans couvreurs. Pour cette treizi\u00e8me \u00e9dition, le jury, dont la r\u00e9daction d&rsquo;Atrium Construction faisait partie, a trait\u00e9 47 dossiers de candidature. Voici [&hellip;]<\/p>\n","protected":false},"author":1,"featured_media":97511,"comment_status":"closed","ping_status":"closed","sticky":false,"template":"","format":"standard","meta":{"_et_pb_use_builder":"","_et_pb_old_content":"","_et_gb_content_width":"","footnotes":""},"categories":[6340],"tags":[1239,12183,925],"class_list":["post-97510","post","type-post","status-publish","format-standard","has-post-thumbnail","hentry","category-architecture-conception","tag-terre-cuite-3","tag-trophees-aleonard","tag-tuiles"],"yoast_head":"<!-- This site is optimized with the Yoast SEO plugin v27.4 - https:\/\/yoast.com\/product\/yoast-seo-wordpress\/ -->\n<title>La tuile terre cuite magnifi\u00e9e<\/title>\n<meta name=\"robots\" content=\"index, follow, max-snippet:-1, max-image-preview:large, max-video-preview:-1\" \/>\n<link rel=\"canonical\" href=\"https:\/\/batijournal.com\/index.php\/tuile-terre-cuite-magnifiee\/97510\/\" \/>\n<meta property=\"og:locale\" content=\"fr_FR\" \/>\n<meta property=\"og:type\" content=\"article\" \/>\n<meta property=\"og:title\" content=\"La tuile terre cuite magnifi\u00e9e\" \/>\n<meta property=\"og:description\" content=\"Le 19 octobre dernier, \u00e0 l\u2019h\u00f4tel de Bourgtheroulde, \u00e0 Rouen, s&rsquo;est tenue la c\u00e9r\u00e9monie officielle de remise des Troph\u00e9es Al\u00e9onard, concours qui met \u00e0 l&rsquo;honneur chaque ann\u00e9e le savoir-faire et la cr\u00e9ativit\u00e9 des artisans couvreurs. Pour cette treizi\u00e8me \u00e9dition, le jury, dont la r\u00e9daction d&rsquo;Atrium Construction faisait partie, a trait\u00e9 47 dossiers de candidature. Voici [&hellip;]\" \/>\n<meta property=\"og:url\" content=\"https:\/\/batijournal.com\/index.php\/tuile-terre-cuite-magnifiee\/97510\/\" \/>\n<meta property=\"og:site_name\" content=\"Batijournal\" \/>\n<meta property=\"article:published_time\" content=\"2017-11-14T16:34:11+00:00\" \/>\n<meta property=\"article:modified_time\" content=\"2019-07-15T09:15:32+00:00\" \/>\n<meta property=\"og:image\" content=\"https:\/\/batijournal.com\/wp-content\/uploads\/2017\/11\/MH-1.jpg\" \/>\n\t<meta property=\"og:image:width\" content=\"800\" \/>\n\t<meta property=\"og:image:height\" content=\"600\" \/>\n\t<meta property=\"og:image:type\" content=\"image\/jpeg\" \/>\n<meta name=\"author\" content=\"Bati-journal\" \/>\n<meta name=\"twitter:card\" content=\"summary_large_image\" \/>\n<meta name=\"twitter:creator\" content=\"@bati_journal\" \/>\n<meta name=\"twitter:site\" content=\"@bati_journal\" \/>\n<meta name=\"twitter:label1\" content=\"\u00c9crit par\" \/>\n\t<meta name=\"twitter:data1\" content=\"Bati-journal\" \/>\n\t<meta name=\"twitter:label2\" content=\"Dur\u00e9e de lecture estim\u00e9e\" \/>\n\t<meta name=\"twitter:data2\" content=\"3 minutes\" \/>\n<script type=\"application\/ld+json\" class=\"yoast-schema-graph\">{\"@context\":\"https:\\\/\\\/schema.org\",\"@graph\":[{\"@type\":\"Article\",\"@id\":\"https:\\\/\\\/batijournal.com\\\/index.php\\\/tuile-terre-cuite-magnifiee\\\/97510\\\/#article\",\"isPartOf\":{\"@id\":\"https:\\\/\\\/batijournal.com\\\/index.php\\\/tuile-terre-cuite-magnifiee\\\/97510\\\/\"},\"author\":{\"name\":\"Bati-journal\",\"@id\":\"https:\\\/\\\/batijournal.com\\\/#\\\/schema\\\/person\\\/6a657e8967569e1b299972574848aa76\"},\"headline\":\"La tuile terre cuite magnifi\u00e9e\",\"datePublished\":\"2017-11-14T16:34:11+00:00\",\"dateModified\":\"2019-07-15T09:15:32+00:00\",\"mainEntityOfPage\":{\"@id\":\"https:\\\/\\\/batijournal.com\\\/index.php\\\/tuile-terre-cuite-magnifiee\\\/97510\\\/\"},\"wordCount\":592,\"image\":{\"@id\":\"https:\\\/\\\/batijournal.com\\\/index.php\\\/tuile-terre-cuite-magnifiee\\\/97510\\\/#primaryimage\"},\"thumbnailUrl\":\"https:\\\/\\\/batijournal.com\\\/wp-content\\\/uploads\\\/2017\\\/11\\\/MH-1.jpg\",\"keywords\":[\"terre cuite\",\"troph\u00e9es al\u00e9onard\",\"tuiles\"],\"articleSection\":[\"Architecture &amp; Conception\"],\"inLanguage\":\"fr-FR\"},{\"@type\":\"WebPage\",\"@id\":\"https:\\\/\\\/batijournal.com\\\/index.php\\\/tuile-terre-cuite-magnifiee\\\/97510\\\/\",\"url\":\"https:\\\/\\\/batijournal.com\\\/index.php\\\/tuile-terre-cuite-magnifiee\\\/97510\\\/\",\"name\":\"La tuile terre cuite magnifi\u00e9e\",\"isPartOf\":{\"@id\":\"https:\\\/\\\/batijournal.com\\\/#website\"},\"primaryImageOfPage\":{\"@id\":\"https:\\\/\\\/batijournal.com\\\/index.php\\\/tuile-terre-cuite-magnifiee\\\/97510\\\/#primaryimage\"},\"image\":{\"@id\":\"https:\\\/\\\/batijournal.com\\\/index.php\\\/tuile-terre-cuite-magnifiee\\\/97510\\\/#primaryimage\"},\"thumbnailUrl\":\"https:\\\/\\\/batijournal.com\\\/wp-content\\\/uploads\\\/2017\\\/11\\\/MH-1.jpg\",\"datePublished\":\"2017-11-14T16:34:11+00:00\",\"dateModified\":\"2019-07-15T09:15:32+00:00\",\"author\":{\"@id\":\"https:\\\/\\\/batijournal.com\\\/#\\\/schema\\\/person\\\/6a657e8967569e1b299972574848aa76\"},\"breadcrumb\":{\"@id\":\"https:\\\/\\\/batijournal.com\\\/index.php\\\/tuile-terre-cuite-magnifiee\\\/97510\\\/#breadcrumb\"},\"inLanguage\":\"fr-FR\",\"potentialAction\":[{\"@type\":\"ReadAction\",\"target\":[\"https:\\\/\\\/batijournal.com\\\/index.php\\\/tuile-terre-cuite-magnifiee\\\/97510\\\/\"]}]},{\"@type\":\"ImageObject\",\"inLanguage\":\"fr-FR\",\"@id\":\"https:\\\/\\\/batijournal.com\\\/index.php\\\/tuile-terre-cuite-magnifiee\\\/97510\\\/#primaryimage\",\"url\":\"https:\\\/\\\/batijournal.com\\\/wp-content\\\/uploads\\\/2017\\\/11\\\/MH-1.jpg\",\"contentUrl\":\"https:\\\/\\\/batijournal.com\\\/wp-content\\\/uploads\\\/2017\\\/11\\\/MH-1.jpg\",\"width\":800,\"height\":600,\"caption\":\"Monde, Al\u008eonard, entreprise BATTAIS d\u00d5Olivet (45) associ\u008ee \u0088 Bruno Decaris \u008eglise de Thury (89) Monuments Historiques 17 x 27 et 17 x 28 Ocre Rose, Orange Clair, Rouge naturel, Rouge d\u00d5Automne, Rouge de Mars\"},{\"@type\":\"BreadcrumbList\",\"@id\":\"https:\\\/\\\/batijournal.com\\\/index.php\\\/tuile-terre-cuite-magnifiee\\\/97510\\\/#breadcrumb\",\"itemListElement\":[{\"@type\":\"ListItem\",\"position\":1,\"name\":\"Accueil\",\"item\":\"https:\\\/\\\/batijournal.com\\\/\"},{\"@type\":\"ListItem\",\"position\":2,\"name\":\"Actualit\u00e9s\",\"item\":\"https:\\\/\\\/batijournal.com\\\/index.php\\\/category\\\/actualites\\\/\"},{\"@type\":\"ListItem\",\"position\":3,\"name\":\"Architecture &amp; Conception\",\"item\":\"https:\\\/\\\/batijournal.com\\\/index.php\\\/category\\\/actualites\\\/architecture-conception\\\/\"},{\"@type\":\"ListItem\",\"position\":4,\"name\":\"La tuile terre cuite magnifi\u00e9e\"}]},{\"@type\":\"WebSite\",\"@id\":\"https:\\\/\\\/batijournal.com\\\/#website\",\"url\":\"https:\\\/\\\/batijournal.com\\\/\",\"name\":\"Batijournal\",\"description\":\"L&#039;actualit\u00e9 du b\u00e2timent\",\"potentialAction\":[{\"@type\":\"SearchAction\",\"target\":{\"@type\":\"EntryPoint\",\"urlTemplate\":\"https:\\\/\\\/batijournal.com\\\/?s={search_term_string}\"},\"query-input\":{\"@type\":\"PropertyValueSpecification\",\"valueRequired\":true,\"valueName\":\"search_term_string\"}}],\"inLanguage\":\"fr-FR\"},{\"@type\":\"Person\",\"@id\":\"https:\\\/\\\/batijournal.com\\\/#\\\/schema\\\/person\\\/6a657e8967569e1b299972574848aa76\",\"name\":\"Bati-journal\",\"image\":{\"@type\":\"ImageObject\",\"inLanguage\":\"fr-FR\",\"@id\":\"https:\\\/\\\/secure.gravatar.com\\\/avatar\\\/a64364ea26392f9b4dd47e017ddaec74ff03aefc073b49e492e847201258f777?s=96&d=mm&r=g\",\"url\":\"https:\\\/\\\/secure.gravatar.com\\\/avatar\\\/a64364ea26392f9b4dd47e017ddaec74ff03aefc073b49e492e847201258f777?s=96&d=mm&r=g\",\"contentUrl\":\"https:\\\/\\\/secure.gravatar.com\\\/avatar\\\/a64364ea26392f9b4dd47e017ddaec74ff03aefc073b49e492e847201258f777?s=96&d=mm&r=g\",\"caption\":\"Bati-journal\"},\"url\":\"https:\\\/\\\/batijournal.com\\\/index.php\\\/author\\\/elodie\\\/\"}]}<\/script>\n<!-- \/ Yoast SEO plugin. -->","yoast_head_json":{"title":"La tuile terre cuite magnifi\u00e9e","robots":{"index":"index","follow":"follow","max-snippet":"max-snippet:-1","max-image-preview":"max-image-preview:large","max-video-preview":"max-video-preview:-1"},"canonical":"https:\/\/batijournal.com\/index.php\/tuile-terre-cuite-magnifiee\/97510\/","og_locale":"fr_FR","og_type":"article","og_title":"La tuile terre cuite magnifi\u00e9e","og_description":"Le 19 octobre dernier, \u00e0 l\u2019h\u00f4tel de Bourgtheroulde, \u00e0 Rouen, s&rsquo;est tenue la c\u00e9r\u00e9monie officielle de remise des Troph\u00e9es Al\u00e9onard, concours qui met \u00e0 l&rsquo;honneur chaque ann\u00e9e le savoir-faire et la cr\u00e9ativit\u00e9 des artisans couvreurs. Pour cette treizi\u00e8me \u00e9dition, le jury, dont la r\u00e9daction d&rsquo;Atrium Construction faisait partie, a trait\u00e9 47 dossiers de candidature. Voici [&hellip;]","og_url":"https:\/\/batijournal.com\/index.php\/tuile-terre-cuite-magnifiee\/97510\/","og_site_name":"Batijournal","article_published_time":"2017-11-14T16:34:11+00:00","article_modified_time":"2019-07-15T09:15:32+00:00","og_image":[{"width":800,"height":600,"url":"https:\/\/batijournal.com\/wp-content\/uploads\/2017\/11\/MH-1.jpg","type":"image\/jpeg"}],"author":"Bati-journal","twitter_card":"summary_large_image","twitter_creator":"@bati_journal","twitter_site":"@bati_journal","twitter_misc":{"\u00c9crit par":"Bati-journal","Dur\u00e9e de lecture estim\u00e9e":"3 minutes"},"schema":{"@context":"https:\/\/schema.org","@graph":[{"@type":"Article","@id":"https:\/\/batijournal.com\/index.php\/tuile-terre-cuite-magnifiee\/97510\/#article","isPartOf":{"@id":"https:\/\/batijournal.com\/index.php\/tuile-terre-cuite-magnifiee\/97510\/"},"author":{"name":"Bati-journal","@id":"https:\/\/batijournal.com\/#\/schema\/person\/6a657e8967569e1b299972574848aa76"},"headline":"La tuile terre cuite magnifi\u00e9e","datePublished":"2017-11-14T16:34:11+00:00","dateModified":"2019-07-15T09:15:32+00:00","mainEntityOfPage":{"@id":"https:\/\/batijournal.com\/index.php\/tuile-terre-cuite-magnifiee\/97510\/"},"wordCount":592,"image":{"@id":"https:\/\/batijournal.com\/index.php\/tuile-terre-cuite-magnifiee\/97510\/#primaryimage"},"thumbnailUrl":"https:\/\/batijournal.com\/wp-content\/uploads\/2017\/11\/MH-1.jpg","keywords":["terre cuite","troph\u00e9es al\u00e9onard","tuiles"],"articleSection":["Architecture &amp; Conception"],"inLanguage":"fr-FR"},{"@type":"WebPage","@id":"https:\/\/batijournal.com\/index.php\/tuile-terre-cuite-magnifiee\/97510\/","url":"https:\/\/batijournal.com\/index.php\/tuile-terre-cuite-magnifiee\/97510\/","name":"La tuile terre cuite magnifi\u00e9e","isPartOf":{"@id":"https:\/\/batijournal.com\/#website"},"primaryImageOfPage":{"@id":"https:\/\/batijournal.com\/index.php\/tuile-terre-cuite-magnifiee\/97510\/#primaryimage"},"image":{"@id":"https:\/\/batijournal.com\/index.php\/tuile-terre-cuite-magnifiee\/97510\/#primaryimage"},"thumbnailUrl":"https:\/\/batijournal.com\/wp-content\/uploads\/2017\/11\/MH-1.jpg","datePublished":"2017-11-14T16:34:11+00:00","dateModified":"2019-07-15T09:15:32+00:00","author":{"@id":"https:\/\/batijournal.com\/#\/schema\/person\/6a657e8967569e1b299972574848aa76"},"breadcrumb":{"@id":"https:\/\/batijournal.com\/index.php\/tuile-terre-cuite-magnifiee\/97510\/#breadcrumb"},"inLanguage":"fr-FR","potentialAction":[{"@type":"ReadAction","target":["https:\/\/batijournal.com\/index.php\/tuile-terre-cuite-magnifiee\/97510\/"]}]},{"@type":"ImageObject","inLanguage":"fr-FR","@id":"https:\/\/batijournal.com\/index.php\/tuile-terre-cuite-magnifiee\/97510\/#primaryimage","url":"https:\/\/batijournal.com\/wp-content\/uploads\/2017\/11\/MH-1.jpg","contentUrl":"https:\/\/batijournal.com\/wp-content\/uploads\/2017\/11\/MH-1.jpg","width":800,"height":600,"caption":"Monde, Al\u008eonard, entreprise BATTAIS d\u00d5Olivet (45) associ\u008ee \u0088 Bruno Decaris \u008eglise de Thury (89) Monuments Historiques 17 x 27 et 17 x 28 Ocre Rose, Orange Clair, Rouge naturel, Rouge d\u00d5Automne, Rouge de Mars"},{"@type":"BreadcrumbList","@id":"https:\/\/batijournal.com\/index.php\/tuile-terre-cuite-magnifiee\/97510\/#breadcrumb","itemListElement":[{"@type":"ListItem","position":1,"name":"Accueil","item":"https:\/\/batijournal.com\/"},{"@type":"ListItem","position":2,"name":"Actualit\u00e9s","item":"https:\/\/batijournal.com\/index.php\/category\/actualites\/"},{"@type":"ListItem","position":3,"name":"Architecture &amp; Conception","item":"https:\/\/batijournal.com\/index.php\/category\/actualites\/architecture-conception\/"},{"@type":"ListItem","position":4,"name":"La tuile terre cuite magnifi\u00e9e"}]},{"@type":"WebSite","@id":"https:\/\/batijournal.com\/#website","url":"https:\/\/batijournal.com\/","name":"Batijournal","description":"L&#039;actualit\u00e9 du b\u00e2timent","potentialAction":[{"@type":"SearchAction","target":{"@type":"EntryPoint","urlTemplate":"https:\/\/batijournal.com\/?s={search_term_string}"},"query-input":{"@type":"PropertyValueSpecification","valueRequired":true,"valueName":"search_term_string"}}],"inLanguage":"fr-FR"},{"@type":"Person","@id":"https:\/\/batijournal.com\/#\/schema\/person\/6a657e8967569e1b299972574848aa76","name":"Bati-journal","image":{"@type":"ImageObject","inLanguage":"fr-FR","@id":"https:\/\/secure.gravatar.com\/avatar\/a64364ea26392f9b4dd47e017ddaec74ff03aefc073b49e492e847201258f777?s=96&d=mm&r=g","url":"https:\/\/secure.gravatar.com\/avatar\/a64364ea26392f9b4dd47e017ddaec74ff03aefc073b49e492e847201258f777?s=96&d=mm&r=g","contentUrl":"https:\/\/secure.gravatar.com\/avatar\/a64364ea26392f9b4dd47e017ddaec74ff03aefc073b49e492e847201258f777?s=96&d=mm&r=g","caption":"Bati-journal"},"url":"https:\/\/batijournal.com\/index.php\/author\/elodie\/"}]}},"_links":{"self":[{"href":"https:\/\/batijournal.com\/index.php\/wp-json\/wp\/v2\/posts\/97510","targetHints":{"allow":["GET"]}}],"collection":[{"href":"https:\/\/batijournal.com\/index.php\/wp-json\/wp\/v2\/posts"}],"about":[{"href":"https:\/\/batijournal.com\/index.php\/wp-json\/wp\/v2\/types\/post"}],"author":[{"embeddable":true,"href":"https:\/\/batijournal.com\/index.php\/wp-json\/wp\/v2\/users\/1"}],"replies":[{"embeddable":true,"href":"https:\/\/batijournal.com\/index.php\/wp-json\/wp\/v2\/comments?post=97510"}],"version-history":[{"count":0,"href":"https:\/\/batijournal.com\/index.php\/wp-json\/wp\/v2\/posts\/97510\/revisions"}],"wp:featuredmedia":[{"embeddable":true,"href":"https:\/\/batijournal.com\/index.php\/wp-json\/wp\/v2\/media\/97511"}],"wp:attachment":[{"href":"https:\/\/batijournal.com\/index.php\/wp-json\/wp\/v2\/media?parent=97510"}],"wp:term":[{"taxonomy":"category","embeddable":true,"href":"https:\/\/batijournal.com\/index.php\/wp-json\/wp\/v2\/categories?post=97510"},{"taxonomy":"post_tag","embeddable":true,"href":"https:\/\/batijournal.com\/index.php\/wp-json\/wp\/v2\/tags?post=97510"}],"curies":[{"name":"wp","href":"https:\/\/api.w.org\/{rel}","templated":true}]}}