{"id":97522,"date":"2017-11-15T10:17:14","date_gmt":"2017-11-15T09:17:14","guid":{"rendered":"http:\/\/batijournal.com\/?p=97522"},"modified":"2019-07-15T12:13:07","modified_gmt":"2019-07-15T10:13:07","slug":"knauf-fibre-developpe-lactivite-de-lunique-usine-francaise-de-laine-de-bois","status":"publish","type":"post","link":"https:\/\/batijournal.com\/index.php\/knauf-fibre-developpe-lactivite-de-lunique-usine-francaise-de-laine-de-bois\/97522\/","title":{"rendered":"Knauf Fibre d\u00e9veloppe l\u2019activit\u00e9 de l\u2019unique usine fran\u00e7aise de laine de bois"},"content":{"rendered":"<p>Knauf Fibre poss\u00e8de \u00e0 La C\u00f4te (70), la seule usine en France de production de laine de bois qui est d\u00e9di\u00e9e \u00e0 la fabrication d\u2019isolants pour l\u2019isolation en sous-face de dalles (Fibralith) et l\u2019isolation acoustique des plafonds (gamme Organic). Gr\u00e2ce \u00e0 un nouvel investissement, une nouvelle unit\u00e9 de fa\u00e7onnage, qui emploie 6 collaborateurs, permet la production de petites s\u00e9ries et le collage-finition de panneaux multicouches (PSE ou laine de roche) allant jusqu\u2019\u00e0 une \u00e9paisseur de 400 mm. Elle permet ainsi de r\u00e9pondre \u00e0 l\u2019ensemble des besoins en isolation thermique actuels. 5 millions d\u2019euros investis en 2016-2017 donnent une flexibilit\u00e9 et une r\u00e9activit\u00e9 importante, se traduisant par une capacit\u00e9 \u00e0 mettre \u00e0 disposition des clients des petites ou grandes quantit\u00e9s dans un d\u00e9lai le plus court possible.<\/p>\n","protected":false},"excerpt":{"rendered":"<p>Knauf Fibre poss\u00e8de \u00e0 La C\u00f4te (70), la seule usine en France de production de laine de bois qui est d\u00e9di\u00e9e \u00e0 la fabrication d\u2019isolants pour l\u2019isolation en sous-face de dalles (Fibralith) et l\u2019isolation acoustique des plafonds (gamme Organic). Gr\u00e2ce \u00e0 un nouvel investissement, une nouvelle unit\u00e9 de fa\u00e7onnage, qui emploie 6 collaborateurs, permet la [&hellip;]<\/p>\n","protected":false},"author":17,"featured_media":97523,"comment_status":"closed","ping_status":"closed","sticky":false,"template":"","format":"standard","meta":{"_et_pb_use_builder":"","_et_pb_old_content":"","_et_gb_content_width":"","footnotes":""},"categories":[10530,6345],"tags":[642],"class_list":["post-97522","post","type-post","status-publish","format-standard","has-post-thumbnail","hentry","category-actualites","category-economie-marches","tag-knauf"],"yoast_head":"<!-- This site is optimized with the Yoast SEO plugin v27.4 - https:\/\/yoast.com\/product\/yoast-seo-wordpress\/ -->\n<title>Knauf Fibre d\u00e9veloppe l\u2019activit\u00e9 de l\u2019unique usine fran\u00e7aise de laine de bois<\/title>\n<meta name=\"robots\" content=\"index, follow, max-snippet:-1, max-image-preview:large, max-video-preview:-1\" \/>\n<link rel=\"canonical\" href=\"https:\/\/batijournal.com\/index.php\/knauf-fibre-developpe-lactivite-de-lunique-usine-francaise-de-laine-de-bois\/97522\/\" \/>\n<meta property=\"og:locale\" content=\"fr_FR\" \/>\n<meta property=\"og:type\" content=\"article\" \/>\n<meta property=\"og:title\" content=\"Knauf Fibre d\u00e9veloppe l\u2019activit\u00e9 de l\u2019unique usine fran\u00e7aise de laine de bois\" \/>\n<meta property=\"og:description\" content=\"Knauf Fibre poss\u00e8de \u00e0 La C\u00f4te (70), la seule usine en France de production de laine de bois qui est d\u00e9di\u00e9e \u00e0 la fabrication d\u2019isolants pour l\u2019isolation en sous-face de dalles (Fibralith) et l\u2019isolation acoustique des plafonds (gamme Organic). Gr\u00e2ce \u00e0 un nouvel investissement, une nouvelle unit\u00e9 de fa\u00e7onnage, qui emploie 6 collaborateurs, permet la [&hellip;]\" \/>\n<meta property=\"og:url\" content=\"https:\/\/batijournal.com\/index.php\/knauf-fibre-developpe-lactivite-de-lunique-usine-francaise-de-laine-de-bois\/97522\/\" \/>\n<meta property=\"og:site_name\" content=\"Batijournal\" \/>\n<meta property=\"article:published_time\" content=\"2017-11-15T09:17:14+00:00\" \/>\n<meta property=\"article:modified_time\" content=\"2019-07-15T10:13:07+00:00\" \/>\n<meta property=\"og:image\" content=\"https:\/\/batijournal.com\/wp-content\/uploads\/2017\/11\/Knauf-Fibre-laine-de-bois.jpg\" \/>\n\t<meta property=\"og:image:width\" content=\"1200\" \/>\n\t<meta property=\"og:image:height\" content=\"799\" \/>\n\t<meta property=\"og:image:type\" content=\"image\/jpeg\" \/>\n<meta name=\"author\" content=\"St\u00e9phane Miget\" \/>\n<meta name=\"twitter:card\" content=\"summary_large_image\" \/>\n<meta name=\"twitter:creator\" content=\"@bati_journal\" \/>\n<meta name=\"twitter:site\" content=\"@bati_journal\" \/>\n<meta name=\"twitter:label1\" content=\"\u00c9crit par\" \/>\n\t<meta name=\"twitter:data1\" content=\"St\u00e9phane Miget\" \/>\n\t<meta name=\"twitter:label2\" content=\"Dur\u00e9e de lecture estim\u00e9e\" \/>\n\t<meta name=\"twitter:data2\" content=\"1 minute\" \/>\n<script type=\"application\/ld+json\" class=\"yoast-schema-graph\">{\"@context\":\"https:\\\/\\\/schema.org\",\"@graph\":[{\"@type\":\"Article\",\"@id\":\"https:\\\/\\\/batijournal.com\\\/index.php\\\/knauf-fibre-developpe-lactivite-de-lunique-usine-francaise-de-laine-de-bois\\\/97522\\\/#article\",\"isPartOf\":{\"@id\":\"https:\\\/\\\/batijournal.com\\\/index.php\\\/knauf-fibre-developpe-lactivite-de-lunique-usine-francaise-de-laine-de-bois\\\/97522\\\/\"},\"author\":{\"name\":\"St\u00e9phane Miget\",\"@id\":\"https:\\\/\\\/batijournal.com\\\/#\\\/schema\\\/person\\\/1dc96ec6957aa1ccb25ebe78bb19f100\"},\"headline\":\"Knauf Fibre d\u00e9veloppe l\u2019activit\u00e9 de l\u2019unique usine fran\u00e7aise de laine de bois\",\"datePublished\":\"2017-11-15T09:17:14+00:00\",\"dateModified\":\"2019-07-15T10:13:07+00:00\",\"mainEntityOfPage\":{\"@id\":\"https:\\\/\\\/batijournal.com\\\/index.php\\\/knauf-fibre-developpe-lactivite-de-lunique-usine-francaise-de-laine-de-bois\\\/97522\\\/\"},\"wordCount\":148,\"image\":{\"@id\":\"https:\\\/\\\/batijournal.com\\\/index.php\\\/knauf-fibre-developpe-lactivite-de-lunique-usine-francaise-de-laine-de-bois\\\/97522\\\/#primaryimage\"},\"thumbnailUrl\":\"https:\\\/\\\/batijournal.com\\\/wp-content\\\/uploads\\\/2017\\\/11\\\/Knauf-Fibre-laine-de-bois.jpg\",\"keywords\":[\"Knauf\"],\"articleSection\":[\"Actualit\u00e9s\",\"\u00c9conomie &amp; March\u00e9s\"],\"inLanguage\":\"fr-FR\"},{\"@type\":\"WebPage\",\"@id\":\"https:\\\/\\\/batijournal.com\\\/index.php\\\/knauf-fibre-developpe-lactivite-de-lunique-usine-francaise-de-laine-de-bois\\\/97522\\\/\",\"url\":\"https:\\\/\\\/batijournal.com\\\/index.php\\\/knauf-fibre-developpe-lactivite-de-lunique-usine-francaise-de-laine-de-bois\\\/97522\\\/\",\"name\":\"Knauf Fibre d\u00e9veloppe l\u2019activit\u00e9 de l\u2019unique usine fran\u00e7aise de laine de bois\",\"isPartOf\":{\"@id\":\"https:\\\/\\\/batijournal.com\\\/#website\"},\"primaryImageOfPage\":{\"@id\":\"https:\\\/\\\/batijournal.com\\\/index.php\\\/knauf-fibre-developpe-lactivite-de-lunique-usine-francaise-de-laine-de-bois\\\/97522\\\/#primaryimage\"},\"image\":{\"@id\":\"https:\\\/\\\/batijournal.com\\\/index.php\\\/knauf-fibre-developpe-lactivite-de-lunique-usine-francaise-de-laine-de-bois\\\/97522\\\/#primaryimage\"},\"thumbnailUrl\":\"https:\\\/\\\/batijournal.com\\\/wp-content\\\/uploads\\\/2017\\\/11\\\/Knauf-Fibre-laine-de-bois.jpg\",\"datePublished\":\"2017-11-15T09:17:14+00:00\",\"dateModified\":\"2019-07-15T10:13:07+00:00\",\"author\":{\"@id\":\"https:\\\/\\\/batijournal.com\\\/#\\\/schema\\\/person\\\/1dc96ec6957aa1ccb25ebe78bb19f100\"},\"breadcrumb\":{\"@id\":\"https:\\\/\\\/batijournal.com\\\/index.php\\\/knauf-fibre-developpe-lactivite-de-lunique-usine-francaise-de-laine-de-bois\\\/97522\\\/#breadcrumb\"},\"inLanguage\":\"fr-FR\",\"potentialAction\":[{\"@type\":\"ReadAction\",\"target\":[\"https:\\\/\\\/batijournal.com\\\/index.php\\\/knauf-fibre-developpe-lactivite-de-lunique-usine-francaise-de-laine-de-bois\\\/97522\\\/\"]}]},{\"@type\":\"ImageObject\",\"inLanguage\":\"fr-FR\",\"@id\":\"https:\\\/\\\/batijournal.com\\\/index.php\\\/knauf-fibre-developpe-lactivite-de-lunique-usine-francaise-de-laine-de-bois\\\/97522\\\/#primaryimage\",\"url\":\"https:\\\/\\\/batijournal.com\\\/wp-content\\\/uploads\\\/2017\\\/11\\\/Knauf-Fibre-laine-de-bois.jpg\",\"contentUrl\":\"https:\\\/\\\/batijournal.com\\\/wp-content\\\/uploads\\\/2017\\\/11\\\/Knauf-Fibre-laine-de-bois.jpg\",\"width\":1200,\"height\":799},{\"@type\":\"BreadcrumbList\",\"@id\":\"https:\\\/\\\/batijournal.com\\\/index.php\\\/knauf-fibre-developpe-lactivite-de-lunique-usine-francaise-de-laine-de-bois\\\/97522\\\/#breadcrumb\",\"itemListElement\":[{\"@type\":\"ListItem\",\"position\":1,\"name\":\"Accueil\",\"item\":\"https:\\\/\\\/batijournal.com\\\/\"},{\"@type\":\"ListItem\",\"position\":2,\"name\":\"Actualit\u00e9s\",\"item\":\"https:\\\/\\\/batijournal.com\\\/index.php\\\/category\\\/actualites\\\/\"},{\"@type\":\"ListItem\",\"position\":3,\"name\":\"\u00c9conomie &amp; March\u00e9s\",\"item\":\"https:\\\/\\\/batijournal.com\\\/index.php\\\/category\\\/actualites\\\/economie-marches\\\/\"},{\"@type\":\"ListItem\",\"position\":4,\"name\":\"Knauf Fibre d\u00e9veloppe l\u2019activit\u00e9 de l\u2019unique usine fran\u00e7aise de laine de bois\"}]},{\"@type\":\"WebSite\",\"@id\":\"https:\\\/\\\/batijournal.com\\\/#website\",\"url\":\"https:\\\/\\\/batijournal.com\\\/\",\"name\":\"Batijournal\",\"description\":\"L&#039;actualit\u00e9 du b\u00e2timent\",\"potentialAction\":[{\"@type\":\"SearchAction\",\"target\":{\"@type\":\"EntryPoint\",\"urlTemplate\":\"https:\\\/\\\/batijournal.com\\\/?s={search_term_string}\"},\"query-input\":{\"@type\":\"PropertyValueSpecification\",\"valueRequired\":true,\"valueName\":\"search_term_string\"}}],\"inLanguage\":\"fr-FR\"},{\"@type\":\"Person\",\"@id\":\"https:\\\/\\\/batijournal.com\\\/#\\\/schema\\\/person\\\/1dc96ec6957aa1ccb25ebe78bb19f100\",\"name\":\"St\u00e9phane Miget\",\"image\":{\"@type\":\"ImageObject\",\"inLanguage\":\"fr-FR\",\"@id\":\"https:\\\/\\\/secure.gravatar.com\\\/avatar\\\/89915563d925342126b8ef0281b93d9d7fc337043e8df017f780908eb9644451?s=96&d=mm&r=g\",\"url\":\"https:\\\/\\\/secure.gravatar.com\\\/avatar\\\/89915563d925342126b8ef0281b93d9d7fc337043e8df017f780908eb9644451?s=96&d=mm&r=g\",\"contentUrl\":\"https:\\\/\\\/secure.gravatar.com\\\/avatar\\\/89915563d925342126b8ef0281b93d9d7fc337043e8df017f780908eb9644451?s=96&d=mm&r=g\",\"caption\":\"St\u00e9phane Miget\"},\"url\":\"https:\\\/\\\/batijournal.com\\\/index.php\\\/author\\\/stephane\\\/\"}]}<\/script>\n<!-- \/ Yoast SEO plugin. -->","yoast_head_json":{"title":"Knauf Fibre d\u00e9veloppe l\u2019activit\u00e9 de l\u2019unique usine fran\u00e7aise de laine de bois","robots":{"index":"index","follow":"follow","max-snippet":"max-snippet:-1","max-image-preview":"max-image-preview:large","max-video-preview":"max-video-preview:-1"},"canonical":"https:\/\/batijournal.com\/index.php\/knauf-fibre-developpe-lactivite-de-lunique-usine-francaise-de-laine-de-bois\/97522\/","og_locale":"fr_FR","og_type":"article","og_title":"Knauf Fibre d\u00e9veloppe l\u2019activit\u00e9 de l\u2019unique usine fran\u00e7aise de laine de bois","og_description":"Knauf Fibre poss\u00e8de \u00e0 La C\u00f4te (70), la seule usine en France de production de laine de bois qui est d\u00e9di\u00e9e \u00e0 la fabrication d\u2019isolants pour l\u2019isolation en sous-face de dalles (Fibralith) et l\u2019isolation acoustique des plafonds (gamme Organic). Gr\u00e2ce \u00e0 un nouvel investissement, une nouvelle unit\u00e9 de fa\u00e7onnage, qui emploie 6 collaborateurs, permet la [&hellip;]","og_url":"https:\/\/batijournal.com\/index.php\/knauf-fibre-developpe-lactivite-de-lunique-usine-francaise-de-laine-de-bois\/97522\/","og_site_name":"Batijournal","article_published_time":"2017-11-15T09:17:14+00:00","article_modified_time":"2019-07-15T10:13:07+00:00","og_image":[{"width":1200,"height":799,"url":"https:\/\/batijournal.com\/wp-content\/uploads\/2017\/11\/Knauf-Fibre-laine-de-bois.jpg","type":"image\/jpeg"}],"author":"St\u00e9phane Miget","twitter_card":"summary_large_image","twitter_creator":"@bati_journal","twitter_site":"@bati_journal","twitter_misc":{"\u00c9crit par":"St\u00e9phane Miget","Dur\u00e9e de lecture estim\u00e9e":"1 minute"},"schema":{"@context":"https:\/\/schema.org","@graph":[{"@type":"Article","@id":"https:\/\/batijournal.com\/index.php\/knauf-fibre-developpe-lactivite-de-lunique-usine-francaise-de-laine-de-bois\/97522\/#article","isPartOf":{"@id":"https:\/\/batijournal.com\/index.php\/knauf-fibre-developpe-lactivite-de-lunique-usine-francaise-de-laine-de-bois\/97522\/"},"author":{"name":"St\u00e9phane Miget","@id":"https:\/\/batijournal.com\/#\/schema\/person\/1dc96ec6957aa1ccb25ebe78bb19f100"},"headline":"Knauf Fibre d\u00e9veloppe l\u2019activit\u00e9 de l\u2019unique usine fran\u00e7aise de laine de bois","datePublished":"2017-11-15T09:17:14+00:00","dateModified":"2019-07-15T10:13:07+00:00","mainEntityOfPage":{"@id":"https:\/\/batijournal.com\/index.php\/knauf-fibre-developpe-lactivite-de-lunique-usine-francaise-de-laine-de-bois\/97522\/"},"wordCount":148,"image":{"@id":"https:\/\/batijournal.com\/index.php\/knauf-fibre-developpe-lactivite-de-lunique-usine-francaise-de-laine-de-bois\/97522\/#primaryimage"},"thumbnailUrl":"https:\/\/batijournal.com\/wp-content\/uploads\/2017\/11\/Knauf-Fibre-laine-de-bois.jpg","keywords":["Knauf"],"articleSection":["Actualit\u00e9s","\u00c9conomie &amp; March\u00e9s"],"inLanguage":"fr-FR"},{"@type":"WebPage","@id":"https:\/\/batijournal.com\/index.php\/knauf-fibre-developpe-lactivite-de-lunique-usine-francaise-de-laine-de-bois\/97522\/","url":"https:\/\/batijournal.com\/index.php\/knauf-fibre-developpe-lactivite-de-lunique-usine-francaise-de-laine-de-bois\/97522\/","name":"Knauf Fibre d\u00e9veloppe l\u2019activit\u00e9 de l\u2019unique usine fran\u00e7aise de laine de bois","isPartOf":{"@id":"https:\/\/batijournal.com\/#website"},"primaryImageOfPage":{"@id":"https:\/\/batijournal.com\/index.php\/knauf-fibre-developpe-lactivite-de-lunique-usine-francaise-de-laine-de-bois\/97522\/#primaryimage"},"image":{"@id":"https:\/\/batijournal.com\/index.php\/knauf-fibre-developpe-lactivite-de-lunique-usine-francaise-de-laine-de-bois\/97522\/#primaryimage"},"thumbnailUrl":"https:\/\/batijournal.com\/wp-content\/uploads\/2017\/11\/Knauf-Fibre-laine-de-bois.jpg","datePublished":"2017-11-15T09:17:14+00:00","dateModified":"2019-07-15T10:13:07+00:00","author":{"@id":"https:\/\/batijournal.com\/#\/schema\/person\/1dc96ec6957aa1ccb25ebe78bb19f100"},"breadcrumb":{"@id":"https:\/\/batijournal.com\/index.php\/knauf-fibre-developpe-lactivite-de-lunique-usine-francaise-de-laine-de-bois\/97522\/#breadcrumb"},"inLanguage":"fr-FR","potentialAction":[{"@type":"ReadAction","target":["https:\/\/batijournal.com\/index.php\/knauf-fibre-developpe-lactivite-de-lunique-usine-francaise-de-laine-de-bois\/97522\/"]}]},{"@type":"ImageObject","inLanguage":"fr-FR","@id":"https:\/\/batijournal.com\/index.php\/knauf-fibre-developpe-lactivite-de-lunique-usine-francaise-de-laine-de-bois\/97522\/#primaryimage","url":"https:\/\/batijournal.com\/wp-content\/uploads\/2017\/11\/Knauf-Fibre-laine-de-bois.jpg","contentUrl":"https:\/\/batijournal.com\/wp-content\/uploads\/2017\/11\/Knauf-Fibre-laine-de-bois.jpg","width":1200,"height":799},{"@type":"BreadcrumbList","@id":"https:\/\/batijournal.com\/index.php\/knauf-fibre-developpe-lactivite-de-lunique-usine-francaise-de-laine-de-bois\/97522\/#breadcrumb","itemListElement":[{"@type":"ListItem","position":1,"name":"Accueil","item":"https:\/\/batijournal.com\/"},{"@type":"ListItem","position":2,"name":"Actualit\u00e9s","item":"https:\/\/batijournal.com\/index.php\/category\/actualites\/"},{"@type":"ListItem","position":3,"name":"\u00c9conomie &amp; March\u00e9s","item":"https:\/\/batijournal.com\/index.php\/category\/actualites\/economie-marches\/"},{"@type":"ListItem","position":4,"name":"Knauf Fibre d\u00e9veloppe l\u2019activit\u00e9 de l\u2019unique usine fran\u00e7aise de laine de bois"}]},{"@type":"WebSite","@id":"https:\/\/batijournal.com\/#website","url":"https:\/\/batijournal.com\/","name":"Batijournal","description":"L&#039;actualit\u00e9 du b\u00e2timent","potentialAction":[{"@type":"SearchAction","target":{"@type":"EntryPoint","urlTemplate":"https:\/\/batijournal.com\/?s={search_term_string}"},"query-input":{"@type":"PropertyValueSpecification","valueRequired":true,"valueName":"search_term_string"}}],"inLanguage":"fr-FR"},{"@type":"Person","@id":"https:\/\/batijournal.com\/#\/schema\/person\/1dc96ec6957aa1ccb25ebe78bb19f100","name":"St\u00e9phane Miget","image":{"@type":"ImageObject","inLanguage":"fr-FR","@id":"https:\/\/secure.gravatar.com\/avatar\/89915563d925342126b8ef0281b93d9d7fc337043e8df017f780908eb9644451?s=96&d=mm&r=g","url":"https:\/\/secure.gravatar.com\/avatar\/89915563d925342126b8ef0281b93d9d7fc337043e8df017f780908eb9644451?s=96&d=mm&r=g","contentUrl":"https:\/\/secure.gravatar.com\/avatar\/89915563d925342126b8ef0281b93d9d7fc337043e8df017f780908eb9644451?s=96&d=mm&r=g","caption":"St\u00e9phane Miget"},"url":"https:\/\/batijournal.com\/index.php\/author\/stephane\/"}]}},"_links":{"self":[{"href":"https:\/\/batijournal.com\/index.php\/wp-json\/wp\/v2\/posts\/97522","targetHints":{"allow":["GET"]}}],"collection":[{"href":"https:\/\/batijournal.com\/index.php\/wp-json\/wp\/v2\/posts"}],"about":[{"href":"https:\/\/batijournal.com\/index.php\/wp-json\/wp\/v2\/types\/post"}],"author":[{"embeddable":true,"href":"https:\/\/batijournal.com\/index.php\/wp-json\/wp\/v2\/users\/17"}],"replies":[{"embeddable":true,"href":"https:\/\/batijournal.com\/index.php\/wp-json\/wp\/v2\/comments?post=97522"}],"version-history":[{"count":0,"href":"https:\/\/batijournal.com\/index.php\/wp-json\/wp\/v2\/posts\/97522\/revisions"}],"wp:featuredmedia":[{"embeddable":true,"href":"https:\/\/batijournal.com\/index.php\/wp-json\/wp\/v2\/media\/97523"}],"wp:attachment":[{"href":"https:\/\/batijournal.com\/index.php\/wp-json\/wp\/v2\/media?parent=97522"}],"wp:term":[{"taxonomy":"category","embeddable":true,"href":"https:\/\/batijournal.com\/index.php\/wp-json\/wp\/v2\/categories?post=97522"},{"taxonomy":"post_tag","embeddable":true,"href":"https:\/\/batijournal.com\/index.php\/wp-json\/wp\/v2\/tags?post=97522"}],"curies":[{"name":"wp","href":"https:\/\/api.w.org\/{rel}","templated":true}]}}