{"id":97524,"date":"2017-11-15T10:23:19","date_gmt":"2017-11-15T09:23:19","guid":{"rendered":"http:\/\/batijournal.com\/?p=97524"},"modified":"2019-07-15T12:23:35","modified_gmt":"2019-07-15T10:23:35","slug":"donnez-avis-strategie-nationale-bas-carbone","status":"publish","type":"post","link":"https:\/\/batijournal.com\/index.php\/donnez-avis-strategie-nationale-bas-carbone\/97524\/","title":{"rendered":"Donnez votre avis sur\u00a0la strat\u00e9gie nationale bas-carbone"},"content":{"rendered":"<p>Nicolas Hulot, ministre d\u2019\u00c9tat, ministre de la Transition \u00e9cologique et solidaire, appelle les Fran\u00e7ais \u00e0 participer \u00e0 l\u2019\u00e9laboration de la nouvelle Strat\u00e9gie nationale bas-carbone. Elle fixera d\u2019ici fin 2018 une nouvelle trajectoire de r\u00e9duction d\u2019\u00e9missions plus ambitieuse, conform\u00e9ment aux engagements de l\u2019Accord de Paris, pour prendre en compte notre objectif de neutralit\u00e9 carbone \u00e0 l&rsquo;horizon 2050. Elle s&rsquo;appuiera sur des mesures tr\u00e8s concr\u00e8tes en lien avec le Plan climat. Il est possible de formuler d\u2019ici le 17 d\u00e9cembre 2017 des propositions via un questionnaire en ligne, qui contribueront \u00e0 enrichir la r\u00e9vision de la strat\u00e9gie bas-carbone. Une synth\u00e8se des contributions sera publi\u00e9e d\u00e9but 2018 et sera remise aux \u00e9lus, professionnels, syndicats, ONG et experts en charge d\u2019\u00e9laborer avec les minist\u00e8res la nouvelle strat\u00e9gie, \u00e0 la fois ambitieuse et en prise avec les aspirations des Fran\u00e7ais.<\/p>\n<p><a href=\"http:\/\/enqueteur.dgec.developpement-durable.gouv.fr\/index.php?sid=32481&amp;lang=fr\" target=\"_blank\" rel=\"noopener noreferrer\">Le questionnaire&#8230;<\/a><\/p>\n<p>&nbsp;<\/p>\n","protected":false},"excerpt":{"rendered":"<p>Nicolas Hulot, ministre d\u2019\u00c9tat, ministre de la Transition \u00e9cologique et solidaire, appelle les Fran\u00e7ais \u00e0 participer \u00e0 l\u2019\u00e9laboration de la nouvelle Strat\u00e9gie nationale bas-carbone. Elle fixera d\u2019ici fin 2018 une nouvelle trajectoire de r\u00e9duction d\u2019\u00e9missions plus ambitieuse, conform\u00e9ment aux engagements de l\u2019Accord de Paris, pour prendre en compte notre objectif de neutralit\u00e9 carbone \u00e0 l&rsquo;horizon [&hellip;]<\/p>\n","protected":false},"author":17,"featured_media":87064,"comment_status":"closed","ping_status":"closed","sticky":false,"template":"","format":"standard","meta":{"_et_pb_use_builder":"","_et_pb_old_content":"","_et_gb_content_width":"","footnotes":""},"categories":[10530,6351],"tags":[],"class_list":["post-97524","post","type-post","status-publish","format-standard","has-post-thumbnail","hentry","category-actualites","category-energie-environnement"],"yoast_head":"<!-- This site is optimized with the Yoast SEO plugin v27.4 - https:\/\/yoast.com\/product\/yoast-seo-wordpress\/ -->\n<title>Donnez votre avis sur\u00a0la strat\u00e9gie nationale bas-carbone<\/title>\n<meta name=\"robots\" content=\"index, follow, max-snippet:-1, max-image-preview:large, max-video-preview:-1\" \/>\n<link rel=\"canonical\" href=\"https:\/\/batijournal.com\/index.php\/donnez-avis-strategie-nationale-bas-carbone\/97524\/\" \/>\n<meta property=\"og:locale\" content=\"fr_FR\" \/>\n<meta property=\"og:type\" content=\"article\" \/>\n<meta property=\"og:title\" content=\"Donnez votre avis sur\u00a0la strat\u00e9gie nationale bas-carbone\" \/>\n<meta property=\"og:description\" content=\"Nicolas Hulot, ministre d\u2019\u00c9tat, ministre de la Transition \u00e9cologique et solidaire, appelle les Fran\u00e7ais \u00e0 participer \u00e0 l\u2019\u00e9laboration de la nouvelle Strat\u00e9gie nationale bas-carbone. Elle fixera d\u2019ici fin 2018 une nouvelle trajectoire de r\u00e9duction d\u2019\u00e9missions plus ambitieuse, conform\u00e9ment aux engagements de l\u2019Accord de Paris, pour prendre en compte notre objectif de neutralit\u00e9 carbone \u00e0 l&rsquo;horizon [&hellip;]\" \/>\n<meta property=\"og:url\" content=\"https:\/\/batijournal.com\/index.php\/donnez-avis-strategie-nationale-bas-carbone\/97524\/\" \/>\n<meta property=\"og:site_name\" content=\"Batijournal\" \/>\n<meta property=\"article:published_time\" content=\"2017-11-15T09:23:19+00:00\" \/>\n<meta property=\"article:modified_time\" content=\"2019-07-15T10:23:35+00:00\" \/>\n<meta property=\"og:image\" content=\"https:\/\/batijournal.com\/wp-content\/uploads\/2015\/05\/99167124.jpg\" \/>\n\t<meta property=\"og:image:width\" content=\"600\" \/>\n\t<meta property=\"og:image:height\" content=\"296\" \/>\n\t<meta property=\"og:image:type\" content=\"image\/jpeg\" \/>\n<meta name=\"author\" content=\"St\u00e9phane Miget\" \/>\n<meta name=\"twitter:card\" content=\"summary_large_image\" \/>\n<meta name=\"twitter:creator\" content=\"@bati_journal\" \/>\n<meta name=\"twitter:site\" content=\"@bati_journal\" \/>\n<meta name=\"twitter:label1\" content=\"\u00c9crit par\" \/>\n\t<meta name=\"twitter:data1\" content=\"St\u00e9phane Miget\" \/>\n\t<meta name=\"twitter:label2\" content=\"Dur\u00e9e de lecture estim\u00e9e\" \/>\n\t<meta name=\"twitter:data2\" content=\"1 minute\" \/>\n<script type=\"application\/ld+json\" class=\"yoast-schema-graph\">{\"@context\":\"https:\\\/\\\/schema.org\",\"@graph\":[{\"@type\":\"Article\",\"@id\":\"https:\\\/\\\/batijournal.com\\\/index.php\\\/donnez-avis-strategie-nationale-bas-carbone\\\/97524\\\/#article\",\"isPartOf\":{\"@id\":\"https:\\\/\\\/batijournal.com\\\/index.php\\\/donnez-avis-strategie-nationale-bas-carbone\\\/97524\\\/\"},\"author\":{\"name\":\"St\u00e9phane Miget\",\"@id\":\"https:\\\/\\\/batijournal.com\\\/#\\\/schema\\\/person\\\/1dc96ec6957aa1ccb25ebe78bb19f100\"},\"headline\":\"Donnez votre avis sur\u00a0la strat\u00e9gie nationale bas-carbone\",\"datePublished\":\"2017-11-15T09:23:19+00:00\",\"dateModified\":\"2019-07-15T10:23:35+00:00\",\"mainEntityOfPage\":{\"@id\":\"https:\\\/\\\/batijournal.com\\\/index.php\\\/donnez-avis-strategie-nationale-bas-carbone\\\/97524\\\/\"},\"wordCount\":161,\"image\":{\"@id\":\"https:\\\/\\\/batijournal.com\\\/index.php\\\/donnez-avis-strategie-nationale-bas-carbone\\\/97524\\\/#primaryimage\"},\"thumbnailUrl\":\"https:\\\/\\\/batijournal.com\\\/wp-content\\\/uploads\\\/2015\\\/05\\\/99167124.jpg\",\"articleSection\":[\"Actualit\u00e9s\",\"\u00c9nergie &amp; Environnement\"],\"inLanguage\":\"fr-FR\"},{\"@type\":\"WebPage\",\"@id\":\"https:\\\/\\\/batijournal.com\\\/index.php\\\/donnez-avis-strategie-nationale-bas-carbone\\\/97524\\\/\",\"url\":\"https:\\\/\\\/batijournal.com\\\/index.php\\\/donnez-avis-strategie-nationale-bas-carbone\\\/97524\\\/\",\"name\":\"Donnez votre avis sur\u00a0la strat\u00e9gie nationale bas-carbone\",\"isPartOf\":{\"@id\":\"https:\\\/\\\/batijournal.com\\\/#website\"},\"primaryImageOfPage\":{\"@id\":\"https:\\\/\\\/batijournal.com\\\/index.php\\\/donnez-avis-strategie-nationale-bas-carbone\\\/97524\\\/#primaryimage\"},\"image\":{\"@id\":\"https:\\\/\\\/batijournal.com\\\/index.php\\\/donnez-avis-strategie-nationale-bas-carbone\\\/97524\\\/#primaryimage\"},\"thumbnailUrl\":\"https:\\\/\\\/batijournal.com\\\/wp-content\\\/uploads\\\/2015\\\/05\\\/99167124.jpg\",\"datePublished\":\"2017-11-15T09:23:19+00:00\",\"dateModified\":\"2019-07-15T10:23:35+00:00\",\"author\":{\"@id\":\"https:\\\/\\\/batijournal.com\\\/#\\\/schema\\\/person\\\/1dc96ec6957aa1ccb25ebe78bb19f100\"},\"breadcrumb\":{\"@id\":\"https:\\\/\\\/batijournal.com\\\/index.php\\\/donnez-avis-strategie-nationale-bas-carbone\\\/97524\\\/#breadcrumb\"},\"inLanguage\":\"fr-FR\",\"potentialAction\":[{\"@type\":\"ReadAction\",\"target\":[\"https:\\\/\\\/batijournal.com\\\/index.php\\\/donnez-avis-strategie-nationale-bas-carbone\\\/97524\\\/\"]}]},{\"@type\":\"ImageObject\",\"inLanguage\":\"fr-FR\",\"@id\":\"https:\\\/\\\/batijournal.com\\\/index.php\\\/donnez-avis-strategie-nationale-bas-carbone\\\/97524\\\/#primaryimage\",\"url\":\"https:\\\/\\\/batijournal.com\\\/wp-content\\\/uploads\\\/2015\\\/05\\\/99167124.jpg\",\"contentUrl\":\"https:\\\/\\\/batijournal.com\\\/wp-content\\\/uploads\\\/2015\\\/05\\\/99167124.jpg\",\"width\":600,\"height\":296,\"caption\":\"label-transition-energetique-et-ecologique-pour-le-climat\"},{\"@type\":\"BreadcrumbList\",\"@id\":\"https:\\\/\\\/batijournal.com\\\/index.php\\\/donnez-avis-strategie-nationale-bas-carbone\\\/97524\\\/#breadcrumb\",\"itemListElement\":[{\"@type\":\"ListItem\",\"position\":1,\"name\":\"Accueil\",\"item\":\"https:\\\/\\\/batijournal.com\\\/\"},{\"@type\":\"ListItem\",\"position\":2,\"name\":\"Actualit\u00e9s\",\"item\":\"https:\\\/\\\/batijournal.com\\\/index.php\\\/category\\\/actualites\\\/\"},{\"@type\":\"ListItem\",\"position\":3,\"name\":\"Donnez votre avis sur\u00a0la strat\u00e9gie nationale bas-carbone\"}]},{\"@type\":\"WebSite\",\"@id\":\"https:\\\/\\\/batijournal.com\\\/#website\",\"url\":\"https:\\\/\\\/batijournal.com\\\/\",\"name\":\"Batijournal\",\"description\":\"L&#039;actualit\u00e9 du b\u00e2timent\",\"potentialAction\":[{\"@type\":\"SearchAction\",\"target\":{\"@type\":\"EntryPoint\",\"urlTemplate\":\"https:\\\/\\\/batijournal.com\\\/?s={search_term_string}\"},\"query-input\":{\"@type\":\"PropertyValueSpecification\",\"valueRequired\":true,\"valueName\":\"search_term_string\"}}],\"inLanguage\":\"fr-FR\"},{\"@type\":\"Person\",\"@id\":\"https:\\\/\\\/batijournal.com\\\/#\\\/schema\\\/person\\\/1dc96ec6957aa1ccb25ebe78bb19f100\",\"name\":\"St\u00e9phane Miget\",\"image\":{\"@type\":\"ImageObject\",\"inLanguage\":\"fr-FR\",\"@id\":\"https:\\\/\\\/secure.gravatar.com\\\/avatar\\\/89915563d925342126b8ef0281b93d9d7fc337043e8df017f780908eb9644451?s=96&d=mm&r=g\",\"url\":\"https:\\\/\\\/secure.gravatar.com\\\/avatar\\\/89915563d925342126b8ef0281b93d9d7fc337043e8df017f780908eb9644451?s=96&d=mm&r=g\",\"contentUrl\":\"https:\\\/\\\/secure.gravatar.com\\\/avatar\\\/89915563d925342126b8ef0281b93d9d7fc337043e8df017f780908eb9644451?s=96&d=mm&r=g\",\"caption\":\"St\u00e9phane Miget\"},\"url\":\"https:\\\/\\\/batijournal.com\\\/index.php\\\/author\\\/stephane\\\/\"}]}<\/script>\n<!-- \/ Yoast SEO plugin. -->","yoast_head_json":{"title":"Donnez votre avis sur\u00a0la strat\u00e9gie nationale bas-carbone","robots":{"index":"index","follow":"follow","max-snippet":"max-snippet:-1","max-image-preview":"max-image-preview:large","max-video-preview":"max-video-preview:-1"},"canonical":"https:\/\/batijournal.com\/index.php\/donnez-avis-strategie-nationale-bas-carbone\/97524\/","og_locale":"fr_FR","og_type":"article","og_title":"Donnez votre avis sur\u00a0la strat\u00e9gie nationale bas-carbone","og_description":"Nicolas Hulot, ministre d\u2019\u00c9tat, ministre de la Transition \u00e9cologique et solidaire, appelle les Fran\u00e7ais \u00e0 participer \u00e0 l\u2019\u00e9laboration de la nouvelle Strat\u00e9gie nationale bas-carbone. Elle fixera d\u2019ici fin 2018 une nouvelle trajectoire de r\u00e9duction d\u2019\u00e9missions plus ambitieuse, conform\u00e9ment aux engagements de l\u2019Accord de Paris, pour prendre en compte notre objectif de neutralit\u00e9 carbone \u00e0 l&rsquo;horizon [&hellip;]","og_url":"https:\/\/batijournal.com\/index.php\/donnez-avis-strategie-nationale-bas-carbone\/97524\/","og_site_name":"Batijournal","article_published_time":"2017-11-15T09:23:19+00:00","article_modified_time":"2019-07-15T10:23:35+00:00","og_image":[{"width":600,"height":296,"url":"https:\/\/batijournal.com\/wp-content\/uploads\/2015\/05\/99167124.jpg","type":"image\/jpeg"}],"author":"St\u00e9phane Miget","twitter_card":"summary_large_image","twitter_creator":"@bati_journal","twitter_site":"@bati_journal","twitter_misc":{"\u00c9crit par":"St\u00e9phane Miget","Dur\u00e9e de lecture estim\u00e9e":"1 minute"},"schema":{"@context":"https:\/\/schema.org","@graph":[{"@type":"Article","@id":"https:\/\/batijournal.com\/index.php\/donnez-avis-strategie-nationale-bas-carbone\/97524\/#article","isPartOf":{"@id":"https:\/\/batijournal.com\/index.php\/donnez-avis-strategie-nationale-bas-carbone\/97524\/"},"author":{"name":"St\u00e9phane Miget","@id":"https:\/\/batijournal.com\/#\/schema\/person\/1dc96ec6957aa1ccb25ebe78bb19f100"},"headline":"Donnez votre avis sur\u00a0la strat\u00e9gie nationale bas-carbone","datePublished":"2017-11-15T09:23:19+00:00","dateModified":"2019-07-15T10:23:35+00:00","mainEntityOfPage":{"@id":"https:\/\/batijournal.com\/index.php\/donnez-avis-strategie-nationale-bas-carbone\/97524\/"},"wordCount":161,"image":{"@id":"https:\/\/batijournal.com\/index.php\/donnez-avis-strategie-nationale-bas-carbone\/97524\/#primaryimage"},"thumbnailUrl":"https:\/\/batijournal.com\/wp-content\/uploads\/2015\/05\/99167124.jpg","articleSection":["Actualit\u00e9s","\u00c9nergie &amp; Environnement"],"inLanguage":"fr-FR"},{"@type":"WebPage","@id":"https:\/\/batijournal.com\/index.php\/donnez-avis-strategie-nationale-bas-carbone\/97524\/","url":"https:\/\/batijournal.com\/index.php\/donnez-avis-strategie-nationale-bas-carbone\/97524\/","name":"Donnez votre avis sur\u00a0la strat\u00e9gie nationale bas-carbone","isPartOf":{"@id":"https:\/\/batijournal.com\/#website"},"primaryImageOfPage":{"@id":"https:\/\/batijournal.com\/index.php\/donnez-avis-strategie-nationale-bas-carbone\/97524\/#primaryimage"},"image":{"@id":"https:\/\/batijournal.com\/index.php\/donnez-avis-strategie-nationale-bas-carbone\/97524\/#primaryimage"},"thumbnailUrl":"https:\/\/batijournal.com\/wp-content\/uploads\/2015\/05\/99167124.jpg","datePublished":"2017-11-15T09:23:19+00:00","dateModified":"2019-07-15T10:23:35+00:00","author":{"@id":"https:\/\/batijournal.com\/#\/schema\/person\/1dc96ec6957aa1ccb25ebe78bb19f100"},"breadcrumb":{"@id":"https:\/\/batijournal.com\/index.php\/donnez-avis-strategie-nationale-bas-carbone\/97524\/#breadcrumb"},"inLanguage":"fr-FR","potentialAction":[{"@type":"ReadAction","target":["https:\/\/batijournal.com\/index.php\/donnez-avis-strategie-nationale-bas-carbone\/97524\/"]}]},{"@type":"ImageObject","inLanguage":"fr-FR","@id":"https:\/\/batijournal.com\/index.php\/donnez-avis-strategie-nationale-bas-carbone\/97524\/#primaryimage","url":"https:\/\/batijournal.com\/wp-content\/uploads\/2015\/05\/99167124.jpg","contentUrl":"https:\/\/batijournal.com\/wp-content\/uploads\/2015\/05\/99167124.jpg","width":600,"height":296,"caption":"label-transition-energetique-et-ecologique-pour-le-climat"},{"@type":"BreadcrumbList","@id":"https:\/\/batijournal.com\/index.php\/donnez-avis-strategie-nationale-bas-carbone\/97524\/#breadcrumb","itemListElement":[{"@type":"ListItem","position":1,"name":"Accueil","item":"https:\/\/batijournal.com\/"},{"@type":"ListItem","position":2,"name":"Actualit\u00e9s","item":"https:\/\/batijournal.com\/index.php\/category\/actualites\/"},{"@type":"ListItem","position":3,"name":"Donnez votre avis sur\u00a0la strat\u00e9gie nationale bas-carbone"}]},{"@type":"WebSite","@id":"https:\/\/batijournal.com\/#website","url":"https:\/\/batijournal.com\/","name":"Batijournal","description":"L&#039;actualit\u00e9 du b\u00e2timent","potentialAction":[{"@type":"SearchAction","target":{"@type":"EntryPoint","urlTemplate":"https:\/\/batijournal.com\/?s={search_term_string}"},"query-input":{"@type":"PropertyValueSpecification","valueRequired":true,"valueName":"search_term_string"}}],"inLanguage":"fr-FR"},{"@type":"Person","@id":"https:\/\/batijournal.com\/#\/schema\/person\/1dc96ec6957aa1ccb25ebe78bb19f100","name":"St\u00e9phane Miget","image":{"@type":"ImageObject","inLanguage":"fr-FR","@id":"https:\/\/secure.gravatar.com\/avatar\/89915563d925342126b8ef0281b93d9d7fc337043e8df017f780908eb9644451?s=96&d=mm&r=g","url":"https:\/\/secure.gravatar.com\/avatar\/89915563d925342126b8ef0281b93d9d7fc337043e8df017f780908eb9644451?s=96&d=mm&r=g","contentUrl":"https:\/\/secure.gravatar.com\/avatar\/89915563d925342126b8ef0281b93d9d7fc337043e8df017f780908eb9644451?s=96&d=mm&r=g","caption":"St\u00e9phane Miget"},"url":"https:\/\/batijournal.com\/index.php\/author\/stephane\/"}]}},"_links":{"self":[{"href":"https:\/\/batijournal.com\/index.php\/wp-json\/wp\/v2\/posts\/97524","targetHints":{"allow":["GET"]}}],"collection":[{"href":"https:\/\/batijournal.com\/index.php\/wp-json\/wp\/v2\/posts"}],"about":[{"href":"https:\/\/batijournal.com\/index.php\/wp-json\/wp\/v2\/types\/post"}],"author":[{"embeddable":true,"href":"https:\/\/batijournal.com\/index.php\/wp-json\/wp\/v2\/users\/17"}],"replies":[{"embeddable":true,"href":"https:\/\/batijournal.com\/index.php\/wp-json\/wp\/v2\/comments?post=97524"}],"version-history":[{"count":0,"href":"https:\/\/batijournal.com\/index.php\/wp-json\/wp\/v2\/posts\/97524\/revisions"}],"wp:featuredmedia":[{"embeddable":true,"href":"https:\/\/batijournal.com\/index.php\/wp-json\/wp\/v2\/media\/87064"}],"wp:attachment":[{"href":"https:\/\/batijournal.com\/index.php\/wp-json\/wp\/v2\/media?parent=97524"}],"wp:term":[{"taxonomy":"category","embeddable":true,"href":"https:\/\/batijournal.com\/index.php\/wp-json\/wp\/v2\/categories?post=97524"},{"taxonomy":"post_tag","embeddable":true,"href":"https:\/\/batijournal.com\/index.php\/wp-json\/wp\/v2\/tags?post=97524"}],"curies":[{"name":"wp","href":"https:\/\/api.w.org\/{rel}","templated":true}]}}