{"id":97550,"date":"2017-11-16T11:35:27","date_gmt":"2017-11-16T10:35:27","guid":{"rendered":"http:\/\/batijournal.com\/?p=97550"},"modified":"2019-07-15T11:34:04","modified_gmt":"2019-07-15T09:34:04","slug":"paris-a-recu-prix-icapitale-dote-de-1-000-000-e","status":"publish","type":"post","link":"https:\/\/batijournal.com\/index.php\/paris-a-recu-prix-icapitale-dote-de-1-000-000-e\/97550\/","title":{"rendered":"Paris a re\u00e7u le prix iCapitale dot\u00e9 de 1 million d&rsquo;euros"},"content":{"rendered":"<p>L&rsquo;appel \u00e0 candidature pour le prix de la \u00abCapitale europ\u00e9enne de l&rsquo;innovation 2017\u00bb a \u00e9t\u00e9 lanc\u00e9 en mars 2017. Il s&rsquo;adressait aux villes de plus de 100 000 habitants situ\u00e9es dans les \u00c9tats membres et les pays associ\u00e9s au programme Horizon 2020. Trente-deux villes de dix-sept pays diff\u00e9rents ont pris part au concours. La Commission europ\u00e9enne a d\u00e9cern\u00e9 le prix iCapitale, dot\u00e9 de 1 000 000 \u20ac, \u00e0 Paris. Ces dix derni\u00e8res ann\u00e9es, la capitale fran\u00e7aise a construit plus de 100 000 m\u00e8tres carr\u00e9s d&rsquo;incubateurs et elle abrite aujourd&rsquo;hui le plus grand campus de startups au monde. En outre, la ville consacre 5 % de son budget au financement de projets propos\u00e9s et ex\u00e9cut\u00e9s par les citoyens eux-m\u00eames. Cette strat\u00e9gie a permis aux Parisiens et aux innovateurs des secteurs priv\u00e9, non marchand et universitaire de faire de Paris une v\u00e9ritable \u00ab\u00a0FabCity\u00a0\u00bb. Le projet R\u00e9inventer Paris est un bon exemple de la mani\u00e8re dont une ville favorise l&rsquo;innovation en invitant des talents nationaux et internationaux \u00e0 r\u00e9am\u00e9nager un grand nombre de ses sites embl\u00e9matiques. Dans la phase actuelle du projet, la ville invite des \u00e9quipes interdisciplinaires \u00e0 soumettre des projets urbains innovants pour transformer plusieurs sites souterrains de Paris. Parmi les finalistes se sont \u00e9galement distingu\u00e9es Tallinn (Estonie) et Tel-Aviv (Isra\u00ebl).<\/p>\n","protected":false},"excerpt":{"rendered":"<p>L&rsquo;appel \u00e0 candidature pour le prix de la \u00abCapitale europ\u00e9enne de l&rsquo;innovation 2017\u00bb a \u00e9t\u00e9 lanc\u00e9 en mars 2017. Il s&rsquo;adressait aux villes de plus de 100 000 habitants situ\u00e9es dans les \u00c9tats membres et les pays associ\u00e9s au programme Horizon 2020. Trente-deux villes de dix-sept pays diff\u00e9rents ont pris part au concours. La Commission [&hellip;]<\/p>\n","protected":false},"author":17,"featured_media":97551,"comment_status":"closed","ping_status":"closed","sticky":false,"template":"","format":"standard","meta":{"_et_pb_use_builder":"","_et_pb_old_content":"","_et_gb_content_width":"","footnotes":""},"categories":[10530,6345],"tags":[1625],"class_list":["post-97550","post","type-post","status-publish","format-standard","has-post-thumbnail","hentry","category-actualites","category-economie-marches","tag-paris"],"yoast_head":"<!-- This site is optimized with the Yoast SEO plugin v27.4 - https:\/\/yoast.com\/product\/yoast-seo-wordpress\/ -->\n<title>Paris a re\u00e7u le prix iCapitale dot\u00e9 de 1 million d&#039;euros<\/title>\n<meta name=\"robots\" content=\"index, follow, max-snippet:-1, max-image-preview:large, max-video-preview:-1\" \/>\n<link rel=\"canonical\" href=\"https:\/\/batijournal.com\/index.php\/paris-a-recu-prix-icapitale-dote-de-1-000-000-e\/97550\/\" \/>\n<meta property=\"og:locale\" content=\"fr_FR\" \/>\n<meta property=\"og:type\" content=\"article\" \/>\n<meta property=\"og:title\" content=\"Paris a re\u00e7u le prix iCapitale dot\u00e9 de 1 million d&#039;euros\" \/>\n<meta property=\"og:description\" content=\"L&rsquo;appel \u00e0 candidature pour le prix de la \u00abCapitale europ\u00e9enne de l&rsquo;innovation 2017\u00bb a \u00e9t\u00e9 lanc\u00e9 en mars 2017. Il s&rsquo;adressait aux villes de plus de 100 000 habitants situ\u00e9es dans les \u00c9tats membres et les pays associ\u00e9s au programme Horizon 2020. Trente-deux villes de dix-sept pays diff\u00e9rents ont pris part au concours. La Commission [&hellip;]\" \/>\n<meta property=\"og:url\" content=\"https:\/\/batijournal.com\/index.php\/paris-a-recu-prix-icapitale-dote-de-1-000-000-e\/97550\/\" \/>\n<meta property=\"og:site_name\" content=\"Batijournal\" \/>\n<meta property=\"article:published_time\" content=\"2017-11-16T10:35:27+00:00\" \/>\n<meta property=\"article:modified_time\" content=\"2019-07-15T09:34:04+00:00\" \/>\n<meta property=\"og:image\" content=\"https:\/\/batijournal.com\/wp-content\/uploads\/2017\/11\/icapitale.jpg\" \/>\n\t<meta property=\"og:image:width\" content=\"900\" \/>\n\t<meta property=\"og:image:height\" content=\"394\" \/>\n\t<meta property=\"og:image:type\" content=\"image\/jpeg\" \/>\n<meta name=\"author\" content=\"St\u00e9phane Miget\" \/>\n<meta name=\"twitter:card\" content=\"summary_large_image\" \/>\n<meta name=\"twitter:creator\" content=\"@bati_journal\" \/>\n<meta name=\"twitter:site\" content=\"@bati_journal\" \/>\n<meta name=\"twitter:label1\" content=\"\u00c9crit par\" \/>\n\t<meta name=\"twitter:data1\" content=\"St\u00e9phane Miget\" \/>\n\t<meta name=\"twitter:label2\" content=\"Dur\u00e9e de lecture estim\u00e9e\" \/>\n\t<meta name=\"twitter:data2\" content=\"1 minute\" \/>\n<script type=\"application\/ld+json\" class=\"yoast-schema-graph\">{\"@context\":\"https:\\\/\\\/schema.org\",\"@graph\":[{\"@type\":\"Article\",\"@id\":\"https:\\\/\\\/batijournal.com\\\/index.php\\\/paris-a-recu-prix-icapitale-dote-de-1-000-000-e\\\/97550\\\/#article\",\"isPartOf\":{\"@id\":\"https:\\\/\\\/batijournal.com\\\/index.php\\\/paris-a-recu-prix-icapitale-dote-de-1-000-000-e\\\/97550\\\/\"},\"author\":{\"name\":\"St\u00e9phane Miget\",\"@id\":\"https:\\\/\\\/batijournal.com\\\/#\\\/schema\\\/person\\\/1dc96ec6957aa1ccb25ebe78bb19f100\"},\"headline\":\"Paris a re\u00e7u le prix iCapitale dot\u00e9 de 1 million d&rsquo;euros\",\"datePublished\":\"2017-11-16T10:35:27+00:00\",\"dateModified\":\"2019-07-15T09:34:04+00:00\",\"mainEntityOfPage\":{\"@id\":\"https:\\\/\\\/batijournal.com\\\/index.php\\\/paris-a-recu-prix-icapitale-dote-de-1-000-000-e\\\/97550\\\/\"},\"wordCount\":235,\"image\":{\"@id\":\"https:\\\/\\\/batijournal.com\\\/index.php\\\/paris-a-recu-prix-icapitale-dote-de-1-000-000-e\\\/97550\\\/#primaryimage\"},\"thumbnailUrl\":\"https:\\\/\\\/batijournal.com\\\/wp-content\\\/uploads\\\/2017\\\/11\\\/icapitale.jpg\",\"keywords\":[\"paris\"],\"articleSection\":[\"Actualit\u00e9s\",\"\u00c9conomie &amp; March\u00e9s\"],\"inLanguage\":\"fr-FR\"},{\"@type\":\"WebPage\",\"@id\":\"https:\\\/\\\/batijournal.com\\\/index.php\\\/paris-a-recu-prix-icapitale-dote-de-1-000-000-e\\\/97550\\\/\",\"url\":\"https:\\\/\\\/batijournal.com\\\/index.php\\\/paris-a-recu-prix-icapitale-dote-de-1-000-000-e\\\/97550\\\/\",\"name\":\"Paris a re\u00e7u le prix iCapitale dot\u00e9 de 1 million d'euros\",\"isPartOf\":{\"@id\":\"https:\\\/\\\/batijournal.com\\\/#website\"},\"primaryImageOfPage\":{\"@id\":\"https:\\\/\\\/batijournal.com\\\/index.php\\\/paris-a-recu-prix-icapitale-dote-de-1-000-000-e\\\/97550\\\/#primaryimage\"},\"image\":{\"@id\":\"https:\\\/\\\/batijournal.com\\\/index.php\\\/paris-a-recu-prix-icapitale-dote-de-1-000-000-e\\\/97550\\\/#primaryimage\"},\"thumbnailUrl\":\"https:\\\/\\\/batijournal.com\\\/wp-content\\\/uploads\\\/2017\\\/11\\\/icapitale.jpg\",\"datePublished\":\"2017-11-16T10:35:27+00:00\",\"dateModified\":\"2019-07-15T09:34:04+00:00\",\"author\":{\"@id\":\"https:\\\/\\\/batijournal.com\\\/#\\\/schema\\\/person\\\/1dc96ec6957aa1ccb25ebe78bb19f100\"},\"breadcrumb\":{\"@id\":\"https:\\\/\\\/batijournal.com\\\/index.php\\\/paris-a-recu-prix-icapitale-dote-de-1-000-000-e\\\/97550\\\/#breadcrumb\"},\"inLanguage\":\"fr-FR\",\"potentialAction\":[{\"@type\":\"ReadAction\",\"target\":[\"https:\\\/\\\/batijournal.com\\\/index.php\\\/paris-a-recu-prix-icapitale-dote-de-1-000-000-e\\\/97550\\\/\"]}]},{\"@type\":\"ImageObject\",\"inLanguage\":\"fr-FR\",\"@id\":\"https:\\\/\\\/batijournal.com\\\/index.php\\\/paris-a-recu-prix-icapitale-dote-de-1-000-000-e\\\/97550\\\/#primaryimage\",\"url\":\"https:\\\/\\\/batijournal.com\\\/wp-content\\\/uploads\\\/2017\\\/11\\\/icapitale.jpg\",\"contentUrl\":\"https:\\\/\\\/batijournal.com\\\/wp-content\\\/uploads\\\/2017\\\/11\\\/icapitale.jpg\",\"width\":900,\"height\":394},{\"@type\":\"BreadcrumbList\",\"@id\":\"https:\\\/\\\/batijournal.com\\\/index.php\\\/paris-a-recu-prix-icapitale-dote-de-1-000-000-e\\\/97550\\\/#breadcrumb\",\"itemListElement\":[{\"@type\":\"ListItem\",\"position\":1,\"name\":\"Accueil\",\"item\":\"https:\\\/\\\/batijournal.com\\\/\"},{\"@type\":\"ListItem\",\"position\":2,\"name\":\"Actualit\u00e9s\",\"item\":\"https:\\\/\\\/batijournal.com\\\/index.php\\\/category\\\/actualites\\\/\"},{\"@type\":\"ListItem\",\"position\":3,\"name\":\"Paris a re\u00e7u le prix iCapitale dot\u00e9 de 1 million d&rsquo;euros\"}]},{\"@type\":\"WebSite\",\"@id\":\"https:\\\/\\\/batijournal.com\\\/#website\",\"url\":\"https:\\\/\\\/batijournal.com\\\/\",\"name\":\"Batijournal\",\"description\":\"L&#039;actualit\u00e9 du b\u00e2timent\",\"potentialAction\":[{\"@type\":\"SearchAction\",\"target\":{\"@type\":\"EntryPoint\",\"urlTemplate\":\"https:\\\/\\\/batijournal.com\\\/?s={search_term_string}\"},\"query-input\":{\"@type\":\"PropertyValueSpecification\",\"valueRequired\":true,\"valueName\":\"search_term_string\"}}],\"inLanguage\":\"fr-FR\"},{\"@type\":\"Person\",\"@id\":\"https:\\\/\\\/batijournal.com\\\/#\\\/schema\\\/person\\\/1dc96ec6957aa1ccb25ebe78bb19f100\",\"name\":\"St\u00e9phane Miget\",\"image\":{\"@type\":\"ImageObject\",\"inLanguage\":\"fr-FR\",\"@id\":\"https:\\\/\\\/secure.gravatar.com\\\/avatar\\\/89915563d925342126b8ef0281b93d9d7fc337043e8df017f780908eb9644451?s=96&d=mm&r=g\",\"url\":\"https:\\\/\\\/secure.gravatar.com\\\/avatar\\\/89915563d925342126b8ef0281b93d9d7fc337043e8df017f780908eb9644451?s=96&d=mm&r=g\",\"contentUrl\":\"https:\\\/\\\/secure.gravatar.com\\\/avatar\\\/89915563d925342126b8ef0281b93d9d7fc337043e8df017f780908eb9644451?s=96&d=mm&r=g\",\"caption\":\"St\u00e9phane Miget\"},\"url\":\"https:\\\/\\\/batijournal.com\\\/index.php\\\/author\\\/stephane\\\/\"}]}<\/script>\n<!-- \/ Yoast SEO plugin. -->","yoast_head_json":{"title":"Paris a re\u00e7u le prix iCapitale dot\u00e9 de 1 million d'euros","robots":{"index":"index","follow":"follow","max-snippet":"max-snippet:-1","max-image-preview":"max-image-preview:large","max-video-preview":"max-video-preview:-1"},"canonical":"https:\/\/batijournal.com\/index.php\/paris-a-recu-prix-icapitale-dote-de-1-000-000-e\/97550\/","og_locale":"fr_FR","og_type":"article","og_title":"Paris a re\u00e7u le prix iCapitale dot\u00e9 de 1 million d'euros","og_description":"L&rsquo;appel \u00e0 candidature pour le prix de la \u00abCapitale europ\u00e9enne de l&rsquo;innovation 2017\u00bb a \u00e9t\u00e9 lanc\u00e9 en mars 2017. Il s&rsquo;adressait aux villes de plus de 100 000 habitants situ\u00e9es dans les \u00c9tats membres et les pays associ\u00e9s au programme Horizon 2020. Trente-deux villes de dix-sept pays diff\u00e9rents ont pris part au concours. La Commission [&hellip;]","og_url":"https:\/\/batijournal.com\/index.php\/paris-a-recu-prix-icapitale-dote-de-1-000-000-e\/97550\/","og_site_name":"Batijournal","article_published_time":"2017-11-16T10:35:27+00:00","article_modified_time":"2019-07-15T09:34:04+00:00","og_image":[{"width":900,"height":394,"url":"https:\/\/batijournal.com\/wp-content\/uploads\/2017\/11\/icapitale.jpg","type":"image\/jpeg"}],"author":"St\u00e9phane Miget","twitter_card":"summary_large_image","twitter_creator":"@bati_journal","twitter_site":"@bati_journal","twitter_misc":{"\u00c9crit par":"St\u00e9phane Miget","Dur\u00e9e de lecture estim\u00e9e":"1 minute"},"schema":{"@context":"https:\/\/schema.org","@graph":[{"@type":"Article","@id":"https:\/\/batijournal.com\/index.php\/paris-a-recu-prix-icapitale-dote-de-1-000-000-e\/97550\/#article","isPartOf":{"@id":"https:\/\/batijournal.com\/index.php\/paris-a-recu-prix-icapitale-dote-de-1-000-000-e\/97550\/"},"author":{"name":"St\u00e9phane Miget","@id":"https:\/\/batijournal.com\/#\/schema\/person\/1dc96ec6957aa1ccb25ebe78bb19f100"},"headline":"Paris a re\u00e7u le prix iCapitale dot\u00e9 de 1 million d&rsquo;euros","datePublished":"2017-11-16T10:35:27+00:00","dateModified":"2019-07-15T09:34:04+00:00","mainEntityOfPage":{"@id":"https:\/\/batijournal.com\/index.php\/paris-a-recu-prix-icapitale-dote-de-1-000-000-e\/97550\/"},"wordCount":235,"image":{"@id":"https:\/\/batijournal.com\/index.php\/paris-a-recu-prix-icapitale-dote-de-1-000-000-e\/97550\/#primaryimage"},"thumbnailUrl":"https:\/\/batijournal.com\/wp-content\/uploads\/2017\/11\/icapitale.jpg","keywords":["paris"],"articleSection":["Actualit\u00e9s","\u00c9conomie &amp; March\u00e9s"],"inLanguage":"fr-FR"},{"@type":"WebPage","@id":"https:\/\/batijournal.com\/index.php\/paris-a-recu-prix-icapitale-dote-de-1-000-000-e\/97550\/","url":"https:\/\/batijournal.com\/index.php\/paris-a-recu-prix-icapitale-dote-de-1-000-000-e\/97550\/","name":"Paris a re\u00e7u le prix iCapitale dot\u00e9 de 1 million d'euros","isPartOf":{"@id":"https:\/\/batijournal.com\/#website"},"primaryImageOfPage":{"@id":"https:\/\/batijournal.com\/index.php\/paris-a-recu-prix-icapitale-dote-de-1-000-000-e\/97550\/#primaryimage"},"image":{"@id":"https:\/\/batijournal.com\/index.php\/paris-a-recu-prix-icapitale-dote-de-1-000-000-e\/97550\/#primaryimage"},"thumbnailUrl":"https:\/\/batijournal.com\/wp-content\/uploads\/2017\/11\/icapitale.jpg","datePublished":"2017-11-16T10:35:27+00:00","dateModified":"2019-07-15T09:34:04+00:00","author":{"@id":"https:\/\/batijournal.com\/#\/schema\/person\/1dc96ec6957aa1ccb25ebe78bb19f100"},"breadcrumb":{"@id":"https:\/\/batijournal.com\/index.php\/paris-a-recu-prix-icapitale-dote-de-1-000-000-e\/97550\/#breadcrumb"},"inLanguage":"fr-FR","potentialAction":[{"@type":"ReadAction","target":["https:\/\/batijournal.com\/index.php\/paris-a-recu-prix-icapitale-dote-de-1-000-000-e\/97550\/"]}]},{"@type":"ImageObject","inLanguage":"fr-FR","@id":"https:\/\/batijournal.com\/index.php\/paris-a-recu-prix-icapitale-dote-de-1-000-000-e\/97550\/#primaryimage","url":"https:\/\/batijournal.com\/wp-content\/uploads\/2017\/11\/icapitale.jpg","contentUrl":"https:\/\/batijournal.com\/wp-content\/uploads\/2017\/11\/icapitale.jpg","width":900,"height":394},{"@type":"BreadcrumbList","@id":"https:\/\/batijournal.com\/index.php\/paris-a-recu-prix-icapitale-dote-de-1-000-000-e\/97550\/#breadcrumb","itemListElement":[{"@type":"ListItem","position":1,"name":"Accueil","item":"https:\/\/batijournal.com\/"},{"@type":"ListItem","position":2,"name":"Actualit\u00e9s","item":"https:\/\/batijournal.com\/index.php\/category\/actualites\/"},{"@type":"ListItem","position":3,"name":"Paris a re\u00e7u le prix iCapitale dot\u00e9 de 1 million d&rsquo;euros"}]},{"@type":"WebSite","@id":"https:\/\/batijournal.com\/#website","url":"https:\/\/batijournal.com\/","name":"Batijournal","description":"L&#039;actualit\u00e9 du b\u00e2timent","potentialAction":[{"@type":"SearchAction","target":{"@type":"EntryPoint","urlTemplate":"https:\/\/batijournal.com\/?s={search_term_string}"},"query-input":{"@type":"PropertyValueSpecification","valueRequired":true,"valueName":"search_term_string"}}],"inLanguage":"fr-FR"},{"@type":"Person","@id":"https:\/\/batijournal.com\/#\/schema\/person\/1dc96ec6957aa1ccb25ebe78bb19f100","name":"St\u00e9phane Miget","image":{"@type":"ImageObject","inLanguage":"fr-FR","@id":"https:\/\/secure.gravatar.com\/avatar\/89915563d925342126b8ef0281b93d9d7fc337043e8df017f780908eb9644451?s=96&d=mm&r=g","url":"https:\/\/secure.gravatar.com\/avatar\/89915563d925342126b8ef0281b93d9d7fc337043e8df017f780908eb9644451?s=96&d=mm&r=g","contentUrl":"https:\/\/secure.gravatar.com\/avatar\/89915563d925342126b8ef0281b93d9d7fc337043e8df017f780908eb9644451?s=96&d=mm&r=g","caption":"St\u00e9phane Miget"},"url":"https:\/\/batijournal.com\/index.php\/author\/stephane\/"}]}},"_links":{"self":[{"href":"https:\/\/batijournal.com\/index.php\/wp-json\/wp\/v2\/posts\/97550","targetHints":{"allow":["GET"]}}],"collection":[{"href":"https:\/\/batijournal.com\/index.php\/wp-json\/wp\/v2\/posts"}],"about":[{"href":"https:\/\/batijournal.com\/index.php\/wp-json\/wp\/v2\/types\/post"}],"author":[{"embeddable":true,"href":"https:\/\/batijournal.com\/index.php\/wp-json\/wp\/v2\/users\/17"}],"replies":[{"embeddable":true,"href":"https:\/\/batijournal.com\/index.php\/wp-json\/wp\/v2\/comments?post=97550"}],"version-history":[{"count":0,"href":"https:\/\/batijournal.com\/index.php\/wp-json\/wp\/v2\/posts\/97550\/revisions"}],"wp:featuredmedia":[{"embeddable":true,"href":"https:\/\/batijournal.com\/index.php\/wp-json\/wp\/v2\/media\/97551"}],"wp:attachment":[{"href":"https:\/\/batijournal.com\/index.php\/wp-json\/wp\/v2\/media?parent=97550"}],"wp:term":[{"taxonomy":"category","embeddable":true,"href":"https:\/\/batijournal.com\/index.php\/wp-json\/wp\/v2\/categories?post=97550"},{"taxonomy":"post_tag","embeddable":true,"href":"https:\/\/batijournal.com\/index.php\/wp-json\/wp\/v2\/tags?post=97550"}],"curies":[{"name":"wp","href":"https:\/\/api.w.org\/{rel}","templated":true}]}}