{"id":97572,"date":"2017-11-17T10:39:30","date_gmt":"2017-11-17T09:39:30","guid":{"rendered":"http:\/\/batijournal.com\/?p=97572"},"modified":"2019-07-15T12:23:35","modified_gmt":"2019-07-15T10:23:35","slug":"mon-projet-pour-la-planete","status":"publish","type":"post","link":"https:\/\/batijournal.com\/index.php\/mon-projet-pour-la-planete\/97572\/","title":{"rendered":"Mon projet pour la plan\u00e8te"},"content":{"rendered":"<p>En d\u00e9placement \u00e0 Bonn pour la COP23, Nicolas Hulot, le ministre de la Transition \u00e9cologique et solidaire a annonc\u00e9 le lancement de \u00ab Mon projet pour la plan\u00e8te \u00bb. Les citoyens sont invit\u00e9s \u00e0 proposer des projets dans les domaines de l\u2019\u00e9nergie, de l\u2019\u00e9conomie circulaire et de la biodiversit\u00e9. Cet appel \u00e0 initiatives citoyennes vise \u00e0 soutenir et \u00e0 aider \u00e0 d\u00e9velopper des actions concr\u00e8tes, exemplaires et innovantes, f\u00e9d\u00e9rant une diversit\u00e9 d\u2019acteurs, notamment de la soci\u00e9t\u00e9 civile, pour lutter contre le d\u00e9r\u00e8glement climatique et pour am\u00e9liorer le cadre de vie au quotidien, dans une perspective d\u2019essaimage potentiel de certains projets sur le territoire national.<\/p>\n<p><a href=\"https:\/\/www.monprojetpourlaplanete.gouv.fr\" target=\"_blank\" rel=\"noopener noreferrer\">https:\/\/www.monprojetpourlaplanete.gouv.fr<\/a><\/p>\n<p>&nbsp;<\/p>\n","protected":false},"excerpt":{"rendered":"<p>En d\u00e9placement \u00e0 Bonn pour la COP23, Nicolas Hulot, le ministre de la Transition \u00e9cologique et solidaire a annonc\u00e9 le lancement de \u00ab Mon projet pour la plan\u00e8te \u00bb. Les citoyens sont invit\u00e9s \u00e0 proposer des projets dans les domaines de l\u2019\u00e9nergie, de l\u2019\u00e9conomie circulaire et de la biodiversit\u00e9. Cet appel \u00e0 initiatives citoyennes vise [&hellip;]<\/p>\n","protected":false},"author":17,"featured_media":97574,"comment_status":"closed","ping_status":"closed","sticky":false,"template":"","format":"standard","meta":{"_et_pb_use_builder":"","_et_pb_old_content":"","_et_gb_content_width":"","footnotes":""},"categories":[10530,6351],"tags":[8251],"class_list":["post-97572","post","type-post","status-publish","format-standard","has-post-thumbnail","hentry","category-actualites","category-energie-environnement","tag-rechauffement-climatique"],"yoast_head":"<!-- This site is optimized with the Yoast SEO plugin v27.4 - https:\/\/yoast.com\/product\/yoast-seo-wordpress\/ -->\n<title>Mon projet pour la plan\u00e8te<\/title>\n<meta name=\"robots\" content=\"index, follow, max-snippet:-1, max-image-preview:large, max-video-preview:-1\" \/>\n<link rel=\"canonical\" href=\"https:\/\/batijournal.com\/index.php\/mon-projet-pour-la-planete\/97572\/\" \/>\n<meta property=\"og:locale\" content=\"fr_FR\" \/>\n<meta property=\"og:type\" content=\"article\" \/>\n<meta property=\"og:title\" content=\"Mon projet pour la plan\u00e8te\" \/>\n<meta property=\"og:description\" content=\"En d\u00e9placement \u00e0 Bonn pour la COP23, Nicolas Hulot, le ministre de la Transition \u00e9cologique et solidaire a annonc\u00e9 le lancement de \u00ab Mon projet pour la plan\u00e8te \u00bb. Les citoyens sont invit\u00e9s \u00e0 proposer des projets dans les domaines de l\u2019\u00e9nergie, de l\u2019\u00e9conomie circulaire et de la biodiversit\u00e9. Cet appel \u00e0 initiatives citoyennes vise [&hellip;]\" \/>\n<meta property=\"og:url\" content=\"https:\/\/batijournal.com\/index.php\/mon-projet-pour-la-planete\/97572\/\" \/>\n<meta property=\"og:site_name\" content=\"Batijournal\" \/>\n<meta property=\"article:published_time\" content=\"2017-11-17T09:39:30+00:00\" \/>\n<meta property=\"article:modified_time\" content=\"2019-07-15T10:23:35+00:00\" \/>\n<meta property=\"og:image\" content=\"https:\/\/batijournal.com\/wp-content\/uploads\/2017\/11\/mon-projet-pour-la-planete.png\" \/>\n\t<meta property=\"og:image:width\" content=\"1065\" \/>\n\t<meta property=\"og:image:height\" content=\"613\" \/>\n\t<meta property=\"og:image:type\" content=\"image\/png\" \/>\n<meta name=\"author\" content=\"St\u00e9phane Miget\" \/>\n<meta name=\"twitter:card\" content=\"summary_large_image\" \/>\n<meta name=\"twitter:creator\" content=\"@bati_journal\" \/>\n<meta name=\"twitter:site\" content=\"@bati_journal\" \/>\n<meta name=\"twitter:label1\" content=\"\u00c9crit par\" \/>\n\t<meta name=\"twitter:data1\" content=\"St\u00e9phane Miget\" \/>\n\t<meta name=\"twitter:label2\" content=\"Dur\u00e9e de lecture estim\u00e9e\" \/>\n\t<meta name=\"twitter:data2\" content=\"1 minute\" \/>\n<script type=\"application\/ld+json\" class=\"yoast-schema-graph\">{\"@context\":\"https:\\\/\\\/schema.org\",\"@graph\":[{\"@type\":\"Article\",\"@id\":\"https:\\\/\\\/batijournal.com\\\/index.php\\\/mon-projet-pour-la-planete\\\/97572\\\/#article\",\"isPartOf\":{\"@id\":\"https:\\\/\\\/batijournal.com\\\/index.php\\\/mon-projet-pour-la-planete\\\/97572\\\/\"},\"author\":{\"name\":\"St\u00e9phane Miget\",\"@id\":\"https:\\\/\\\/batijournal.com\\\/#\\\/schema\\\/person\\\/1dc96ec6957aa1ccb25ebe78bb19f100\"},\"headline\":\"Mon projet pour la plan\u00e8te\",\"datePublished\":\"2017-11-17T09:39:30+00:00\",\"dateModified\":\"2019-07-15T10:23:35+00:00\",\"mainEntityOfPage\":{\"@id\":\"https:\\\/\\\/batijournal.com\\\/index.php\\\/mon-projet-pour-la-planete\\\/97572\\\/\"},\"wordCount\":123,\"image\":{\"@id\":\"https:\\\/\\\/batijournal.com\\\/index.php\\\/mon-projet-pour-la-planete\\\/97572\\\/#primaryimage\"},\"thumbnailUrl\":\"https:\\\/\\\/batijournal.com\\\/wp-content\\\/uploads\\\/2017\\\/11\\\/mon-projet-pour-la-planete.png\",\"keywords\":[\"rechauffement climatique\"],\"articleSection\":[\"Actualit\u00e9s\",\"\u00c9nergie &amp; Environnement\"],\"inLanguage\":\"fr-FR\"},{\"@type\":\"WebPage\",\"@id\":\"https:\\\/\\\/batijournal.com\\\/index.php\\\/mon-projet-pour-la-planete\\\/97572\\\/\",\"url\":\"https:\\\/\\\/batijournal.com\\\/index.php\\\/mon-projet-pour-la-planete\\\/97572\\\/\",\"name\":\"Mon projet pour la plan\u00e8te\",\"isPartOf\":{\"@id\":\"https:\\\/\\\/batijournal.com\\\/#website\"},\"primaryImageOfPage\":{\"@id\":\"https:\\\/\\\/batijournal.com\\\/index.php\\\/mon-projet-pour-la-planete\\\/97572\\\/#primaryimage\"},\"image\":{\"@id\":\"https:\\\/\\\/batijournal.com\\\/index.php\\\/mon-projet-pour-la-planete\\\/97572\\\/#primaryimage\"},\"thumbnailUrl\":\"https:\\\/\\\/batijournal.com\\\/wp-content\\\/uploads\\\/2017\\\/11\\\/mon-projet-pour-la-planete.png\",\"datePublished\":\"2017-11-17T09:39:30+00:00\",\"dateModified\":\"2019-07-15T10:23:35+00:00\",\"author\":{\"@id\":\"https:\\\/\\\/batijournal.com\\\/#\\\/schema\\\/person\\\/1dc96ec6957aa1ccb25ebe78bb19f100\"},\"breadcrumb\":{\"@id\":\"https:\\\/\\\/batijournal.com\\\/index.php\\\/mon-projet-pour-la-planete\\\/97572\\\/#breadcrumb\"},\"inLanguage\":\"fr-FR\",\"potentialAction\":[{\"@type\":\"ReadAction\",\"target\":[\"https:\\\/\\\/batijournal.com\\\/index.php\\\/mon-projet-pour-la-planete\\\/97572\\\/\"]}]},{\"@type\":\"ImageObject\",\"inLanguage\":\"fr-FR\",\"@id\":\"https:\\\/\\\/batijournal.com\\\/index.php\\\/mon-projet-pour-la-planete\\\/97572\\\/#primaryimage\",\"url\":\"https:\\\/\\\/batijournal.com\\\/wp-content\\\/uploads\\\/2017\\\/11\\\/mon-projet-pour-la-planete.png\",\"contentUrl\":\"https:\\\/\\\/batijournal.com\\\/wp-content\\\/uploads\\\/2017\\\/11\\\/mon-projet-pour-la-planete.png\",\"width\":1065,\"height\":613},{\"@type\":\"BreadcrumbList\",\"@id\":\"https:\\\/\\\/batijournal.com\\\/index.php\\\/mon-projet-pour-la-planete\\\/97572\\\/#breadcrumb\",\"itemListElement\":[{\"@type\":\"ListItem\",\"position\":1,\"name\":\"Accueil\",\"item\":\"https:\\\/\\\/batijournal.com\\\/\"},{\"@type\":\"ListItem\",\"position\":2,\"name\":\"Actualit\u00e9s\",\"item\":\"https:\\\/\\\/batijournal.com\\\/index.php\\\/category\\\/actualites\\\/\"},{\"@type\":\"ListItem\",\"position\":3,\"name\":\"Mon projet pour la plan\u00e8te\"}]},{\"@type\":\"WebSite\",\"@id\":\"https:\\\/\\\/batijournal.com\\\/#website\",\"url\":\"https:\\\/\\\/batijournal.com\\\/\",\"name\":\"Batijournal\",\"description\":\"L&#039;actualit\u00e9 du b\u00e2timent\",\"potentialAction\":[{\"@type\":\"SearchAction\",\"target\":{\"@type\":\"EntryPoint\",\"urlTemplate\":\"https:\\\/\\\/batijournal.com\\\/?s={search_term_string}\"},\"query-input\":{\"@type\":\"PropertyValueSpecification\",\"valueRequired\":true,\"valueName\":\"search_term_string\"}}],\"inLanguage\":\"fr-FR\"},{\"@type\":\"Person\",\"@id\":\"https:\\\/\\\/batijournal.com\\\/#\\\/schema\\\/person\\\/1dc96ec6957aa1ccb25ebe78bb19f100\",\"name\":\"St\u00e9phane Miget\",\"image\":{\"@type\":\"ImageObject\",\"inLanguage\":\"fr-FR\",\"@id\":\"https:\\\/\\\/secure.gravatar.com\\\/avatar\\\/89915563d925342126b8ef0281b93d9d7fc337043e8df017f780908eb9644451?s=96&d=mm&r=g\",\"url\":\"https:\\\/\\\/secure.gravatar.com\\\/avatar\\\/89915563d925342126b8ef0281b93d9d7fc337043e8df017f780908eb9644451?s=96&d=mm&r=g\",\"contentUrl\":\"https:\\\/\\\/secure.gravatar.com\\\/avatar\\\/89915563d925342126b8ef0281b93d9d7fc337043e8df017f780908eb9644451?s=96&d=mm&r=g\",\"caption\":\"St\u00e9phane Miget\"},\"url\":\"https:\\\/\\\/batijournal.com\\\/index.php\\\/author\\\/stephane\\\/\"}]}<\/script>\n<!-- \/ Yoast SEO plugin. -->","yoast_head_json":{"title":"Mon projet pour la plan\u00e8te","robots":{"index":"index","follow":"follow","max-snippet":"max-snippet:-1","max-image-preview":"max-image-preview:large","max-video-preview":"max-video-preview:-1"},"canonical":"https:\/\/batijournal.com\/index.php\/mon-projet-pour-la-planete\/97572\/","og_locale":"fr_FR","og_type":"article","og_title":"Mon projet pour la plan\u00e8te","og_description":"En d\u00e9placement \u00e0 Bonn pour la COP23, Nicolas Hulot, le ministre de la Transition \u00e9cologique et solidaire a annonc\u00e9 le lancement de \u00ab Mon projet pour la plan\u00e8te \u00bb. Les citoyens sont invit\u00e9s \u00e0 proposer des projets dans les domaines de l\u2019\u00e9nergie, de l\u2019\u00e9conomie circulaire et de la biodiversit\u00e9. Cet appel \u00e0 initiatives citoyennes vise [&hellip;]","og_url":"https:\/\/batijournal.com\/index.php\/mon-projet-pour-la-planete\/97572\/","og_site_name":"Batijournal","article_published_time":"2017-11-17T09:39:30+00:00","article_modified_time":"2019-07-15T10:23:35+00:00","og_image":[{"width":1065,"height":613,"url":"https:\/\/batijournal.com\/wp-content\/uploads\/2017\/11\/mon-projet-pour-la-planete.png","type":"image\/png"}],"author":"St\u00e9phane Miget","twitter_card":"summary_large_image","twitter_creator":"@bati_journal","twitter_site":"@bati_journal","twitter_misc":{"\u00c9crit par":"St\u00e9phane Miget","Dur\u00e9e de lecture estim\u00e9e":"1 minute"},"schema":{"@context":"https:\/\/schema.org","@graph":[{"@type":"Article","@id":"https:\/\/batijournal.com\/index.php\/mon-projet-pour-la-planete\/97572\/#article","isPartOf":{"@id":"https:\/\/batijournal.com\/index.php\/mon-projet-pour-la-planete\/97572\/"},"author":{"name":"St\u00e9phane Miget","@id":"https:\/\/batijournal.com\/#\/schema\/person\/1dc96ec6957aa1ccb25ebe78bb19f100"},"headline":"Mon projet pour la plan\u00e8te","datePublished":"2017-11-17T09:39:30+00:00","dateModified":"2019-07-15T10:23:35+00:00","mainEntityOfPage":{"@id":"https:\/\/batijournal.com\/index.php\/mon-projet-pour-la-planete\/97572\/"},"wordCount":123,"image":{"@id":"https:\/\/batijournal.com\/index.php\/mon-projet-pour-la-planete\/97572\/#primaryimage"},"thumbnailUrl":"https:\/\/batijournal.com\/wp-content\/uploads\/2017\/11\/mon-projet-pour-la-planete.png","keywords":["rechauffement climatique"],"articleSection":["Actualit\u00e9s","\u00c9nergie &amp; Environnement"],"inLanguage":"fr-FR"},{"@type":"WebPage","@id":"https:\/\/batijournal.com\/index.php\/mon-projet-pour-la-planete\/97572\/","url":"https:\/\/batijournal.com\/index.php\/mon-projet-pour-la-planete\/97572\/","name":"Mon projet pour la plan\u00e8te","isPartOf":{"@id":"https:\/\/batijournal.com\/#website"},"primaryImageOfPage":{"@id":"https:\/\/batijournal.com\/index.php\/mon-projet-pour-la-planete\/97572\/#primaryimage"},"image":{"@id":"https:\/\/batijournal.com\/index.php\/mon-projet-pour-la-planete\/97572\/#primaryimage"},"thumbnailUrl":"https:\/\/batijournal.com\/wp-content\/uploads\/2017\/11\/mon-projet-pour-la-planete.png","datePublished":"2017-11-17T09:39:30+00:00","dateModified":"2019-07-15T10:23:35+00:00","author":{"@id":"https:\/\/batijournal.com\/#\/schema\/person\/1dc96ec6957aa1ccb25ebe78bb19f100"},"breadcrumb":{"@id":"https:\/\/batijournal.com\/index.php\/mon-projet-pour-la-planete\/97572\/#breadcrumb"},"inLanguage":"fr-FR","potentialAction":[{"@type":"ReadAction","target":["https:\/\/batijournal.com\/index.php\/mon-projet-pour-la-planete\/97572\/"]}]},{"@type":"ImageObject","inLanguage":"fr-FR","@id":"https:\/\/batijournal.com\/index.php\/mon-projet-pour-la-planete\/97572\/#primaryimage","url":"https:\/\/batijournal.com\/wp-content\/uploads\/2017\/11\/mon-projet-pour-la-planete.png","contentUrl":"https:\/\/batijournal.com\/wp-content\/uploads\/2017\/11\/mon-projet-pour-la-planete.png","width":1065,"height":613},{"@type":"BreadcrumbList","@id":"https:\/\/batijournal.com\/index.php\/mon-projet-pour-la-planete\/97572\/#breadcrumb","itemListElement":[{"@type":"ListItem","position":1,"name":"Accueil","item":"https:\/\/batijournal.com\/"},{"@type":"ListItem","position":2,"name":"Actualit\u00e9s","item":"https:\/\/batijournal.com\/index.php\/category\/actualites\/"},{"@type":"ListItem","position":3,"name":"Mon projet pour la plan\u00e8te"}]},{"@type":"WebSite","@id":"https:\/\/batijournal.com\/#website","url":"https:\/\/batijournal.com\/","name":"Batijournal","description":"L&#039;actualit\u00e9 du b\u00e2timent","potentialAction":[{"@type":"SearchAction","target":{"@type":"EntryPoint","urlTemplate":"https:\/\/batijournal.com\/?s={search_term_string}"},"query-input":{"@type":"PropertyValueSpecification","valueRequired":true,"valueName":"search_term_string"}}],"inLanguage":"fr-FR"},{"@type":"Person","@id":"https:\/\/batijournal.com\/#\/schema\/person\/1dc96ec6957aa1ccb25ebe78bb19f100","name":"St\u00e9phane Miget","image":{"@type":"ImageObject","inLanguage":"fr-FR","@id":"https:\/\/secure.gravatar.com\/avatar\/89915563d925342126b8ef0281b93d9d7fc337043e8df017f780908eb9644451?s=96&d=mm&r=g","url":"https:\/\/secure.gravatar.com\/avatar\/89915563d925342126b8ef0281b93d9d7fc337043e8df017f780908eb9644451?s=96&d=mm&r=g","contentUrl":"https:\/\/secure.gravatar.com\/avatar\/89915563d925342126b8ef0281b93d9d7fc337043e8df017f780908eb9644451?s=96&d=mm&r=g","caption":"St\u00e9phane Miget"},"url":"https:\/\/batijournal.com\/index.php\/author\/stephane\/"}]}},"_links":{"self":[{"href":"https:\/\/batijournal.com\/index.php\/wp-json\/wp\/v2\/posts\/97572","targetHints":{"allow":["GET"]}}],"collection":[{"href":"https:\/\/batijournal.com\/index.php\/wp-json\/wp\/v2\/posts"}],"about":[{"href":"https:\/\/batijournal.com\/index.php\/wp-json\/wp\/v2\/types\/post"}],"author":[{"embeddable":true,"href":"https:\/\/batijournal.com\/index.php\/wp-json\/wp\/v2\/users\/17"}],"replies":[{"embeddable":true,"href":"https:\/\/batijournal.com\/index.php\/wp-json\/wp\/v2\/comments?post=97572"}],"version-history":[{"count":0,"href":"https:\/\/batijournal.com\/index.php\/wp-json\/wp\/v2\/posts\/97572\/revisions"}],"wp:featuredmedia":[{"embeddable":true,"href":"https:\/\/batijournal.com\/index.php\/wp-json\/wp\/v2\/media\/97574"}],"wp:attachment":[{"href":"https:\/\/batijournal.com\/index.php\/wp-json\/wp\/v2\/media?parent=97572"}],"wp:term":[{"taxonomy":"category","embeddable":true,"href":"https:\/\/batijournal.com\/index.php\/wp-json\/wp\/v2\/categories?post=97572"},{"taxonomy":"post_tag","embeddable":true,"href":"https:\/\/batijournal.com\/index.php\/wp-json\/wp\/v2\/tags?post=97572"}],"curies":[{"name":"wp","href":"https:\/\/api.w.org\/{rel}","templated":true}]}}