{"id":97594,"date":"2017-11-20T16:24:51","date_gmt":"2017-11-20T15:24:51","guid":{"rendered":"http:\/\/batijournal.com\/?p=97594"},"modified":"2019-07-15T12:02:01","modified_gmt":"2019-07-15T10:02:01","slug":"marche-de-lemploi-cadres-de-construction-pleine-croissance","status":"publish","type":"post","link":"https:\/\/batijournal.com\/index.php\/marche-de-lemploi-cadres-de-construction-pleine-croissance\/97594\/","title":{"rendered":"Le march\u00e9 de l\u2019emploi des cadres de la construction est en pleine croissance"},"content":{"rendered":"<p>Selon la 16\u00e8me \u00e9dition du Barom\u00e8tre de l\u2019Emploi du cabinet en recrutement sp\u00e9cialis\u00e9 Robert Walters, l\u2019ann\u00e9e 2017 est marqu\u00e9e par une hausse significative du volume d\u2019offres d\u2019emploi dans le secteur de la construction, secteur qui obtient la plus forte croissance tous secteurs confondus : + 21 % sur les 3 premiers trimestres 2017 par rapport \u00e0 la m\u00eame p\u00e9riode en 2016. La demande est sur tous les m\u00e9tiers de la ma\u00eetrise d\u2019\u0153uvre d\u2019ex\u00e9cution, en conception et r\u00e9alisation, et sur les m\u00e9tiers li\u00e9s \u00e0 la production en entreprise g\u00e9n\u00e9rale B&amp;TP. Le secteur b\u00e9n\u00e9ficie largement de la reprise de l\u2019activit\u00e9 g\u00e9n\u00e9rale, de probl\u00e9matiques fortes d\u2019am\u00e9nagement urbain notamment en Ile-de-France, et d\u2019importants contrats d\u2019infrastructures comme le Grand Paris ou les Jeux Olympiques de 2024. La r\u00e9gion Grand Ouest (Pays de la Loire, Aquitaine, Bretagne et Poitou-Charentes) est celle qui profite le plus de la croissance du volume d\u2019offres d\u2019emploi avec une augmentation de 30 %. Le d\u00e9marrage de grands projets d\u2019infrastructures reliant Rennes \u00e0 Bordeaux tirent l\u2019ensemble du march\u00e9 et de nombreux cadres parisiens souhaitent quitter la capitale pour rejoindre les r\u00e9gions ouest (80 % des cadres sont pr\u00eats \u00e0 quitter Paris pour partir en province).<\/p>\n<p><em>\u00ab Le march\u00e9 de l\u2019emploi des cadres des m\u00e9tiers de la construction est en pleine croissance. La reprise est telle que 2017 est en passe de devenir une ann\u00e9e de plein emploi pour les cadres du b\u00e2timent. Cette croissance entra\u00eene une p\u00e9nurie des profils cadres ainsi qu\u2019une inflation des salaires pouvant aller de 6 \u00e0 10% d\u2019augmentation par an \u00bb<\/em>, analyse Arnaud Monteil, Senior Manager des divisions Construction et Immobilier chez Robert Walters.<\/p>\n<p>Photo : le chantier du PEM de Lorient, la structure bois (Aout 2016)<\/p>\n<p>&nbsp;<\/p>\n","protected":false},"excerpt":{"rendered":"<p>Selon la 16\u00e8me \u00e9dition du Barom\u00e8tre de l\u2019Emploi du cabinet en recrutement sp\u00e9cialis\u00e9 Robert Walters, l\u2019ann\u00e9e 2017 est marqu\u00e9e par une hausse significative du volume d\u2019offres d\u2019emploi dans le secteur de la construction, secteur qui obtient la plus forte croissance tous secteurs confondus : + 21 % sur les 3 premiers trimestres 2017 par rapport [&hellip;]<\/p>\n","protected":false},"author":17,"featured_media":96389,"comment_status":"closed","ping_status":"closed","sticky":false,"template":"","format":"standard","meta":{"_et_pb_use_builder":"","_et_pb_old_content":"","_et_gb_content_width":"","footnotes":""},"categories":[10530,6345],"tags":[580],"class_list":["post-97594","post","type-post","status-publish","format-standard","has-post-thumbnail","hentry","category-actualites","category-economie-marches","tag-emploi"],"yoast_head":"<!-- This site is optimized with the Yoast SEO plugin v27.4 - https:\/\/yoast.com\/product\/yoast-seo-wordpress\/ -->\n<title>Le march\u00e9 de l\u2019emploi des cadres de la construction est en pleine croissance<\/title>\n<meta name=\"robots\" content=\"index, follow, max-snippet:-1, max-image-preview:large, max-video-preview:-1\" \/>\n<link rel=\"canonical\" href=\"https:\/\/batijournal.com\/index.php\/marche-de-lemploi-cadres-de-construction-pleine-croissance\/97594\/\" \/>\n<meta property=\"og:locale\" content=\"fr_FR\" \/>\n<meta property=\"og:type\" content=\"article\" \/>\n<meta property=\"og:title\" content=\"Le march\u00e9 de l\u2019emploi des cadres de la construction est en pleine croissance\" \/>\n<meta property=\"og:description\" content=\"Selon la 16\u00e8me \u00e9dition du Barom\u00e8tre de l\u2019Emploi du cabinet en recrutement sp\u00e9cialis\u00e9 Robert Walters, l\u2019ann\u00e9e 2017 est marqu\u00e9e par une hausse significative du volume d\u2019offres d\u2019emploi dans le secteur de la construction, secteur qui obtient la plus forte croissance tous secteurs confondus : + 21 % sur les 3 premiers trimestres 2017 par rapport [&hellip;]\" \/>\n<meta property=\"og:url\" content=\"https:\/\/batijournal.com\/index.php\/marche-de-lemploi-cadres-de-construction-pleine-croissance\/97594\/\" \/>\n<meta property=\"og:site_name\" content=\"Batijournal\" \/>\n<meta property=\"article:published_time\" content=\"2017-11-20T15:24:51+00:00\" \/>\n<meta property=\"article:modified_time\" content=\"2019-07-15T10:02:01+00:00\" \/>\n<meta property=\"og:image\" content=\"https:\/\/batijournal.com\/wp-content\/uploads\/2017\/06\/gare-de-lorient-1.jpg\" \/>\n\t<meta property=\"og:image:width\" content=\"1400\" \/>\n\t<meta property=\"og:image:height\" content=\"1400\" \/>\n\t<meta property=\"og:image:type\" content=\"image\/jpeg\" \/>\n<meta name=\"author\" content=\"St\u00e9phane Miget\" \/>\n<meta name=\"twitter:card\" content=\"summary_large_image\" \/>\n<meta name=\"twitter:creator\" content=\"@bati_journal\" \/>\n<meta name=\"twitter:site\" content=\"@bati_journal\" \/>\n<meta name=\"twitter:label1\" content=\"\u00c9crit par\" \/>\n\t<meta name=\"twitter:data1\" content=\"St\u00e9phane Miget\" \/>\n\t<meta name=\"twitter:label2\" content=\"Dur\u00e9e de lecture estim\u00e9e\" \/>\n\t<meta name=\"twitter:data2\" content=\"2 minutes\" \/>\n<script type=\"application\/ld+json\" class=\"yoast-schema-graph\">{\"@context\":\"https:\\\/\\\/schema.org\",\"@graph\":[{\"@type\":\"Article\",\"@id\":\"https:\\\/\\\/batijournal.com\\\/index.php\\\/marche-de-lemploi-cadres-de-construction-pleine-croissance\\\/97594\\\/#article\",\"isPartOf\":{\"@id\":\"https:\\\/\\\/batijournal.com\\\/index.php\\\/marche-de-lemploi-cadres-de-construction-pleine-croissance\\\/97594\\\/\"},\"author\":{\"name\":\"St\u00e9phane Miget\",\"@id\":\"https:\\\/\\\/batijournal.com\\\/#\\\/schema\\\/person\\\/1dc96ec6957aa1ccb25ebe78bb19f100\"},\"headline\":\"Le march\u00e9 de l\u2019emploi des cadres de la construction est en pleine croissance\",\"datePublished\":\"2017-11-20T15:24:51+00:00\",\"dateModified\":\"2019-07-15T10:02:01+00:00\",\"mainEntityOfPage\":{\"@id\":\"https:\\\/\\\/batijournal.com\\\/index.php\\\/marche-de-lemploi-cadres-de-construction-pleine-croissance\\\/97594\\\/\"},\"wordCount\":317,\"image\":{\"@id\":\"https:\\\/\\\/batijournal.com\\\/index.php\\\/marche-de-lemploi-cadres-de-construction-pleine-croissance\\\/97594\\\/#primaryimage\"},\"thumbnailUrl\":\"https:\\\/\\\/batijournal.com\\\/wp-content\\\/uploads\\\/2017\\\/06\\\/gare-de-lorient-1.jpg\",\"keywords\":[\"emploi\"],\"articleSection\":[\"Actualit\u00e9s\",\"\u00c9conomie &amp; March\u00e9s\"],\"inLanguage\":\"fr-FR\"},{\"@type\":\"WebPage\",\"@id\":\"https:\\\/\\\/batijournal.com\\\/index.php\\\/marche-de-lemploi-cadres-de-construction-pleine-croissance\\\/97594\\\/\",\"url\":\"https:\\\/\\\/batijournal.com\\\/index.php\\\/marche-de-lemploi-cadres-de-construction-pleine-croissance\\\/97594\\\/\",\"name\":\"Le march\u00e9 de l\u2019emploi des cadres de la construction est en pleine croissance\",\"isPartOf\":{\"@id\":\"https:\\\/\\\/batijournal.com\\\/#website\"},\"primaryImageOfPage\":{\"@id\":\"https:\\\/\\\/batijournal.com\\\/index.php\\\/marche-de-lemploi-cadres-de-construction-pleine-croissance\\\/97594\\\/#primaryimage\"},\"image\":{\"@id\":\"https:\\\/\\\/batijournal.com\\\/index.php\\\/marche-de-lemploi-cadres-de-construction-pleine-croissance\\\/97594\\\/#primaryimage\"},\"thumbnailUrl\":\"https:\\\/\\\/batijournal.com\\\/wp-content\\\/uploads\\\/2017\\\/06\\\/gare-de-lorient-1.jpg\",\"datePublished\":\"2017-11-20T15:24:51+00:00\",\"dateModified\":\"2019-07-15T10:02:01+00:00\",\"author\":{\"@id\":\"https:\\\/\\\/batijournal.com\\\/#\\\/schema\\\/person\\\/1dc96ec6957aa1ccb25ebe78bb19f100\"},\"breadcrumb\":{\"@id\":\"https:\\\/\\\/batijournal.com\\\/index.php\\\/marche-de-lemploi-cadres-de-construction-pleine-croissance\\\/97594\\\/#breadcrumb\"},\"inLanguage\":\"fr-FR\",\"potentialAction\":[{\"@type\":\"ReadAction\",\"target\":[\"https:\\\/\\\/batijournal.com\\\/index.php\\\/marche-de-lemploi-cadres-de-construction-pleine-croissance\\\/97594\\\/\"]}]},{\"@type\":\"ImageObject\",\"inLanguage\":\"fr-FR\",\"@id\":\"https:\\\/\\\/batijournal.com\\\/index.php\\\/marche-de-lemploi-cadres-de-construction-pleine-croissance\\\/97594\\\/#primaryimage\",\"url\":\"https:\\\/\\\/batijournal.com\\\/wp-content\\\/uploads\\\/2017\\\/06\\\/gare-de-lorient-1.jpg\",\"contentUrl\":\"https:\\\/\\\/batijournal.com\\\/wp-content\\\/uploads\\\/2017\\\/06\\\/gare-de-lorient-1.jpg\",\"width\":1400,\"height\":1400,\"caption\":\"Le chantier du PEM de Lorient, la structure bois (Aout 2016)\"},{\"@type\":\"BreadcrumbList\",\"@id\":\"https:\\\/\\\/batijournal.com\\\/index.php\\\/marche-de-lemploi-cadres-de-construction-pleine-croissance\\\/97594\\\/#breadcrumb\",\"itemListElement\":[{\"@type\":\"ListItem\",\"position\":1,\"name\":\"Accueil\",\"item\":\"https:\\\/\\\/batijournal.com\\\/\"},{\"@type\":\"ListItem\",\"position\":2,\"name\":\"Actualit\u00e9s\",\"item\":\"https:\\\/\\\/batijournal.com\\\/index.php\\\/category\\\/actualites\\\/\"},{\"@type\":\"ListItem\",\"position\":3,\"name\":\"Le march\u00e9 de l\u2019emploi des cadres de la construction est en pleine croissance\"}]},{\"@type\":\"WebSite\",\"@id\":\"https:\\\/\\\/batijournal.com\\\/#website\",\"url\":\"https:\\\/\\\/batijournal.com\\\/\",\"name\":\"Batijournal\",\"description\":\"L&#039;actualit\u00e9 du b\u00e2timent\",\"potentialAction\":[{\"@type\":\"SearchAction\",\"target\":{\"@type\":\"EntryPoint\",\"urlTemplate\":\"https:\\\/\\\/batijournal.com\\\/?s={search_term_string}\"},\"query-input\":{\"@type\":\"PropertyValueSpecification\",\"valueRequired\":true,\"valueName\":\"search_term_string\"}}],\"inLanguage\":\"fr-FR\"},{\"@type\":\"Person\",\"@id\":\"https:\\\/\\\/batijournal.com\\\/#\\\/schema\\\/person\\\/1dc96ec6957aa1ccb25ebe78bb19f100\",\"name\":\"St\u00e9phane Miget\",\"image\":{\"@type\":\"ImageObject\",\"inLanguage\":\"fr-FR\",\"@id\":\"https:\\\/\\\/secure.gravatar.com\\\/avatar\\\/89915563d925342126b8ef0281b93d9d7fc337043e8df017f780908eb9644451?s=96&d=mm&r=g\",\"url\":\"https:\\\/\\\/secure.gravatar.com\\\/avatar\\\/89915563d925342126b8ef0281b93d9d7fc337043e8df017f780908eb9644451?s=96&d=mm&r=g\",\"contentUrl\":\"https:\\\/\\\/secure.gravatar.com\\\/avatar\\\/89915563d925342126b8ef0281b93d9d7fc337043e8df017f780908eb9644451?s=96&d=mm&r=g\",\"caption\":\"St\u00e9phane Miget\"},\"url\":\"https:\\\/\\\/batijournal.com\\\/index.php\\\/author\\\/stephane\\\/\"}]}<\/script>\n<!-- \/ Yoast SEO plugin. -->","yoast_head_json":{"title":"Le march\u00e9 de l\u2019emploi des cadres de la construction est en pleine croissance","robots":{"index":"index","follow":"follow","max-snippet":"max-snippet:-1","max-image-preview":"max-image-preview:large","max-video-preview":"max-video-preview:-1"},"canonical":"https:\/\/batijournal.com\/index.php\/marche-de-lemploi-cadres-de-construction-pleine-croissance\/97594\/","og_locale":"fr_FR","og_type":"article","og_title":"Le march\u00e9 de l\u2019emploi des cadres de la construction est en pleine croissance","og_description":"Selon la 16\u00e8me \u00e9dition du Barom\u00e8tre de l\u2019Emploi du cabinet en recrutement sp\u00e9cialis\u00e9 Robert Walters, l\u2019ann\u00e9e 2017 est marqu\u00e9e par une hausse significative du volume d\u2019offres d\u2019emploi dans le secteur de la construction, secteur qui obtient la plus forte croissance tous secteurs confondus : + 21 % sur les 3 premiers trimestres 2017 par rapport [&hellip;]","og_url":"https:\/\/batijournal.com\/index.php\/marche-de-lemploi-cadres-de-construction-pleine-croissance\/97594\/","og_site_name":"Batijournal","article_published_time":"2017-11-20T15:24:51+00:00","article_modified_time":"2019-07-15T10:02:01+00:00","og_image":[{"width":1400,"height":1400,"url":"https:\/\/batijournal.com\/wp-content\/uploads\/2017\/06\/gare-de-lorient-1.jpg","type":"image\/jpeg"}],"author":"St\u00e9phane Miget","twitter_card":"summary_large_image","twitter_creator":"@bati_journal","twitter_site":"@bati_journal","twitter_misc":{"\u00c9crit par":"St\u00e9phane Miget","Dur\u00e9e de lecture estim\u00e9e":"2 minutes"},"schema":{"@context":"https:\/\/schema.org","@graph":[{"@type":"Article","@id":"https:\/\/batijournal.com\/index.php\/marche-de-lemploi-cadres-de-construction-pleine-croissance\/97594\/#article","isPartOf":{"@id":"https:\/\/batijournal.com\/index.php\/marche-de-lemploi-cadres-de-construction-pleine-croissance\/97594\/"},"author":{"name":"St\u00e9phane Miget","@id":"https:\/\/batijournal.com\/#\/schema\/person\/1dc96ec6957aa1ccb25ebe78bb19f100"},"headline":"Le march\u00e9 de l\u2019emploi des cadres de la construction est en pleine croissance","datePublished":"2017-11-20T15:24:51+00:00","dateModified":"2019-07-15T10:02:01+00:00","mainEntityOfPage":{"@id":"https:\/\/batijournal.com\/index.php\/marche-de-lemploi-cadres-de-construction-pleine-croissance\/97594\/"},"wordCount":317,"image":{"@id":"https:\/\/batijournal.com\/index.php\/marche-de-lemploi-cadres-de-construction-pleine-croissance\/97594\/#primaryimage"},"thumbnailUrl":"https:\/\/batijournal.com\/wp-content\/uploads\/2017\/06\/gare-de-lorient-1.jpg","keywords":["emploi"],"articleSection":["Actualit\u00e9s","\u00c9conomie &amp; March\u00e9s"],"inLanguage":"fr-FR"},{"@type":"WebPage","@id":"https:\/\/batijournal.com\/index.php\/marche-de-lemploi-cadres-de-construction-pleine-croissance\/97594\/","url":"https:\/\/batijournal.com\/index.php\/marche-de-lemploi-cadres-de-construction-pleine-croissance\/97594\/","name":"Le march\u00e9 de l\u2019emploi des cadres de la construction est en pleine croissance","isPartOf":{"@id":"https:\/\/batijournal.com\/#website"},"primaryImageOfPage":{"@id":"https:\/\/batijournal.com\/index.php\/marche-de-lemploi-cadres-de-construction-pleine-croissance\/97594\/#primaryimage"},"image":{"@id":"https:\/\/batijournal.com\/index.php\/marche-de-lemploi-cadres-de-construction-pleine-croissance\/97594\/#primaryimage"},"thumbnailUrl":"https:\/\/batijournal.com\/wp-content\/uploads\/2017\/06\/gare-de-lorient-1.jpg","datePublished":"2017-11-20T15:24:51+00:00","dateModified":"2019-07-15T10:02:01+00:00","author":{"@id":"https:\/\/batijournal.com\/#\/schema\/person\/1dc96ec6957aa1ccb25ebe78bb19f100"},"breadcrumb":{"@id":"https:\/\/batijournal.com\/index.php\/marche-de-lemploi-cadres-de-construction-pleine-croissance\/97594\/#breadcrumb"},"inLanguage":"fr-FR","potentialAction":[{"@type":"ReadAction","target":["https:\/\/batijournal.com\/index.php\/marche-de-lemploi-cadres-de-construction-pleine-croissance\/97594\/"]}]},{"@type":"ImageObject","inLanguage":"fr-FR","@id":"https:\/\/batijournal.com\/index.php\/marche-de-lemploi-cadres-de-construction-pleine-croissance\/97594\/#primaryimage","url":"https:\/\/batijournal.com\/wp-content\/uploads\/2017\/06\/gare-de-lorient-1.jpg","contentUrl":"https:\/\/batijournal.com\/wp-content\/uploads\/2017\/06\/gare-de-lorient-1.jpg","width":1400,"height":1400,"caption":"Le chantier du PEM de Lorient, la structure bois (Aout 2016)"},{"@type":"BreadcrumbList","@id":"https:\/\/batijournal.com\/index.php\/marche-de-lemploi-cadres-de-construction-pleine-croissance\/97594\/#breadcrumb","itemListElement":[{"@type":"ListItem","position":1,"name":"Accueil","item":"https:\/\/batijournal.com\/"},{"@type":"ListItem","position":2,"name":"Actualit\u00e9s","item":"https:\/\/batijournal.com\/index.php\/category\/actualites\/"},{"@type":"ListItem","position":3,"name":"Le march\u00e9 de l\u2019emploi des cadres de la construction est en pleine croissance"}]},{"@type":"WebSite","@id":"https:\/\/batijournal.com\/#website","url":"https:\/\/batijournal.com\/","name":"Batijournal","description":"L&#039;actualit\u00e9 du b\u00e2timent","potentialAction":[{"@type":"SearchAction","target":{"@type":"EntryPoint","urlTemplate":"https:\/\/batijournal.com\/?s={search_term_string}"},"query-input":{"@type":"PropertyValueSpecification","valueRequired":true,"valueName":"search_term_string"}}],"inLanguage":"fr-FR"},{"@type":"Person","@id":"https:\/\/batijournal.com\/#\/schema\/person\/1dc96ec6957aa1ccb25ebe78bb19f100","name":"St\u00e9phane Miget","image":{"@type":"ImageObject","inLanguage":"fr-FR","@id":"https:\/\/secure.gravatar.com\/avatar\/89915563d925342126b8ef0281b93d9d7fc337043e8df017f780908eb9644451?s=96&d=mm&r=g","url":"https:\/\/secure.gravatar.com\/avatar\/89915563d925342126b8ef0281b93d9d7fc337043e8df017f780908eb9644451?s=96&d=mm&r=g","contentUrl":"https:\/\/secure.gravatar.com\/avatar\/89915563d925342126b8ef0281b93d9d7fc337043e8df017f780908eb9644451?s=96&d=mm&r=g","caption":"St\u00e9phane Miget"},"url":"https:\/\/batijournal.com\/index.php\/author\/stephane\/"}]}},"_links":{"self":[{"href":"https:\/\/batijournal.com\/index.php\/wp-json\/wp\/v2\/posts\/97594","targetHints":{"allow":["GET"]}}],"collection":[{"href":"https:\/\/batijournal.com\/index.php\/wp-json\/wp\/v2\/posts"}],"about":[{"href":"https:\/\/batijournal.com\/index.php\/wp-json\/wp\/v2\/types\/post"}],"author":[{"embeddable":true,"href":"https:\/\/batijournal.com\/index.php\/wp-json\/wp\/v2\/users\/17"}],"replies":[{"embeddable":true,"href":"https:\/\/batijournal.com\/index.php\/wp-json\/wp\/v2\/comments?post=97594"}],"version-history":[{"count":0,"href":"https:\/\/batijournal.com\/index.php\/wp-json\/wp\/v2\/posts\/97594\/revisions"}],"wp:featuredmedia":[{"embeddable":true,"href":"https:\/\/batijournal.com\/index.php\/wp-json\/wp\/v2\/media\/96389"}],"wp:attachment":[{"href":"https:\/\/batijournal.com\/index.php\/wp-json\/wp\/v2\/media?parent=97594"}],"wp:term":[{"taxonomy":"category","embeddable":true,"href":"https:\/\/batijournal.com\/index.php\/wp-json\/wp\/v2\/categories?post=97594"},{"taxonomy":"post_tag","embeddable":true,"href":"https:\/\/batijournal.com\/index.php\/wp-json\/wp\/v2\/tags?post=97594"}],"curies":[{"name":"wp","href":"https:\/\/api.w.org\/{rel}","templated":true}]}}