{"id":97604,"date":"2017-11-22T08:38:10","date_gmt":"2017-11-22T07:38:10","guid":{"rendered":"http:\/\/batijournal.com\/?p=97604"},"modified":"2019-07-15T12:02:01","modified_gmt":"2019-07-15T10:02:01","slug":"commercialisation-logements-neufs-ralentit","status":"publish","type":"post","link":"https:\/\/batijournal.com\/index.php\/commercialisation-logements-neufs-ralentit\/97604\/","title":{"rendered":"La commercialisation des logements neufs ralentit"},"content":{"rendered":"<p>Au troisi\u00e8me trimestre 2017, 28 200 logement neufs ont \u00e9t\u00e9 vendus. C&rsquo;est un peu moins qu&rsquo;au troisi\u00e8me trimestre 2016 : &#8211; 0,4 %. Cette baisse concerne l&rsquo;individuel group\u00e9, dont les ventes se replient (- 6,4 %) tandis qu&rsquo;elles stagnent dans le collectif (+ 0,2 %). Dans le m\u00eame temps, les mises en vente baissent sensiblement (- 11,4 %). La tendance annuelle reste orient\u00e9e \u00e0 la hausse avec respectivement + 9,5 % et + 2,8 % d&rsquo;augmentation pour les r\u00e9servations et les mises en vente sur les quatre derniers trimestres par rapport aux quatre trimestres pr\u00e9c\u00e9dents. L&rsquo;encours de logements propos\u00e9s \u00e0 la vente s&rsquo;\u00e9tablit \u00e0 105 000 logements, en l\u00e9g\u00e8re hausse (+ 0,7 %) \u00e0 la fin du troisi\u00e8me trimestre 2017 par rapport au troisi\u00e8me trimestre 2016.<\/p>\n<p>Les r\u00e9servations de maisons individuelles, 2 300 unit\u00e9s, sont en diminution (- 6,4 %) par rapport au troisi\u00e8me trimestre 2016. Les ventes de maisons individuelles de moins de trois pi\u00e8ces reculent nettement (- 19,9 %) tandis que les ventes sont dynamiques pour les grandes surfaces, + 3,9 %. Les mises en vente se contractent sensiblement ce trimestre comparativement au troisi\u00e8me trimestre 2016 (- 20,1 %). En cons\u00e9quence, l&rsquo;encours de maisons individuelles disponibles \u00e0 la vente diminue (- 6,1 %). La part des logements en cours de construction baisse de 7,9 points au profit des logements en projet, traduisant probablement une volont\u00e9 des promoteurs de r\u00e9duire les stocks de logements non vendus en cours de construction. Dans le m\u00eame temps, les prix restent stables, une maison individuelle co\u00fbte en moyenne 259 880 euros.<\/p>\n<p>Source : Service de la donn\u00e9e et des \u00e9tudes statistiques (SDES)<\/p>\n<p>&nbsp;<\/p>\n","protected":false},"excerpt":{"rendered":"<p>Au troisi\u00e8me trimestre 2017, 28 200 logement neufs ont \u00e9t\u00e9 vendus. C&rsquo;est un peu moins qu&rsquo;au troisi\u00e8me trimestre 2016 : &#8211; 0,4 %. Cette baisse concerne l&rsquo;individuel group\u00e9, dont les ventes se replient (- 6,4 %) tandis qu&rsquo;elles stagnent dans le collectif (+ 0,2 %). Dans le m\u00eame temps, les mises en vente baissent sensiblement [&hellip;]<\/p>\n","protected":false},"author":17,"featured_media":97605,"comment_status":"closed","ping_status":"closed","sticky":false,"template":"","format":"standard","meta":{"_et_pb_use_builder":"","_et_pb_old_content":"","_et_gb_content_width":"","footnotes":""},"categories":[10530,6345],"tags":[53,1338],"class_list":["post-97604","post","type-post","status-publish","format-standard","has-post-thumbnail","hentry","category-actualites","category-economie-marches","tag-construction","tag-statistiques"],"yoast_head":"<!-- This site is optimized with the Yoast SEO plugin v27.4 - https:\/\/yoast.com\/product\/yoast-seo-wordpress\/ -->\n<title>La commercialisation des logements neufs ralentit<\/title>\n<meta name=\"robots\" content=\"index, follow, max-snippet:-1, max-image-preview:large, max-video-preview:-1\" \/>\n<link rel=\"canonical\" href=\"https:\/\/batijournal.com\/index.php\/commercialisation-logements-neufs-ralentit\/97604\/\" \/>\n<meta property=\"og:locale\" content=\"fr_FR\" \/>\n<meta property=\"og:type\" content=\"article\" \/>\n<meta property=\"og:title\" content=\"La commercialisation des logements neufs ralentit\" \/>\n<meta property=\"og:description\" content=\"Au troisi\u00e8me trimestre 2017, 28 200 logement neufs ont \u00e9t\u00e9 vendus. C&rsquo;est un peu moins qu&rsquo;au troisi\u00e8me trimestre 2016 : &#8211; 0,4 %. Cette baisse concerne l&rsquo;individuel group\u00e9, dont les ventes se replient (- 6,4 %) tandis qu&rsquo;elles stagnent dans le collectif (+ 0,2 %). Dans le m\u00eame temps, les mises en vente baissent sensiblement [&hellip;]\" \/>\n<meta property=\"og:url\" content=\"https:\/\/batijournal.com\/index.php\/commercialisation-logements-neufs-ralentit\/97604\/\" \/>\n<meta property=\"og:site_name\" content=\"Batijournal\" \/>\n<meta property=\"article:published_time\" content=\"2017-11-22T07:38:10+00:00\" \/>\n<meta property=\"article:modified_time\" content=\"2019-07-15T10:02:01+00:00\" \/>\n<meta property=\"og:image\" content=\"https:\/\/batijournal.com\/wp-content\/uploads\/2017\/11\/commercialisation-logements-neufs-3-trimestre-2017.jpg\" \/>\n\t<meta property=\"og:image:width\" content=\"1266\" \/>\n\t<meta property=\"og:image:height\" content=\"911\" \/>\n\t<meta property=\"og:image:type\" content=\"image\/jpeg\" \/>\n<meta name=\"author\" content=\"St\u00e9phane Miget\" \/>\n<meta name=\"twitter:card\" content=\"summary_large_image\" \/>\n<meta name=\"twitter:creator\" content=\"@bati_journal\" \/>\n<meta name=\"twitter:site\" content=\"@bati_journal\" \/>\n<meta name=\"twitter:label1\" content=\"\u00c9crit par\" \/>\n\t<meta name=\"twitter:data1\" content=\"St\u00e9phane Miget\" \/>\n\t<meta name=\"twitter:label2\" content=\"Dur\u00e9e de lecture estim\u00e9e\" \/>\n\t<meta name=\"twitter:data2\" content=\"1 minute\" \/>\n<script type=\"application\/ld+json\" class=\"yoast-schema-graph\">{\"@context\":\"https:\\\/\\\/schema.org\",\"@graph\":[{\"@type\":\"Article\",\"@id\":\"https:\\\/\\\/batijournal.com\\\/index.php\\\/commercialisation-logements-neufs-ralentit\\\/97604\\\/#article\",\"isPartOf\":{\"@id\":\"https:\\\/\\\/batijournal.com\\\/index.php\\\/commercialisation-logements-neufs-ralentit\\\/97604\\\/\"},\"author\":{\"name\":\"St\u00e9phane Miget\",\"@id\":\"https:\\\/\\\/batijournal.com\\\/#\\\/schema\\\/person\\\/1dc96ec6957aa1ccb25ebe78bb19f100\"},\"headline\":\"La commercialisation des logements neufs ralentit\",\"datePublished\":\"2017-11-22T07:38:10+00:00\",\"dateModified\":\"2019-07-15T10:02:01+00:00\",\"mainEntityOfPage\":{\"@id\":\"https:\\\/\\\/batijournal.com\\\/index.php\\\/commercialisation-logements-neufs-ralentit\\\/97604\\\/\"},\"wordCount\":255,\"image\":{\"@id\":\"https:\\\/\\\/batijournal.com\\\/index.php\\\/commercialisation-logements-neufs-ralentit\\\/97604\\\/#primaryimage\"},\"thumbnailUrl\":\"https:\\\/\\\/batijournal.com\\\/wp-content\\\/uploads\\\/2017\\\/11\\\/commercialisation-logements-neufs-3-trimestre-2017.jpg\",\"keywords\":[\"construction\",\"statistiques\"],\"articleSection\":[\"Actualit\u00e9s\",\"\u00c9conomie &amp; March\u00e9s\"],\"inLanguage\":\"fr-FR\"},{\"@type\":\"WebPage\",\"@id\":\"https:\\\/\\\/batijournal.com\\\/index.php\\\/commercialisation-logements-neufs-ralentit\\\/97604\\\/\",\"url\":\"https:\\\/\\\/batijournal.com\\\/index.php\\\/commercialisation-logements-neufs-ralentit\\\/97604\\\/\",\"name\":\"La commercialisation des logements neufs ralentit\",\"isPartOf\":{\"@id\":\"https:\\\/\\\/batijournal.com\\\/#website\"},\"primaryImageOfPage\":{\"@id\":\"https:\\\/\\\/batijournal.com\\\/index.php\\\/commercialisation-logements-neufs-ralentit\\\/97604\\\/#primaryimage\"},\"image\":{\"@id\":\"https:\\\/\\\/batijournal.com\\\/index.php\\\/commercialisation-logements-neufs-ralentit\\\/97604\\\/#primaryimage\"},\"thumbnailUrl\":\"https:\\\/\\\/batijournal.com\\\/wp-content\\\/uploads\\\/2017\\\/11\\\/commercialisation-logements-neufs-3-trimestre-2017.jpg\",\"datePublished\":\"2017-11-22T07:38:10+00:00\",\"dateModified\":\"2019-07-15T10:02:01+00:00\",\"author\":{\"@id\":\"https:\\\/\\\/batijournal.com\\\/#\\\/schema\\\/person\\\/1dc96ec6957aa1ccb25ebe78bb19f100\"},\"breadcrumb\":{\"@id\":\"https:\\\/\\\/batijournal.com\\\/index.php\\\/commercialisation-logements-neufs-ralentit\\\/97604\\\/#breadcrumb\"},\"inLanguage\":\"fr-FR\",\"potentialAction\":[{\"@type\":\"ReadAction\",\"target\":[\"https:\\\/\\\/batijournal.com\\\/index.php\\\/commercialisation-logements-neufs-ralentit\\\/97604\\\/\"]}]},{\"@type\":\"ImageObject\",\"inLanguage\":\"fr-FR\",\"@id\":\"https:\\\/\\\/batijournal.com\\\/index.php\\\/commercialisation-logements-neufs-ralentit\\\/97604\\\/#primaryimage\",\"url\":\"https:\\\/\\\/batijournal.com\\\/wp-content\\\/uploads\\\/2017\\\/11\\\/commercialisation-logements-neufs-3-trimestre-2017.jpg\",\"contentUrl\":\"https:\\\/\\\/batijournal.com\\\/wp-content\\\/uploads\\\/2017\\\/11\\\/commercialisation-logements-neufs-3-trimestre-2017.jpg\",\"width\":1266,\"height\":911},{\"@type\":\"BreadcrumbList\",\"@id\":\"https:\\\/\\\/batijournal.com\\\/index.php\\\/commercialisation-logements-neufs-ralentit\\\/97604\\\/#breadcrumb\",\"itemListElement\":[{\"@type\":\"ListItem\",\"position\":1,\"name\":\"Accueil\",\"item\":\"https:\\\/\\\/batijournal.com\\\/\"},{\"@type\":\"ListItem\",\"position\":2,\"name\":\"Actualit\u00e9s\",\"item\":\"https:\\\/\\\/batijournal.com\\\/index.php\\\/category\\\/actualites\\\/\"},{\"@type\":\"ListItem\",\"position\":3,\"name\":\"La commercialisation des logements neufs ralentit\"}]},{\"@type\":\"WebSite\",\"@id\":\"https:\\\/\\\/batijournal.com\\\/#website\",\"url\":\"https:\\\/\\\/batijournal.com\\\/\",\"name\":\"Batijournal\",\"description\":\"L&#039;actualit\u00e9 du b\u00e2timent\",\"potentialAction\":[{\"@type\":\"SearchAction\",\"target\":{\"@type\":\"EntryPoint\",\"urlTemplate\":\"https:\\\/\\\/batijournal.com\\\/?s={search_term_string}\"},\"query-input\":{\"@type\":\"PropertyValueSpecification\",\"valueRequired\":true,\"valueName\":\"search_term_string\"}}],\"inLanguage\":\"fr-FR\"},{\"@type\":\"Person\",\"@id\":\"https:\\\/\\\/batijournal.com\\\/#\\\/schema\\\/person\\\/1dc96ec6957aa1ccb25ebe78bb19f100\",\"name\":\"St\u00e9phane Miget\",\"image\":{\"@type\":\"ImageObject\",\"inLanguage\":\"fr-FR\",\"@id\":\"https:\\\/\\\/secure.gravatar.com\\\/avatar\\\/89915563d925342126b8ef0281b93d9d7fc337043e8df017f780908eb9644451?s=96&d=mm&r=g\",\"url\":\"https:\\\/\\\/secure.gravatar.com\\\/avatar\\\/89915563d925342126b8ef0281b93d9d7fc337043e8df017f780908eb9644451?s=96&d=mm&r=g\",\"contentUrl\":\"https:\\\/\\\/secure.gravatar.com\\\/avatar\\\/89915563d925342126b8ef0281b93d9d7fc337043e8df017f780908eb9644451?s=96&d=mm&r=g\",\"caption\":\"St\u00e9phane Miget\"},\"url\":\"https:\\\/\\\/batijournal.com\\\/index.php\\\/author\\\/stephane\\\/\"}]}<\/script>\n<!-- \/ Yoast SEO plugin. -->","yoast_head_json":{"title":"La commercialisation des logements neufs ralentit","robots":{"index":"index","follow":"follow","max-snippet":"max-snippet:-1","max-image-preview":"max-image-preview:large","max-video-preview":"max-video-preview:-1"},"canonical":"https:\/\/batijournal.com\/index.php\/commercialisation-logements-neufs-ralentit\/97604\/","og_locale":"fr_FR","og_type":"article","og_title":"La commercialisation des logements neufs ralentit","og_description":"Au troisi\u00e8me trimestre 2017, 28 200 logement neufs ont \u00e9t\u00e9 vendus. C&rsquo;est un peu moins qu&rsquo;au troisi\u00e8me trimestre 2016 : &#8211; 0,4 %. Cette baisse concerne l&rsquo;individuel group\u00e9, dont les ventes se replient (- 6,4 %) tandis qu&rsquo;elles stagnent dans le collectif (+ 0,2 %). Dans le m\u00eame temps, les mises en vente baissent sensiblement [&hellip;]","og_url":"https:\/\/batijournal.com\/index.php\/commercialisation-logements-neufs-ralentit\/97604\/","og_site_name":"Batijournal","article_published_time":"2017-11-22T07:38:10+00:00","article_modified_time":"2019-07-15T10:02:01+00:00","og_image":[{"width":1266,"height":911,"url":"https:\/\/batijournal.com\/wp-content\/uploads\/2017\/11\/commercialisation-logements-neufs-3-trimestre-2017.jpg","type":"image\/jpeg"}],"author":"St\u00e9phane Miget","twitter_card":"summary_large_image","twitter_creator":"@bati_journal","twitter_site":"@bati_journal","twitter_misc":{"\u00c9crit par":"St\u00e9phane Miget","Dur\u00e9e de lecture estim\u00e9e":"1 minute"},"schema":{"@context":"https:\/\/schema.org","@graph":[{"@type":"Article","@id":"https:\/\/batijournal.com\/index.php\/commercialisation-logements-neufs-ralentit\/97604\/#article","isPartOf":{"@id":"https:\/\/batijournal.com\/index.php\/commercialisation-logements-neufs-ralentit\/97604\/"},"author":{"name":"St\u00e9phane Miget","@id":"https:\/\/batijournal.com\/#\/schema\/person\/1dc96ec6957aa1ccb25ebe78bb19f100"},"headline":"La commercialisation des logements neufs ralentit","datePublished":"2017-11-22T07:38:10+00:00","dateModified":"2019-07-15T10:02:01+00:00","mainEntityOfPage":{"@id":"https:\/\/batijournal.com\/index.php\/commercialisation-logements-neufs-ralentit\/97604\/"},"wordCount":255,"image":{"@id":"https:\/\/batijournal.com\/index.php\/commercialisation-logements-neufs-ralentit\/97604\/#primaryimage"},"thumbnailUrl":"https:\/\/batijournal.com\/wp-content\/uploads\/2017\/11\/commercialisation-logements-neufs-3-trimestre-2017.jpg","keywords":["construction","statistiques"],"articleSection":["Actualit\u00e9s","\u00c9conomie &amp; March\u00e9s"],"inLanguage":"fr-FR"},{"@type":"WebPage","@id":"https:\/\/batijournal.com\/index.php\/commercialisation-logements-neufs-ralentit\/97604\/","url":"https:\/\/batijournal.com\/index.php\/commercialisation-logements-neufs-ralentit\/97604\/","name":"La commercialisation des logements neufs ralentit","isPartOf":{"@id":"https:\/\/batijournal.com\/#website"},"primaryImageOfPage":{"@id":"https:\/\/batijournal.com\/index.php\/commercialisation-logements-neufs-ralentit\/97604\/#primaryimage"},"image":{"@id":"https:\/\/batijournal.com\/index.php\/commercialisation-logements-neufs-ralentit\/97604\/#primaryimage"},"thumbnailUrl":"https:\/\/batijournal.com\/wp-content\/uploads\/2017\/11\/commercialisation-logements-neufs-3-trimestre-2017.jpg","datePublished":"2017-11-22T07:38:10+00:00","dateModified":"2019-07-15T10:02:01+00:00","author":{"@id":"https:\/\/batijournal.com\/#\/schema\/person\/1dc96ec6957aa1ccb25ebe78bb19f100"},"breadcrumb":{"@id":"https:\/\/batijournal.com\/index.php\/commercialisation-logements-neufs-ralentit\/97604\/#breadcrumb"},"inLanguage":"fr-FR","potentialAction":[{"@type":"ReadAction","target":["https:\/\/batijournal.com\/index.php\/commercialisation-logements-neufs-ralentit\/97604\/"]}]},{"@type":"ImageObject","inLanguage":"fr-FR","@id":"https:\/\/batijournal.com\/index.php\/commercialisation-logements-neufs-ralentit\/97604\/#primaryimage","url":"https:\/\/batijournal.com\/wp-content\/uploads\/2017\/11\/commercialisation-logements-neufs-3-trimestre-2017.jpg","contentUrl":"https:\/\/batijournal.com\/wp-content\/uploads\/2017\/11\/commercialisation-logements-neufs-3-trimestre-2017.jpg","width":1266,"height":911},{"@type":"BreadcrumbList","@id":"https:\/\/batijournal.com\/index.php\/commercialisation-logements-neufs-ralentit\/97604\/#breadcrumb","itemListElement":[{"@type":"ListItem","position":1,"name":"Accueil","item":"https:\/\/batijournal.com\/"},{"@type":"ListItem","position":2,"name":"Actualit\u00e9s","item":"https:\/\/batijournal.com\/index.php\/category\/actualites\/"},{"@type":"ListItem","position":3,"name":"La commercialisation des logements neufs ralentit"}]},{"@type":"WebSite","@id":"https:\/\/batijournal.com\/#website","url":"https:\/\/batijournal.com\/","name":"Batijournal","description":"L&#039;actualit\u00e9 du b\u00e2timent","potentialAction":[{"@type":"SearchAction","target":{"@type":"EntryPoint","urlTemplate":"https:\/\/batijournal.com\/?s={search_term_string}"},"query-input":{"@type":"PropertyValueSpecification","valueRequired":true,"valueName":"search_term_string"}}],"inLanguage":"fr-FR"},{"@type":"Person","@id":"https:\/\/batijournal.com\/#\/schema\/person\/1dc96ec6957aa1ccb25ebe78bb19f100","name":"St\u00e9phane Miget","image":{"@type":"ImageObject","inLanguage":"fr-FR","@id":"https:\/\/secure.gravatar.com\/avatar\/89915563d925342126b8ef0281b93d9d7fc337043e8df017f780908eb9644451?s=96&d=mm&r=g","url":"https:\/\/secure.gravatar.com\/avatar\/89915563d925342126b8ef0281b93d9d7fc337043e8df017f780908eb9644451?s=96&d=mm&r=g","contentUrl":"https:\/\/secure.gravatar.com\/avatar\/89915563d925342126b8ef0281b93d9d7fc337043e8df017f780908eb9644451?s=96&d=mm&r=g","caption":"St\u00e9phane Miget"},"url":"https:\/\/batijournal.com\/index.php\/author\/stephane\/"}]}},"_links":{"self":[{"href":"https:\/\/batijournal.com\/index.php\/wp-json\/wp\/v2\/posts\/97604","targetHints":{"allow":["GET"]}}],"collection":[{"href":"https:\/\/batijournal.com\/index.php\/wp-json\/wp\/v2\/posts"}],"about":[{"href":"https:\/\/batijournal.com\/index.php\/wp-json\/wp\/v2\/types\/post"}],"author":[{"embeddable":true,"href":"https:\/\/batijournal.com\/index.php\/wp-json\/wp\/v2\/users\/17"}],"replies":[{"embeddable":true,"href":"https:\/\/batijournal.com\/index.php\/wp-json\/wp\/v2\/comments?post=97604"}],"version-history":[{"count":0,"href":"https:\/\/batijournal.com\/index.php\/wp-json\/wp\/v2\/posts\/97604\/revisions"}],"wp:featuredmedia":[{"embeddable":true,"href":"https:\/\/batijournal.com\/index.php\/wp-json\/wp\/v2\/media\/97605"}],"wp:attachment":[{"href":"https:\/\/batijournal.com\/index.php\/wp-json\/wp\/v2\/media?parent=97604"}],"wp:term":[{"taxonomy":"category","embeddable":true,"href":"https:\/\/batijournal.com\/index.php\/wp-json\/wp\/v2\/categories?post=97604"},{"taxonomy":"post_tag","embeddable":true,"href":"https:\/\/batijournal.com\/index.php\/wp-json\/wp\/v2\/tags?post=97604"}],"curies":[{"name":"wp","href":"https:\/\/api.w.org\/{rel}","templated":true}]}}