{"id":97644,"date":"2017-11-27T10:24:32","date_gmt":"2017-11-27T09:24:32","guid":{"rendered":"http:\/\/batijournal.com\/?p=97644"},"modified":"2019-07-15T12:19:55","modified_gmt":"2019-07-15T10:19:55","slug":"plan-de-renovation-energetique-assemblee-extraordinaire-plan-batiment-durable","status":"publish","type":"post","link":"https:\/\/batijournal.com\/index.php\/plan-de-renovation-energetique-assemblee-extraordinaire-plan-batiment-durable\/97644\/","title":{"rendered":"Plan de r\u00e9novation \u00e9nerg\u00e9tique : assembl\u00e9e extraordinaire du Plan B\u00e2timent Durable"},"content":{"rendered":"<p>Apr\u00e8s l&rsquo;annonce du plan de r\u00e9novation \u00e9nerg\u00e9tique, annonc\u00e9 par Nicolas Hulot, ministre de la Transition \u00e9cologique et solidaire et par Jacques M\u00e9zard, ministre de la Coh\u00e9sion des territoires, le Plan B\u00e2timent Durable s&rsquo;est dit pleinement mobilis\u00e9 avec l&rsquo;ensemble de la fili\u00e8re et les territoires pour assurer la concertation dans les mois \u00e0 venir. Dans ce cadre, le Plan B\u00e2timent Durable tiendra le 16 janvier 2018 une assembl\u00e9e extraordinaire, ouverte \u00e0 tous, sur le projet de feuille de route du plan de r\u00e9novation \u00e9nerg\u00e9tique pour consulter la fili\u00e8re, \u00e9changer et favoriser la remont\u00e9e des bonnes exp\u00e9riences.<\/p>\n","protected":false},"excerpt":{"rendered":"<p>Apr\u00e8s l&rsquo;annonce du plan de r\u00e9novation \u00e9nerg\u00e9tique, annonc\u00e9 par Nicolas Hulot, ministre de la Transition \u00e9cologique et solidaire et par Jacques M\u00e9zard, ministre de la Coh\u00e9sion des territoires, le Plan B\u00e2timent Durable s&rsquo;est dit pleinement mobilis\u00e9 avec l&rsquo;ensemble de la fili\u00e8re et les territoires pour assurer la concertation dans les mois \u00e0 venir. Dans ce [&hellip;]<\/p>\n","protected":false},"author":17,"featured_media":96439,"comment_status":"closed","ping_status":"closed","sticky":false,"template":"","format":"standard","meta":{"_et_pb_use_builder":"","_et_pb_old_content":"","_et_gb_content_width":"","footnotes":""},"categories":[10530,6351],"tags":[2684,1683],"class_list":["post-97644","post","type-post","status-publish","format-standard","has-post-thumbnail","hentry","category-actualites","category-energie-environnement","tag-plan-batiment-durable","tag-renovation-energetique"],"yoast_head":"<!-- This site is optimized with the Yoast SEO plugin v27.4 - https:\/\/yoast.com\/product\/yoast-seo-wordpress\/ -->\n<title>Plan de r\u00e9novation \u00e9nerg\u00e9tique : assembl\u00e9e extraordinaire du Plan B\u00e2timent Durable<\/title>\n<meta name=\"robots\" content=\"index, follow, max-snippet:-1, max-image-preview:large, max-video-preview:-1\" \/>\n<link rel=\"canonical\" href=\"https:\/\/batijournal.com\/index.php\/plan-de-renovation-energetique-assemblee-extraordinaire-plan-batiment-durable\/97644\/\" \/>\n<meta property=\"og:locale\" content=\"fr_FR\" \/>\n<meta property=\"og:type\" content=\"article\" \/>\n<meta property=\"og:title\" content=\"Plan de r\u00e9novation \u00e9nerg\u00e9tique : assembl\u00e9e extraordinaire du Plan B\u00e2timent Durable\" \/>\n<meta property=\"og:description\" content=\"Apr\u00e8s l&rsquo;annonce du plan de r\u00e9novation \u00e9nerg\u00e9tique, annonc\u00e9 par Nicolas Hulot, ministre de la Transition \u00e9cologique et solidaire et par Jacques M\u00e9zard, ministre de la Coh\u00e9sion des territoires, le Plan B\u00e2timent Durable s&rsquo;est dit pleinement mobilis\u00e9 avec l&rsquo;ensemble de la fili\u00e8re et les territoires pour assurer la concertation dans les mois \u00e0 venir. Dans ce [&hellip;]\" \/>\n<meta property=\"og:url\" content=\"https:\/\/batijournal.com\/index.php\/plan-de-renovation-energetique-assemblee-extraordinaire-plan-batiment-durable\/97644\/\" \/>\n<meta property=\"og:site_name\" content=\"Batijournal\" \/>\n<meta property=\"article:published_time\" content=\"2017-11-27T09:24:32+00:00\" \/>\n<meta property=\"article:modified_time\" content=\"2019-07-15T10:19:55+00:00\" \/>\n<meta property=\"og:image\" content=\"https:\/\/batijournal.com\/wp-content\/uploads\/2017\/07\/Logo-plan-climat.png\" \/>\n\t<meta property=\"og:image:width\" content=\"810\" \/>\n\t<meta property=\"og:image:height\" content=\"540\" \/>\n\t<meta property=\"og:image:type\" content=\"image\/png\" \/>\n<meta name=\"author\" content=\"St\u00e9phane Miget\" \/>\n<meta name=\"twitter:card\" content=\"summary_large_image\" \/>\n<meta name=\"twitter:creator\" content=\"@bati_journal\" \/>\n<meta name=\"twitter:site\" content=\"@bati_journal\" \/>\n<meta name=\"twitter:label1\" content=\"\u00c9crit par\" \/>\n\t<meta name=\"twitter:data1\" content=\"St\u00e9phane Miget\" \/>\n\t<meta name=\"twitter:label2\" content=\"Dur\u00e9e de lecture estim\u00e9e\" \/>\n\t<meta name=\"twitter:data2\" content=\"1 minute\" \/>\n<script type=\"application\/ld+json\" class=\"yoast-schema-graph\">{\"@context\":\"https:\\\/\\\/schema.org\",\"@graph\":[{\"@type\":\"Article\",\"@id\":\"https:\\\/\\\/batijournal.com\\\/index.php\\\/plan-de-renovation-energetique-assemblee-extraordinaire-plan-batiment-durable\\\/97644\\\/#article\",\"isPartOf\":{\"@id\":\"https:\\\/\\\/batijournal.com\\\/index.php\\\/plan-de-renovation-energetique-assemblee-extraordinaire-plan-batiment-durable\\\/97644\\\/\"},\"author\":{\"name\":\"St\u00e9phane Miget\",\"@id\":\"https:\\\/\\\/batijournal.com\\\/#\\\/schema\\\/person\\\/1dc96ec6957aa1ccb25ebe78bb19f100\"},\"headline\":\"Plan de r\u00e9novation \u00e9nerg\u00e9tique : assembl\u00e9e extraordinaire du Plan B\u00e2timent Durable\",\"datePublished\":\"2017-11-27T09:24:32+00:00\",\"dateModified\":\"2019-07-15T10:19:55+00:00\",\"mainEntityOfPage\":{\"@id\":\"https:\\\/\\\/batijournal.com\\\/index.php\\\/plan-de-renovation-energetique-assemblee-extraordinaire-plan-batiment-durable\\\/97644\\\/\"},\"wordCount\":122,\"image\":{\"@id\":\"https:\\\/\\\/batijournal.com\\\/index.php\\\/plan-de-renovation-energetique-assemblee-extraordinaire-plan-batiment-durable\\\/97644\\\/#primaryimage\"},\"thumbnailUrl\":\"https:\\\/\\\/batijournal.com\\\/wp-content\\\/uploads\\\/2017\\\/07\\\/Logo-plan-climat.png\",\"keywords\":[\"plan b\u00e2timent durable\",\"renovation energetique\"],\"articleSection\":[\"Actualit\u00e9s\",\"\u00c9nergie &amp; Environnement\"],\"inLanguage\":\"fr-FR\"},{\"@type\":\"WebPage\",\"@id\":\"https:\\\/\\\/batijournal.com\\\/index.php\\\/plan-de-renovation-energetique-assemblee-extraordinaire-plan-batiment-durable\\\/97644\\\/\",\"url\":\"https:\\\/\\\/batijournal.com\\\/index.php\\\/plan-de-renovation-energetique-assemblee-extraordinaire-plan-batiment-durable\\\/97644\\\/\",\"name\":\"Plan de r\u00e9novation \u00e9nerg\u00e9tique : assembl\u00e9e extraordinaire du Plan B\u00e2timent Durable\",\"isPartOf\":{\"@id\":\"https:\\\/\\\/batijournal.com\\\/#website\"},\"primaryImageOfPage\":{\"@id\":\"https:\\\/\\\/batijournal.com\\\/index.php\\\/plan-de-renovation-energetique-assemblee-extraordinaire-plan-batiment-durable\\\/97644\\\/#primaryimage\"},\"image\":{\"@id\":\"https:\\\/\\\/batijournal.com\\\/index.php\\\/plan-de-renovation-energetique-assemblee-extraordinaire-plan-batiment-durable\\\/97644\\\/#primaryimage\"},\"thumbnailUrl\":\"https:\\\/\\\/batijournal.com\\\/wp-content\\\/uploads\\\/2017\\\/07\\\/Logo-plan-climat.png\",\"datePublished\":\"2017-11-27T09:24:32+00:00\",\"dateModified\":\"2019-07-15T10:19:55+00:00\",\"author\":{\"@id\":\"https:\\\/\\\/batijournal.com\\\/#\\\/schema\\\/person\\\/1dc96ec6957aa1ccb25ebe78bb19f100\"},\"breadcrumb\":{\"@id\":\"https:\\\/\\\/batijournal.com\\\/index.php\\\/plan-de-renovation-energetique-assemblee-extraordinaire-plan-batiment-durable\\\/97644\\\/#breadcrumb\"},\"inLanguage\":\"fr-FR\",\"potentialAction\":[{\"@type\":\"ReadAction\",\"target\":[\"https:\\\/\\\/batijournal.com\\\/index.php\\\/plan-de-renovation-energetique-assemblee-extraordinaire-plan-batiment-durable\\\/97644\\\/\"]}]},{\"@type\":\"ImageObject\",\"inLanguage\":\"fr-FR\",\"@id\":\"https:\\\/\\\/batijournal.com\\\/index.php\\\/plan-de-renovation-energetique-assemblee-extraordinaire-plan-batiment-durable\\\/97644\\\/#primaryimage\",\"url\":\"https:\\\/\\\/batijournal.com\\\/wp-content\\\/uploads\\\/2017\\\/07\\\/Logo-plan-climat.png\",\"contentUrl\":\"https:\\\/\\\/batijournal.com\\\/wp-content\\\/uploads\\\/2017\\\/07\\\/Logo-plan-climat.png\",\"width\":810,\"height\":540},{\"@type\":\"BreadcrumbList\",\"@id\":\"https:\\\/\\\/batijournal.com\\\/index.php\\\/plan-de-renovation-energetique-assemblee-extraordinaire-plan-batiment-durable\\\/97644\\\/#breadcrumb\",\"itemListElement\":[{\"@type\":\"ListItem\",\"position\":1,\"name\":\"Accueil\",\"item\":\"https:\\\/\\\/batijournal.com\\\/\"},{\"@type\":\"ListItem\",\"position\":2,\"name\":\"Actualit\u00e9s\",\"item\":\"https:\\\/\\\/batijournal.com\\\/index.php\\\/category\\\/actualites\\\/\"},{\"@type\":\"ListItem\",\"position\":3,\"name\":\"Plan de r\u00e9novation \u00e9nerg\u00e9tique : assembl\u00e9e extraordinaire du Plan B\u00e2timent Durable\"}]},{\"@type\":\"WebSite\",\"@id\":\"https:\\\/\\\/batijournal.com\\\/#website\",\"url\":\"https:\\\/\\\/batijournal.com\\\/\",\"name\":\"Batijournal\",\"description\":\"L&#039;actualit\u00e9 du b\u00e2timent\",\"potentialAction\":[{\"@type\":\"SearchAction\",\"target\":{\"@type\":\"EntryPoint\",\"urlTemplate\":\"https:\\\/\\\/batijournal.com\\\/?s={search_term_string}\"},\"query-input\":{\"@type\":\"PropertyValueSpecification\",\"valueRequired\":true,\"valueName\":\"search_term_string\"}}],\"inLanguage\":\"fr-FR\"},{\"@type\":\"Person\",\"@id\":\"https:\\\/\\\/batijournal.com\\\/#\\\/schema\\\/person\\\/1dc96ec6957aa1ccb25ebe78bb19f100\",\"name\":\"St\u00e9phane Miget\",\"image\":{\"@type\":\"ImageObject\",\"inLanguage\":\"fr-FR\",\"@id\":\"https:\\\/\\\/secure.gravatar.com\\\/avatar\\\/89915563d925342126b8ef0281b93d9d7fc337043e8df017f780908eb9644451?s=96&d=mm&r=g\",\"url\":\"https:\\\/\\\/secure.gravatar.com\\\/avatar\\\/89915563d925342126b8ef0281b93d9d7fc337043e8df017f780908eb9644451?s=96&d=mm&r=g\",\"contentUrl\":\"https:\\\/\\\/secure.gravatar.com\\\/avatar\\\/89915563d925342126b8ef0281b93d9d7fc337043e8df017f780908eb9644451?s=96&d=mm&r=g\",\"caption\":\"St\u00e9phane Miget\"},\"url\":\"https:\\\/\\\/batijournal.com\\\/index.php\\\/author\\\/stephane\\\/\"}]}<\/script>\n<!-- \/ Yoast SEO plugin. -->","yoast_head_json":{"title":"Plan de r\u00e9novation \u00e9nerg\u00e9tique : assembl\u00e9e extraordinaire du Plan B\u00e2timent Durable","robots":{"index":"index","follow":"follow","max-snippet":"max-snippet:-1","max-image-preview":"max-image-preview:large","max-video-preview":"max-video-preview:-1"},"canonical":"https:\/\/batijournal.com\/index.php\/plan-de-renovation-energetique-assemblee-extraordinaire-plan-batiment-durable\/97644\/","og_locale":"fr_FR","og_type":"article","og_title":"Plan de r\u00e9novation \u00e9nerg\u00e9tique : assembl\u00e9e extraordinaire du Plan B\u00e2timent Durable","og_description":"Apr\u00e8s l&rsquo;annonce du plan de r\u00e9novation \u00e9nerg\u00e9tique, annonc\u00e9 par Nicolas Hulot, ministre de la Transition \u00e9cologique et solidaire et par Jacques M\u00e9zard, ministre de la Coh\u00e9sion des territoires, le Plan B\u00e2timent Durable s&rsquo;est dit pleinement mobilis\u00e9 avec l&rsquo;ensemble de la fili\u00e8re et les territoires pour assurer la concertation dans les mois \u00e0 venir. Dans ce [&hellip;]","og_url":"https:\/\/batijournal.com\/index.php\/plan-de-renovation-energetique-assemblee-extraordinaire-plan-batiment-durable\/97644\/","og_site_name":"Batijournal","article_published_time":"2017-11-27T09:24:32+00:00","article_modified_time":"2019-07-15T10:19:55+00:00","og_image":[{"width":810,"height":540,"url":"https:\/\/batijournal.com\/wp-content\/uploads\/2017\/07\/Logo-plan-climat.png","type":"image\/png"}],"author":"St\u00e9phane Miget","twitter_card":"summary_large_image","twitter_creator":"@bati_journal","twitter_site":"@bati_journal","twitter_misc":{"\u00c9crit par":"St\u00e9phane Miget","Dur\u00e9e de lecture estim\u00e9e":"1 minute"},"schema":{"@context":"https:\/\/schema.org","@graph":[{"@type":"Article","@id":"https:\/\/batijournal.com\/index.php\/plan-de-renovation-energetique-assemblee-extraordinaire-plan-batiment-durable\/97644\/#article","isPartOf":{"@id":"https:\/\/batijournal.com\/index.php\/plan-de-renovation-energetique-assemblee-extraordinaire-plan-batiment-durable\/97644\/"},"author":{"name":"St\u00e9phane Miget","@id":"https:\/\/batijournal.com\/#\/schema\/person\/1dc96ec6957aa1ccb25ebe78bb19f100"},"headline":"Plan de r\u00e9novation \u00e9nerg\u00e9tique : assembl\u00e9e extraordinaire du Plan B\u00e2timent Durable","datePublished":"2017-11-27T09:24:32+00:00","dateModified":"2019-07-15T10:19:55+00:00","mainEntityOfPage":{"@id":"https:\/\/batijournal.com\/index.php\/plan-de-renovation-energetique-assemblee-extraordinaire-plan-batiment-durable\/97644\/"},"wordCount":122,"image":{"@id":"https:\/\/batijournal.com\/index.php\/plan-de-renovation-energetique-assemblee-extraordinaire-plan-batiment-durable\/97644\/#primaryimage"},"thumbnailUrl":"https:\/\/batijournal.com\/wp-content\/uploads\/2017\/07\/Logo-plan-climat.png","keywords":["plan b\u00e2timent durable","renovation energetique"],"articleSection":["Actualit\u00e9s","\u00c9nergie &amp; Environnement"],"inLanguage":"fr-FR"},{"@type":"WebPage","@id":"https:\/\/batijournal.com\/index.php\/plan-de-renovation-energetique-assemblee-extraordinaire-plan-batiment-durable\/97644\/","url":"https:\/\/batijournal.com\/index.php\/plan-de-renovation-energetique-assemblee-extraordinaire-plan-batiment-durable\/97644\/","name":"Plan de r\u00e9novation \u00e9nerg\u00e9tique : assembl\u00e9e extraordinaire du Plan B\u00e2timent Durable","isPartOf":{"@id":"https:\/\/batijournal.com\/#website"},"primaryImageOfPage":{"@id":"https:\/\/batijournal.com\/index.php\/plan-de-renovation-energetique-assemblee-extraordinaire-plan-batiment-durable\/97644\/#primaryimage"},"image":{"@id":"https:\/\/batijournal.com\/index.php\/plan-de-renovation-energetique-assemblee-extraordinaire-plan-batiment-durable\/97644\/#primaryimage"},"thumbnailUrl":"https:\/\/batijournal.com\/wp-content\/uploads\/2017\/07\/Logo-plan-climat.png","datePublished":"2017-11-27T09:24:32+00:00","dateModified":"2019-07-15T10:19:55+00:00","author":{"@id":"https:\/\/batijournal.com\/#\/schema\/person\/1dc96ec6957aa1ccb25ebe78bb19f100"},"breadcrumb":{"@id":"https:\/\/batijournal.com\/index.php\/plan-de-renovation-energetique-assemblee-extraordinaire-plan-batiment-durable\/97644\/#breadcrumb"},"inLanguage":"fr-FR","potentialAction":[{"@type":"ReadAction","target":["https:\/\/batijournal.com\/index.php\/plan-de-renovation-energetique-assemblee-extraordinaire-plan-batiment-durable\/97644\/"]}]},{"@type":"ImageObject","inLanguage":"fr-FR","@id":"https:\/\/batijournal.com\/index.php\/plan-de-renovation-energetique-assemblee-extraordinaire-plan-batiment-durable\/97644\/#primaryimage","url":"https:\/\/batijournal.com\/wp-content\/uploads\/2017\/07\/Logo-plan-climat.png","contentUrl":"https:\/\/batijournal.com\/wp-content\/uploads\/2017\/07\/Logo-plan-climat.png","width":810,"height":540},{"@type":"BreadcrumbList","@id":"https:\/\/batijournal.com\/index.php\/plan-de-renovation-energetique-assemblee-extraordinaire-plan-batiment-durable\/97644\/#breadcrumb","itemListElement":[{"@type":"ListItem","position":1,"name":"Accueil","item":"https:\/\/batijournal.com\/"},{"@type":"ListItem","position":2,"name":"Actualit\u00e9s","item":"https:\/\/batijournal.com\/index.php\/category\/actualites\/"},{"@type":"ListItem","position":3,"name":"Plan de r\u00e9novation \u00e9nerg\u00e9tique : assembl\u00e9e extraordinaire du Plan B\u00e2timent Durable"}]},{"@type":"WebSite","@id":"https:\/\/batijournal.com\/#website","url":"https:\/\/batijournal.com\/","name":"Batijournal","description":"L&#039;actualit\u00e9 du b\u00e2timent","potentialAction":[{"@type":"SearchAction","target":{"@type":"EntryPoint","urlTemplate":"https:\/\/batijournal.com\/?s={search_term_string}"},"query-input":{"@type":"PropertyValueSpecification","valueRequired":true,"valueName":"search_term_string"}}],"inLanguage":"fr-FR"},{"@type":"Person","@id":"https:\/\/batijournal.com\/#\/schema\/person\/1dc96ec6957aa1ccb25ebe78bb19f100","name":"St\u00e9phane Miget","image":{"@type":"ImageObject","inLanguage":"fr-FR","@id":"https:\/\/secure.gravatar.com\/avatar\/89915563d925342126b8ef0281b93d9d7fc337043e8df017f780908eb9644451?s=96&d=mm&r=g","url":"https:\/\/secure.gravatar.com\/avatar\/89915563d925342126b8ef0281b93d9d7fc337043e8df017f780908eb9644451?s=96&d=mm&r=g","contentUrl":"https:\/\/secure.gravatar.com\/avatar\/89915563d925342126b8ef0281b93d9d7fc337043e8df017f780908eb9644451?s=96&d=mm&r=g","caption":"St\u00e9phane Miget"},"url":"https:\/\/batijournal.com\/index.php\/author\/stephane\/"}]}},"_links":{"self":[{"href":"https:\/\/batijournal.com\/index.php\/wp-json\/wp\/v2\/posts\/97644","targetHints":{"allow":["GET"]}}],"collection":[{"href":"https:\/\/batijournal.com\/index.php\/wp-json\/wp\/v2\/posts"}],"about":[{"href":"https:\/\/batijournal.com\/index.php\/wp-json\/wp\/v2\/types\/post"}],"author":[{"embeddable":true,"href":"https:\/\/batijournal.com\/index.php\/wp-json\/wp\/v2\/users\/17"}],"replies":[{"embeddable":true,"href":"https:\/\/batijournal.com\/index.php\/wp-json\/wp\/v2\/comments?post=97644"}],"version-history":[{"count":0,"href":"https:\/\/batijournal.com\/index.php\/wp-json\/wp\/v2\/posts\/97644\/revisions"}],"wp:featuredmedia":[{"embeddable":true,"href":"https:\/\/batijournal.com\/index.php\/wp-json\/wp\/v2\/media\/96439"}],"wp:attachment":[{"href":"https:\/\/batijournal.com\/index.php\/wp-json\/wp\/v2\/media?parent=97644"}],"wp:term":[{"taxonomy":"category","embeddable":true,"href":"https:\/\/batijournal.com\/index.php\/wp-json\/wp\/v2\/categories?post=97644"},{"taxonomy":"post_tag","embeddable":true,"href":"https:\/\/batijournal.com\/index.php\/wp-json\/wp\/v2\/tags?post=97644"}],"curies":[{"name":"wp","href":"https:\/\/api.w.org\/{rel}","templated":true}]}}