{"id":97646,"date":"2017-11-27T19:59:51","date_gmt":"2017-11-27T18:59:51","guid":{"rendered":"http:\/\/batijournal.com\/?p=97646"},"modified":"2017-11-27T19:59:58","modified_gmt":"2017-11-27T18:59:58","slug":"elus-votent-bois","status":"publish","type":"post","link":"https:\/\/batijournal.com\/index.php\/elus-votent-bois\/97646\/","title":{"rendered":"Les \u00e9lus votent pour le bois"},"content":{"rendered":"<p><span style=\"color: #000000\"><span style=\"font-family: Times-Roman, serif\"><span style=\"font-size: medium\">Apr\u00e8s avoir d\u00e9voil\u00e9 le 12 septembre dernier les laur\u00e9ats du concours national \u00a0Immeubles \u00e0 vivre en bois, l&rsquo;Adivbois a profit\u00e9 du salon des maires pour inviter, le 23 novembre, des repr\u00e9sentants de villes et territoires \u00e0 \u00e9changer sur les perspectives d&rsquo;une nouvelle urbanit\u00e9 lors de la conf\u00e9rence \u00ab\u00a0Les immeubles bois au c\u0153ur de la ville durable\u00a0: Immeubles \u00e0 Vivre Bois, Eco-quartiers, Eco-cit\u00e9s\u00a0\u00bb. Cette table ronde anim\u00e9e par Jean-Marc Gremmel, pr\u00e9sident de la Commission Projets et Territoires Adivbois et directeur g\u00e9n\u00e9ral du Toit Vosgien, a r\u00e9uni autour de Frank Mathis, pr\u00e9sident d&rsquo;Adivbois, quatre \u00e9lus\u00a0: Jean-Marie Beutel, maire d&rsquo;Ostwald et vice-pr\u00e9sident de l&rsquo;Eurom\u00e9tropole de Strasbourg, J\u00e9r\u00f4me Coumet, maire du 13e arrondissement de Paris, Daniel Dimicoli, vice-pr\u00e9sident d&rsquo;Angers Loire M\u00e9tropole et Andr\u00e9 Rossinot, pr\u00e9sident de la M\u00e9tropole du Grand Nancy. Tous favorables \u00e0 la construction bois, les intervenants de la conf\u00e9rence ont \u00e9voqu\u00e9 diff\u00e9rents projets en cours ou \u00e0 venir ainsi que l&rsquo;int\u00e9r\u00eat que repr\u00e9sente ce mode constructif. Ainsi, J\u00e9r\u00f4me Coumet a rappel\u00e9 que la l\u00e9g\u00e8ret\u00e9 du mat\u00e9riau permet de r\u00e9aliser des constructions sur dalle, des am\u00e9nagements au-dessus des voies ferr\u00e9es ou encore des sur\u00e9l\u00e9vations d&rsquo;immeubles existants. Andr\u00e9 Rossinot a constat\u00e9 qu&rsquo;en mati\u00e8re de construction et d&rsquo;am\u00e9nagement, le bois revient sur le devant de la sc\u00e8ne et pas seulement comme habillage, et a soulign\u00e9 que Nancy a fait appel \u00e0 de grands architectes sp\u00e9cialistes du bois, tels que Jean-Marie Duthileul et Alexandre Chemetov. Pour Daniel Dimicoli, l&rsquo;enjeu aujourd&rsquo;hui n&rsquo;est pas seulement l&rsquo;augmentation du parc social qui repr\u00e9sente 37 % \u00e0 Angers, mais aussi celui d&rsquo;adapter les logements au vieillissement de la population, d&rsquo;am\u00e9liorer leurs performances\u00e9nerg\u00e9tiques et acoustiques. C&rsquo;est le cas dans le quartier de Belle Beille en r\u00e9novation urbaine avec deux projets d\u00e9monstrateurs laur\u00e9ats du concours national Adivbois\u00a0: Les Bois d&rsquo;Angers et L&rsquo;Etang d&rsquo;Art. Jean-Marie Beutel a rappel\u00e9 le r\u00f4le pionnier de la fili\u00e8re bois en Alsace en mati\u00e8re de construction bois et a \u00e9voqu\u00e9 le projet du concours Adivbois\u00a0: un immeuble de 10 \u00e9tages qui &lsquo;\u00e9l\u00e8vera au c\u0153ur de l&rsquo;\u00e9coquartier Les rives du Bohrie, situ\u00e9 en zone PPRI. \u00abLe bois, c&rsquo;est l&rsquo;avenir de la ville durable et le passif est l&rsquo;avenir de la transition \u00e9nerg\u00e9tique\u00a0\u00bb, a d\u00e9clar\u00e9 Jean-Marc Gremmel en conclusion des d\u00e9bats.<\/span><\/span><\/span><\/p>\n<p>Photo : Adivbois<\/p>\n","protected":false},"excerpt":{"rendered":"<p>Apr\u00e8s avoir d\u00e9voil\u00e9 le 12 septembre dernier les laur\u00e9ats du concours national \u00a0Immeubles \u00e0 vivre en bois, l&rsquo;Adivbois a profit\u00e9 du salon des maires pour inviter, le 23 novembre, des repr\u00e9sentants de villes et territoires \u00e0 \u00e9changer sur les perspectives d&rsquo;une nouvelle urbanit\u00e9 lors de la conf\u00e9rence \u00ab\u00a0Les immeubles bois au c\u0153ur de la ville [&hellip;]<\/p>\n","protected":false},"author":17,"featured_media":97647,"comment_status":"closed","ping_status":"closed","sticky":false,"template":"","format":"standard","meta":{"_et_pb_use_builder":"","_et_pb_old_content":"","_et_gb_content_width":"","footnotes":""},"categories":[10530,11953,10764],"tags":[],"class_list":["post-97646","post","type-post","status-publish","format-standard","has-post-thumbnail","hentry","category-actualites","category-actualites-generalistes","category-woodsurfer"],"yoast_head":"<!-- This site is optimized with the Yoast SEO plugin v27.4 - https:\/\/yoast.com\/product\/yoast-seo-wordpress\/ -->\n<title>Les \u00e9lus votent pour le bois<\/title>\n<meta name=\"robots\" content=\"index, follow, max-snippet:-1, max-image-preview:large, max-video-preview:-1\" \/>\n<link rel=\"canonical\" href=\"https:\/\/batijournal.com\/index.php\/elus-votent-bois\/97646\/\" \/>\n<meta property=\"og:locale\" content=\"fr_FR\" \/>\n<meta property=\"og:type\" content=\"article\" \/>\n<meta property=\"og:title\" content=\"Les \u00e9lus votent pour le bois\" \/>\n<meta property=\"og:description\" content=\"Apr\u00e8s avoir d\u00e9voil\u00e9 le 12 septembre dernier les laur\u00e9ats du concours national \u00a0Immeubles \u00e0 vivre en bois, l&rsquo;Adivbois a profit\u00e9 du salon des maires pour inviter, le 23 novembre, des repr\u00e9sentants de villes et territoires \u00e0 \u00e9changer sur les perspectives d&rsquo;une nouvelle urbanit\u00e9 lors de la conf\u00e9rence \u00ab\u00a0Les immeubles bois au c\u0153ur de la ville [&hellip;]\" \/>\n<meta property=\"og:url\" content=\"https:\/\/batijournal.com\/index.php\/elus-votent-bois\/97646\/\" \/>\n<meta property=\"og:site_name\" content=\"Batijournal\" \/>\n<meta property=\"article:published_time\" content=\"2017-11-27T18:59:51+00:00\" \/>\n<meta property=\"article:modified_time\" content=\"2017-11-27T18:59:58+00:00\" \/>\n<meta property=\"og:image\" content=\"https:\/\/batijournal.com\/wp-content\/uploads\/2017\/11\/IMG_3724.jpg\" \/>\n\t<meta property=\"og:image:width\" content=\"2448\" \/>\n\t<meta property=\"og:image:height\" content=\"2448\" \/>\n\t<meta property=\"og:image:type\" content=\"image\/jpeg\" \/>\n<meta name=\"author\" content=\"St\u00e9phane Miget\" \/>\n<meta name=\"twitter:card\" content=\"summary_large_image\" \/>\n<meta name=\"twitter:creator\" content=\"@bati_journal\" \/>\n<meta name=\"twitter:site\" content=\"@bati_journal\" \/>\n<meta name=\"twitter:label1\" content=\"\u00c9crit par\" \/>\n\t<meta name=\"twitter:data1\" content=\"St\u00e9phane Miget\" \/>\n\t<meta name=\"twitter:label2\" content=\"Dur\u00e9e de lecture estim\u00e9e\" \/>\n\t<meta name=\"twitter:data2\" content=\"2 minutes\" \/>\n<script type=\"application\/ld+json\" class=\"yoast-schema-graph\">{\"@context\":\"https:\\\/\\\/schema.org\",\"@graph\":[{\"@type\":\"Article\",\"@id\":\"https:\\\/\\\/batijournal.com\\\/index.php\\\/elus-votent-bois\\\/97646\\\/#article\",\"isPartOf\":{\"@id\":\"https:\\\/\\\/batijournal.com\\\/index.php\\\/elus-votent-bois\\\/97646\\\/\"},\"author\":{\"name\":\"St\u00e9phane Miget\",\"@id\":\"https:\\\/\\\/batijournal.com\\\/#\\\/schema\\\/person\\\/1dc96ec6957aa1ccb25ebe78bb19f100\"},\"headline\":\"Les \u00e9lus votent pour le bois\",\"datePublished\":\"2017-11-27T18:59:51+00:00\",\"dateModified\":\"2017-11-27T18:59:58+00:00\",\"mainEntityOfPage\":{\"@id\":\"https:\\\/\\\/batijournal.com\\\/index.php\\\/elus-votent-bois\\\/97646\\\/\"},\"wordCount\":436,\"image\":{\"@id\":\"https:\\\/\\\/batijournal.com\\\/index.php\\\/elus-votent-bois\\\/97646\\\/#primaryimage\"},\"thumbnailUrl\":\"https:\\\/\\\/batijournal.com\\\/wp-content\\\/uploads\\\/2017\\\/11\\\/IMG_3724.jpg\",\"articleSection\":[\"Actualit\u00e9s\",\"Actualit\u00e9s g\u00e9n\u00e9ralistes\",\"zz_Woodsurfer\"],\"inLanguage\":\"fr-FR\"},{\"@type\":\"WebPage\",\"@id\":\"https:\\\/\\\/batijournal.com\\\/index.php\\\/elus-votent-bois\\\/97646\\\/\",\"url\":\"https:\\\/\\\/batijournal.com\\\/index.php\\\/elus-votent-bois\\\/97646\\\/\",\"name\":\"Les \u00e9lus votent pour le bois\",\"isPartOf\":{\"@id\":\"https:\\\/\\\/batijournal.com\\\/#website\"},\"primaryImageOfPage\":{\"@id\":\"https:\\\/\\\/batijournal.com\\\/index.php\\\/elus-votent-bois\\\/97646\\\/#primaryimage\"},\"image\":{\"@id\":\"https:\\\/\\\/batijournal.com\\\/index.php\\\/elus-votent-bois\\\/97646\\\/#primaryimage\"},\"thumbnailUrl\":\"https:\\\/\\\/batijournal.com\\\/wp-content\\\/uploads\\\/2017\\\/11\\\/IMG_3724.jpg\",\"datePublished\":\"2017-11-27T18:59:51+00:00\",\"dateModified\":\"2017-11-27T18:59:58+00:00\",\"author\":{\"@id\":\"https:\\\/\\\/batijournal.com\\\/#\\\/schema\\\/person\\\/1dc96ec6957aa1ccb25ebe78bb19f100\"},\"breadcrumb\":{\"@id\":\"https:\\\/\\\/batijournal.com\\\/index.php\\\/elus-votent-bois\\\/97646\\\/#breadcrumb\"},\"inLanguage\":\"fr-FR\",\"potentialAction\":[{\"@type\":\"ReadAction\",\"target\":[\"https:\\\/\\\/batijournal.com\\\/index.php\\\/elus-votent-bois\\\/97646\\\/\"]}]},{\"@type\":\"ImageObject\",\"inLanguage\":\"fr-FR\",\"@id\":\"https:\\\/\\\/batijournal.com\\\/index.php\\\/elus-votent-bois\\\/97646\\\/#primaryimage\",\"url\":\"https:\\\/\\\/batijournal.com\\\/wp-content\\\/uploads\\\/2017\\\/11\\\/IMG_3724.jpg\",\"contentUrl\":\"https:\\\/\\\/batijournal.com\\\/wp-content\\\/uploads\\\/2017\\\/11\\\/IMG_3724.jpg\",\"width\":2448,\"height\":2448},{\"@type\":\"BreadcrumbList\",\"@id\":\"https:\\\/\\\/batijournal.com\\\/index.php\\\/elus-votent-bois\\\/97646\\\/#breadcrumb\",\"itemListElement\":[{\"@type\":\"ListItem\",\"position\":1,\"name\":\"Accueil\",\"item\":\"https:\\\/\\\/batijournal.com\\\/\"},{\"@type\":\"ListItem\",\"position\":2,\"name\":\"Actualit\u00e9s\",\"item\":\"https:\\\/\\\/batijournal.com\\\/index.php\\\/category\\\/actualites\\\/\"},{\"@type\":\"ListItem\",\"position\":3,\"name\":\"Les \u00e9lus votent pour le bois\"}]},{\"@type\":\"WebSite\",\"@id\":\"https:\\\/\\\/batijournal.com\\\/#website\",\"url\":\"https:\\\/\\\/batijournal.com\\\/\",\"name\":\"Batijournal\",\"description\":\"L&#039;actualit\u00e9 du b\u00e2timent\",\"potentialAction\":[{\"@type\":\"SearchAction\",\"target\":{\"@type\":\"EntryPoint\",\"urlTemplate\":\"https:\\\/\\\/batijournal.com\\\/?s={search_term_string}\"},\"query-input\":{\"@type\":\"PropertyValueSpecification\",\"valueRequired\":true,\"valueName\":\"search_term_string\"}}],\"inLanguage\":\"fr-FR\"},{\"@type\":\"Person\",\"@id\":\"https:\\\/\\\/batijournal.com\\\/#\\\/schema\\\/person\\\/1dc96ec6957aa1ccb25ebe78bb19f100\",\"name\":\"St\u00e9phane Miget\",\"image\":{\"@type\":\"ImageObject\",\"inLanguage\":\"fr-FR\",\"@id\":\"https:\\\/\\\/secure.gravatar.com\\\/avatar\\\/89915563d925342126b8ef0281b93d9d7fc337043e8df017f780908eb9644451?s=96&d=mm&r=g\",\"url\":\"https:\\\/\\\/secure.gravatar.com\\\/avatar\\\/89915563d925342126b8ef0281b93d9d7fc337043e8df017f780908eb9644451?s=96&d=mm&r=g\",\"contentUrl\":\"https:\\\/\\\/secure.gravatar.com\\\/avatar\\\/89915563d925342126b8ef0281b93d9d7fc337043e8df017f780908eb9644451?s=96&d=mm&r=g\",\"caption\":\"St\u00e9phane Miget\"},\"url\":\"https:\\\/\\\/batijournal.com\\\/index.php\\\/author\\\/stephane\\\/\"}]}<\/script>\n<!-- \/ Yoast SEO plugin. -->","yoast_head_json":{"title":"Les \u00e9lus votent pour le bois","robots":{"index":"index","follow":"follow","max-snippet":"max-snippet:-1","max-image-preview":"max-image-preview:large","max-video-preview":"max-video-preview:-1"},"canonical":"https:\/\/batijournal.com\/index.php\/elus-votent-bois\/97646\/","og_locale":"fr_FR","og_type":"article","og_title":"Les \u00e9lus votent pour le bois","og_description":"Apr\u00e8s avoir d\u00e9voil\u00e9 le 12 septembre dernier les laur\u00e9ats du concours national \u00a0Immeubles \u00e0 vivre en bois, l&rsquo;Adivbois a profit\u00e9 du salon des maires pour inviter, le 23 novembre, des repr\u00e9sentants de villes et territoires \u00e0 \u00e9changer sur les perspectives d&rsquo;une nouvelle urbanit\u00e9 lors de la conf\u00e9rence \u00ab\u00a0Les immeubles bois au c\u0153ur de la ville [&hellip;]","og_url":"https:\/\/batijournal.com\/index.php\/elus-votent-bois\/97646\/","og_site_name":"Batijournal","article_published_time":"2017-11-27T18:59:51+00:00","article_modified_time":"2017-11-27T18:59:58+00:00","og_image":[{"width":2448,"height":2448,"url":"https:\/\/batijournal.com\/wp-content\/uploads\/2017\/11\/IMG_3724.jpg","type":"image\/jpeg"}],"author":"St\u00e9phane Miget","twitter_card":"summary_large_image","twitter_creator":"@bati_journal","twitter_site":"@bati_journal","twitter_misc":{"\u00c9crit par":"St\u00e9phane Miget","Dur\u00e9e de lecture estim\u00e9e":"2 minutes"},"schema":{"@context":"https:\/\/schema.org","@graph":[{"@type":"Article","@id":"https:\/\/batijournal.com\/index.php\/elus-votent-bois\/97646\/#article","isPartOf":{"@id":"https:\/\/batijournal.com\/index.php\/elus-votent-bois\/97646\/"},"author":{"name":"St\u00e9phane Miget","@id":"https:\/\/batijournal.com\/#\/schema\/person\/1dc96ec6957aa1ccb25ebe78bb19f100"},"headline":"Les \u00e9lus votent pour le bois","datePublished":"2017-11-27T18:59:51+00:00","dateModified":"2017-11-27T18:59:58+00:00","mainEntityOfPage":{"@id":"https:\/\/batijournal.com\/index.php\/elus-votent-bois\/97646\/"},"wordCount":436,"image":{"@id":"https:\/\/batijournal.com\/index.php\/elus-votent-bois\/97646\/#primaryimage"},"thumbnailUrl":"https:\/\/batijournal.com\/wp-content\/uploads\/2017\/11\/IMG_3724.jpg","articleSection":["Actualit\u00e9s","Actualit\u00e9s g\u00e9n\u00e9ralistes","zz_Woodsurfer"],"inLanguage":"fr-FR"},{"@type":"WebPage","@id":"https:\/\/batijournal.com\/index.php\/elus-votent-bois\/97646\/","url":"https:\/\/batijournal.com\/index.php\/elus-votent-bois\/97646\/","name":"Les \u00e9lus votent pour le bois","isPartOf":{"@id":"https:\/\/batijournal.com\/#website"},"primaryImageOfPage":{"@id":"https:\/\/batijournal.com\/index.php\/elus-votent-bois\/97646\/#primaryimage"},"image":{"@id":"https:\/\/batijournal.com\/index.php\/elus-votent-bois\/97646\/#primaryimage"},"thumbnailUrl":"https:\/\/batijournal.com\/wp-content\/uploads\/2017\/11\/IMG_3724.jpg","datePublished":"2017-11-27T18:59:51+00:00","dateModified":"2017-11-27T18:59:58+00:00","author":{"@id":"https:\/\/batijournal.com\/#\/schema\/person\/1dc96ec6957aa1ccb25ebe78bb19f100"},"breadcrumb":{"@id":"https:\/\/batijournal.com\/index.php\/elus-votent-bois\/97646\/#breadcrumb"},"inLanguage":"fr-FR","potentialAction":[{"@type":"ReadAction","target":["https:\/\/batijournal.com\/index.php\/elus-votent-bois\/97646\/"]}]},{"@type":"ImageObject","inLanguage":"fr-FR","@id":"https:\/\/batijournal.com\/index.php\/elus-votent-bois\/97646\/#primaryimage","url":"https:\/\/batijournal.com\/wp-content\/uploads\/2017\/11\/IMG_3724.jpg","contentUrl":"https:\/\/batijournal.com\/wp-content\/uploads\/2017\/11\/IMG_3724.jpg","width":2448,"height":2448},{"@type":"BreadcrumbList","@id":"https:\/\/batijournal.com\/index.php\/elus-votent-bois\/97646\/#breadcrumb","itemListElement":[{"@type":"ListItem","position":1,"name":"Accueil","item":"https:\/\/batijournal.com\/"},{"@type":"ListItem","position":2,"name":"Actualit\u00e9s","item":"https:\/\/batijournal.com\/index.php\/category\/actualites\/"},{"@type":"ListItem","position":3,"name":"Les \u00e9lus votent pour le bois"}]},{"@type":"WebSite","@id":"https:\/\/batijournal.com\/#website","url":"https:\/\/batijournal.com\/","name":"Batijournal","description":"L&#039;actualit\u00e9 du b\u00e2timent","potentialAction":[{"@type":"SearchAction","target":{"@type":"EntryPoint","urlTemplate":"https:\/\/batijournal.com\/?s={search_term_string}"},"query-input":{"@type":"PropertyValueSpecification","valueRequired":true,"valueName":"search_term_string"}}],"inLanguage":"fr-FR"},{"@type":"Person","@id":"https:\/\/batijournal.com\/#\/schema\/person\/1dc96ec6957aa1ccb25ebe78bb19f100","name":"St\u00e9phane Miget","image":{"@type":"ImageObject","inLanguage":"fr-FR","@id":"https:\/\/secure.gravatar.com\/avatar\/89915563d925342126b8ef0281b93d9d7fc337043e8df017f780908eb9644451?s=96&d=mm&r=g","url":"https:\/\/secure.gravatar.com\/avatar\/89915563d925342126b8ef0281b93d9d7fc337043e8df017f780908eb9644451?s=96&d=mm&r=g","contentUrl":"https:\/\/secure.gravatar.com\/avatar\/89915563d925342126b8ef0281b93d9d7fc337043e8df017f780908eb9644451?s=96&d=mm&r=g","caption":"St\u00e9phane Miget"},"url":"https:\/\/batijournal.com\/index.php\/author\/stephane\/"}]}},"_links":{"self":[{"href":"https:\/\/batijournal.com\/index.php\/wp-json\/wp\/v2\/posts\/97646","targetHints":{"allow":["GET"]}}],"collection":[{"href":"https:\/\/batijournal.com\/index.php\/wp-json\/wp\/v2\/posts"}],"about":[{"href":"https:\/\/batijournal.com\/index.php\/wp-json\/wp\/v2\/types\/post"}],"author":[{"embeddable":true,"href":"https:\/\/batijournal.com\/index.php\/wp-json\/wp\/v2\/users\/17"}],"replies":[{"embeddable":true,"href":"https:\/\/batijournal.com\/index.php\/wp-json\/wp\/v2\/comments?post=97646"}],"version-history":[{"count":0,"href":"https:\/\/batijournal.com\/index.php\/wp-json\/wp\/v2\/posts\/97646\/revisions"}],"wp:featuredmedia":[{"embeddable":true,"href":"https:\/\/batijournal.com\/index.php\/wp-json\/wp\/v2\/media\/97647"}],"wp:attachment":[{"href":"https:\/\/batijournal.com\/index.php\/wp-json\/wp\/v2\/media?parent=97646"}],"wp:term":[{"taxonomy":"category","embeddable":true,"href":"https:\/\/batijournal.com\/index.php\/wp-json\/wp\/v2\/categories?post=97646"},{"taxonomy":"post_tag","embeddable":true,"href":"https:\/\/batijournal.com\/index.php\/wp-json\/wp\/v2\/tags?post=97646"}],"curies":[{"name":"wp","href":"https:\/\/api.w.org\/{rel}","templated":true}]}}