{"id":97669,"date":"2017-11-29T11:02:17","date_gmt":"2017-11-29T10:02:17","guid":{"rendered":"http:\/\/batijournal.com\/?p=97669"},"modified":"2019-07-15T12:03:47","modified_gmt":"2019-07-15T10:03:47","slug":"site-web-plus-recycler-dechets-inertes-chantiers","status":"publish","type":"post","link":"https:\/\/batijournal.com\/index.php\/site-web-plus-recycler-dechets-inertes-chantiers\/97669\/","title":{"rendered":"Un site web pour encore plus recycler les d\u00e9chets inertes des chantiers"},"content":{"rendered":"<p>La F\u00e9d\u00e9ration Nationale des Travaux Publics (FNTP) et l\u2019Union nationale des industries de carri\u00e8res et mat\u00e9riaux de construction (UNICEM) ont mis en ligne un centre de ressources et d\u2019information sur l\u2019\u00e9conomie circulaire et la gestion des d\u00e9chets inertes des chantiers de Travaux Publics. La profession recycle et valorise plus de 60% des d\u00e9chets inertes du BTP. L\u2019objectif de 70 % de valorisation des d\u00e9chets de construction et de d\u00e9molition d\u2019ici 2020 fix\u00e9 par la loi de transition \u00e9nerg\u00e9tique est atteignable. Pour mobiliser les diff\u00e9rents acteurs, collectivit\u00e9s, ma\u00eetres d\u2019\u0153uvre et entreprises dans la r\u00e9ussite de cet objectif, ce site internet vise \u00e0 les mettre en relation et partager les bonnes pratiques. `<\/p>\n<p><a href=\"http:\/\/materrio.construction\" target=\"_blank\" rel=\"noopener noreferrer\">http:\/\/materrio.construction<\/a><\/p>\n<p><a href=\"http:\/\/materrio.construction\"><img loading=\"lazy\" decoding=\"async\" class=\"aligncenter size-full wp-image-97671\" src=\"https:\/\/batijournal.com\/wp-content\/uploads\/2017\/11\/materrio.png\" alt=\"\" width=\"649\" height=\"346\" srcset=\"https:\/\/batijournal.com\/wp-content\/uploads\/2017\/11\/materrio.png 649w, https:\/\/batijournal.com\/wp-content\/uploads\/2017\/11\/materrio-150x80.png 150w, https:\/\/batijournal.com\/wp-content\/uploads\/2017\/11\/materrio-300x160.png 300w, https:\/\/batijournal.com\/wp-content\/uploads\/2017\/11\/materrio-600x320.png 600w\" sizes=\"(max-width: 649px) 100vw, 649px\" \/><\/a><\/p>\n","protected":false},"excerpt":{"rendered":"<p>La F\u00e9d\u00e9ration Nationale des Travaux Publics (FNTP) et l\u2019Union nationale des industries de carri\u00e8res et mat\u00e9riaux de construction (UNICEM) ont mis en ligne un centre de ressources et d\u2019information sur l\u2019\u00e9conomie circulaire et la gestion des d\u00e9chets inertes des chantiers de Travaux Publics. La profession recycle et valorise plus de 60% des d\u00e9chets inertes du [&hellip;]<\/p>\n","protected":false},"author":17,"featured_media":97672,"comment_status":"closed","ping_status":"closed","sticky":false,"template":"","format":"standard","meta":{"_et_pb_use_builder":"","_et_pb_old_content":"","_et_gb_content_width":"","footnotes":""},"categories":[10530,6345],"tags":[],"class_list":["post-97669","post","type-post","status-publish","format-standard","has-post-thumbnail","hentry","category-actualites","category-economie-marches"],"yoast_head":"<!-- This site is optimized with the Yoast SEO plugin v27.4 - https:\/\/yoast.com\/product\/yoast-seo-wordpress\/ -->\n<title>Un site web pour encore plus recycler les d\u00e9chets inertes des chantiers<\/title>\n<meta name=\"robots\" content=\"index, follow, max-snippet:-1, max-image-preview:large, max-video-preview:-1\" \/>\n<link rel=\"canonical\" href=\"https:\/\/batijournal.com\/index.php\/site-web-plus-recycler-dechets-inertes-chantiers\/97669\/\" \/>\n<meta property=\"og:locale\" content=\"fr_FR\" \/>\n<meta property=\"og:type\" content=\"article\" \/>\n<meta property=\"og:title\" content=\"Un site web pour encore plus recycler les d\u00e9chets inertes des chantiers\" \/>\n<meta property=\"og:description\" content=\"La F\u00e9d\u00e9ration Nationale des Travaux Publics (FNTP) et l\u2019Union nationale des industries de carri\u00e8res et mat\u00e9riaux de construction (UNICEM) ont mis en ligne un centre de ressources et d\u2019information sur l\u2019\u00e9conomie circulaire et la gestion des d\u00e9chets inertes des chantiers de Travaux Publics. La profession recycle et valorise plus de 60% des d\u00e9chets inertes du [&hellip;]\" \/>\n<meta property=\"og:url\" content=\"https:\/\/batijournal.com\/index.php\/site-web-plus-recycler-dechets-inertes-chantiers\/97669\/\" \/>\n<meta property=\"og:site_name\" content=\"Batijournal\" \/>\n<meta property=\"article:published_time\" content=\"2017-11-29T10:02:17+00:00\" \/>\n<meta property=\"article:modified_time\" content=\"2019-07-15T10:03:47+00:00\" \/>\n<meta property=\"og:image\" content=\"https:\/\/batijournal.com\/wp-content\/uploads\/2017\/11\/recyclage-materiaux-inertes-construction-e1761216792490.jpg\" \/>\n\t<meta property=\"og:image:width\" content=\"1000\" \/>\n\t<meta property=\"og:image:height\" content=\"588\" \/>\n\t<meta property=\"og:image:type\" content=\"image\/jpeg\" \/>\n<meta name=\"author\" content=\"St\u00e9phane Miget\" \/>\n<meta name=\"twitter:card\" content=\"summary_large_image\" \/>\n<meta name=\"twitter:creator\" content=\"@bati_journal\" \/>\n<meta name=\"twitter:site\" content=\"@bati_journal\" \/>\n<meta name=\"twitter:label1\" content=\"\u00c9crit par\" \/>\n\t<meta name=\"twitter:data1\" content=\"St\u00e9phane Miget\" \/>\n\t<meta name=\"twitter:label2\" content=\"Dur\u00e9e de lecture estim\u00e9e\" \/>\n\t<meta name=\"twitter:data2\" content=\"1 minute\" \/>\n<script type=\"application\/ld+json\" class=\"yoast-schema-graph\">{\"@context\":\"https:\\\/\\\/schema.org\",\"@graph\":[{\"@type\":\"Article\",\"@id\":\"https:\\\/\\\/batijournal.com\\\/index.php\\\/site-web-plus-recycler-dechets-inertes-chantiers\\\/97669\\\/#article\",\"isPartOf\":{\"@id\":\"https:\\\/\\\/batijournal.com\\\/index.php\\\/site-web-plus-recycler-dechets-inertes-chantiers\\\/97669\\\/\"},\"author\":{\"name\":\"St\u00e9phane Miget\",\"@id\":\"https:\\\/\\\/batijournal.com\\\/#\\\/schema\\\/person\\\/1dc96ec6957aa1ccb25ebe78bb19f100\"},\"headline\":\"Un site web pour encore plus recycler les d\u00e9chets inertes des chantiers\",\"datePublished\":\"2017-11-29T10:02:17+00:00\",\"dateModified\":\"2019-07-15T10:03:47+00:00\",\"mainEntityOfPage\":{\"@id\":\"https:\\\/\\\/batijournal.com\\\/index.php\\\/site-web-plus-recycler-dechets-inertes-chantiers\\\/97669\\\/\"},\"wordCount\":140,\"image\":{\"@id\":\"https:\\\/\\\/batijournal.com\\\/index.php\\\/site-web-plus-recycler-dechets-inertes-chantiers\\\/97669\\\/#primaryimage\"},\"thumbnailUrl\":\"https:\\\/\\\/batijournal.com\\\/wp-content\\\/uploads\\\/2017\\\/11\\\/recyclage-materiaux-inertes-construction-e1761216792490.jpg\",\"articleSection\":[\"Actualit\u00e9s\",\"\u00c9conomie &amp; March\u00e9s\"],\"inLanguage\":\"fr-FR\"},{\"@type\":\"WebPage\",\"@id\":\"https:\\\/\\\/batijournal.com\\\/index.php\\\/site-web-plus-recycler-dechets-inertes-chantiers\\\/97669\\\/\",\"url\":\"https:\\\/\\\/batijournal.com\\\/index.php\\\/site-web-plus-recycler-dechets-inertes-chantiers\\\/97669\\\/\",\"name\":\"Un site web pour encore plus recycler les d\u00e9chets inertes des chantiers\",\"isPartOf\":{\"@id\":\"https:\\\/\\\/batijournal.com\\\/#website\"},\"primaryImageOfPage\":{\"@id\":\"https:\\\/\\\/batijournal.com\\\/index.php\\\/site-web-plus-recycler-dechets-inertes-chantiers\\\/97669\\\/#primaryimage\"},\"image\":{\"@id\":\"https:\\\/\\\/batijournal.com\\\/index.php\\\/site-web-plus-recycler-dechets-inertes-chantiers\\\/97669\\\/#primaryimage\"},\"thumbnailUrl\":\"https:\\\/\\\/batijournal.com\\\/wp-content\\\/uploads\\\/2017\\\/11\\\/recyclage-materiaux-inertes-construction-e1761216792490.jpg\",\"datePublished\":\"2017-11-29T10:02:17+00:00\",\"dateModified\":\"2019-07-15T10:03:47+00:00\",\"author\":{\"@id\":\"https:\\\/\\\/batijournal.com\\\/#\\\/schema\\\/person\\\/1dc96ec6957aa1ccb25ebe78bb19f100\"},\"breadcrumb\":{\"@id\":\"https:\\\/\\\/batijournal.com\\\/index.php\\\/site-web-plus-recycler-dechets-inertes-chantiers\\\/97669\\\/#breadcrumb\"},\"inLanguage\":\"fr-FR\",\"potentialAction\":[{\"@type\":\"ReadAction\",\"target\":[\"https:\\\/\\\/batijournal.com\\\/index.php\\\/site-web-plus-recycler-dechets-inertes-chantiers\\\/97669\\\/\"]}]},{\"@type\":\"ImageObject\",\"inLanguage\":\"fr-FR\",\"@id\":\"https:\\\/\\\/batijournal.com\\\/index.php\\\/site-web-plus-recycler-dechets-inertes-chantiers\\\/97669\\\/#primaryimage\",\"url\":\"https:\\\/\\\/batijournal.com\\\/wp-content\\\/uploads\\\/2017\\\/11\\\/recyclage-materiaux-inertes-construction-e1761216792490.jpg\",\"contentUrl\":\"https:\\\/\\\/batijournal.com\\\/wp-content\\\/uploads\\\/2017\\\/11\\\/recyclage-materiaux-inertes-construction-e1761216792490.jpg\",\"width\":1000,\"height\":588},{\"@type\":\"BreadcrumbList\",\"@id\":\"https:\\\/\\\/batijournal.com\\\/index.php\\\/site-web-plus-recycler-dechets-inertes-chantiers\\\/97669\\\/#breadcrumb\",\"itemListElement\":[{\"@type\":\"ListItem\",\"position\":1,\"name\":\"Accueil\",\"item\":\"https:\\\/\\\/batijournal.com\\\/\"},{\"@type\":\"ListItem\",\"position\":2,\"name\":\"Actualit\u00e9s\",\"item\":\"https:\\\/\\\/batijournal.com\\\/index.php\\\/category\\\/actualites\\\/\"},{\"@type\":\"ListItem\",\"position\":3,\"name\":\"Un site web pour encore plus recycler les d\u00e9chets inertes des chantiers\"}]},{\"@type\":\"WebSite\",\"@id\":\"https:\\\/\\\/batijournal.com\\\/#website\",\"url\":\"https:\\\/\\\/batijournal.com\\\/\",\"name\":\"Batijournal\",\"description\":\"L&#039;actualit\u00e9 du b\u00e2timent\",\"potentialAction\":[{\"@type\":\"SearchAction\",\"target\":{\"@type\":\"EntryPoint\",\"urlTemplate\":\"https:\\\/\\\/batijournal.com\\\/?s={search_term_string}\"},\"query-input\":{\"@type\":\"PropertyValueSpecification\",\"valueRequired\":true,\"valueName\":\"search_term_string\"}}],\"inLanguage\":\"fr-FR\"},{\"@type\":\"Person\",\"@id\":\"https:\\\/\\\/batijournal.com\\\/#\\\/schema\\\/person\\\/1dc96ec6957aa1ccb25ebe78bb19f100\",\"name\":\"St\u00e9phane Miget\",\"image\":{\"@type\":\"ImageObject\",\"inLanguage\":\"fr-FR\",\"@id\":\"https:\\\/\\\/secure.gravatar.com\\\/avatar\\\/89915563d925342126b8ef0281b93d9d7fc337043e8df017f780908eb9644451?s=96&d=mm&r=g\",\"url\":\"https:\\\/\\\/secure.gravatar.com\\\/avatar\\\/89915563d925342126b8ef0281b93d9d7fc337043e8df017f780908eb9644451?s=96&d=mm&r=g\",\"contentUrl\":\"https:\\\/\\\/secure.gravatar.com\\\/avatar\\\/89915563d925342126b8ef0281b93d9d7fc337043e8df017f780908eb9644451?s=96&d=mm&r=g\",\"caption\":\"St\u00e9phane Miget\"},\"url\":\"https:\\\/\\\/batijournal.com\\\/index.php\\\/author\\\/stephane\\\/\"}]}<\/script>\n<!-- \/ Yoast SEO plugin. -->","yoast_head_json":{"title":"Un site web pour encore plus recycler les d\u00e9chets inertes des chantiers","robots":{"index":"index","follow":"follow","max-snippet":"max-snippet:-1","max-image-preview":"max-image-preview:large","max-video-preview":"max-video-preview:-1"},"canonical":"https:\/\/batijournal.com\/index.php\/site-web-plus-recycler-dechets-inertes-chantiers\/97669\/","og_locale":"fr_FR","og_type":"article","og_title":"Un site web pour encore plus recycler les d\u00e9chets inertes des chantiers","og_description":"La F\u00e9d\u00e9ration Nationale des Travaux Publics (FNTP) et l\u2019Union nationale des industries de carri\u00e8res et mat\u00e9riaux de construction (UNICEM) ont mis en ligne un centre de ressources et d\u2019information sur l\u2019\u00e9conomie circulaire et la gestion des d\u00e9chets inertes des chantiers de Travaux Publics. La profession recycle et valorise plus de 60% des d\u00e9chets inertes du [&hellip;]","og_url":"https:\/\/batijournal.com\/index.php\/site-web-plus-recycler-dechets-inertes-chantiers\/97669\/","og_site_name":"Batijournal","article_published_time":"2017-11-29T10:02:17+00:00","article_modified_time":"2019-07-15T10:03:47+00:00","og_image":[{"width":1000,"height":588,"url":"https:\/\/batijournal.com\/wp-content\/uploads\/2017\/11\/recyclage-materiaux-inertes-construction-e1761216792490.jpg","type":"image\/jpeg"}],"author":"St\u00e9phane Miget","twitter_card":"summary_large_image","twitter_creator":"@bati_journal","twitter_site":"@bati_journal","twitter_misc":{"\u00c9crit par":"St\u00e9phane Miget","Dur\u00e9e de lecture estim\u00e9e":"1 minute"},"schema":{"@context":"https:\/\/schema.org","@graph":[{"@type":"Article","@id":"https:\/\/batijournal.com\/index.php\/site-web-plus-recycler-dechets-inertes-chantiers\/97669\/#article","isPartOf":{"@id":"https:\/\/batijournal.com\/index.php\/site-web-plus-recycler-dechets-inertes-chantiers\/97669\/"},"author":{"name":"St\u00e9phane Miget","@id":"https:\/\/batijournal.com\/#\/schema\/person\/1dc96ec6957aa1ccb25ebe78bb19f100"},"headline":"Un site web pour encore plus recycler les d\u00e9chets inertes des chantiers","datePublished":"2017-11-29T10:02:17+00:00","dateModified":"2019-07-15T10:03:47+00:00","mainEntityOfPage":{"@id":"https:\/\/batijournal.com\/index.php\/site-web-plus-recycler-dechets-inertes-chantiers\/97669\/"},"wordCount":140,"image":{"@id":"https:\/\/batijournal.com\/index.php\/site-web-plus-recycler-dechets-inertes-chantiers\/97669\/#primaryimage"},"thumbnailUrl":"https:\/\/batijournal.com\/wp-content\/uploads\/2017\/11\/recyclage-materiaux-inertes-construction-e1761216792490.jpg","articleSection":["Actualit\u00e9s","\u00c9conomie &amp; March\u00e9s"],"inLanguage":"fr-FR"},{"@type":"WebPage","@id":"https:\/\/batijournal.com\/index.php\/site-web-plus-recycler-dechets-inertes-chantiers\/97669\/","url":"https:\/\/batijournal.com\/index.php\/site-web-plus-recycler-dechets-inertes-chantiers\/97669\/","name":"Un site web pour encore plus recycler les d\u00e9chets inertes des chantiers","isPartOf":{"@id":"https:\/\/batijournal.com\/#website"},"primaryImageOfPage":{"@id":"https:\/\/batijournal.com\/index.php\/site-web-plus-recycler-dechets-inertes-chantiers\/97669\/#primaryimage"},"image":{"@id":"https:\/\/batijournal.com\/index.php\/site-web-plus-recycler-dechets-inertes-chantiers\/97669\/#primaryimage"},"thumbnailUrl":"https:\/\/batijournal.com\/wp-content\/uploads\/2017\/11\/recyclage-materiaux-inertes-construction-e1761216792490.jpg","datePublished":"2017-11-29T10:02:17+00:00","dateModified":"2019-07-15T10:03:47+00:00","author":{"@id":"https:\/\/batijournal.com\/#\/schema\/person\/1dc96ec6957aa1ccb25ebe78bb19f100"},"breadcrumb":{"@id":"https:\/\/batijournal.com\/index.php\/site-web-plus-recycler-dechets-inertes-chantiers\/97669\/#breadcrumb"},"inLanguage":"fr-FR","potentialAction":[{"@type":"ReadAction","target":["https:\/\/batijournal.com\/index.php\/site-web-plus-recycler-dechets-inertes-chantiers\/97669\/"]}]},{"@type":"ImageObject","inLanguage":"fr-FR","@id":"https:\/\/batijournal.com\/index.php\/site-web-plus-recycler-dechets-inertes-chantiers\/97669\/#primaryimage","url":"https:\/\/batijournal.com\/wp-content\/uploads\/2017\/11\/recyclage-materiaux-inertes-construction-e1761216792490.jpg","contentUrl":"https:\/\/batijournal.com\/wp-content\/uploads\/2017\/11\/recyclage-materiaux-inertes-construction-e1761216792490.jpg","width":1000,"height":588},{"@type":"BreadcrumbList","@id":"https:\/\/batijournal.com\/index.php\/site-web-plus-recycler-dechets-inertes-chantiers\/97669\/#breadcrumb","itemListElement":[{"@type":"ListItem","position":1,"name":"Accueil","item":"https:\/\/batijournal.com\/"},{"@type":"ListItem","position":2,"name":"Actualit\u00e9s","item":"https:\/\/batijournal.com\/index.php\/category\/actualites\/"},{"@type":"ListItem","position":3,"name":"Un site web pour encore plus recycler les d\u00e9chets inertes des chantiers"}]},{"@type":"WebSite","@id":"https:\/\/batijournal.com\/#website","url":"https:\/\/batijournal.com\/","name":"Batijournal","description":"L&#039;actualit\u00e9 du b\u00e2timent","potentialAction":[{"@type":"SearchAction","target":{"@type":"EntryPoint","urlTemplate":"https:\/\/batijournal.com\/?s={search_term_string}"},"query-input":{"@type":"PropertyValueSpecification","valueRequired":true,"valueName":"search_term_string"}}],"inLanguage":"fr-FR"},{"@type":"Person","@id":"https:\/\/batijournal.com\/#\/schema\/person\/1dc96ec6957aa1ccb25ebe78bb19f100","name":"St\u00e9phane Miget","image":{"@type":"ImageObject","inLanguage":"fr-FR","@id":"https:\/\/secure.gravatar.com\/avatar\/89915563d925342126b8ef0281b93d9d7fc337043e8df017f780908eb9644451?s=96&d=mm&r=g","url":"https:\/\/secure.gravatar.com\/avatar\/89915563d925342126b8ef0281b93d9d7fc337043e8df017f780908eb9644451?s=96&d=mm&r=g","contentUrl":"https:\/\/secure.gravatar.com\/avatar\/89915563d925342126b8ef0281b93d9d7fc337043e8df017f780908eb9644451?s=96&d=mm&r=g","caption":"St\u00e9phane Miget"},"url":"https:\/\/batijournal.com\/index.php\/author\/stephane\/"}]}},"_links":{"self":[{"href":"https:\/\/batijournal.com\/index.php\/wp-json\/wp\/v2\/posts\/97669","targetHints":{"allow":["GET"]}}],"collection":[{"href":"https:\/\/batijournal.com\/index.php\/wp-json\/wp\/v2\/posts"}],"about":[{"href":"https:\/\/batijournal.com\/index.php\/wp-json\/wp\/v2\/types\/post"}],"author":[{"embeddable":true,"href":"https:\/\/batijournal.com\/index.php\/wp-json\/wp\/v2\/users\/17"}],"replies":[{"embeddable":true,"href":"https:\/\/batijournal.com\/index.php\/wp-json\/wp\/v2\/comments?post=97669"}],"version-history":[{"count":0,"href":"https:\/\/batijournal.com\/index.php\/wp-json\/wp\/v2\/posts\/97669\/revisions"}],"wp:featuredmedia":[{"embeddable":true,"href":"https:\/\/batijournal.com\/index.php\/wp-json\/wp\/v2\/media\/97672"}],"wp:attachment":[{"href":"https:\/\/batijournal.com\/index.php\/wp-json\/wp\/v2\/media?parent=97669"}],"wp:term":[{"taxonomy":"category","embeddable":true,"href":"https:\/\/batijournal.com\/index.php\/wp-json\/wp\/v2\/categories?post=97669"},{"taxonomy":"post_tag","embeddable":true,"href":"https:\/\/batijournal.com\/index.php\/wp-json\/wp\/v2\/tags?post=97669"}],"curies":[{"name":"wp","href":"https:\/\/api.w.org\/{rel}","templated":true}]}}