{"id":97673,"date":"2017-11-29T12:30:45","date_gmt":"2017-11-29T11:30:45","guid":{"rendered":"http:\/\/batijournal.com\/?p=97673"},"modified":"2019-07-15T11:27:05","modified_gmt":"2019-07-15T09:27:05","slug":"restauration-de-fondation-vasarely","status":"publish","type":"post","link":"https:\/\/batijournal.com\/index.php\/restauration-de-fondation-vasarely\/97673\/","title":{"rendered":"Restauration de la Fondation Vasarely"},"content":{"rendered":"<p>Le b\u00e2timent de la Fondation Vasarely construit entre 1973 et 1976 fait l&rsquo;objet d&rsquo;un projet de r\u00e9habilitation. V\u00e9ritable exemple de la pens\u00e9e artistique urbaine qui m\u00eale architecture et sculpture, ce b\u00e2timent labellis\u00e9 Patrimoine du XXe si\u00e8cle et class\u00e9s au titre des Monuments Historiques est constitu\u00e9 de 16 alv\u00e9oles h\u00e9xagonales. La structure hexagonale du b\u00e2timent offre 10 plans verticaux li\u00e9s par des angles altern\u00e9s de 120 degr\u00e9s. L&rsquo;am\u00e9nagement int\u00e9rieur a \u00e9t\u00e9 con\u00e7u sans fen\u00eatre afin de pr\u00e9server le design noir et blanc de l&rsquo;ext\u00e9rieur.<\/p>\n<p>&#8211;\u00a0<strong>Premi\u00e8re phase du projet : <\/strong>\u00e9tude documentaire et historique<br \/>\n&#8211;\u00a0<strong>Seconde phase du projet :\u00a0<\/strong> analyse scientifique et technique de l&rsquo;existant<\/p>\n<p>Le projet de restauration devra permettre de retrouver l&rsquo;\u00e9clat du m\u00e9tal et la brillance du marbre, r\u00e9cup\u00e9rer une lumi\u00e8re z\u00e9nithale en enlevant les b\u00e2ches de protection des verri\u00e8res du toit, restaurer \u00e0 l&rsquo;identique les fa\u00e7ades, les toitures et les am\u00e9nagements int\u00e9rieurs, rem\u00e9dier aux d\u00e9fauts d&rsquo;\u00e9tanch\u00e9it\u00e9 \u00e0 l&rsquo;eau et \u00e0 l&rsquo;air de l&rsquo;enveloppe et \u00e0 la d\u00e9gradation de son aspect.<\/p>\n<p>Le projet a d\u00e9but\u00e9 en 2012 et devrait s&rsquo;achever en 2018.<\/p>\n<p>Photo : Geoffrey &#8211; Edikom via Wikimedia Commons<\/p>\n","protected":false},"excerpt":{"rendered":"<p>Le b\u00e2timent de la Fondation Vasarely construit entre 1973 et 1976 fait l&rsquo;objet d&rsquo;un projet de r\u00e9habilitation. V\u00e9ritable exemple de la pens\u00e9e artistique urbaine qui m\u00eale architecture et sculpture, ce b\u00e2timent labellis\u00e9 Patrimoine du XXe si\u00e8cle et class\u00e9s au titre des Monuments Historiques est constitu\u00e9 de 16 alv\u00e9oles h\u00e9xagonales. La structure hexagonale du b\u00e2timent offre [&hellip;]<\/p>\n","protected":false},"author":1,"featured_media":97674,"comment_status":"closed","ping_status":"closed","sticky":false,"template":"","format":"standard","meta":{"_et_pb_use_builder":"","_et_pb_old_content":"","_et_gb_content_width":"","footnotes":""},"categories":[6340,10775],"tags":[12197,6015],"class_list":["post-97673","post","type-post","status-publish","format-standard","has-post-thumbnail","hentry","category-architecture-conception","category-actualites-5facades","tag-fondation-vasarely","tag-renovation"],"yoast_head":"<!-- This site is optimized with the Yoast SEO plugin v27.4 - https:\/\/yoast.com\/product\/yoast-seo-wordpress\/ -->\n<title>Restauration de la Fondation Vasarely<\/title>\n<meta name=\"robots\" content=\"index, follow, max-snippet:-1, max-image-preview:large, max-video-preview:-1\" \/>\n<link rel=\"canonical\" href=\"https:\/\/batijournal.com\/index.php\/restauration-de-fondation-vasarely\/97673\/\" \/>\n<meta property=\"og:locale\" content=\"fr_FR\" \/>\n<meta property=\"og:type\" content=\"article\" \/>\n<meta property=\"og:title\" content=\"Restauration de la Fondation Vasarely\" \/>\n<meta property=\"og:description\" content=\"Le b\u00e2timent de la Fondation Vasarely construit entre 1973 et 1976 fait l&rsquo;objet d&rsquo;un projet de r\u00e9habilitation. V\u00e9ritable exemple de la pens\u00e9e artistique urbaine qui m\u00eale architecture et sculpture, ce b\u00e2timent labellis\u00e9 Patrimoine du XXe si\u00e8cle et class\u00e9s au titre des Monuments Historiques est constitu\u00e9 de 16 alv\u00e9oles h\u00e9xagonales. La structure hexagonale du b\u00e2timent offre [&hellip;]\" \/>\n<meta property=\"og:url\" content=\"https:\/\/batijournal.com\/index.php\/restauration-de-fondation-vasarely\/97673\/\" \/>\n<meta property=\"og:site_name\" content=\"Batijournal\" \/>\n<meta property=\"article:published_time\" content=\"2017-11-29T11:30:45+00:00\" \/>\n<meta property=\"article:modified_time\" content=\"2019-07-15T09:27:05+00:00\" \/>\n<meta property=\"og:image\" content=\"https:\/\/batijournal.com\/wp-content\/uploads\/2017\/11\/Photo_GeoffreyAF2.jpg\" \/>\n\t<meta property=\"og:image:width\" content=\"739\" \/>\n\t<meta property=\"og:image:height\" content=\"732\" \/>\n\t<meta property=\"og:image:type\" content=\"image\/jpeg\" \/>\n<meta name=\"author\" content=\"Bati-journal\" \/>\n<meta name=\"twitter:card\" content=\"summary_large_image\" \/>\n<meta name=\"twitter:creator\" content=\"@bati_journal\" \/>\n<meta name=\"twitter:site\" content=\"@bati_journal\" \/>\n<meta name=\"twitter:label1\" content=\"\u00c9crit par\" \/>\n\t<meta name=\"twitter:data1\" content=\"Bati-journal\" \/>\n\t<meta name=\"twitter:label2\" content=\"Dur\u00e9e de lecture estim\u00e9e\" \/>\n\t<meta name=\"twitter:data2\" content=\"1 minute\" \/>\n<script type=\"application\/ld+json\" class=\"yoast-schema-graph\">{\"@context\":\"https:\\\/\\\/schema.org\",\"@graph\":[{\"@type\":\"Article\",\"@id\":\"https:\\\/\\\/batijournal.com\\\/index.php\\\/restauration-de-fondation-vasarely\\\/97673\\\/#article\",\"isPartOf\":{\"@id\":\"https:\\\/\\\/batijournal.com\\\/index.php\\\/restauration-de-fondation-vasarely\\\/97673\\\/\"},\"author\":{\"name\":\"Bati-journal\",\"@id\":\"https:\\\/\\\/batijournal.com\\\/#\\\/schema\\\/person\\\/6a657e8967569e1b299972574848aa76\"},\"headline\":\"Restauration de la Fondation Vasarely\",\"datePublished\":\"2017-11-29T11:30:45+00:00\",\"dateModified\":\"2019-07-15T09:27:05+00:00\",\"mainEntityOfPage\":{\"@id\":\"https:\\\/\\\/batijournal.com\\\/index.php\\\/restauration-de-fondation-vasarely\\\/97673\\\/\"},\"wordCount\":222,\"image\":{\"@id\":\"https:\\\/\\\/batijournal.com\\\/index.php\\\/restauration-de-fondation-vasarely\\\/97673\\\/#primaryimage\"},\"thumbnailUrl\":\"https:\\\/\\\/batijournal.com\\\/wp-content\\\/uploads\\\/2017\\\/11\\\/Photo_GeoffreyAF2.jpg\",\"keywords\":[\"fondation vasarely\",\"r\u00e9novation\"],\"articleSection\":[\"Architecture &amp; Conception\",\"zz_Actualit\u00e9s - 5fa\u00e7ades\"],\"inLanguage\":\"fr-FR\"},{\"@type\":\"WebPage\",\"@id\":\"https:\\\/\\\/batijournal.com\\\/index.php\\\/restauration-de-fondation-vasarely\\\/97673\\\/\",\"url\":\"https:\\\/\\\/batijournal.com\\\/index.php\\\/restauration-de-fondation-vasarely\\\/97673\\\/\",\"name\":\"Restauration de la Fondation Vasarely\",\"isPartOf\":{\"@id\":\"https:\\\/\\\/batijournal.com\\\/#website\"},\"primaryImageOfPage\":{\"@id\":\"https:\\\/\\\/batijournal.com\\\/index.php\\\/restauration-de-fondation-vasarely\\\/97673\\\/#primaryimage\"},\"image\":{\"@id\":\"https:\\\/\\\/batijournal.com\\\/index.php\\\/restauration-de-fondation-vasarely\\\/97673\\\/#primaryimage\"},\"thumbnailUrl\":\"https:\\\/\\\/batijournal.com\\\/wp-content\\\/uploads\\\/2017\\\/11\\\/Photo_GeoffreyAF2.jpg\",\"datePublished\":\"2017-11-29T11:30:45+00:00\",\"dateModified\":\"2019-07-15T09:27:05+00:00\",\"author\":{\"@id\":\"https:\\\/\\\/batijournal.com\\\/#\\\/schema\\\/person\\\/6a657e8967569e1b299972574848aa76\"},\"breadcrumb\":{\"@id\":\"https:\\\/\\\/batijournal.com\\\/index.php\\\/restauration-de-fondation-vasarely\\\/97673\\\/#breadcrumb\"},\"inLanguage\":\"fr-FR\",\"potentialAction\":[{\"@type\":\"ReadAction\",\"target\":[\"https:\\\/\\\/batijournal.com\\\/index.php\\\/restauration-de-fondation-vasarely\\\/97673\\\/\"]}]},{\"@type\":\"ImageObject\",\"inLanguage\":\"fr-FR\",\"@id\":\"https:\\\/\\\/batijournal.com\\\/index.php\\\/restauration-de-fondation-vasarely\\\/97673\\\/#primaryimage\",\"url\":\"https:\\\/\\\/batijournal.com\\\/wp-content\\\/uploads\\\/2017\\\/11\\\/Photo_GeoffreyAF2.jpg\",\"contentUrl\":\"https:\\\/\\\/batijournal.com\\\/wp-content\\\/uploads\\\/2017\\\/11\\\/Photo_GeoffreyAF2.jpg\",\"width\":739,\"height\":732},{\"@type\":\"BreadcrumbList\",\"@id\":\"https:\\\/\\\/batijournal.com\\\/index.php\\\/restauration-de-fondation-vasarely\\\/97673\\\/#breadcrumb\",\"itemListElement\":[{\"@type\":\"ListItem\",\"position\":1,\"name\":\"Accueil\",\"item\":\"https:\\\/\\\/batijournal.com\\\/\"},{\"@type\":\"ListItem\",\"position\":2,\"name\":\"Actualit\u00e9s\",\"item\":\"https:\\\/\\\/batijournal.com\\\/index.php\\\/category\\\/actualites\\\/\"},{\"@type\":\"ListItem\",\"position\":3,\"name\":\"Architecture &amp; Conception\",\"item\":\"https:\\\/\\\/batijournal.com\\\/index.php\\\/category\\\/actualites\\\/architecture-conception\\\/\"},{\"@type\":\"ListItem\",\"position\":4,\"name\":\"Restauration de la Fondation Vasarely\"}]},{\"@type\":\"WebSite\",\"@id\":\"https:\\\/\\\/batijournal.com\\\/#website\",\"url\":\"https:\\\/\\\/batijournal.com\\\/\",\"name\":\"Batijournal\",\"description\":\"L&#039;actualit\u00e9 du b\u00e2timent\",\"potentialAction\":[{\"@type\":\"SearchAction\",\"target\":{\"@type\":\"EntryPoint\",\"urlTemplate\":\"https:\\\/\\\/batijournal.com\\\/?s={search_term_string}\"},\"query-input\":{\"@type\":\"PropertyValueSpecification\",\"valueRequired\":true,\"valueName\":\"search_term_string\"}}],\"inLanguage\":\"fr-FR\"},{\"@type\":\"Person\",\"@id\":\"https:\\\/\\\/batijournal.com\\\/#\\\/schema\\\/person\\\/6a657e8967569e1b299972574848aa76\",\"name\":\"Bati-journal\",\"image\":{\"@type\":\"ImageObject\",\"inLanguage\":\"fr-FR\",\"@id\":\"https:\\\/\\\/secure.gravatar.com\\\/avatar\\\/a64364ea26392f9b4dd47e017ddaec74ff03aefc073b49e492e847201258f777?s=96&d=mm&r=g\",\"url\":\"https:\\\/\\\/secure.gravatar.com\\\/avatar\\\/a64364ea26392f9b4dd47e017ddaec74ff03aefc073b49e492e847201258f777?s=96&d=mm&r=g\",\"contentUrl\":\"https:\\\/\\\/secure.gravatar.com\\\/avatar\\\/a64364ea26392f9b4dd47e017ddaec74ff03aefc073b49e492e847201258f777?s=96&d=mm&r=g\",\"caption\":\"Bati-journal\"},\"url\":\"https:\\\/\\\/batijournal.com\\\/index.php\\\/author\\\/elodie\\\/\"}]}<\/script>\n<!-- \/ Yoast SEO plugin. -->","yoast_head_json":{"title":"Restauration de la Fondation Vasarely","robots":{"index":"index","follow":"follow","max-snippet":"max-snippet:-1","max-image-preview":"max-image-preview:large","max-video-preview":"max-video-preview:-1"},"canonical":"https:\/\/batijournal.com\/index.php\/restauration-de-fondation-vasarely\/97673\/","og_locale":"fr_FR","og_type":"article","og_title":"Restauration de la Fondation Vasarely","og_description":"Le b\u00e2timent de la Fondation Vasarely construit entre 1973 et 1976 fait l&rsquo;objet d&rsquo;un projet de r\u00e9habilitation. V\u00e9ritable exemple de la pens\u00e9e artistique urbaine qui m\u00eale architecture et sculpture, ce b\u00e2timent labellis\u00e9 Patrimoine du XXe si\u00e8cle et class\u00e9s au titre des Monuments Historiques est constitu\u00e9 de 16 alv\u00e9oles h\u00e9xagonales. La structure hexagonale du b\u00e2timent offre [&hellip;]","og_url":"https:\/\/batijournal.com\/index.php\/restauration-de-fondation-vasarely\/97673\/","og_site_name":"Batijournal","article_published_time":"2017-11-29T11:30:45+00:00","article_modified_time":"2019-07-15T09:27:05+00:00","og_image":[{"width":739,"height":732,"url":"https:\/\/batijournal.com\/wp-content\/uploads\/2017\/11\/Photo_GeoffreyAF2.jpg","type":"image\/jpeg"}],"author":"Bati-journal","twitter_card":"summary_large_image","twitter_creator":"@bati_journal","twitter_site":"@bati_journal","twitter_misc":{"\u00c9crit par":"Bati-journal","Dur\u00e9e de lecture estim\u00e9e":"1 minute"},"schema":{"@context":"https:\/\/schema.org","@graph":[{"@type":"Article","@id":"https:\/\/batijournal.com\/index.php\/restauration-de-fondation-vasarely\/97673\/#article","isPartOf":{"@id":"https:\/\/batijournal.com\/index.php\/restauration-de-fondation-vasarely\/97673\/"},"author":{"name":"Bati-journal","@id":"https:\/\/batijournal.com\/#\/schema\/person\/6a657e8967569e1b299972574848aa76"},"headline":"Restauration de la Fondation Vasarely","datePublished":"2017-11-29T11:30:45+00:00","dateModified":"2019-07-15T09:27:05+00:00","mainEntityOfPage":{"@id":"https:\/\/batijournal.com\/index.php\/restauration-de-fondation-vasarely\/97673\/"},"wordCount":222,"image":{"@id":"https:\/\/batijournal.com\/index.php\/restauration-de-fondation-vasarely\/97673\/#primaryimage"},"thumbnailUrl":"https:\/\/batijournal.com\/wp-content\/uploads\/2017\/11\/Photo_GeoffreyAF2.jpg","keywords":["fondation vasarely","r\u00e9novation"],"articleSection":["Architecture &amp; Conception","zz_Actualit\u00e9s - 5fa\u00e7ades"],"inLanguage":"fr-FR"},{"@type":"WebPage","@id":"https:\/\/batijournal.com\/index.php\/restauration-de-fondation-vasarely\/97673\/","url":"https:\/\/batijournal.com\/index.php\/restauration-de-fondation-vasarely\/97673\/","name":"Restauration de la Fondation Vasarely","isPartOf":{"@id":"https:\/\/batijournal.com\/#website"},"primaryImageOfPage":{"@id":"https:\/\/batijournal.com\/index.php\/restauration-de-fondation-vasarely\/97673\/#primaryimage"},"image":{"@id":"https:\/\/batijournal.com\/index.php\/restauration-de-fondation-vasarely\/97673\/#primaryimage"},"thumbnailUrl":"https:\/\/batijournal.com\/wp-content\/uploads\/2017\/11\/Photo_GeoffreyAF2.jpg","datePublished":"2017-11-29T11:30:45+00:00","dateModified":"2019-07-15T09:27:05+00:00","author":{"@id":"https:\/\/batijournal.com\/#\/schema\/person\/6a657e8967569e1b299972574848aa76"},"breadcrumb":{"@id":"https:\/\/batijournal.com\/index.php\/restauration-de-fondation-vasarely\/97673\/#breadcrumb"},"inLanguage":"fr-FR","potentialAction":[{"@type":"ReadAction","target":["https:\/\/batijournal.com\/index.php\/restauration-de-fondation-vasarely\/97673\/"]}]},{"@type":"ImageObject","inLanguage":"fr-FR","@id":"https:\/\/batijournal.com\/index.php\/restauration-de-fondation-vasarely\/97673\/#primaryimage","url":"https:\/\/batijournal.com\/wp-content\/uploads\/2017\/11\/Photo_GeoffreyAF2.jpg","contentUrl":"https:\/\/batijournal.com\/wp-content\/uploads\/2017\/11\/Photo_GeoffreyAF2.jpg","width":739,"height":732},{"@type":"BreadcrumbList","@id":"https:\/\/batijournal.com\/index.php\/restauration-de-fondation-vasarely\/97673\/#breadcrumb","itemListElement":[{"@type":"ListItem","position":1,"name":"Accueil","item":"https:\/\/batijournal.com\/"},{"@type":"ListItem","position":2,"name":"Actualit\u00e9s","item":"https:\/\/batijournal.com\/index.php\/category\/actualites\/"},{"@type":"ListItem","position":3,"name":"Architecture &amp; Conception","item":"https:\/\/batijournal.com\/index.php\/category\/actualites\/architecture-conception\/"},{"@type":"ListItem","position":4,"name":"Restauration de la Fondation Vasarely"}]},{"@type":"WebSite","@id":"https:\/\/batijournal.com\/#website","url":"https:\/\/batijournal.com\/","name":"Batijournal","description":"L&#039;actualit\u00e9 du b\u00e2timent","potentialAction":[{"@type":"SearchAction","target":{"@type":"EntryPoint","urlTemplate":"https:\/\/batijournal.com\/?s={search_term_string}"},"query-input":{"@type":"PropertyValueSpecification","valueRequired":true,"valueName":"search_term_string"}}],"inLanguage":"fr-FR"},{"@type":"Person","@id":"https:\/\/batijournal.com\/#\/schema\/person\/6a657e8967569e1b299972574848aa76","name":"Bati-journal","image":{"@type":"ImageObject","inLanguage":"fr-FR","@id":"https:\/\/secure.gravatar.com\/avatar\/a64364ea26392f9b4dd47e017ddaec74ff03aefc073b49e492e847201258f777?s=96&d=mm&r=g","url":"https:\/\/secure.gravatar.com\/avatar\/a64364ea26392f9b4dd47e017ddaec74ff03aefc073b49e492e847201258f777?s=96&d=mm&r=g","contentUrl":"https:\/\/secure.gravatar.com\/avatar\/a64364ea26392f9b4dd47e017ddaec74ff03aefc073b49e492e847201258f777?s=96&d=mm&r=g","caption":"Bati-journal"},"url":"https:\/\/batijournal.com\/index.php\/author\/elodie\/"}]}},"_links":{"self":[{"href":"https:\/\/batijournal.com\/index.php\/wp-json\/wp\/v2\/posts\/97673","targetHints":{"allow":["GET"]}}],"collection":[{"href":"https:\/\/batijournal.com\/index.php\/wp-json\/wp\/v2\/posts"}],"about":[{"href":"https:\/\/batijournal.com\/index.php\/wp-json\/wp\/v2\/types\/post"}],"author":[{"embeddable":true,"href":"https:\/\/batijournal.com\/index.php\/wp-json\/wp\/v2\/users\/1"}],"replies":[{"embeddable":true,"href":"https:\/\/batijournal.com\/index.php\/wp-json\/wp\/v2\/comments?post=97673"}],"version-history":[{"count":0,"href":"https:\/\/batijournal.com\/index.php\/wp-json\/wp\/v2\/posts\/97673\/revisions"}],"wp:featuredmedia":[{"embeddable":true,"href":"https:\/\/batijournal.com\/index.php\/wp-json\/wp\/v2\/media\/97674"}],"wp:attachment":[{"href":"https:\/\/batijournal.com\/index.php\/wp-json\/wp\/v2\/media?parent=97673"}],"wp:term":[{"taxonomy":"category","embeddable":true,"href":"https:\/\/batijournal.com\/index.php\/wp-json\/wp\/v2\/categories?post=97673"},{"taxonomy":"post_tag","embeddable":true,"href":"https:\/\/batijournal.com\/index.php\/wp-json\/wp\/v2\/tags?post=97673"}],"curies":[{"name":"wp","href":"https:\/\/api.w.org\/{rel}","templated":true}]}}