{"id":97844,"date":"2017-12-11T18:12:42","date_gmt":"2017-12-11T17:12:42","guid":{"rendered":"http:\/\/batijournal.com\/?p=97844"},"modified":"2019-07-15T12:21:57","modified_gmt":"2019-07-15T10:21:57","slug":"15-ans-groupe-edf-veut-multiplier-4-totalite-de-production-photovoltaique-francaise","status":"publish","type":"post","link":"https:\/\/batijournal.com\/index.php\/15-ans-groupe-edf-veut-multiplier-4-totalite-de-production-photovoltaique-francaise\/97844\/","title":{"rendered":"Sur 15 ans, le groupe EDF veut multiplier par 4 la totalit\u00e9 de la production photovolta\u00efque fran\u00e7aise"},"content":{"rendered":"<p>Jean-Bernard L\u00e9vy, le Pr\u00e9sident-Directeur G\u00e9n\u00e9ral d&rsquo;EDF a annonc\u00e9 le lancement du Plan Solaire du Groupe. Entre 2020 et 2035, il a pour ambition de d\u00e9velopper et construire 30 GW de solaire photovolta\u00efque en France, \u00e0 travers sa filiale EDF Energies Nouvelles, en compl\u00e9ment de ses autres activit\u00e9s de d\u00e9veloppement des \u00e9nergies renouvelables en France et \u00e0 l\u2019international. Ce volume repr\u00e9sente quatre fois les capacit\u00e9s actuelles de production d\u2019\u00e9nergie solaire en France.<\/p>\n<p>Cette ambition est coh\u00e9rente avec l\u2019objectif gouvernemental de r\u00e9\u00e9quilibrage du mix \u00e9lectrique fran\u00e7ais \u00e0 travers le d\u00e9veloppement massif des renouvelables sur le territoire. Le Plan Solaire d\u2019EDF devrait en outre permettre la cr\u00e9ation de plusieurs dizaines de milliers d\u2019emplois en France en p\u00e9riode de construction.\u00a0Le groupe EDF mobilisera tous les moyens \u00e0 sa disposition pour assurer ce rythme acc\u00e9l\u00e9r\u00e9 de d\u00e9veloppement : identification et exploitation de terrains issus de son patrimoine foncier : terrains \u00e0 proximit\u00e9 des centrales nucl\u00e9aires, reconversion de friches industrielles ou de sites en d\u00e9mant\u00e8lement, d\u00e9veloppement du photovolta\u00efque flottant sur les sites hydrauliques ; mise \u00e0 disposition des ressources internes et mobilisation des partenaires industriels et financiers. En parall\u00e8le, EDF coop\u00e9rera avec les pouvoirs publics afin d\u2019identifier les surfaces aptes \u00e0 accueillir de nouvelles installations solaires photovolta\u00efques.<\/p>\n","protected":false},"excerpt":{"rendered":"<p>Jean-Bernard L\u00e9vy, le Pr\u00e9sident-Directeur G\u00e9n\u00e9ral d&rsquo;EDF a annonc\u00e9 le lancement du Plan Solaire du Groupe. Entre 2020 et 2035, il a pour ambition de d\u00e9velopper et construire 30 GW de solaire photovolta\u00efque en France, \u00e0 travers sa filiale EDF Energies Nouvelles, en compl\u00e9ment de ses autres activit\u00e9s de d\u00e9veloppement des \u00e9nergies renouvelables en France et [&hellip;]<\/p>\n","protected":false},"author":17,"featured_media":87010,"comment_status":"closed","ping_status":"closed","sticky":false,"template":"","format":"standard","meta":{"_et_pb_use_builder":"","_et_pb_old_content":"","_et_gb_content_width":"","footnotes":""},"categories":[10530,6351,10778],"tags":[668,1628,464],"class_list":["post-97844","post","type-post","status-publish","format-standard","has-post-thumbnail","hentry","category-actualites","category-energie-environnement","category-planete","tag-edf","tag-energies-renouvelables","tag-photovoltaique"],"yoast_head":"<!-- This site is optimized with the Yoast SEO plugin v27.4 - https:\/\/yoast.com\/product\/yoast-seo-wordpress\/ -->\n<title>Sur 15 ans, le groupe EDF veut multiplier par 4 la totalit\u00e9 de la production photovolta\u00efque fran\u00e7aise<\/title>\n<meta name=\"robots\" content=\"index, follow, max-snippet:-1, max-image-preview:large, max-video-preview:-1\" \/>\n<link rel=\"canonical\" href=\"https:\/\/batijournal.com\/index.php\/15-ans-groupe-edf-veut-multiplier-4-totalite-de-production-photovoltaique-francaise\/97844\/\" \/>\n<meta property=\"og:locale\" content=\"fr_FR\" \/>\n<meta property=\"og:type\" content=\"article\" \/>\n<meta property=\"og:title\" content=\"Sur 15 ans, le groupe EDF veut multiplier par 4 la totalit\u00e9 de la production photovolta\u00efque fran\u00e7aise\" \/>\n<meta property=\"og:description\" content=\"Jean-Bernard L\u00e9vy, le Pr\u00e9sident-Directeur G\u00e9n\u00e9ral d&rsquo;EDF a annonc\u00e9 le lancement du Plan Solaire du Groupe. Entre 2020 et 2035, il a pour ambition de d\u00e9velopper et construire 30 GW de solaire photovolta\u00efque en France, \u00e0 travers sa filiale EDF Energies Nouvelles, en compl\u00e9ment de ses autres activit\u00e9s de d\u00e9veloppement des \u00e9nergies renouvelables en France et [&hellip;]\" \/>\n<meta property=\"og:url\" content=\"https:\/\/batijournal.com\/index.php\/15-ans-groupe-edf-veut-multiplier-4-totalite-de-production-photovoltaique-francaise\/97844\/\" \/>\n<meta property=\"og:site_name\" content=\"Batijournal\" \/>\n<meta property=\"article:published_time\" content=\"2017-12-11T17:12:42+00:00\" \/>\n<meta property=\"article:modified_time\" content=\"2019-07-15T10:21:57+00:00\" \/>\n<meta property=\"og:image\" content=\"https:\/\/batijournal.com\/wp-content\/uploads\/2015\/05\/98635406.jpg\" \/>\n\t<meta property=\"og:image:width\" content=\"600\" \/>\n\t<meta property=\"og:image:height\" content=\"316\" \/>\n\t<meta property=\"og:image:type\" content=\"image\/jpeg\" \/>\n<meta name=\"author\" content=\"St\u00e9phane Miget\" \/>\n<meta name=\"twitter:card\" content=\"summary_large_image\" \/>\n<meta name=\"twitter:creator\" content=\"@bati_journal\" \/>\n<meta name=\"twitter:site\" content=\"@bati_journal\" \/>\n<meta name=\"twitter:label1\" content=\"\u00c9crit par\" \/>\n\t<meta name=\"twitter:data1\" content=\"St\u00e9phane Miget\" \/>\n\t<meta name=\"twitter:label2\" content=\"Dur\u00e9e de lecture estim\u00e9e\" \/>\n\t<meta name=\"twitter:data2\" content=\"1 minute\" \/>\n<script type=\"application\/ld+json\" class=\"yoast-schema-graph\">{\"@context\":\"https:\\\/\\\/schema.org\",\"@graph\":[{\"@type\":\"Article\",\"@id\":\"https:\\\/\\\/batijournal.com\\\/index.php\\\/15-ans-groupe-edf-veut-multiplier-4-totalite-de-production-photovoltaique-francaise\\\/97844\\\/#article\",\"isPartOf\":{\"@id\":\"https:\\\/\\\/batijournal.com\\\/index.php\\\/15-ans-groupe-edf-veut-multiplier-4-totalite-de-production-photovoltaique-francaise\\\/97844\\\/\"},\"author\":{\"name\":\"St\u00e9phane Miget\",\"@id\":\"https:\\\/\\\/batijournal.com\\\/#\\\/schema\\\/person\\\/1dc96ec6957aa1ccb25ebe78bb19f100\"},\"headline\":\"Sur 15 ans, le groupe EDF veut multiplier par 4 la totalit\u00e9 de la production photovolta\u00efque fran\u00e7aise\",\"datePublished\":\"2017-12-11T17:12:42+00:00\",\"dateModified\":\"2019-07-15T10:21:57+00:00\",\"mainEntityOfPage\":{\"@id\":\"https:\\\/\\\/batijournal.com\\\/index.php\\\/15-ans-groupe-edf-veut-multiplier-4-totalite-de-production-photovoltaique-francaise\\\/97844\\\/\"},\"wordCount\":241,\"image\":{\"@id\":\"https:\\\/\\\/batijournal.com\\\/index.php\\\/15-ans-groupe-edf-veut-multiplier-4-totalite-de-production-photovoltaique-francaise\\\/97844\\\/#primaryimage\"},\"thumbnailUrl\":\"https:\\\/\\\/batijournal.com\\\/wp-content\\\/uploads\\\/2015\\\/05\\\/98635406.jpg\",\"keywords\":[\"EDF\",\"\u00e9nergies renouvelables\",\"photovolta\u00efque\"],\"articleSection\":[\"Actualit\u00e9s\",\"\u00c9nergie &amp; Environnement\",\"zz_Plan\u00e8te B\u00e2timent\"],\"inLanguage\":\"fr-FR\"},{\"@type\":\"WebPage\",\"@id\":\"https:\\\/\\\/batijournal.com\\\/index.php\\\/15-ans-groupe-edf-veut-multiplier-4-totalite-de-production-photovoltaique-francaise\\\/97844\\\/\",\"url\":\"https:\\\/\\\/batijournal.com\\\/index.php\\\/15-ans-groupe-edf-veut-multiplier-4-totalite-de-production-photovoltaique-francaise\\\/97844\\\/\",\"name\":\"Sur 15 ans, le groupe EDF veut multiplier par 4 la totalit\u00e9 de la production photovolta\u00efque fran\u00e7aise\",\"isPartOf\":{\"@id\":\"https:\\\/\\\/batijournal.com\\\/#website\"},\"primaryImageOfPage\":{\"@id\":\"https:\\\/\\\/batijournal.com\\\/index.php\\\/15-ans-groupe-edf-veut-multiplier-4-totalite-de-production-photovoltaique-francaise\\\/97844\\\/#primaryimage\"},\"image\":{\"@id\":\"https:\\\/\\\/batijournal.com\\\/index.php\\\/15-ans-groupe-edf-veut-multiplier-4-totalite-de-production-photovoltaique-francaise\\\/97844\\\/#primaryimage\"},\"thumbnailUrl\":\"https:\\\/\\\/batijournal.com\\\/wp-content\\\/uploads\\\/2015\\\/05\\\/98635406.jpg\",\"datePublished\":\"2017-12-11T17:12:42+00:00\",\"dateModified\":\"2019-07-15T10:21:57+00:00\",\"author\":{\"@id\":\"https:\\\/\\\/batijournal.com\\\/#\\\/schema\\\/person\\\/1dc96ec6957aa1ccb25ebe78bb19f100\"},\"breadcrumb\":{\"@id\":\"https:\\\/\\\/batijournal.com\\\/index.php\\\/15-ans-groupe-edf-veut-multiplier-4-totalite-de-production-photovoltaique-francaise\\\/97844\\\/#breadcrumb\"},\"inLanguage\":\"fr-FR\",\"potentialAction\":[{\"@type\":\"ReadAction\",\"target\":[\"https:\\\/\\\/batijournal.com\\\/index.php\\\/15-ans-groupe-edf-veut-multiplier-4-totalite-de-production-photovoltaique-francaise\\\/97844\\\/\"]}]},{\"@type\":\"ImageObject\",\"inLanguage\":\"fr-FR\",\"@id\":\"https:\\\/\\\/batijournal.com\\\/index.php\\\/15-ans-groupe-edf-veut-multiplier-4-totalite-de-production-photovoltaique-francaise\\\/97844\\\/#primaryimage\",\"url\":\"https:\\\/\\\/batijournal.com\\\/wp-content\\\/uploads\\\/2015\\\/05\\\/98635406.jpg\",\"contentUrl\":\"https:\\\/\\\/batijournal.com\\\/wp-content\\\/uploads\\\/2015\\\/05\\\/98635406.jpg\",\"width\":600,\"height\":316,\"caption\":\"photovolta\u00efque\"},{\"@type\":\"BreadcrumbList\",\"@id\":\"https:\\\/\\\/batijournal.com\\\/index.php\\\/15-ans-groupe-edf-veut-multiplier-4-totalite-de-production-photovoltaique-francaise\\\/97844\\\/#breadcrumb\",\"itemListElement\":[{\"@type\":\"ListItem\",\"position\":1,\"name\":\"Accueil\",\"item\":\"https:\\\/\\\/batijournal.com\\\/\"},{\"@type\":\"ListItem\",\"position\":2,\"name\":\"Actualit\u00e9s\",\"item\":\"https:\\\/\\\/batijournal.com\\\/index.php\\\/category\\\/actualites\\\/\"},{\"@type\":\"ListItem\",\"position\":3,\"name\":\"Sur 15 ans, le groupe EDF veut multiplier par 4 la totalit\u00e9 de la production photovolta\u00efque fran\u00e7aise\"}]},{\"@type\":\"WebSite\",\"@id\":\"https:\\\/\\\/batijournal.com\\\/#website\",\"url\":\"https:\\\/\\\/batijournal.com\\\/\",\"name\":\"Batijournal\",\"description\":\"L&#039;actualit\u00e9 du b\u00e2timent\",\"potentialAction\":[{\"@type\":\"SearchAction\",\"target\":{\"@type\":\"EntryPoint\",\"urlTemplate\":\"https:\\\/\\\/batijournal.com\\\/?s={search_term_string}\"},\"query-input\":{\"@type\":\"PropertyValueSpecification\",\"valueRequired\":true,\"valueName\":\"search_term_string\"}}],\"inLanguage\":\"fr-FR\"},{\"@type\":\"Person\",\"@id\":\"https:\\\/\\\/batijournal.com\\\/#\\\/schema\\\/person\\\/1dc96ec6957aa1ccb25ebe78bb19f100\",\"name\":\"St\u00e9phane Miget\",\"image\":{\"@type\":\"ImageObject\",\"inLanguage\":\"fr-FR\",\"@id\":\"https:\\\/\\\/secure.gravatar.com\\\/avatar\\\/89915563d925342126b8ef0281b93d9d7fc337043e8df017f780908eb9644451?s=96&d=mm&r=g\",\"url\":\"https:\\\/\\\/secure.gravatar.com\\\/avatar\\\/89915563d925342126b8ef0281b93d9d7fc337043e8df017f780908eb9644451?s=96&d=mm&r=g\",\"contentUrl\":\"https:\\\/\\\/secure.gravatar.com\\\/avatar\\\/89915563d925342126b8ef0281b93d9d7fc337043e8df017f780908eb9644451?s=96&d=mm&r=g\",\"caption\":\"St\u00e9phane Miget\"},\"url\":\"https:\\\/\\\/batijournal.com\\\/index.php\\\/author\\\/stephane\\\/\"}]}<\/script>\n<!-- \/ Yoast SEO plugin. -->","yoast_head_json":{"title":"Sur 15 ans, le groupe EDF veut multiplier par 4 la totalit\u00e9 de la production photovolta\u00efque fran\u00e7aise","robots":{"index":"index","follow":"follow","max-snippet":"max-snippet:-1","max-image-preview":"max-image-preview:large","max-video-preview":"max-video-preview:-1"},"canonical":"https:\/\/batijournal.com\/index.php\/15-ans-groupe-edf-veut-multiplier-4-totalite-de-production-photovoltaique-francaise\/97844\/","og_locale":"fr_FR","og_type":"article","og_title":"Sur 15 ans, le groupe EDF veut multiplier par 4 la totalit\u00e9 de la production photovolta\u00efque fran\u00e7aise","og_description":"Jean-Bernard L\u00e9vy, le Pr\u00e9sident-Directeur G\u00e9n\u00e9ral d&rsquo;EDF a annonc\u00e9 le lancement du Plan Solaire du Groupe. Entre 2020 et 2035, il a pour ambition de d\u00e9velopper et construire 30 GW de solaire photovolta\u00efque en France, \u00e0 travers sa filiale EDF Energies Nouvelles, en compl\u00e9ment de ses autres activit\u00e9s de d\u00e9veloppement des \u00e9nergies renouvelables en France et [&hellip;]","og_url":"https:\/\/batijournal.com\/index.php\/15-ans-groupe-edf-veut-multiplier-4-totalite-de-production-photovoltaique-francaise\/97844\/","og_site_name":"Batijournal","article_published_time":"2017-12-11T17:12:42+00:00","article_modified_time":"2019-07-15T10:21:57+00:00","og_image":[{"width":600,"height":316,"url":"https:\/\/batijournal.com\/wp-content\/uploads\/2015\/05\/98635406.jpg","type":"image\/jpeg"}],"author":"St\u00e9phane Miget","twitter_card":"summary_large_image","twitter_creator":"@bati_journal","twitter_site":"@bati_journal","twitter_misc":{"\u00c9crit par":"St\u00e9phane Miget","Dur\u00e9e de lecture estim\u00e9e":"1 minute"},"schema":{"@context":"https:\/\/schema.org","@graph":[{"@type":"Article","@id":"https:\/\/batijournal.com\/index.php\/15-ans-groupe-edf-veut-multiplier-4-totalite-de-production-photovoltaique-francaise\/97844\/#article","isPartOf":{"@id":"https:\/\/batijournal.com\/index.php\/15-ans-groupe-edf-veut-multiplier-4-totalite-de-production-photovoltaique-francaise\/97844\/"},"author":{"name":"St\u00e9phane Miget","@id":"https:\/\/batijournal.com\/#\/schema\/person\/1dc96ec6957aa1ccb25ebe78bb19f100"},"headline":"Sur 15 ans, le groupe EDF veut multiplier par 4 la totalit\u00e9 de la production photovolta\u00efque fran\u00e7aise","datePublished":"2017-12-11T17:12:42+00:00","dateModified":"2019-07-15T10:21:57+00:00","mainEntityOfPage":{"@id":"https:\/\/batijournal.com\/index.php\/15-ans-groupe-edf-veut-multiplier-4-totalite-de-production-photovoltaique-francaise\/97844\/"},"wordCount":241,"image":{"@id":"https:\/\/batijournal.com\/index.php\/15-ans-groupe-edf-veut-multiplier-4-totalite-de-production-photovoltaique-francaise\/97844\/#primaryimage"},"thumbnailUrl":"https:\/\/batijournal.com\/wp-content\/uploads\/2015\/05\/98635406.jpg","keywords":["EDF","\u00e9nergies renouvelables","photovolta\u00efque"],"articleSection":["Actualit\u00e9s","\u00c9nergie &amp; Environnement","zz_Plan\u00e8te B\u00e2timent"],"inLanguage":"fr-FR"},{"@type":"WebPage","@id":"https:\/\/batijournal.com\/index.php\/15-ans-groupe-edf-veut-multiplier-4-totalite-de-production-photovoltaique-francaise\/97844\/","url":"https:\/\/batijournal.com\/index.php\/15-ans-groupe-edf-veut-multiplier-4-totalite-de-production-photovoltaique-francaise\/97844\/","name":"Sur 15 ans, le groupe EDF veut multiplier par 4 la totalit\u00e9 de la production photovolta\u00efque fran\u00e7aise","isPartOf":{"@id":"https:\/\/batijournal.com\/#website"},"primaryImageOfPage":{"@id":"https:\/\/batijournal.com\/index.php\/15-ans-groupe-edf-veut-multiplier-4-totalite-de-production-photovoltaique-francaise\/97844\/#primaryimage"},"image":{"@id":"https:\/\/batijournal.com\/index.php\/15-ans-groupe-edf-veut-multiplier-4-totalite-de-production-photovoltaique-francaise\/97844\/#primaryimage"},"thumbnailUrl":"https:\/\/batijournal.com\/wp-content\/uploads\/2015\/05\/98635406.jpg","datePublished":"2017-12-11T17:12:42+00:00","dateModified":"2019-07-15T10:21:57+00:00","author":{"@id":"https:\/\/batijournal.com\/#\/schema\/person\/1dc96ec6957aa1ccb25ebe78bb19f100"},"breadcrumb":{"@id":"https:\/\/batijournal.com\/index.php\/15-ans-groupe-edf-veut-multiplier-4-totalite-de-production-photovoltaique-francaise\/97844\/#breadcrumb"},"inLanguage":"fr-FR","potentialAction":[{"@type":"ReadAction","target":["https:\/\/batijournal.com\/index.php\/15-ans-groupe-edf-veut-multiplier-4-totalite-de-production-photovoltaique-francaise\/97844\/"]}]},{"@type":"ImageObject","inLanguage":"fr-FR","@id":"https:\/\/batijournal.com\/index.php\/15-ans-groupe-edf-veut-multiplier-4-totalite-de-production-photovoltaique-francaise\/97844\/#primaryimage","url":"https:\/\/batijournal.com\/wp-content\/uploads\/2015\/05\/98635406.jpg","contentUrl":"https:\/\/batijournal.com\/wp-content\/uploads\/2015\/05\/98635406.jpg","width":600,"height":316,"caption":"photovolta\u00efque"},{"@type":"BreadcrumbList","@id":"https:\/\/batijournal.com\/index.php\/15-ans-groupe-edf-veut-multiplier-4-totalite-de-production-photovoltaique-francaise\/97844\/#breadcrumb","itemListElement":[{"@type":"ListItem","position":1,"name":"Accueil","item":"https:\/\/batijournal.com\/"},{"@type":"ListItem","position":2,"name":"Actualit\u00e9s","item":"https:\/\/batijournal.com\/index.php\/category\/actualites\/"},{"@type":"ListItem","position":3,"name":"Sur 15 ans, le groupe EDF veut multiplier par 4 la totalit\u00e9 de la production photovolta\u00efque fran\u00e7aise"}]},{"@type":"WebSite","@id":"https:\/\/batijournal.com\/#website","url":"https:\/\/batijournal.com\/","name":"Batijournal","description":"L&#039;actualit\u00e9 du b\u00e2timent","potentialAction":[{"@type":"SearchAction","target":{"@type":"EntryPoint","urlTemplate":"https:\/\/batijournal.com\/?s={search_term_string}"},"query-input":{"@type":"PropertyValueSpecification","valueRequired":true,"valueName":"search_term_string"}}],"inLanguage":"fr-FR"},{"@type":"Person","@id":"https:\/\/batijournal.com\/#\/schema\/person\/1dc96ec6957aa1ccb25ebe78bb19f100","name":"St\u00e9phane Miget","image":{"@type":"ImageObject","inLanguage":"fr-FR","@id":"https:\/\/secure.gravatar.com\/avatar\/89915563d925342126b8ef0281b93d9d7fc337043e8df017f780908eb9644451?s=96&d=mm&r=g","url":"https:\/\/secure.gravatar.com\/avatar\/89915563d925342126b8ef0281b93d9d7fc337043e8df017f780908eb9644451?s=96&d=mm&r=g","contentUrl":"https:\/\/secure.gravatar.com\/avatar\/89915563d925342126b8ef0281b93d9d7fc337043e8df017f780908eb9644451?s=96&d=mm&r=g","caption":"St\u00e9phane Miget"},"url":"https:\/\/batijournal.com\/index.php\/author\/stephane\/"}]}},"_links":{"self":[{"href":"https:\/\/batijournal.com\/index.php\/wp-json\/wp\/v2\/posts\/97844","targetHints":{"allow":["GET"]}}],"collection":[{"href":"https:\/\/batijournal.com\/index.php\/wp-json\/wp\/v2\/posts"}],"about":[{"href":"https:\/\/batijournal.com\/index.php\/wp-json\/wp\/v2\/types\/post"}],"author":[{"embeddable":true,"href":"https:\/\/batijournal.com\/index.php\/wp-json\/wp\/v2\/users\/17"}],"replies":[{"embeddable":true,"href":"https:\/\/batijournal.com\/index.php\/wp-json\/wp\/v2\/comments?post=97844"}],"version-history":[{"count":0,"href":"https:\/\/batijournal.com\/index.php\/wp-json\/wp\/v2\/posts\/97844\/revisions"}],"wp:featuredmedia":[{"embeddable":true,"href":"https:\/\/batijournal.com\/index.php\/wp-json\/wp\/v2\/media\/87010"}],"wp:attachment":[{"href":"https:\/\/batijournal.com\/index.php\/wp-json\/wp\/v2\/media?parent=97844"}],"wp:term":[{"taxonomy":"category","embeddable":true,"href":"https:\/\/batijournal.com\/index.php\/wp-json\/wp\/v2\/categories?post=97844"},{"taxonomy":"post_tag","embeddable":true,"href":"https:\/\/batijournal.com\/index.php\/wp-json\/wp\/v2\/tags?post=97844"}],"curies":[{"name":"wp","href":"https:\/\/api.w.org\/{rel}","templated":true}]}}