{"id":97845,"date":"2017-12-12T05:12:52","date_gmt":"2017-12-12T04:12:52","guid":{"rendered":"http:\/\/batijournal.com\/?p=97845"},"modified":"2019-07-15T12:21:57","modified_gmt":"2019-07-15T10:21:57","slug":"cheque-energie-manque-defficacite-selon-lunccas","status":"publish","type":"post","link":"https:\/\/batijournal.com\/index.php\/cheque-energie-manque-defficacite-selon-lunccas\/97845\/","title":{"rendered":"Le ch\u00e8que \u00e9nergie manque d&rsquo;efficacit\u00e9 selon l&rsquo;UNCCAS"},"content":{"rendered":"<p><strong>La loi de transition \u00e9nerg\u00e9tique a pr\u00e9vu une mise en \u0153uvre progressive du ch\u00e8que \u00e9nergie, avant sa g\u00e9n\u00e9ralisation en 2018. Il a \u00e9t\u00e9 exp\u00e9riment\u00e9 pendant deux ans sur quatre d\u00e9partements : l\u2019Ard\u00e8che, l\u2019Aveyron, les C\u00f4tes d\u2019Armor et le Pas-de-Calais. En phase de g\u00e9n\u00e9ralisation, il devrait toucher 4 millions de m\u00e9nages en situation de pr\u00e9carit\u00e9 \u00e9nerg\u00e9tique. Le Minist\u00e8re de la Transition \u00e9cologique et solidaire vient de publier son rapport d\u2019\u00e9valuation.<\/strong><\/p>\n<p>En 2016 et 2017, environ 170 000 ch\u00e8ques \u00e9nergie ont \u00e9t\u00e9 distribu\u00e9s dans les quatre d\u00e9partements concern\u00e9s par l\u2019exp\u00e9rimentation. A la fin de la premi\u00e8re ann\u00e9e, le taux d\u2019usage du ch\u00e8que atteint pr\u00e8s de 79 %3. Pour la deuxi\u00e8me ann\u00e9e d\u2019exp\u00e9rimentation, le taux d\u2019usage est en avance, refl\u00e9tant une meilleure connaissance du dispositif par les b\u00e9n\u00e9ficiaires. 9 ch\u00e8ques utilis\u00e9s sur 10 l\u2019ont \u00e9t\u00e9 pour payer une facture d\u2019\u00e9lectricit\u00e9 ou de gaz naturel : 61,5 % des ch\u00e8ques 2016 rembours\u00e9s l\u2019ont \u00e9t\u00e9 \u00e0 un fournisseur d\u2019\u00e9lectricit\u00e9, et 29 % \u00e0 un fournisseur de gaz naturel5. 6,4 % des ch\u00e8ques ont \u00e9t\u00e9 utilis\u00e9s pour payer du fioul, et 2,6 % pour payer du bois, du GPL domestique, ou un autre combustible. Le ch\u00e8que est \u00e9galement utilis\u00e9 pour le paiement des redevances en logement-foyer (350 ch\u00e8ques). L\u2019utilisation du ch\u00e8que pour payer des travaux de r\u00e9novation \u00e9nerg\u00e9tique concerne 63 ch\u00e8ques pour la premi\u00e8re ann\u00e9e d\u2019exp\u00e9rimentation, ce qui peut s\u2019expliquer, notamment, par le fait que la communication \u00e9tait ax\u00e9e sur le paiement de la facture d\u2019\u00e9nergie. Par ailleurs, durant la premi\u00e8re ann\u00e9e 22 % des ch\u00e8ques \u00e9mis n&rsquo;ont pas \u00e9t\u00e9 utilis\u00e9s.<\/p>\n<p>Associ\u00e9e \u00e0 l\u2019exp\u00e9rimentation en raison de la tr\u00e8s forte implication des CCAS dans la lutte contre la pr\u00e9carit\u00e9 \u00e9nerg\u00e9tique, l\u2019UNCCAS regrette le caract\u00e8re lacunaire et impr\u00e9cis du bilan r\u00e9alis\u00e9 par le Minist\u00e8re. Pour l&rsquo;union, les donn\u00e9es mises en avant ne permettent pas une g\u00e9n\u00e9ralisation dans de bonnes conditions du dispositif. Le taux de recours reste tr\u00e8s insatisfaisant. Il y a lieu de craindre que le dispositif soit un facteur de pr\u00e9carisation. Le ciblage de cette aide par le seul crit\u00e8re du revenu fiscal contribue \u00e0 l\u2019exclusion du dispositif d\u2019une partie des personnes souffrant de pr\u00e9carit\u00e9 \u00e9nerg\u00e9tique notamment celles n\u2019ayant pas r\u00e9alis\u00e9 de d\u00e9claration d\u2019imposition ou ayant vu leur situation changer au cours des deux derni\u00e8res ann\u00e9es. Le nombre d\u2019attestations de droits connexes re\u00e7ues par les fournisseurs d\u2019\u00e9nergie est d\u00e9risoire : les protections associ\u00e9es \u00e0 cette aide ne sont donc aujourd\u2019hui plus garanties, ce qui constitue un recul par rapport aux tarifs sociaux. Alors que la pr\u00e9carit\u00e9 \u00e9nerg\u00e9tique touche 12 millions de personnes en France, l\u2019impact de cette nouvelle mesure n\u2019est pas \u00e0 la hauteur des besoins. Outre le montant insuffisant du ch\u00e8que (150 euros par an en moyenne, pour une facture \u00e9nerg\u00e9tique moyenne de 1500 euros par logement), ce dispositif ne r\u00e9sout ni la question de la solvabilisation des m\u00e9nages, ni celle de la pr\u00e9vention des impay\u00e9s d\u2019\u00e9nergie. Selon l\u2019enqu\u00eate de l\u2019UNCCAS, ces derniers sont en effet le plus fr\u00e9quemment compris entre 150 et 450 euros, et d\u00e9passent souvent 600 euros par an.<\/p>\n","protected":false},"excerpt":{"rendered":"<p>La loi de transition \u00e9nerg\u00e9tique a pr\u00e9vu une mise en \u0153uvre progressive du ch\u00e8que \u00e9nergie, avant sa g\u00e9n\u00e9ralisation en 2018. Il a \u00e9t\u00e9 exp\u00e9riment\u00e9 pendant deux ans sur quatre d\u00e9partements : l\u2019Ard\u00e8che, l\u2019Aveyron, les C\u00f4tes d\u2019Armor et le Pas-de-Calais. En phase de g\u00e9n\u00e9ralisation, il devrait toucher 4 millions de m\u00e9nages en situation de pr\u00e9carit\u00e9 \u00e9nerg\u00e9tique. [&hellip;]<\/p>\n","protected":false},"author":17,"featured_media":97846,"comment_status":"closed","ping_status":"closed","sticky":false,"template":"","format":"standard","meta":{"_et_pb_use_builder":"","_et_pb_old_content":"","_et_gb_content_width":"","footnotes":""},"categories":[10530,6351],"tags":[1130],"class_list":["post-97845","post","type-post","status-publish","format-standard","has-post-thumbnail","hentry","category-actualites","category-energie-environnement","tag-precarite-energetique"],"yoast_head":"<!-- This site is optimized with the Yoast SEO plugin v27.4 - https:\/\/yoast.com\/product\/yoast-seo-wordpress\/ -->\n<title>Le ch\u00e8que \u00e9nergie manque d&#039;efficacit\u00e9 selon l&#039;UNCCAS<\/title>\n<meta name=\"robots\" content=\"index, follow, max-snippet:-1, max-image-preview:large, max-video-preview:-1\" \/>\n<link rel=\"canonical\" href=\"https:\/\/batijournal.com\/index.php\/cheque-energie-manque-defficacite-selon-lunccas\/97845\/\" \/>\n<meta property=\"og:locale\" content=\"fr_FR\" \/>\n<meta property=\"og:type\" content=\"article\" \/>\n<meta property=\"og:title\" content=\"Le ch\u00e8que \u00e9nergie manque d&#039;efficacit\u00e9 selon l&#039;UNCCAS\" \/>\n<meta property=\"og:description\" content=\"La loi de transition \u00e9nerg\u00e9tique a pr\u00e9vu une mise en \u0153uvre progressive du ch\u00e8que \u00e9nergie, avant sa g\u00e9n\u00e9ralisation en 2018. Il a \u00e9t\u00e9 exp\u00e9riment\u00e9 pendant deux ans sur quatre d\u00e9partements : l\u2019Ard\u00e8che, l\u2019Aveyron, les C\u00f4tes d\u2019Armor et le Pas-de-Calais. En phase de g\u00e9n\u00e9ralisation, il devrait toucher 4 millions de m\u00e9nages en situation de pr\u00e9carit\u00e9 \u00e9nerg\u00e9tique. [&hellip;]\" \/>\n<meta property=\"og:url\" content=\"https:\/\/batijournal.com\/index.php\/cheque-energie-manque-defficacite-selon-lunccas\/97845\/\" \/>\n<meta property=\"og:site_name\" content=\"Batijournal\" \/>\n<meta property=\"article:published_time\" content=\"2017-12-12T04:12:52+00:00\" \/>\n<meta property=\"article:modified_time\" content=\"2019-07-15T10:21:57+00:00\" \/>\n<meta property=\"og:image\" content=\"https:\/\/batijournal.com\/wp-content\/uploads\/2017\/12\/recours-cheque-energie.png\" \/>\n\t<meta property=\"og:image:width\" content=\"984\" \/>\n\t<meta property=\"og:image:height\" content=\"469\" \/>\n\t<meta property=\"og:image:type\" content=\"image\/png\" \/>\n<meta name=\"author\" content=\"St\u00e9phane Miget\" \/>\n<meta name=\"twitter:card\" content=\"summary_large_image\" \/>\n<meta name=\"twitter:creator\" content=\"@bati_journal\" \/>\n<meta name=\"twitter:site\" content=\"@bati_journal\" \/>\n<meta name=\"twitter:label1\" content=\"\u00c9crit par\" \/>\n\t<meta name=\"twitter:data1\" content=\"St\u00e9phane Miget\" \/>\n\t<meta name=\"twitter:label2\" content=\"Dur\u00e9e de lecture estim\u00e9e\" \/>\n\t<meta name=\"twitter:data2\" content=\"3 minutes\" \/>\n<script type=\"application\/ld+json\" class=\"yoast-schema-graph\">{\"@context\":\"https:\\\/\\\/schema.org\",\"@graph\":[{\"@type\":\"Article\",\"@id\":\"https:\\\/\\\/batijournal.com\\\/index.php\\\/cheque-energie-manque-defficacite-selon-lunccas\\\/97845\\\/#article\",\"isPartOf\":{\"@id\":\"https:\\\/\\\/batijournal.com\\\/index.php\\\/cheque-energie-manque-defficacite-selon-lunccas\\\/97845\\\/\"},\"author\":{\"name\":\"St\u00e9phane Miget\",\"@id\":\"https:\\\/\\\/batijournal.com\\\/#\\\/schema\\\/person\\\/1dc96ec6957aa1ccb25ebe78bb19f100\"},\"headline\":\"Le ch\u00e8que \u00e9nergie manque d&rsquo;efficacit\u00e9 selon l&rsquo;UNCCAS\",\"datePublished\":\"2017-12-12T04:12:52+00:00\",\"dateModified\":\"2019-07-15T10:21:57+00:00\",\"mainEntityOfPage\":{\"@id\":\"https:\\\/\\\/batijournal.com\\\/index.php\\\/cheque-energie-manque-defficacite-selon-lunccas\\\/97845\\\/\"},\"wordCount\":587,\"image\":{\"@id\":\"https:\\\/\\\/batijournal.com\\\/index.php\\\/cheque-energie-manque-defficacite-selon-lunccas\\\/97845\\\/#primaryimage\"},\"thumbnailUrl\":\"https:\\\/\\\/batijournal.com\\\/wp-content\\\/uploads\\\/2017\\\/12\\\/recours-cheque-energie.png\",\"keywords\":[\"pr\u00e9carit\u00e9 \u00e9nerg\u00e9tique\"],\"articleSection\":[\"Actualit\u00e9s\",\"\u00c9nergie &amp; Environnement\"],\"inLanguage\":\"fr-FR\"},{\"@type\":\"WebPage\",\"@id\":\"https:\\\/\\\/batijournal.com\\\/index.php\\\/cheque-energie-manque-defficacite-selon-lunccas\\\/97845\\\/\",\"url\":\"https:\\\/\\\/batijournal.com\\\/index.php\\\/cheque-energie-manque-defficacite-selon-lunccas\\\/97845\\\/\",\"name\":\"Le ch\u00e8que \u00e9nergie manque d'efficacit\u00e9 selon l'UNCCAS\",\"isPartOf\":{\"@id\":\"https:\\\/\\\/batijournal.com\\\/#website\"},\"primaryImageOfPage\":{\"@id\":\"https:\\\/\\\/batijournal.com\\\/index.php\\\/cheque-energie-manque-defficacite-selon-lunccas\\\/97845\\\/#primaryimage\"},\"image\":{\"@id\":\"https:\\\/\\\/batijournal.com\\\/index.php\\\/cheque-energie-manque-defficacite-selon-lunccas\\\/97845\\\/#primaryimage\"},\"thumbnailUrl\":\"https:\\\/\\\/batijournal.com\\\/wp-content\\\/uploads\\\/2017\\\/12\\\/recours-cheque-energie.png\",\"datePublished\":\"2017-12-12T04:12:52+00:00\",\"dateModified\":\"2019-07-15T10:21:57+00:00\",\"author\":{\"@id\":\"https:\\\/\\\/batijournal.com\\\/#\\\/schema\\\/person\\\/1dc96ec6957aa1ccb25ebe78bb19f100\"},\"breadcrumb\":{\"@id\":\"https:\\\/\\\/batijournal.com\\\/index.php\\\/cheque-energie-manque-defficacite-selon-lunccas\\\/97845\\\/#breadcrumb\"},\"inLanguage\":\"fr-FR\",\"potentialAction\":[{\"@type\":\"ReadAction\",\"target\":[\"https:\\\/\\\/batijournal.com\\\/index.php\\\/cheque-energie-manque-defficacite-selon-lunccas\\\/97845\\\/\"]}]},{\"@type\":\"ImageObject\",\"inLanguage\":\"fr-FR\",\"@id\":\"https:\\\/\\\/batijournal.com\\\/index.php\\\/cheque-energie-manque-defficacite-selon-lunccas\\\/97845\\\/#primaryimage\",\"url\":\"https:\\\/\\\/batijournal.com\\\/wp-content\\\/uploads\\\/2017\\\/12\\\/recours-cheque-energie.png\",\"contentUrl\":\"https:\\\/\\\/batijournal.com\\\/wp-content\\\/uploads\\\/2017\\\/12\\\/recours-cheque-energie.png\",\"width\":984,\"height\":469},{\"@type\":\"BreadcrumbList\",\"@id\":\"https:\\\/\\\/batijournal.com\\\/index.php\\\/cheque-energie-manque-defficacite-selon-lunccas\\\/97845\\\/#breadcrumb\",\"itemListElement\":[{\"@type\":\"ListItem\",\"position\":1,\"name\":\"Accueil\",\"item\":\"https:\\\/\\\/batijournal.com\\\/\"},{\"@type\":\"ListItem\",\"position\":2,\"name\":\"Actualit\u00e9s\",\"item\":\"https:\\\/\\\/batijournal.com\\\/index.php\\\/category\\\/actualites\\\/\"},{\"@type\":\"ListItem\",\"position\":3,\"name\":\"Le ch\u00e8que \u00e9nergie manque d&rsquo;efficacit\u00e9 selon l&rsquo;UNCCAS\"}]},{\"@type\":\"WebSite\",\"@id\":\"https:\\\/\\\/batijournal.com\\\/#website\",\"url\":\"https:\\\/\\\/batijournal.com\\\/\",\"name\":\"Batijournal\",\"description\":\"L&#039;actualit\u00e9 du b\u00e2timent\",\"potentialAction\":[{\"@type\":\"SearchAction\",\"target\":{\"@type\":\"EntryPoint\",\"urlTemplate\":\"https:\\\/\\\/batijournal.com\\\/?s={search_term_string}\"},\"query-input\":{\"@type\":\"PropertyValueSpecification\",\"valueRequired\":true,\"valueName\":\"search_term_string\"}}],\"inLanguage\":\"fr-FR\"},{\"@type\":\"Person\",\"@id\":\"https:\\\/\\\/batijournal.com\\\/#\\\/schema\\\/person\\\/1dc96ec6957aa1ccb25ebe78bb19f100\",\"name\":\"St\u00e9phane Miget\",\"image\":{\"@type\":\"ImageObject\",\"inLanguage\":\"fr-FR\",\"@id\":\"https:\\\/\\\/secure.gravatar.com\\\/avatar\\\/89915563d925342126b8ef0281b93d9d7fc337043e8df017f780908eb9644451?s=96&d=mm&r=g\",\"url\":\"https:\\\/\\\/secure.gravatar.com\\\/avatar\\\/89915563d925342126b8ef0281b93d9d7fc337043e8df017f780908eb9644451?s=96&d=mm&r=g\",\"contentUrl\":\"https:\\\/\\\/secure.gravatar.com\\\/avatar\\\/89915563d925342126b8ef0281b93d9d7fc337043e8df017f780908eb9644451?s=96&d=mm&r=g\",\"caption\":\"St\u00e9phane Miget\"},\"url\":\"https:\\\/\\\/batijournal.com\\\/index.php\\\/author\\\/stephane\\\/\"}]}<\/script>\n<!-- \/ Yoast SEO plugin. -->","yoast_head_json":{"title":"Le ch\u00e8que \u00e9nergie manque d'efficacit\u00e9 selon l'UNCCAS","robots":{"index":"index","follow":"follow","max-snippet":"max-snippet:-1","max-image-preview":"max-image-preview:large","max-video-preview":"max-video-preview:-1"},"canonical":"https:\/\/batijournal.com\/index.php\/cheque-energie-manque-defficacite-selon-lunccas\/97845\/","og_locale":"fr_FR","og_type":"article","og_title":"Le ch\u00e8que \u00e9nergie manque d'efficacit\u00e9 selon l'UNCCAS","og_description":"La loi de transition \u00e9nerg\u00e9tique a pr\u00e9vu une mise en \u0153uvre progressive du ch\u00e8que \u00e9nergie, avant sa g\u00e9n\u00e9ralisation en 2018. Il a \u00e9t\u00e9 exp\u00e9riment\u00e9 pendant deux ans sur quatre d\u00e9partements : l\u2019Ard\u00e8che, l\u2019Aveyron, les C\u00f4tes d\u2019Armor et le Pas-de-Calais. En phase de g\u00e9n\u00e9ralisation, il devrait toucher 4 millions de m\u00e9nages en situation de pr\u00e9carit\u00e9 \u00e9nerg\u00e9tique. [&hellip;]","og_url":"https:\/\/batijournal.com\/index.php\/cheque-energie-manque-defficacite-selon-lunccas\/97845\/","og_site_name":"Batijournal","article_published_time":"2017-12-12T04:12:52+00:00","article_modified_time":"2019-07-15T10:21:57+00:00","og_image":[{"width":984,"height":469,"url":"https:\/\/batijournal.com\/wp-content\/uploads\/2017\/12\/recours-cheque-energie.png","type":"image\/png"}],"author":"St\u00e9phane Miget","twitter_card":"summary_large_image","twitter_creator":"@bati_journal","twitter_site":"@bati_journal","twitter_misc":{"\u00c9crit par":"St\u00e9phane Miget","Dur\u00e9e de lecture estim\u00e9e":"3 minutes"},"schema":{"@context":"https:\/\/schema.org","@graph":[{"@type":"Article","@id":"https:\/\/batijournal.com\/index.php\/cheque-energie-manque-defficacite-selon-lunccas\/97845\/#article","isPartOf":{"@id":"https:\/\/batijournal.com\/index.php\/cheque-energie-manque-defficacite-selon-lunccas\/97845\/"},"author":{"name":"St\u00e9phane Miget","@id":"https:\/\/batijournal.com\/#\/schema\/person\/1dc96ec6957aa1ccb25ebe78bb19f100"},"headline":"Le ch\u00e8que \u00e9nergie manque d&rsquo;efficacit\u00e9 selon l&rsquo;UNCCAS","datePublished":"2017-12-12T04:12:52+00:00","dateModified":"2019-07-15T10:21:57+00:00","mainEntityOfPage":{"@id":"https:\/\/batijournal.com\/index.php\/cheque-energie-manque-defficacite-selon-lunccas\/97845\/"},"wordCount":587,"image":{"@id":"https:\/\/batijournal.com\/index.php\/cheque-energie-manque-defficacite-selon-lunccas\/97845\/#primaryimage"},"thumbnailUrl":"https:\/\/batijournal.com\/wp-content\/uploads\/2017\/12\/recours-cheque-energie.png","keywords":["pr\u00e9carit\u00e9 \u00e9nerg\u00e9tique"],"articleSection":["Actualit\u00e9s","\u00c9nergie &amp; Environnement"],"inLanguage":"fr-FR"},{"@type":"WebPage","@id":"https:\/\/batijournal.com\/index.php\/cheque-energie-manque-defficacite-selon-lunccas\/97845\/","url":"https:\/\/batijournal.com\/index.php\/cheque-energie-manque-defficacite-selon-lunccas\/97845\/","name":"Le ch\u00e8que \u00e9nergie manque d'efficacit\u00e9 selon l'UNCCAS","isPartOf":{"@id":"https:\/\/batijournal.com\/#website"},"primaryImageOfPage":{"@id":"https:\/\/batijournal.com\/index.php\/cheque-energie-manque-defficacite-selon-lunccas\/97845\/#primaryimage"},"image":{"@id":"https:\/\/batijournal.com\/index.php\/cheque-energie-manque-defficacite-selon-lunccas\/97845\/#primaryimage"},"thumbnailUrl":"https:\/\/batijournal.com\/wp-content\/uploads\/2017\/12\/recours-cheque-energie.png","datePublished":"2017-12-12T04:12:52+00:00","dateModified":"2019-07-15T10:21:57+00:00","author":{"@id":"https:\/\/batijournal.com\/#\/schema\/person\/1dc96ec6957aa1ccb25ebe78bb19f100"},"breadcrumb":{"@id":"https:\/\/batijournal.com\/index.php\/cheque-energie-manque-defficacite-selon-lunccas\/97845\/#breadcrumb"},"inLanguage":"fr-FR","potentialAction":[{"@type":"ReadAction","target":["https:\/\/batijournal.com\/index.php\/cheque-energie-manque-defficacite-selon-lunccas\/97845\/"]}]},{"@type":"ImageObject","inLanguage":"fr-FR","@id":"https:\/\/batijournal.com\/index.php\/cheque-energie-manque-defficacite-selon-lunccas\/97845\/#primaryimage","url":"https:\/\/batijournal.com\/wp-content\/uploads\/2017\/12\/recours-cheque-energie.png","contentUrl":"https:\/\/batijournal.com\/wp-content\/uploads\/2017\/12\/recours-cheque-energie.png","width":984,"height":469},{"@type":"BreadcrumbList","@id":"https:\/\/batijournal.com\/index.php\/cheque-energie-manque-defficacite-selon-lunccas\/97845\/#breadcrumb","itemListElement":[{"@type":"ListItem","position":1,"name":"Accueil","item":"https:\/\/batijournal.com\/"},{"@type":"ListItem","position":2,"name":"Actualit\u00e9s","item":"https:\/\/batijournal.com\/index.php\/category\/actualites\/"},{"@type":"ListItem","position":3,"name":"Le ch\u00e8que \u00e9nergie manque d&rsquo;efficacit\u00e9 selon l&rsquo;UNCCAS"}]},{"@type":"WebSite","@id":"https:\/\/batijournal.com\/#website","url":"https:\/\/batijournal.com\/","name":"Batijournal","description":"L&#039;actualit\u00e9 du b\u00e2timent","potentialAction":[{"@type":"SearchAction","target":{"@type":"EntryPoint","urlTemplate":"https:\/\/batijournal.com\/?s={search_term_string}"},"query-input":{"@type":"PropertyValueSpecification","valueRequired":true,"valueName":"search_term_string"}}],"inLanguage":"fr-FR"},{"@type":"Person","@id":"https:\/\/batijournal.com\/#\/schema\/person\/1dc96ec6957aa1ccb25ebe78bb19f100","name":"St\u00e9phane Miget","image":{"@type":"ImageObject","inLanguage":"fr-FR","@id":"https:\/\/secure.gravatar.com\/avatar\/89915563d925342126b8ef0281b93d9d7fc337043e8df017f780908eb9644451?s=96&d=mm&r=g","url":"https:\/\/secure.gravatar.com\/avatar\/89915563d925342126b8ef0281b93d9d7fc337043e8df017f780908eb9644451?s=96&d=mm&r=g","contentUrl":"https:\/\/secure.gravatar.com\/avatar\/89915563d925342126b8ef0281b93d9d7fc337043e8df017f780908eb9644451?s=96&d=mm&r=g","caption":"St\u00e9phane Miget"},"url":"https:\/\/batijournal.com\/index.php\/author\/stephane\/"}]}},"_links":{"self":[{"href":"https:\/\/batijournal.com\/index.php\/wp-json\/wp\/v2\/posts\/97845","targetHints":{"allow":["GET"]}}],"collection":[{"href":"https:\/\/batijournal.com\/index.php\/wp-json\/wp\/v2\/posts"}],"about":[{"href":"https:\/\/batijournal.com\/index.php\/wp-json\/wp\/v2\/types\/post"}],"author":[{"embeddable":true,"href":"https:\/\/batijournal.com\/index.php\/wp-json\/wp\/v2\/users\/17"}],"replies":[{"embeddable":true,"href":"https:\/\/batijournal.com\/index.php\/wp-json\/wp\/v2\/comments?post=97845"}],"version-history":[{"count":0,"href":"https:\/\/batijournal.com\/index.php\/wp-json\/wp\/v2\/posts\/97845\/revisions"}],"wp:featuredmedia":[{"embeddable":true,"href":"https:\/\/batijournal.com\/index.php\/wp-json\/wp\/v2\/media\/97846"}],"wp:attachment":[{"href":"https:\/\/batijournal.com\/index.php\/wp-json\/wp\/v2\/media?parent=97845"}],"wp:term":[{"taxonomy":"category","embeddable":true,"href":"https:\/\/batijournal.com\/index.php\/wp-json\/wp\/v2\/categories?post=97845"},{"taxonomy":"post_tag","embeddable":true,"href":"https:\/\/batijournal.com\/index.php\/wp-json\/wp\/v2\/tags?post=97845"}],"curies":[{"name":"wp","href":"https:\/\/api.w.org\/{rel}","templated":true}]}}