{"id":97849,"date":"2017-12-12T10:45:29","date_gmt":"2017-12-12T09:45:29","guid":{"rendered":"http:\/\/batijournal.com\/?p=97849"},"modified":"2019-07-15T11:15:20","modified_gmt":"2019-07-15T09:15:20","slug":"reconstruction-a-lidentique-theatre-chatelet-coeur-grand-palais","status":"publish","type":"post","link":"https:\/\/batijournal.com\/index.php\/reconstruction-a-lidentique-theatre-chatelet-coeur-grand-palais\/97849\/","title":{"rendered":"Reconstruction \u00e0 l&rsquo;identique du Th\u00e9\u00e2tre du Chatelet au c\u0153ur du Grand Palais"},"content":{"rendered":"<p>Pourtant ferm\u00e9 pour d&rsquo;importants travaux de r\u00e9novation, le th\u00e9\u00e2tre du Chatelet a repris vie au c\u0153ur de la nef du Grand Palais pour les repr\u00e9sentations de \u00ab\u00a0Singin&rsquo;in the rain\u00a0\u00bb. Cette salle de th\u00e9\u00e2tre \u00e9ph\u00e9m\u00e8re est install\u00e9e pour 47 repr\u00e9sentations jusqu&rsquo;au 15 janvier 2018.<\/p>\n<p>L&rsquo;entreprise Cap&rsquo;Co, sp\u00e9cialis\u00e9e dans le montage d&rsquo;\u00e9v\u00e9nements, a \u00e9t\u00e9 charg\u00e9e de la reconstruction du th\u00e9\u00e2tre d&rsquo;une hauteur de 27 m\u00e8tres. Cette reconstruction a n\u00e9cessit\u00e9 10 jours de travail et plus de 200 tonnes d&rsquo;\u00e9chafaudages de structure Layher.<\/p>\n<p><strong>Chiffres clefs :<br \/>\n<\/strong>&#8211; 10 jours de travaux dont 2,5 pour le montage de la structure<br \/>\n&#8211; 98 personnes pour les \u00e9quipes de Layher et Cap&rsquo;Co<br \/>\n&#8211; 1 grue de 60 tonnes avec le bras de d\u00e9port de 30 m\u00e8tres<br \/>\n&#8211; 1 piscine de 17m x 8m x 0,20m avec 4 pompes<br \/>\n&#8211; 27 m\u00e8tres de hauteur totale dont trois niveaux de ponts (pour les cintres)<br \/>\n&#8211; 28 cintres pour 14 feuilles de d\u00e9cor<br \/>\n&#8211; 47 repr\u00e9sentation dont une g\u00e9n\u00e9rale<br \/>\n&#8211; Plus de 2300 places assises<\/p>\n<p><iframe loading=\"lazy\" src=\"https:\/\/www.youtube.com\/embed\/WoE8goIjEaQ\" width=\"560\" height=\"315\" frameborder=\"0\" allowfullscreen=\"allowfullscreen\"><\/iframe>Source et photo : \u00a9 Th\u00e9atre du Chatelet<\/p>\n","protected":false},"excerpt":{"rendered":"<p>Pourtant ferm\u00e9 pour d&rsquo;importants travaux de r\u00e9novation, le th\u00e9\u00e2tre du Chatelet a repris vie au c\u0153ur de la nef du Grand Palais pour les repr\u00e9sentations de \u00ab\u00a0Singin&rsquo;in the rain\u00a0\u00bb. Cette salle de th\u00e9\u00e2tre \u00e9ph\u00e9m\u00e8re est install\u00e9e pour 47 repr\u00e9sentations jusqu&rsquo;au 15 janvier 2018. L&rsquo;entreprise Cap&rsquo;Co, sp\u00e9cialis\u00e9e dans le montage d&rsquo;\u00e9v\u00e9nements, a \u00e9t\u00e9 charg\u00e9e de la [&hellip;]<\/p>\n","protected":false},"author":1,"featured_media":97850,"comment_status":"closed","ping_status":"closed","sticky":false,"template":"","format":"standard","meta":{"_et_pb_use_builder":"","_et_pb_old_content":"","_et_gb_content_width":"","footnotes":""},"categories":[6340],"tags":[1510,2430,11875],"class_list":["post-97849","post","type-post","status-publish","format-standard","has-post-thumbnail","hentry","category-architecture-conception","tag-echafaudage","tag-layher","tag-theatre-du-chatelet"],"yoast_head":"<!-- This site is optimized with the Yoast SEO plugin v27.4 - https:\/\/yoast.com\/product\/yoast-seo-wordpress\/ -->\n<title>Reconstruction \u00e0 l&#039;identique du Th\u00e9\u00e2tre du Chatelet au c\u0153ur du Grand Palais<\/title>\n<meta name=\"robots\" content=\"index, follow, max-snippet:-1, max-image-preview:large, max-video-preview:-1\" \/>\n<link rel=\"canonical\" href=\"https:\/\/batijournal.com\/index.php\/reconstruction-a-lidentique-theatre-chatelet-coeur-grand-palais\/97849\/\" \/>\n<meta property=\"og:locale\" content=\"fr_FR\" \/>\n<meta property=\"og:type\" content=\"article\" \/>\n<meta property=\"og:title\" content=\"Reconstruction \u00e0 l&#039;identique du Th\u00e9\u00e2tre du Chatelet au c\u0153ur du Grand Palais\" \/>\n<meta property=\"og:description\" content=\"Pourtant ferm\u00e9 pour d&rsquo;importants travaux de r\u00e9novation, le th\u00e9\u00e2tre du Chatelet a repris vie au c\u0153ur de la nef du Grand Palais pour les repr\u00e9sentations de \u00ab\u00a0Singin&rsquo;in the rain\u00a0\u00bb. Cette salle de th\u00e9\u00e2tre \u00e9ph\u00e9m\u00e8re est install\u00e9e pour 47 repr\u00e9sentations jusqu&rsquo;au 15 janvier 2018. L&rsquo;entreprise Cap&rsquo;Co, sp\u00e9cialis\u00e9e dans le montage d&rsquo;\u00e9v\u00e9nements, a \u00e9t\u00e9 charg\u00e9e de la [&hellip;]\" \/>\n<meta property=\"og:url\" content=\"https:\/\/batijournal.com\/index.php\/reconstruction-a-lidentique-theatre-chatelet-coeur-grand-palais\/97849\/\" \/>\n<meta property=\"og:site_name\" content=\"Batijournal\" \/>\n<meta property=\"article:published_time\" content=\"2017-12-12T09:45:29+00:00\" \/>\n<meta property=\"article:modified_time\" content=\"2019-07-15T09:15:20+00:00\" \/>\n<meta property=\"og:image\" content=\"https:\/\/batijournal.com\/wp-content\/uploads\/2017\/12\/layher-grand-palais-chatelet.jpg\" \/>\n\t<meta property=\"og:image:width\" content=\"723\" \/>\n\t<meta property=\"og:image:height\" content=\"289\" \/>\n\t<meta property=\"og:image:type\" content=\"image\/jpeg\" \/>\n<meta name=\"author\" content=\"Bati-journal\" \/>\n<meta name=\"twitter:card\" content=\"summary_large_image\" \/>\n<meta name=\"twitter:creator\" content=\"@bati_journal\" \/>\n<meta name=\"twitter:site\" content=\"@bati_journal\" \/>\n<meta name=\"twitter:label1\" content=\"\u00c9crit par\" \/>\n\t<meta name=\"twitter:data1\" content=\"Bati-journal\" \/>\n\t<meta name=\"twitter:label2\" content=\"Dur\u00e9e de lecture estim\u00e9e\" \/>\n\t<meta name=\"twitter:data2\" content=\"1 minute\" \/>\n<script type=\"application\/ld+json\" class=\"yoast-schema-graph\">{\"@context\":\"https:\\\/\\\/schema.org\",\"@graph\":[{\"@type\":\"Article\",\"@id\":\"https:\\\/\\\/batijournal.com\\\/index.php\\\/reconstruction-a-lidentique-theatre-chatelet-coeur-grand-palais\\\/97849\\\/#article\",\"isPartOf\":{\"@id\":\"https:\\\/\\\/batijournal.com\\\/index.php\\\/reconstruction-a-lidentique-theatre-chatelet-coeur-grand-palais\\\/97849\\\/\"},\"author\":{\"name\":\"Bati-journal\",\"@id\":\"https:\\\/\\\/batijournal.com\\\/#\\\/schema\\\/person\\\/6a657e8967569e1b299972574848aa76\"},\"headline\":\"Reconstruction \u00e0 l&rsquo;identique du Th\u00e9\u00e2tre du Chatelet au c\u0153ur du Grand Palais\",\"datePublished\":\"2017-12-12T09:45:29+00:00\",\"dateModified\":\"2019-07-15T09:15:20+00:00\",\"mainEntityOfPage\":{\"@id\":\"https:\\\/\\\/batijournal.com\\\/index.php\\\/reconstruction-a-lidentique-theatre-chatelet-coeur-grand-palais\\\/97849\\\/\"},\"wordCount\":199,\"image\":{\"@id\":\"https:\\\/\\\/batijournal.com\\\/index.php\\\/reconstruction-a-lidentique-theatre-chatelet-coeur-grand-palais\\\/97849\\\/#primaryimage\"},\"thumbnailUrl\":\"https:\\\/\\\/batijournal.com\\\/wp-content\\\/uploads\\\/2017\\\/12\\\/layher-grand-palais-chatelet.jpg\",\"keywords\":[\"echafaudage\",\"Layher\",\"th\u00e9atre du ch\u00e2telet\"],\"articleSection\":[\"Architecture &amp; Conception\"],\"inLanguage\":\"fr-FR\"},{\"@type\":\"WebPage\",\"@id\":\"https:\\\/\\\/batijournal.com\\\/index.php\\\/reconstruction-a-lidentique-theatre-chatelet-coeur-grand-palais\\\/97849\\\/\",\"url\":\"https:\\\/\\\/batijournal.com\\\/index.php\\\/reconstruction-a-lidentique-theatre-chatelet-coeur-grand-palais\\\/97849\\\/\",\"name\":\"Reconstruction \u00e0 l'identique du Th\u00e9\u00e2tre du Chatelet au c\u0153ur du Grand Palais\",\"isPartOf\":{\"@id\":\"https:\\\/\\\/batijournal.com\\\/#website\"},\"primaryImageOfPage\":{\"@id\":\"https:\\\/\\\/batijournal.com\\\/index.php\\\/reconstruction-a-lidentique-theatre-chatelet-coeur-grand-palais\\\/97849\\\/#primaryimage\"},\"image\":{\"@id\":\"https:\\\/\\\/batijournal.com\\\/index.php\\\/reconstruction-a-lidentique-theatre-chatelet-coeur-grand-palais\\\/97849\\\/#primaryimage\"},\"thumbnailUrl\":\"https:\\\/\\\/batijournal.com\\\/wp-content\\\/uploads\\\/2017\\\/12\\\/layher-grand-palais-chatelet.jpg\",\"datePublished\":\"2017-12-12T09:45:29+00:00\",\"dateModified\":\"2019-07-15T09:15:20+00:00\",\"author\":{\"@id\":\"https:\\\/\\\/batijournal.com\\\/#\\\/schema\\\/person\\\/6a657e8967569e1b299972574848aa76\"},\"breadcrumb\":{\"@id\":\"https:\\\/\\\/batijournal.com\\\/index.php\\\/reconstruction-a-lidentique-theatre-chatelet-coeur-grand-palais\\\/97849\\\/#breadcrumb\"},\"inLanguage\":\"fr-FR\",\"potentialAction\":[{\"@type\":\"ReadAction\",\"target\":[\"https:\\\/\\\/batijournal.com\\\/index.php\\\/reconstruction-a-lidentique-theatre-chatelet-coeur-grand-palais\\\/97849\\\/\"]}]},{\"@type\":\"ImageObject\",\"inLanguage\":\"fr-FR\",\"@id\":\"https:\\\/\\\/batijournal.com\\\/index.php\\\/reconstruction-a-lidentique-theatre-chatelet-coeur-grand-palais\\\/97849\\\/#primaryimage\",\"url\":\"https:\\\/\\\/batijournal.com\\\/wp-content\\\/uploads\\\/2017\\\/12\\\/layher-grand-palais-chatelet.jpg\",\"contentUrl\":\"https:\\\/\\\/batijournal.com\\\/wp-content\\\/uploads\\\/2017\\\/12\\\/layher-grand-palais-chatelet.jpg\",\"width\":723,\"height\":289},{\"@type\":\"BreadcrumbList\",\"@id\":\"https:\\\/\\\/batijournal.com\\\/index.php\\\/reconstruction-a-lidentique-theatre-chatelet-coeur-grand-palais\\\/97849\\\/#breadcrumb\",\"itemListElement\":[{\"@type\":\"ListItem\",\"position\":1,\"name\":\"Accueil\",\"item\":\"https:\\\/\\\/batijournal.com\\\/\"},{\"@type\":\"ListItem\",\"position\":2,\"name\":\"Actualit\u00e9s\",\"item\":\"https:\\\/\\\/batijournal.com\\\/index.php\\\/category\\\/actualites\\\/\"},{\"@type\":\"ListItem\",\"position\":3,\"name\":\"Architecture &amp; Conception\",\"item\":\"https:\\\/\\\/batijournal.com\\\/index.php\\\/category\\\/actualites\\\/architecture-conception\\\/\"},{\"@type\":\"ListItem\",\"position\":4,\"name\":\"Reconstruction \u00e0 l&rsquo;identique du Th\u00e9\u00e2tre du Chatelet au c\u0153ur du Grand Palais\"}]},{\"@type\":\"WebSite\",\"@id\":\"https:\\\/\\\/batijournal.com\\\/#website\",\"url\":\"https:\\\/\\\/batijournal.com\\\/\",\"name\":\"Batijournal\",\"description\":\"L&#039;actualit\u00e9 du b\u00e2timent\",\"potentialAction\":[{\"@type\":\"SearchAction\",\"target\":{\"@type\":\"EntryPoint\",\"urlTemplate\":\"https:\\\/\\\/batijournal.com\\\/?s={search_term_string}\"},\"query-input\":{\"@type\":\"PropertyValueSpecification\",\"valueRequired\":true,\"valueName\":\"search_term_string\"}}],\"inLanguage\":\"fr-FR\"},{\"@type\":\"Person\",\"@id\":\"https:\\\/\\\/batijournal.com\\\/#\\\/schema\\\/person\\\/6a657e8967569e1b299972574848aa76\",\"name\":\"Bati-journal\",\"image\":{\"@type\":\"ImageObject\",\"inLanguage\":\"fr-FR\",\"@id\":\"https:\\\/\\\/secure.gravatar.com\\\/avatar\\\/a64364ea26392f9b4dd47e017ddaec74ff03aefc073b49e492e847201258f777?s=96&d=mm&r=g\",\"url\":\"https:\\\/\\\/secure.gravatar.com\\\/avatar\\\/a64364ea26392f9b4dd47e017ddaec74ff03aefc073b49e492e847201258f777?s=96&d=mm&r=g\",\"contentUrl\":\"https:\\\/\\\/secure.gravatar.com\\\/avatar\\\/a64364ea26392f9b4dd47e017ddaec74ff03aefc073b49e492e847201258f777?s=96&d=mm&r=g\",\"caption\":\"Bati-journal\"},\"url\":\"https:\\\/\\\/batijournal.com\\\/index.php\\\/author\\\/elodie\\\/\"}]}<\/script>\n<!-- \/ Yoast SEO plugin. -->","yoast_head_json":{"title":"Reconstruction \u00e0 l'identique du Th\u00e9\u00e2tre du Chatelet au c\u0153ur du Grand Palais","robots":{"index":"index","follow":"follow","max-snippet":"max-snippet:-1","max-image-preview":"max-image-preview:large","max-video-preview":"max-video-preview:-1"},"canonical":"https:\/\/batijournal.com\/index.php\/reconstruction-a-lidentique-theatre-chatelet-coeur-grand-palais\/97849\/","og_locale":"fr_FR","og_type":"article","og_title":"Reconstruction \u00e0 l'identique du Th\u00e9\u00e2tre du Chatelet au c\u0153ur du Grand Palais","og_description":"Pourtant ferm\u00e9 pour d&rsquo;importants travaux de r\u00e9novation, le th\u00e9\u00e2tre du Chatelet a repris vie au c\u0153ur de la nef du Grand Palais pour les repr\u00e9sentations de \u00ab\u00a0Singin&rsquo;in the rain\u00a0\u00bb. Cette salle de th\u00e9\u00e2tre \u00e9ph\u00e9m\u00e8re est install\u00e9e pour 47 repr\u00e9sentations jusqu&rsquo;au 15 janvier 2018. L&rsquo;entreprise Cap&rsquo;Co, sp\u00e9cialis\u00e9e dans le montage d&rsquo;\u00e9v\u00e9nements, a \u00e9t\u00e9 charg\u00e9e de la [&hellip;]","og_url":"https:\/\/batijournal.com\/index.php\/reconstruction-a-lidentique-theatre-chatelet-coeur-grand-palais\/97849\/","og_site_name":"Batijournal","article_published_time":"2017-12-12T09:45:29+00:00","article_modified_time":"2019-07-15T09:15:20+00:00","og_image":[{"width":723,"height":289,"url":"https:\/\/batijournal.com\/wp-content\/uploads\/2017\/12\/layher-grand-palais-chatelet.jpg","type":"image\/jpeg"}],"author":"Bati-journal","twitter_card":"summary_large_image","twitter_creator":"@bati_journal","twitter_site":"@bati_journal","twitter_misc":{"\u00c9crit par":"Bati-journal","Dur\u00e9e de lecture estim\u00e9e":"1 minute"},"schema":{"@context":"https:\/\/schema.org","@graph":[{"@type":"Article","@id":"https:\/\/batijournal.com\/index.php\/reconstruction-a-lidentique-theatre-chatelet-coeur-grand-palais\/97849\/#article","isPartOf":{"@id":"https:\/\/batijournal.com\/index.php\/reconstruction-a-lidentique-theatre-chatelet-coeur-grand-palais\/97849\/"},"author":{"name":"Bati-journal","@id":"https:\/\/batijournal.com\/#\/schema\/person\/6a657e8967569e1b299972574848aa76"},"headline":"Reconstruction \u00e0 l&rsquo;identique du Th\u00e9\u00e2tre du Chatelet au c\u0153ur du Grand Palais","datePublished":"2017-12-12T09:45:29+00:00","dateModified":"2019-07-15T09:15:20+00:00","mainEntityOfPage":{"@id":"https:\/\/batijournal.com\/index.php\/reconstruction-a-lidentique-theatre-chatelet-coeur-grand-palais\/97849\/"},"wordCount":199,"image":{"@id":"https:\/\/batijournal.com\/index.php\/reconstruction-a-lidentique-theatre-chatelet-coeur-grand-palais\/97849\/#primaryimage"},"thumbnailUrl":"https:\/\/batijournal.com\/wp-content\/uploads\/2017\/12\/layher-grand-palais-chatelet.jpg","keywords":["echafaudage","Layher","th\u00e9atre du ch\u00e2telet"],"articleSection":["Architecture &amp; Conception"],"inLanguage":"fr-FR"},{"@type":"WebPage","@id":"https:\/\/batijournal.com\/index.php\/reconstruction-a-lidentique-theatre-chatelet-coeur-grand-palais\/97849\/","url":"https:\/\/batijournal.com\/index.php\/reconstruction-a-lidentique-theatre-chatelet-coeur-grand-palais\/97849\/","name":"Reconstruction \u00e0 l'identique du Th\u00e9\u00e2tre du Chatelet au c\u0153ur du Grand Palais","isPartOf":{"@id":"https:\/\/batijournal.com\/#website"},"primaryImageOfPage":{"@id":"https:\/\/batijournal.com\/index.php\/reconstruction-a-lidentique-theatre-chatelet-coeur-grand-palais\/97849\/#primaryimage"},"image":{"@id":"https:\/\/batijournal.com\/index.php\/reconstruction-a-lidentique-theatre-chatelet-coeur-grand-palais\/97849\/#primaryimage"},"thumbnailUrl":"https:\/\/batijournal.com\/wp-content\/uploads\/2017\/12\/layher-grand-palais-chatelet.jpg","datePublished":"2017-12-12T09:45:29+00:00","dateModified":"2019-07-15T09:15:20+00:00","author":{"@id":"https:\/\/batijournal.com\/#\/schema\/person\/6a657e8967569e1b299972574848aa76"},"breadcrumb":{"@id":"https:\/\/batijournal.com\/index.php\/reconstruction-a-lidentique-theatre-chatelet-coeur-grand-palais\/97849\/#breadcrumb"},"inLanguage":"fr-FR","potentialAction":[{"@type":"ReadAction","target":["https:\/\/batijournal.com\/index.php\/reconstruction-a-lidentique-theatre-chatelet-coeur-grand-palais\/97849\/"]}]},{"@type":"ImageObject","inLanguage":"fr-FR","@id":"https:\/\/batijournal.com\/index.php\/reconstruction-a-lidentique-theatre-chatelet-coeur-grand-palais\/97849\/#primaryimage","url":"https:\/\/batijournal.com\/wp-content\/uploads\/2017\/12\/layher-grand-palais-chatelet.jpg","contentUrl":"https:\/\/batijournal.com\/wp-content\/uploads\/2017\/12\/layher-grand-palais-chatelet.jpg","width":723,"height":289},{"@type":"BreadcrumbList","@id":"https:\/\/batijournal.com\/index.php\/reconstruction-a-lidentique-theatre-chatelet-coeur-grand-palais\/97849\/#breadcrumb","itemListElement":[{"@type":"ListItem","position":1,"name":"Accueil","item":"https:\/\/batijournal.com\/"},{"@type":"ListItem","position":2,"name":"Actualit\u00e9s","item":"https:\/\/batijournal.com\/index.php\/category\/actualites\/"},{"@type":"ListItem","position":3,"name":"Architecture &amp; Conception","item":"https:\/\/batijournal.com\/index.php\/category\/actualites\/architecture-conception\/"},{"@type":"ListItem","position":4,"name":"Reconstruction \u00e0 l&rsquo;identique du Th\u00e9\u00e2tre du Chatelet au c\u0153ur du Grand Palais"}]},{"@type":"WebSite","@id":"https:\/\/batijournal.com\/#website","url":"https:\/\/batijournal.com\/","name":"Batijournal","description":"L&#039;actualit\u00e9 du b\u00e2timent","potentialAction":[{"@type":"SearchAction","target":{"@type":"EntryPoint","urlTemplate":"https:\/\/batijournal.com\/?s={search_term_string}"},"query-input":{"@type":"PropertyValueSpecification","valueRequired":true,"valueName":"search_term_string"}}],"inLanguage":"fr-FR"},{"@type":"Person","@id":"https:\/\/batijournal.com\/#\/schema\/person\/6a657e8967569e1b299972574848aa76","name":"Bati-journal","image":{"@type":"ImageObject","inLanguage":"fr-FR","@id":"https:\/\/secure.gravatar.com\/avatar\/a64364ea26392f9b4dd47e017ddaec74ff03aefc073b49e492e847201258f777?s=96&d=mm&r=g","url":"https:\/\/secure.gravatar.com\/avatar\/a64364ea26392f9b4dd47e017ddaec74ff03aefc073b49e492e847201258f777?s=96&d=mm&r=g","contentUrl":"https:\/\/secure.gravatar.com\/avatar\/a64364ea26392f9b4dd47e017ddaec74ff03aefc073b49e492e847201258f777?s=96&d=mm&r=g","caption":"Bati-journal"},"url":"https:\/\/batijournal.com\/index.php\/author\/elodie\/"}]}},"_links":{"self":[{"href":"https:\/\/batijournal.com\/index.php\/wp-json\/wp\/v2\/posts\/97849","targetHints":{"allow":["GET"]}}],"collection":[{"href":"https:\/\/batijournal.com\/index.php\/wp-json\/wp\/v2\/posts"}],"about":[{"href":"https:\/\/batijournal.com\/index.php\/wp-json\/wp\/v2\/types\/post"}],"author":[{"embeddable":true,"href":"https:\/\/batijournal.com\/index.php\/wp-json\/wp\/v2\/users\/1"}],"replies":[{"embeddable":true,"href":"https:\/\/batijournal.com\/index.php\/wp-json\/wp\/v2\/comments?post=97849"}],"version-history":[{"count":0,"href":"https:\/\/batijournal.com\/index.php\/wp-json\/wp\/v2\/posts\/97849\/revisions"}],"wp:featuredmedia":[{"embeddable":true,"href":"https:\/\/batijournal.com\/index.php\/wp-json\/wp\/v2\/media\/97850"}],"wp:attachment":[{"href":"https:\/\/batijournal.com\/index.php\/wp-json\/wp\/v2\/media?parent=97849"}],"wp:term":[{"taxonomy":"category","embeddable":true,"href":"https:\/\/batijournal.com\/index.php\/wp-json\/wp\/v2\/categories?post=97849"},{"taxonomy":"post_tag","embeddable":true,"href":"https:\/\/batijournal.com\/index.php\/wp-json\/wp\/v2\/tags?post=97849"}],"curies":[{"name":"wp","href":"https:\/\/api.w.org\/{rel}","templated":true}]}}