{"id":97876,"date":"2017-12-14T13:09:48","date_gmt":"2017-12-14T12:09:48","guid":{"rendered":"http:\/\/batijournal.com\/?p=97876"},"modified":"2019-07-15T12:33:31","modified_gmt":"2019-07-15T10:33:31","slug":"cordon-acoustique-sols-carreles","status":"publish","type":"post","link":"https:\/\/batijournal.com\/index.php\/cordon-acoustique-sols-carreles\/97876\/","title":{"rendered":"Cordon acoustique pour les sols carrel\u00e9s"},"content":{"rendered":"<p>Tramicordon\u00ae est un cordon acoustique qui se pr\u00e9sente sous la forme d\u2019une bande en mousse de poly\u00e9thyl\u00e8ne r\u00e9ticul\u00e9e et qui contient une face adh\u00e9sive \u00e0 prise imm\u00e9diate. Pos\u00e9 contre le mur sur l\u2019ensemble de la p\u00e9riph\u00e9rie de la pi\u00e8ce carrel\u00e9e, Tramicordon assure une parfaite d\u00e9solidarisation entre chape, carrelage, cloison et plinthe. Il permet au carreleur de b\u00e9n\u00e9fcier d\u2019un appui lors du collage de la plinthe, lui garantissant ainsi un parfait alignement. Tramicordon constitue un compl\u00e9ment d\u2019isolation acoustique id\u00e9al pour les sols carrel\u00e9s pos\u00e9s sur chape fottante.<\/p>\n","protected":false},"excerpt":{"rendered":"<p>Tramicordon\u00ae est un cordon acoustique qui se pr\u00e9sente sous la forme d\u2019une bande en mousse de poly\u00e9thyl\u00e8ne r\u00e9ticul\u00e9e et qui contient une face adh\u00e9sive \u00e0 prise imm\u00e9diate. Pos\u00e9 contre le mur sur l\u2019ensemble de la p\u00e9riph\u00e9rie de la pi\u00e8ce carrel\u00e9e, Tramicordon assure une parfaite d\u00e9solidarisation entre chape, carrelage, cloison et plinthe. Il permet au carreleur [&hellip;]<\/p>\n","protected":false},"author":17,"featured_media":97877,"comment_status":"closed","ping_status":"closed","sticky":false,"template":"","format":"standard","meta":{"_et_pb_use_builder":"","_et_pb_old_content":"","_et_gb_content_width":"","footnotes":""},"categories":[6356],"tags":[5062,3693,750],"class_list":["post-97876","post","type-post","status-publish","format-standard","has-post-thumbnail","hentry","category-produits-solutions-techniques","tag-carrelage","tag-isolation-acoustique-2","tag-sol"],"yoast_head":"<!-- This site is optimized with the Yoast SEO plugin v27.4 - https:\/\/yoast.com\/product\/yoast-seo-wordpress\/ -->\n<title>Cordon acoustique pour les sols carrel\u00e9s<\/title>\n<meta name=\"robots\" content=\"index, follow, max-snippet:-1, max-image-preview:large, max-video-preview:-1\" \/>\n<link rel=\"canonical\" href=\"https:\/\/batijournal.com\/index.php\/cordon-acoustique-sols-carreles\/97876\/\" \/>\n<meta property=\"og:locale\" content=\"fr_FR\" \/>\n<meta property=\"og:type\" content=\"article\" \/>\n<meta property=\"og:title\" content=\"Cordon acoustique pour les sols carrel\u00e9s\" \/>\n<meta property=\"og:description\" content=\"Tramicordon\u00ae est un cordon acoustique qui se pr\u00e9sente sous la forme d\u2019une bande en mousse de poly\u00e9thyl\u00e8ne r\u00e9ticul\u00e9e et qui contient une face adh\u00e9sive \u00e0 prise imm\u00e9diate. Pos\u00e9 contre le mur sur l\u2019ensemble de la p\u00e9riph\u00e9rie de la pi\u00e8ce carrel\u00e9e, Tramicordon assure une parfaite d\u00e9solidarisation entre chape, carrelage, cloison et plinthe. Il permet au carreleur [&hellip;]\" \/>\n<meta property=\"og:url\" content=\"https:\/\/batijournal.com\/index.php\/cordon-acoustique-sols-carreles\/97876\/\" \/>\n<meta property=\"og:site_name\" content=\"Batijournal\" \/>\n<meta property=\"article:published_time\" content=\"2017-12-14T12:09:48+00:00\" \/>\n<meta property=\"article:modified_time\" content=\"2019-07-15T10:33:31+00:00\" \/>\n<meta property=\"og:image\" content=\"https:\/\/batijournal.com\/wp-content\/uploads\/2017\/12\/TRAMICORDON.jpg\" \/>\n\t<meta property=\"og:image:width\" content=\"1200\" \/>\n\t<meta property=\"og:image:height\" content=\"836\" \/>\n\t<meta property=\"og:image:type\" content=\"image\/jpeg\" \/>\n<meta name=\"author\" content=\"St\u00e9phane Miget\" \/>\n<meta name=\"twitter:card\" content=\"summary_large_image\" \/>\n<meta name=\"twitter:creator\" content=\"@bati_journal\" \/>\n<meta name=\"twitter:site\" content=\"@bati_journal\" \/>\n<meta name=\"twitter:label1\" content=\"\u00c9crit par\" \/>\n\t<meta name=\"twitter:data1\" content=\"St\u00e9phane Miget\" \/>\n\t<meta name=\"twitter:label2\" content=\"Dur\u00e9e de lecture estim\u00e9e\" \/>\n\t<meta name=\"twitter:data2\" content=\"1 minute\" \/>\n<script type=\"application\/ld+json\" class=\"yoast-schema-graph\">{\"@context\":\"https:\\\/\\\/schema.org\",\"@graph\":[{\"@type\":\"Article\",\"@id\":\"https:\\\/\\\/batijournal.com\\\/index.php\\\/cordon-acoustique-sols-carreles\\\/97876\\\/#article\",\"isPartOf\":{\"@id\":\"https:\\\/\\\/batijournal.com\\\/index.php\\\/cordon-acoustique-sols-carreles\\\/97876\\\/\"},\"author\":{\"name\":\"St\u00e9phane Miget\",\"@id\":\"https:\\\/\\\/batijournal.com\\\/#\\\/schema\\\/person\\\/1dc96ec6957aa1ccb25ebe78bb19f100\"},\"headline\":\"Cordon acoustique pour les sols carrel\u00e9s\",\"datePublished\":\"2017-12-14T12:09:48+00:00\",\"dateModified\":\"2019-07-15T10:33:31+00:00\",\"mainEntityOfPage\":{\"@id\":\"https:\\\/\\\/batijournal.com\\\/index.php\\\/cordon-acoustique-sols-carreles\\\/97876\\\/\"},\"wordCount\":114,\"image\":{\"@id\":\"https:\\\/\\\/batijournal.com\\\/index.php\\\/cordon-acoustique-sols-carreles\\\/97876\\\/#primaryimage\"},\"thumbnailUrl\":\"https:\\\/\\\/batijournal.com\\\/wp-content\\\/uploads\\\/2017\\\/12\\\/TRAMICORDON.jpg\",\"keywords\":[\"carrelage\",\"isolation acoustique\",\"sol\"],\"articleSection\":[\"Produits &amp; Solutions techniques\"],\"inLanguage\":\"fr-FR\"},{\"@type\":\"WebPage\",\"@id\":\"https:\\\/\\\/batijournal.com\\\/index.php\\\/cordon-acoustique-sols-carreles\\\/97876\\\/\",\"url\":\"https:\\\/\\\/batijournal.com\\\/index.php\\\/cordon-acoustique-sols-carreles\\\/97876\\\/\",\"name\":\"Cordon acoustique pour les sols carrel\u00e9s\",\"isPartOf\":{\"@id\":\"https:\\\/\\\/batijournal.com\\\/#website\"},\"primaryImageOfPage\":{\"@id\":\"https:\\\/\\\/batijournal.com\\\/index.php\\\/cordon-acoustique-sols-carreles\\\/97876\\\/#primaryimage\"},\"image\":{\"@id\":\"https:\\\/\\\/batijournal.com\\\/index.php\\\/cordon-acoustique-sols-carreles\\\/97876\\\/#primaryimage\"},\"thumbnailUrl\":\"https:\\\/\\\/batijournal.com\\\/wp-content\\\/uploads\\\/2017\\\/12\\\/TRAMICORDON.jpg\",\"datePublished\":\"2017-12-14T12:09:48+00:00\",\"dateModified\":\"2019-07-15T10:33:31+00:00\",\"author\":{\"@id\":\"https:\\\/\\\/batijournal.com\\\/#\\\/schema\\\/person\\\/1dc96ec6957aa1ccb25ebe78bb19f100\"},\"breadcrumb\":{\"@id\":\"https:\\\/\\\/batijournal.com\\\/index.php\\\/cordon-acoustique-sols-carreles\\\/97876\\\/#breadcrumb\"},\"inLanguage\":\"fr-FR\",\"potentialAction\":[{\"@type\":\"ReadAction\",\"target\":[\"https:\\\/\\\/batijournal.com\\\/index.php\\\/cordon-acoustique-sols-carreles\\\/97876\\\/\"]}]},{\"@type\":\"ImageObject\",\"inLanguage\":\"fr-FR\",\"@id\":\"https:\\\/\\\/batijournal.com\\\/index.php\\\/cordon-acoustique-sols-carreles\\\/97876\\\/#primaryimage\",\"url\":\"https:\\\/\\\/batijournal.com\\\/wp-content\\\/uploads\\\/2017\\\/12\\\/TRAMICORDON.jpg\",\"contentUrl\":\"https:\\\/\\\/batijournal.com\\\/wp-content\\\/uploads\\\/2017\\\/12\\\/TRAMICORDON.jpg\",\"width\":1200,\"height\":836},{\"@type\":\"BreadcrumbList\",\"@id\":\"https:\\\/\\\/batijournal.com\\\/index.php\\\/cordon-acoustique-sols-carreles\\\/97876\\\/#breadcrumb\",\"itemListElement\":[{\"@type\":\"ListItem\",\"position\":1,\"name\":\"Accueil\",\"item\":\"https:\\\/\\\/batijournal.com\\\/\"},{\"@type\":\"ListItem\",\"position\":2,\"name\":\"Produits &amp; Solutions techniques\",\"item\":\"https:\\\/\\\/batijournal.com\\\/index.php\\\/category\\\/produits-solutions-techniques\\\/\"},{\"@type\":\"ListItem\",\"position\":3,\"name\":\"Cordon acoustique pour les sols carrel\u00e9s\"}]},{\"@type\":\"WebSite\",\"@id\":\"https:\\\/\\\/batijournal.com\\\/#website\",\"url\":\"https:\\\/\\\/batijournal.com\\\/\",\"name\":\"Batijournal\",\"description\":\"L&#039;actualit\u00e9 du b\u00e2timent\",\"potentialAction\":[{\"@type\":\"SearchAction\",\"target\":{\"@type\":\"EntryPoint\",\"urlTemplate\":\"https:\\\/\\\/batijournal.com\\\/?s={search_term_string}\"},\"query-input\":{\"@type\":\"PropertyValueSpecification\",\"valueRequired\":true,\"valueName\":\"search_term_string\"}}],\"inLanguage\":\"fr-FR\"},{\"@type\":\"Person\",\"@id\":\"https:\\\/\\\/batijournal.com\\\/#\\\/schema\\\/person\\\/1dc96ec6957aa1ccb25ebe78bb19f100\",\"name\":\"St\u00e9phane Miget\",\"image\":{\"@type\":\"ImageObject\",\"inLanguage\":\"fr-FR\",\"@id\":\"https:\\\/\\\/secure.gravatar.com\\\/avatar\\\/89915563d925342126b8ef0281b93d9d7fc337043e8df017f780908eb9644451?s=96&d=mm&r=g\",\"url\":\"https:\\\/\\\/secure.gravatar.com\\\/avatar\\\/89915563d925342126b8ef0281b93d9d7fc337043e8df017f780908eb9644451?s=96&d=mm&r=g\",\"contentUrl\":\"https:\\\/\\\/secure.gravatar.com\\\/avatar\\\/89915563d925342126b8ef0281b93d9d7fc337043e8df017f780908eb9644451?s=96&d=mm&r=g\",\"caption\":\"St\u00e9phane Miget\"},\"url\":\"https:\\\/\\\/batijournal.com\\\/index.php\\\/author\\\/stephane\\\/\"}]}<\/script>\n<!-- \/ Yoast SEO plugin. -->","yoast_head_json":{"title":"Cordon acoustique pour les sols carrel\u00e9s","robots":{"index":"index","follow":"follow","max-snippet":"max-snippet:-1","max-image-preview":"max-image-preview:large","max-video-preview":"max-video-preview:-1"},"canonical":"https:\/\/batijournal.com\/index.php\/cordon-acoustique-sols-carreles\/97876\/","og_locale":"fr_FR","og_type":"article","og_title":"Cordon acoustique pour les sols carrel\u00e9s","og_description":"Tramicordon\u00ae est un cordon acoustique qui se pr\u00e9sente sous la forme d\u2019une bande en mousse de poly\u00e9thyl\u00e8ne r\u00e9ticul\u00e9e et qui contient une face adh\u00e9sive \u00e0 prise imm\u00e9diate. Pos\u00e9 contre le mur sur l\u2019ensemble de la p\u00e9riph\u00e9rie de la pi\u00e8ce carrel\u00e9e, Tramicordon assure une parfaite d\u00e9solidarisation entre chape, carrelage, cloison et plinthe. Il permet au carreleur [&hellip;]","og_url":"https:\/\/batijournal.com\/index.php\/cordon-acoustique-sols-carreles\/97876\/","og_site_name":"Batijournal","article_published_time":"2017-12-14T12:09:48+00:00","article_modified_time":"2019-07-15T10:33:31+00:00","og_image":[{"width":1200,"height":836,"url":"https:\/\/batijournal.com\/wp-content\/uploads\/2017\/12\/TRAMICORDON.jpg","type":"image\/jpeg"}],"author":"St\u00e9phane Miget","twitter_card":"summary_large_image","twitter_creator":"@bati_journal","twitter_site":"@bati_journal","twitter_misc":{"\u00c9crit par":"St\u00e9phane Miget","Dur\u00e9e de lecture estim\u00e9e":"1 minute"},"schema":{"@context":"https:\/\/schema.org","@graph":[{"@type":"Article","@id":"https:\/\/batijournal.com\/index.php\/cordon-acoustique-sols-carreles\/97876\/#article","isPartOf":{"@id":"https:\/\/batijournal.com\/index.php\/cordon-acoustique-sols-carreles\/97876\/"},"author":{"name":"St\u00e9phane Miget","@id":"https:\/\/batijournal.com\/#\/schema\/person\/1dc96ec6957aa1ccb25ebe78bb19f100"},"headline":"Cordon acoustique pour les sols carrel\u00e9s","datePublished":"2017-12-14T12:09:48+00:00","dateModified":"2019-07-15T10:33:31+00:00","mainEntityOfPage":{"@id":"https:\/\/batijournal.com\/index.php\/cordon-acoustique-sols-carreles\/97876\/"},"wordCount":114,"image":{"@id":"https:\/\/batijournal.com\/index.php\/cordon-acoustique-sols-carreles\/97876\/#primaryimage"},"thumbnailUrl":"https:\/\/batijournal.com\/wp-content\/uploads\/2017\/12\/TRAMICORDON.jpg","keywords":["carrelage","isolation acoustique","sol"],"articleSection":["Produits &amp; Solutions techniques"],"inLanguage":"fr-FR"},{"@type":"WebPage","@id":"https:\/\/batijournal.com\/index.php\/cordon-acoustique-sols-carreles\/97876\/","url":"https:\/\/batijournal.com\/index.php\/cordon-acoustique-sols-carreles\/97876\/","name":"Cordon acoustique pour les sols carrel\u00e9s","isPartOf":{"@id":"https:\/\/batijournal.com\/#website"},"primaryImageOfPage":{"@id":"https:\/\/batijournal.com\/index.php\/cordon-acoustique-sols-carreles\/97876\/#primaryimage"},"image":{"@id":"https:\/\/batijournal.com\/index.php\/cordon-acoustique-sols-carreles\/97876\/#primaryimage"},"thumbnailUrl":"https:\/\/batijournal.com\/wp-content\/uploads\/2017\/12\/TRAMICORDON.jpg","datePublished":"2017-12-14T12:09:48+00:00","dateModified":"2019-07-15T10:33:31+00:00","author":{"@id":"https:\/\/batijournal.com\/#\/schema\/person\/1dc96ec6957aa1ccb25ebe78bb19f100"},"breadcrumb":{"@id":"https:\/\/batijournal.com\/index.php\/cordon-acoustique-sols-carreles\/97876\/#breadcrumb"},"inLanguage":"fr-FR","potentialAction":[{"@type":"ReadAction","target":["https:\/\/batijournal.com\/index.php\/cordon-acoustique-sols-carreles\/97876\/"]}]},{"@type":"ImageObject","inLanguage":"fr-FR","@id":"https:\/\/batijournal.com\/index.php\/cordon-acoustique-sols-carreles\/97876\/#primaryimage","url":"https:\/\/batijournal.com\/wp-content\/uploads\/2017\/12\/TRAMICORDON.jpg","contentUrl":"https:\/\/batijournal.com\/wp-content\/uploads\/2017\/12\/TRAMICORDON.jpg","width":1200,"height":836},{"@type":"BreadcrumbList","@id":"https:\/\/batijournal.com\/index.php\/cordon-acoustique-sols-carreles\/97876\/#breadcrumb","itemListElement":[{"@type":"ListItem","position":1,"name":"Accueil","item":"https:\/\/batijournal.com\/"},{"@type":"ListItem","position":2,"name":"Produits &amp; Solutions techniques","item":"https:\/\/batijournal.com\/index.php\/category\/produits-solutions-techniques\/"},{"@type":"ListItem","position":3,"name":"Cordon acoustique pour les sols carrel\u00e9s"}]},{"@type":"WebSite","@id":"https:\/\/batijournal.com\/#website","url":"https:\/\/batijournal.com\/","name":"Batijournal","description":"L&#039;actualit\u00e9 du b\u00e2timent","potentialAction":[{"@type":"SearchAction","target":{"@type":"EntryPoint","urlTemplate":"https:\/\/batijournal.com\/?s={search_term_string}"},"query-input":{"@type":"PropertyValueSpecification","valueRequired":true,"valueName":"search_term_string"}}],"inLanguage":"fr-FR"},{"@type":"Person","@id":"https:\/\/batijournal.com\/#\/schema\/person\/1dc96ec6957aa1ccb25ebe78bb19f100","name":"St\u00e9phane Miget","image":{"@type":"ImageObject","inLanguage":"fr-FR","@id":"https:\/\/secure.gravatar.com\/avatar\/89915563d925342126b8ef0281b93d9d7fc337043e8df017f780908eb9644451?s=96&d=mm&r=g","url":"https:\/\/secure.gravatar.com\/avatar\/89915563d925342126b8ef0281b93d9d7fc337043e8df017f780908eb9644451?s=96&d=mm&r=g","contentUrl":"https:\/\/secure.gravatar.com\/avatar\/89915563d925342126b8ef0281b93d9d7fc337043e8df017f780908eb9644451?s=96&d=mm&r=g","caption":"St\u00e9phane Miget"},"url":"https:\/\/batijournal.com\/index.php\/author\/stephane\/"}]}},"_links":{"self":[{"href":"https:\/\/batijournal.com\/index.php\/wp-json\/wp\/v2\/posts\/97876","targetHints":{"allow":["GET"]}}],"collection":[{"href":"https:\/\/batijournal.com\/index.php\/wp-json\/wp\/v2\/posts"}],"about":[{"href":"https:\/\/batijournal.com\/index.php\/wp-json\/wp\/v2\/types\/post"}],"author":[{"embeddable":true,"href":"https:\/\/batijournal.com\/index.php\/wp-json\/wp\/v2\/users\/17"}],"replies":[{"embeddable":true,"href":"https:\/\/batijournal.com\/index.php\/wp-json\/wp\/v2\/comments?post=97876"}],"version-history":[{"count":0,"href":"https:\/\/batijournal.com\/index.php\/wp-json\/wp\/v2\/posts\/97876\/revisions"}],"wp:featuredmedia":[{"embeddable":true,"href":"https:\/\/batijournal.com\/index.php\/wp-json\/wp\/v2\/media\/97877"}],"wp:attachment":[{"href":"https:\/\/batijournal.com\/index.php\/wp-json\/wp\/v2\/media?parent=97876"}],"wp:term":[{"taxonomy":"category","embeddable":true,"href":"https:\/\/batijournal.com\/index.php\/wp-json\/wp\/v2\/categories?post=97876"},{"taxonomy":"post_tag","embeddable":true,"href":"https:\/\/batijournal.com\/index.php\/wp-json\/wp\/v2\/tags?post=97876"}],"curies":[{"name":"wp","href":"https:\/\/api.w.org\/{rel}","templated":true}]}}