{"id":97914,"date":"2017-12-19T15:48:42","date_gmt":"2017-12-19T14:48:42","guid":{"rendered":"http:\/\/batijournal.com\/?p=97914"},"modified":"2019-07-15T11:34:03","modified_gmt":"2019-07-15T09:34:03","slug":"loi-sru-269-communes-carrencees-jacques-mezard-durcit","status":"publish","type":"post","link":"https:\/\/batijournal.com\/index.php\/loi-sru-269-communes-carrencees-jacques-mezard-durcit\/97914\/","title":{"rendered":"Loi SRU : 269 communes carrenc\u00e9es, Jacques M\u00e9zard durcit le ton"},"content":{"rendered":"<p>Jacques M\u00e9zard, ministre de la Coh\u00e9sion des territoires, et Julien Denormandie, secr\u00e9taire d\u2019\u00c9tat aupr\u00e8s du ministre de la Coh\u00e9sion des territoires, ont rendu public aujourd\u2019hui le bilan SRU 2014-2016. Avec pr\u00e8s de 190 000 logements sociaux financ\u00e9s ou mis en service, la production est en hausse de 35% par rapport \u00e0 la p\u00e9riode pr\u00e9c\u00e9dente. Cependant, lors de ce triennal, 649 communes n\u2019ont pas atteint leurs objectifs sur les 1 152 communes concern\u00e9es. Le ministre a demand\u00e9 aux pr\u00e9fets d\u2019harmoniser les diff\u00e9rences entre les r\u00e9gions conform\u00e9ment \u00e0 l\u2019avis de la Commission nationale SRU ; ainsi, 269 communes ont \u00e9t\u00e9 propos\u00e9es \u00e0 la carence, soit 20% de plus par rapport \u00e0 la p\u00e9riode 2011-2013. La signature des arr\u00eat\u00e9s de carence par les pr\u00e9fets est en cours. Les pr\u00e9fets devront \u00e9galement mobiliser tous les outils disponibles pour atteindre les objectifs fix\u00e9s par la loi tant sur le plan financier (majoration des pr\u00e9l\u00e8vements) qu\u2019urbanistique (reprise par les pr\u00e9fets de la d\u00e9livrance des autorisations d\u2019urbanisme). Ils recevront en d\u00e9but d\u2019ann\u00e9e 2018 une instruction pour les mobiliser sur l\u2019application du dispositif. Elle pr\u00e9voit de poursuivre ou d\u2019engager avec les communes des d\u00e9marches partenariales pour atteindre les objectifs de rattrapage et le taux l\u00e9gal en 2025 et de proc\u00e9der \u00e0 un suivi attentif de la production de logement social notamment sur les communes carenc\u00e9es et de mobiliser tous les moyens possibles. Un point d\u2019\u00e9tape devra \u00eatre fait courant 2018.<\/p>\n","protected":false},"excerpt":{"rendered":"<p>Jacques M\u00e9zard, ministre de la Coh\u00e9sion des territoires, et Julien Denormandie, secr\u00e9taire d\u2019\u00c9tat aupr\u00e8s du ministre de la Coh\u00e9sion des territoires, ont rendu public aujourd\u2019hui le bilan SRU 2014-2016. Avec pr\u00e8s de 190 000 logements sociaux financ\u00e9s ou mis en service, la production est en hausse de 35% par rapport \u00e0 la p\u00e9riode pr\u00e9c\u00e9dente. Cependant, [&hellip;]<\/p>\n","protected":false},"author":17,"featured_media":97915,"comment_status":"closed","ping_status":"closed","sticky":false,"template":"","format":"standard","meta":{"_et_pb_use_builder":"","_et_pb_old_content":"","_et_gb_content_width":"","footnotes":""},"categories":[10530,6345],"tags":[1601,11362],"class_list":["post-97914","post","type-post","status-publish","format-standard","has-post-thumbnail","hentry","category-actualites","category-economie-marches","tag-logement-social","tag-loi-sru"],"yoast_head":"<!-- This site is optimized with the Yoast SEO plugin v27.4 - https:\/\/yoast.com\/product\/yoast-seo-wordpress\/ -->\n<title>Loi SRU : 269 communes carrenc\u00e9es, Jacques M\u00e9zard durcit le ton<\/title>\n<meta name=\"robots\" content=\"index, follow, max-snippet:-1, max-image-preview:large, max-video-preview:-1\" \/>\n<link rel=\"canonical\" href=\"https:\/\/batijournal.com\/index.php\/loi-sru-269-communes-carrencees-jacques-mezard-durcit\/97914\/\" \/>\n<meta property=\"og:locale\" content=\"fr_FR\" \/>\n<meta property=\"og:type\" content=\"article\" \/>\n<meta property=\"og:title\" content=\"Loi SRU : 269 communes carrenc\u00e9es, Jacques M\u00e9zard durcit le ton\" \/>\n<meta property=\"og:description\" content=\"Jacques M\u00e9zard, ministre de la Coh\u00e9sion des territoires, et Julien Denormandie, secr\u00e9taire d\u2019\u00c9tat aupr\u00e8s du ministre de la Coh\u00e9sion des territoires, ont rendu public aujourd\u2019hui le bilan SRU 2014-2016. Avec pr\u00e8s de 190 000 logements sociaux financ\u00e9s ou mis en service, la production est en hausse de 35% par rapport \u00e0 la p\u00e9riode pr\u00e9c\u00e9dente. Cependant, [&hellip;]\" \/>\n<meta property=\"og:url\" content=\"https:\/\/batijournal.com\/index.php\/loi-sru-269-communes-carrencees-jacques-mezard-durcit\/97914\/\" \/>\n<meta property=\"og:site_name\" content=\"Batijournal\" \/>\n<meta property=\"article:published_time\" content=\"2017-12-19T14:48:42+00:00\" \/>\n<meta property=\"article:modified_time\" content=\"2019-07-15T09:34:03+00:00\" \/>\n<meta property=\"og:image\" content=\"https:\/\/batijournal.com\/wp-content\/uploads\/2017\/12\/loi-sru.jpg\" \/>\n\t<meta property=\"og:image:width\" content=\"1000\" \/>\n\t<meta property=\"og:image:height\" content=\"511\" \/>\n\t<meta property=\"og:image:type\" content=\"image\/jpeg\" \/>\n<meta name=\"author\" content=\"St\u00e9phane Miget\" \/>\n<meta name=\"twitter:card\" content=\"summary_large_image\" \/>\n<meta name=\"twitter:creator\" content=\"@bati_journal\" \/>\n<meta name=\"twitter:site\" content=\"@bati_journal\" \/>\n<meta name=\"twitter:label1\" content=\"\u00c9crit par\" \/>\n\t<meta name=\"twitter:data1\" content=\"St\u00e9phane Miget\" \/>\n\t<meta name=\"twitter:label2\" content=\"Dur\u00e9e de lecture estim\u00e9e\" \/>\n\t<meta name=\"twitter:data2\" content=\"1 minute\" \/>\n<script type=\"application\/ld+json\" class=\"yoast-schema-graph\">{\"@context\":\"https:\\\/\\\/schema.org\",\"@graph\":[{\"@type\":\"Article\",\"@id\":\"https:\\\/\\\/batijournal.com\\\/index.php\\\/loi-sru-269-communes-carrencees-jacques-mezard-durcit\\\/97914\\\/#article\",\"isPartOf\":{\"@id\":\"https:\\\/\\\/batijournal.com\\\/index.php\\\/loi-sru-269-communes-carrencees-jacques-mezard-durcit\\\/97914\\\/\"},\"author\":{\"name\":\"St\u00e9phane Miget\",\"@id\":\"https:\\\/\\\/batijournal.com\\\/#\\\/schema\\\/person\\\/1dc96ec6957aa1ccb25ebe78bb19f100\"},\"headline\":\"Loi SRU : 269 communes carrenc\u00e9es, Jacques M\u00e9zard durcit le ton\",\"datePublished\":\"2017-12-19T14:48:42+00:00\",\"dateModified\":\"2019-07-15T09:34:03+00:00\",\"mainEntityOfPage\":{\"@id\":\"https:\\\/\\\/batijournal.com\\\/index.php\\\/loi-sru-269-communes-carrencees-jacques-mezard-durcit\\\/97914\\\/\"},\"wordCount\":270,\"image\":{\"@id\":\"https:\\\/\\\/batijournal.com\\\/index.php\\\/loi-sru-269-communes-carrencees-jacques-mezard-durcit\\\/97914\\\/#primaryimage\"},\"thumbnailUrl\":\"https:\\\/\\\/batijournal.com\\\/wp-content\\\/uploads\\\/2017\\\/12\\\/loi-sru.jpg\",\"keywords\":[\"logement social\",\"loi SRU\"],\"articleSection\":[\"Actualit\u00e9s\",\"\u00c9conomie &amp; March\u00e9s\"],\"inLanguage\":\"fr-FR\"},{\"@type\":\"WebPage\",\"@id\":\"https:\\\/\\\/batijournal.com\\\/index.php\\\/loi-sru-269-communes-carrencees-jacques-mezard-durcit\\\/97914\\\/\",\"url\":\"https:\\\/\\\/batijournal.com\\\/index.php\\\/loi-sru-269-communes-carrencees-jacques-mezard-durcit\\\/97914\\\/\",\"name\":\"Loi SRU : 269 communes carrenc\u00e9es, Jacques M\u00e9zard durcit le ton\",\"isPartOf\":{\"@id\":\"https:\\\/\\\/batijournal.com\\\/#website\"},\"primaryImageOfPage\":{\"@id\":\"https:\\\/\\\/batijournal.com\\\/index.php\\\/loi-sru-269-communes-carrencees-jacques-mezard-durcit\\\/97914\\\/#primaryimage\"},\"image\":{\"@id\":\"https:\\\/\\\/batijournal.com\\\/index.php\\\/loi-sru-269-communes-carrencees-jacques-mezard-durcit\\\/97914\\\/#primaryimage\"},\"thumbnailUrl\":\"https:\\\/\\\/batijournal.com\\\/wp-content\\\/uploads\\\/2017\\\/12\\\/loi-sru.jpg\",\"datePublished\":\"2017-12-19T14:48:42+00:00\",\"dateModified\":\"2019-07-15T09:34:03+00:00\",\"author\":{\"@id\":\"https:\\\/\\\/batijournal.com\\\/#\\\/schema\\\/person\\\/1dc96ec6957aa1ccb25ebe78bb19f100\"},\"breadcrumb\":{\"@id\":\"https:\\\/\\\/batijournal.com\\\/index.php\\\/loi-sru-269-communes-carrencees-jacques-mezard-durcit\\\/97914\\\/#breadcrumb\"},\"inLanguage\":\"fr-FR\",\"potentialAction\":[{\"@type\":\"ReadAction\",\"target\":[\"https:\\\/\\\/batijournal.com\\\/index.php\\\/loi-sru-269-communes-carrencees-jacques-mezard-durcit\\\/97914\\\/\"]}]},{\"@type\":\"ImageObject\",\"inLanguage\":\"fr-FR\",\"@id\":\"https:\\\/\\\/batijournal.com\\\/index.php\\\/loi-sru-269-communes-carrencees-jacques-mezard-durcit\\\/97914\\\/#primaryimage\",\"url\":\"https:\\\/\\\/batijournal.com\\\/wp-content\\\/uploads\\\/2017\\\/12\\\/loi-sru.jpg\",\"contentUrl\":\"https:\\\/\\\/batijournal.com\\\/wp-content\\\/uploads\\\/2017\\\/12\\\/loi-sru.jpg\",\"width\":1000,\"height\":511},{\"@type\":\"BreadcrumbList\",\"@id\":\"https:\\\/\\\/batijournal.com\\\/index.php\\\/loi-sru-269-communes-carrencees-jacques-mezard-durcit\\\/97914\\\/#breadcrumb\",\"itemListElement\":[{\"@type\":\"ListItem\",\"position\":1,\"name\":\"Accueil\",\"item\":\"https:\\\/\\\/batijournal.com\\\/\"},{\"@type\":\"ListItem\",\"position\":2,\"name\":\"Actualit\u00e9s\",\"item\":\"https:\\\/\\\/batijournal.com\\\/index.php\\\/category\\\/actualites\\\/\"},{\"@type\":\"ListItem\",\"position\":3,\"name\":\"Loi SRU : 269 communes carrenc\u00e9es, Jacques M\u00e9zard durcit le ton\"}]},{\"@type\":\"WebSite\",\"@id\":\"https:\\\/\\\/batijournal.com\\\/#website\",\"url\":\"https:\\\/\\\/batijournal.com\\\/\",\"name\":\"Batijournal\",\"description\":\"L&#039;actualit\u00e9 du b\u00e2timent\",\"potentialAction\":[{\"@type\":\"SearchAction\",\"target\":{\"@type\":\"EntryPoint\",\"urlTemplate\":\"https:\\\/\\\/batijournal.com\\\/?s={search_term_string}\"},\"query-input\":{\"@type\":\"PropertyValueSpecification\",\"valueRequired\":true,\"valueName\":\"search_term_string\"}}],\"inLanguage\":\"fr-FR\"},{\"@type\":\"Person\",\"@id\":\"https:\\\/\\\/batijournal.com\\\/#\\\/schema\\\/person\\\/1dc96ec6957aa1ccb25ebe78bb19f100\",\"name\":\"St\u00e9phane Miget\",\"image\":{\"@type\":\"ImageObject\",\"inLanguage\":\"fr-FR\",\"@id\":\"https:\\\/\\\/secure.gravatar.com\\\/avatar\\\/89915563d925342126b8ef0281b93d9d7fc337043e8df017f780908eb9644451?s=96&d=mm&r=g\",\"url\":\"https:\\\/\\\/secure.gravatar.com\\\/avatar\\\/89915563d925342126b8ef0281b93d9d7fc337043e8df017f780908eb9644451?s=96&d=mm&r=g\",\"contentUrl\":\"https:\\\/\\\/secure.gravatar.com\\\/avatar\\\/89915563d925342126b8ef0281b93d9d7fc337043e8df017f780908eb9644451?s=96&d=mm&r=g\",\"caption\":\"St\u00e9phane Miget\"},\"url\":\"https:\\\/\\\/batijournal.com\\\/index.php\\\/author\\\/stephane\\\/\"}]}<\/script>\n<!-- \/ Yoast SEO plugin. -->","yoast_head_json":{"title":"Loi SRU : 269 communes carrenc\u00e9es, Jacques M\u00e9zard durcit le ton","robots":{"index":"index","follow":"follow","max-snippet":"max-snippet:-1","max-image-preview":"max-image-preview:large","max-video-preview":"max-video-preview:-1"},"canonical":"https:\/\/batijournal.com\/index.php\/loi-sru-269-communes-carrencees-jacques-mezard-durcit\/97914\/","og_locale":"fr_FR","og_type":"article","og_title":"Loi SRU : 269 communes carrenc\u00e9es, Jacques M\u00e9zard durcit le ton","og_description":"Jacques M\u00e9zard, ministre de la Coh\u00e9sion des territoires, et Julien Denormandie, secr\u00e9taire d\u2019\u00c9tat aupr\u00e8s du ministre de la Coh\u00e9sion des territoires, ont rendu public aujourd\u2019hui le bilan SRU 2014-2016. Avec pr\u00e8s de 190 000 logements sociaux financ\u00e9s ou mis en service, la production est en hausse de 35% par rapport \u00e0 la p\u00e9riode pr\u00e9c\u00e9dente. Cependant, [&hellip;]","og_url":"https:\/\/batijournal.com\/index.php\/loi-sru-269-communes-carrencees-jacques-mezard-durcit\/97914\/","og_site_name":"Batijournal","article_published_time":"2017-12-19T14:48:42+00:00","article_modified_time":"2019-07-15T09:34:03+00:00","og_image":[{"width":1000,"height":511,"url":"https:\/\/batijournal.com\/wp-content\/uploads\/2017\/12\/loi-sru.jpg","type":"image\/jpeg"}],"author":"St\u00e9phane Miget","twitter_card":"summary_large_image","twitter_creator":"@bati_journal","twitter_site":"@bati_journal","twitter_misc":{"\u00c9crit par":"St\u00e9phane Miget","Dur\u00e9e de lecture estim\u00e9e":"1 minute"},"schema":{"@context":"https:\/\/schema.org","@graph":[{"@type":"Article","@id":"https:\/\/batijournal.com\/index.php\/loi-sru-269-communes-carrencees-jacques-mezard-durcit\/97914\/#article","isPartOf":{"@id":"https:\/\/batijournal.com\/index.php\/loi-sru-269-communes-carrencees-jacques-mezard-durcit\/97914\/"},"author":{"name":"St\u00e9phane Miget","@id":"https:\/\/batijournal.com\/#\/schema\/person\/1dc96ec6957aa1ccb25ebe78bb19f100"},"headline":"Loi SRU : 269 communes carrenc\u00e9es, Jacques M\u00e9zard durcit le ton","datePublished":"2017-12-19T14:48:42+00:00","dateModified":"2019-07-15T09:34:03+00:00","mainEntityOfPage":{"@id":"https:\/\/batijournal.com\/index.php\/loi-sru-269-communes-carrencees-jacques-mezard-durcit\/97914\/"},"wordCount":270,"image":{"@id":"https:\/\/batijournal.com\/index.php\/loi-sru-269-communes-carrencees-jacques-mezard-durcit\/97914\/#primaryimage"},"thumbnailUrl":"https:\/\/batijournal.com\/wp-content\/uploads\/2017\/12\/loi-sru.jpg","keywords":["logement social","loi SRU"],"articleSection":["Actualit\u00e9s","\u00c9conomie &amp; March\u00e9s"],"inLanguage":"fr-FR"},{"@type":"WebPage","@id":"https:\/\/batijournal.com\/index.php\/loi-sru-269-communes-carrencees-jacques-mezard-durcit\/97914\/","url":"https:\/\/batijournal.com\/index.php\/loi-sru-269-communes-carrencees-jacques-mezard-durcit\/97914\/","name":"Loi SRU : 269 communes carrenc\u00e9es, Jacques M\u00e9zard durcit le ton","isPartOf":{"@id":"https:\/\/batijournal.com\/#website"},"primaryImageOfPage":{"@id":"https:\/\/batijournal.com\/index.php\/loi-sru-269-communes-carrencees-jacques-mezard-durcit\/97914\/#primaryimage"},"image":{"@id":"https:\/\/batijournal.com\/index.php\/loi-sru-269-communes-carrencees-jacques-mezard-durcit\/97914\/#primaryimage"},"thumbnailUrl":"https:\/\/batijournal.com\/wp-content\/uploads\/2017\/12\/loi-sru.jpg","datePublished":"2017-12-19T14:48:42+00:00","dateModified":"2019-07-15T09:34:03+00:00","author":{"@id":"https:\/\/batijournal.com\/#\/schema\/person\/1dc96ec6957aa1ccb25ebe78bb19f100"},"breadcrumb":{"@id":"https:\/\/batijournal.com\/index.php\/loi-sru-269-communes-carrencees-jacques-mezard-durcit\/97914\/#breadcrumb"},"inLanguage":"fr-FR","potentialAction":[{"@type":"ReadAction","target":["https:\/\/batijournal.com\/index.php\/loi-sru-269-communes-carrencees-jacques-mezard-durcit\/97914\/"]}]},{"@type":"ImageObject","inLanguage":"fr-FR","@id":"https:\/\/batijournal.com\/index.php\/loi-sru-269-communes-carrencees-jacques-mezard-durcit\/97914\/#primaryimage","url":"https:\/\/batijournal.com\/wp-content\/uploads\/2017\/12\/loi-sru.jpg","contentUrl":"https:\/\/batijournal.com\/wp-content\/uploads\/2017\/12\/loi-sru.jpg","width":1000,"height":511},{"@type":"BreadcrumbList","@id":"https:\/\/batijournal.com\/index.php\/loi-sru-269-communes-carrencees-jacques-mezard-durcit\/97914\/#breadcrumb","itemListElement":[{"@type":"ListItem","position":1,"name":"Accueil","item":"https:\/\/batijournal.com\/"},{"@type":"ListItem","position":2,"name":"Actualit\u00e9s","item":"https:\/\/batijournal.com\/index.php\/category\/actualites\/"},{"@type":"ListItem","position":3,"name":"Loi SRU : 269 communes carrenc\u00e9es, Jacques M\u00e9zard durcit le ton"}]},{"@type":"WebSite","@id":"https:\/\/batijournal.com\/#website","url":"https:\/\/batijournal.com\/","name":"Batijournal","description":"L&#039;actualit\u00e9 du b\u00e2timent","potentialAction":[{"@type":"SearchAction","target":{"@type":"EntryPoint","urlTemplate":"https:\/\/batijournal.com\/?s={search_term_string}"},"query-input":{"@type":"PropertyValueSpecification","valueRequired":true,"valueName":"search_term_string"}}],"inLanguage":"fr-FR"},{"@type":"Person","@id":"https:\/\/batijournal.com\/#\/schema\/person\/1dc96ec6957aa1ccb25ebe78bb19f100","name":"St\u00e9phane Miget","image":{"@type":"ImageObject","inLanguage":"fr-FR","@id":"https:\/\/secure.gravatar.com\/avatar\/89915563d925342126b8ef0281b93d9d7fc337043e8df017f780908eb9644451?s=96&d=mm&r=g","url":"https:\/\/secure.gravatar.com\/avatar\/89915563d925342126b8ef0281b93d9d7fc337043e8df017f780908eb9644451?s=96&d=mm&r=g","contentUrl":"https:\/\/secure.gravatar.com\/avatar\/89915563d925342126b8ef0281b93d9d7fc337043e8df017f780908eb9644451?s=96&d=mm&r=g","caption":"St\u00e9phane Miget"},"url":"https:\/\/batijournal.com\/index.php\/author\/stephane\/"}]}},"_links":{"self":[{"href":"https:\/\/batijournal.com\/index.php\/wp-json\/wp\/v2\/posts\/97914","targetHints":{"allow":["GET"]}}],"collection":[{"href":"https:\/\/batijournal.com\/index.php\/wp-json\/wp\/v2\/posts"}],"about":[{"href":"https:\/\/batijournal.com\/index.php\/wp-json\/wp\/v2\/types\/post"}],"author":[{"embeddable":true,"href":"https:\/\/batijournal.com\/index.php\/wp-json\/wp\/v2\/users\/17"}],"replies":[{"embeddable":true,"href":"https:\/\/batijournal.com\/index.php\/wp-json\/wp\/v2\/comments?post=97914"}],"version-history":[{"count":0,"href":"https:\/\/batijournal.com\/index.php\/wp-json\/wp\/v2\/posts\/97914\/revisions"}],"wp:featuredmedia":[{"embeddable":true,"href":"https:\/\/batijournal.com\/index.php\/wp-json\/wp\/v2\/media\/97915"}],"wp:attachment":[{"href":"https:\/\/batijournal.com\/index.php\/wp-json\/wp\/v2\/media?parent=97914"}],"wp:term":[{"taxonomy":"category","embeddable":true,"href":"https:\/\/batijournal.com\/index.php\/wp-json\/wp\/v2\/categories?post=97914"},{"taxonomy":"post_tag","embeddable":true,"href":"https:\/\/batijournal.com\/index.php\/wp-json\/wp\/v2\/tags?post=97914"}],"curies":[{"name":"wp","href":"https:\/\/api.w.org\/{rel}","templated":true}]}}