{"id":97924,"date":"2017-12-19T17:50:21","date_gmt":"2017-12-19T16:50:21","guid":{"rendered":"http:\/\/batijournal.com\/?p=97924"},"modified":"2019-07-15T11:15:19","modified_gmt":"2019-07-15T09:15:19","slug":"prix-nationaux-vmf-2018","status":"publish","type":"post","link":"https:\/\/batijournal.com\/index.php\/prix-nationaux-vmf-2018\/97924\/","title":{"rendered":"Prix nationaux VMF 2018"},"content":{"rendered":"<p>L&rsquo;\u00e9dition 2018 des Prix nationaux VMF est lanc\u00e9. Les dossiers de candidatures sont \u00e0 remettre avant le 28 f\u00e9vrier 2018. Les prix nationaux VMF sont attribu\u00e9s par un jury de sp\u00e9cialistes et de m\u00e9c\u00e8nes. Ils visent \u00e0 encourager les actions de sauvegarde du patrimoine, des travaux de restaurations et de mise en valeur du patrimoine b\u00e2ti ou paysager.<\/p>\n<p>Depuis la cr\u00e9ation du prix en 1980, pr\u00e8s de 1500 demeures ont \u00e9t\u00e9 r\u00e9compens\u00e9es. En 2017, pr\u00e8s de 120 000 euros ont \u00e9t\u00e9 vers\u00e9s \u00e0 20 sites pour des restaurations exemplaires.<\/p>\n<p><a href=\"http:\/\/www.vmfpatrimoine.org\/actualite\/prix-nationaux-vmf-concourez-ledition-2018\/\">Voir les modalit\u00e9s d&rsquo;inscription sur www.vmfpatrimoine.org &gt;<\/a><\/p>\n<p>Image : VMF<\/p>\n","protected":false},"excerpt":{"rendered":"<p>L&rsquo;\u00e9dition 2018 des Prix nationaux VMF est lanc\u00e9. Les dossiers de candidatures sont \u00e0 remettre avant le 28 f\u00e9vrier 2018. Les prix nationaux VMF sont attribu\u00e9s par un jury de sp\u00e9cialistes et de m\u00e9c\u00e8nes. Ils visent \u00e0 encourager les actions de sauvegarde du patrimoine, des travaux de restaurations et de mise en valeur du patrimoine [&hellip;]<\/p>\n","protected":false},"author":1,"featured_media":97925,"comment_status":"closed","ping_status":"closed","sticky":false,"template":"","format":"standard","meta":{"_et_pb_use_builder":"","_et_pb_old_content":"","_et_gb_content_width":"","footnotes":""},"categories":[6340,9192],"tags":[12215,12216,12214],"class_list":["post-97924","post","type-post","status-publish","format-standard","has-post-thumbnail","hentry","category-architecture-conception","category-evenements","tag-prix-nationaux","tag-sauvegarde-du-patrimoine","tag-vmf"],"yoast_head":"<!-- This site is optimized with the Yoast SEO plugin v27.4 - https:\/\/yoast.com\/product\/yoast-seo-wordpress\/ -->\n<title>Prix nationaux VMF 2018<\/title>\n<meta name=\"robots\" content=\"index, follow, max-snippet:-1, max-image-preview:large, max-video-preview:-1\" \/>\n<link rel=\"canonical\" href=\"https:\/\/batijournal.com\/index.php\/prix-nationaux-vmf-2018\/97924\/\" \/>\n<meta property=\"og:locale\" content=\"fr_FR\" \/>\n<meta property=\"og:type\" content=\"article\" \/>\n<meta property=\"og:title\" content=\"Prix nationaux VMF 2018\" \/>\n<meta property=\"og:description\" content=\"L&rsquo;\u00e9dition 2018 des Prix nationaux VMF est lanc\u00e9. Les dossiers de candidatures sont \u00e0 remettre avant le 28 f\u00e9vrier 2018. Les prix nationaux VMF sont attribu\u00e9s par un jury de sp\u00e9cialistes et de m\u00e9c\u00e8nes. Ils visent \u00e0 encourager les actions de sauvegarde du patrimoine, des travaux de restaurations et de mise en valeur du patrimoine [&hellip;]\" \/>\n<meta property=\"og:url\" content=\"https:\/\/batijournal.com\/index.php\/prix-nationaux-vmf-2018\/97924\/\" \/>\n<meta property=\"og:site_name\" content=\"Batijournal\" \/>\n<meta property=\"article:published_time\" content=\"2017-12-19T16:50:21+00:00\" \/>\n<meta property=\"article:modified_time\" content=\"2019-07-15T09:15:19+00:00\" \/>\n<meta property=\"og:image\" content=\"https:\/\/batijournal.com\/wp-content\/uploads\/2017\/12\/bandeau-prix-sauvegarde-1.jpg\" \/>\n\t<meta property=\"og:image:width\" content=\"710\" \/>\n\t<meta property=\"og:image:height\" content=\"240\" \/>\n\t<meta property=\"og:image:type\" content=\"image\/jpeg\" \/>\n<meta name=\"author\" content=\"Bati-journal\" \/>\n<meta name=\"twitter:card\" content=\"summary_large_image\" \/>\n<meta name=\"twitter:creator\" content=\"@bati_journal\" \/>\n<meta name=\"twitter:site\" content=\"@bati_journal\" \/>\n<meta name=\"twitter:label1\" content=\"\u00c9crit par\" \/>\n\t<meta name=\"twitter:data1\" content=\"Bati-journal\" \/>\n\t<meta name=\"twitter:label2\" content=\"Dur\u00e9e de lecture estim\u00e9e\" \/>\n\t<meta name=\"twitter:data2\" content=\"1 minute\" \/>\n<script type=\"application\/ld+json\" class=\"yoast-schema-graph\">{\"@context\":\"https:\\\/\\\/schema.org\",\"@graph\":[{\"@type\":\"Article\",\"@id\":\"https:\\\/\\\/batijournal.com\\\/index.php\\\/prix-nationaux-vmf-2018\\\/97924\\\/#article\",\"isPartOf\":{\"@id\":\"https:\\\/\\\/batijournal.com\\\/index.php\\\/prix-nationaux-vmf-2018\\\/97924\\\/\"},\"author\":{\"name\":\"Bati-journal\",\"@id\":\"https:\\\/\\\/batijournal.com\\\/#\\\/schema\\\/person\\\/6a657e8967569e1b299972574848aa76\"},\"headline\":\"Prix nationaux VMF 2018\",\"datePublished\":\"2017-12-19T16:50:21+00:00\",\"dateModified\":\"2019-07-15T09:15:19+00:00\",\"mainEntityOfPage\":{\"@id\":\"https:\\\/\\\/batijournal.com\\\/index.php\\\/prix-nationaux-vmf-2018\\\/97924\\\/\"},\"wordCount\":106,\"image\":{\"@id\":\"https:\\\/\\\/batijournal.com\\\/index.php\\\/prix-nationaux-vmf-2018\\\/97924\\\/#primaryimage\"},\"thumbnailUrl\":\"https:\\\/\\\/batijournal.com\\\/wp-content\\\/uploads\\\/2017\\\/12\\\/bandeau-prix-sauvegarde-1.jpg\",\"keywords\":[\"prix nationaux\",\"sauvegarde du patrimoine\",\"VMF\"],\"articleSection\":[\"Architecture &amp; Conception\",\"\u00c9v\u00e9nements\"],\"inLanguage\":\"fr-FR\"},{\"@type\":\"WebPage\",\"@id\":\"https:\\\/\\\/batijournal.com\\\/index.php\\\/prix-nationaux-vmf-2018\\\/97924\\\/\",\"url\":\"https:\\\/\\\/batijournal.com\\\/index.php\\\/prix-nationaux-vmf-2018\\\/97924\\\/\",\"name\":\"Prix nationaux VMF 2018\",\"isPartOf\":{\"@id\":\"https:\\\/\\\/batijournal.com\\\/#website\"},\"primaryImageOfPage\":{\"@id\":\"https:\\\/\\\/batijournal.com\\\/index.php\\\/prix-nationaux-vmf-2018\\\/97924\\\/#primaryimage\"},\"image\":{\"@id\":\"https:\\\/\\\/batijournal.com\\\/index.php\\\/prix-nationaux-vmf-2018\\\/97924\\\/#primaryimage\"},\"thumbnailUrl\":\"https:\\\/\\\/batijournal.com\\\/wp-content\\\/uploads\\\/2017\\\/12\\\/bandeau-prix-sauvegarde-1.jpg\",\"datePublished\":\"2017-12-19T16:50:21+00:00\",\"dateModified\":\"2019-07-15T09:15:19+00:00\",\"author\":{\"@id\":\"https:\\\/\\\/batijournal.com\\\/#\\\/schema\\\/person\\\/6a657e8967569e1b299972574848aa76\"},\"breadcrumb\":{\"@id\":\"https:\\\/\\\/batijournal.com\\\/index.php\\\/prix-nationaux-vmf-2018\\\/97924\\\/#breadcrumb\"},\"inLanguage\":\"fr-FR\",\"potentialAction\":[{\"@type\":\"ReadAction\",\"target\":[\"https:\\\/\\\/batijournal.com\\\/index.php\\\/prix-nationaux-vmf-2018\\\/97924\\\/\"]}]},{\"@type\":\"ImageObject\",\"inLanguage\":\"fr-FR\",\"@id\":\"https:\\\/\\\/batijournal.com\\\/index.php\\\/prix-nationaux-vmf-2018\\\/97924\\\/#primaryimage\",\"url\":\"https:\\\/\\\/batijournal.com\\\/wp-content\\\/uploads\\\/2017\\\/12\\\/bandeau-prix-sauvegarde-1.jpg\",\"contentUrl\":\"https:\\\/\\\/batijournal.com\\\/wp-content\\\/uploads\\\/2017\\\/12\\\/bandeau-prix-sauvegarde-1.jpg\",\"width\":710,\"height\":240},{\"@type\":\"BreadcrumbList\",\"@id\":\"https:\\\/\\\/batijournal.com\\\/index.php\\\/prix-nationaux-vmf-2018\\\/97924\\\/#breadcrumb\",\"itemListElement\":[{\"@type\":\"ListItem\",\"position\":1,\"name\":\"Accueil\",\"item\":\"https:\\\/\\\/batijournal.com\\\/\"},{\"@type\":\"ListItem\",\"position\":2,\"name\":\"Actualit\u00e9s\",\"item\":\"https:\\\/\\\/batijournal.com\\\/index.php\\\/category\\\/actualites\\\/\"},{\"@type\":\"ListItem\",\"position\":3,\"name\":\"Architecture &amp; Conception\",\"item\":\"https:\\\/\\\/batijournal.com\\\/index.php\\\/category\\\/actualites\\\/architecture-conception\\\/\"},{\"@type\":\"ListItem\",\"position\":4,\"name\":\"Prix nationaux VMF 2018\"}]},{\"@type\":\"WebSite\",\"@id\":\"https:\\\/\\\/batijournal.com\\\/#website\",\"url\":\"https:\\\/\\\/batijournal.com\\\/\",\"name\":\"Batijournal\",\"description\":\"L&#039;actualit\u00e9 du b\u00e2timent\",\"potentialAction\":[{\"@type\":\"SearchAction\",\"target\":{\"@type\":\"EntryPoint\",\"urlTemplate\":\"https:\\\/\\\/batijournal.com\\\/?s={search_term_string}\"},\"query-input\":{\"@type\":\"PropertyValueSpecification\",\"valueRequired\":true,\"valueName\":\"search_term_string\"}}],\"inLanguage\":\"fr-FR\"},{\"@type\":\"Person\",\"@id\":\"https:\\\/\\\/batijournal.com\\\/#\\\/schema\\\/person\\\/6a657e8967569e1b299972574848aa76\",\"name\":\"Bati-journal\",\"image\":{\"@type\":\"ImageObject\",\"inLanguage\":\"fr-FR\",\"@id\":\"https:\\\/\\\/secure.gravatar.com\\\/avatar\\\/a64364ea26392f9b4dd47e017ddaec74ff03aefc073b49e492e847201258f777?s=96&d=mm&r=g\",\"url\":\"https:\\\/\\\/secure.gravatar.com\\\/avatar\\\/a64364ea26392f9b4dd47e017ddaec74ff03aefc073b49e492e847201258f777?s=96&d=mm&r=g\",\"contentUrl\":\"https:\\\/\\\/secure.gravatar.com\\\/avatar\\\/a64364ea26392f9b4dd47e017ddaec74ff03aefc073b49e492e847201258f777?s=96&d=mm&r=g\",\"caption\":\"Bati-journal\"},\"url\":\"https:\\\/\\\/batijournal.com\\\/index.php\\\/author\\\/elodie\\\/\"}]}<\/script>\n<!-- \/ Yoast SEO plugin. -->","yoast_head_json":{"title":"Prix nationaux VMF 2018","robots":{"index":"index","follow":"follow","max-snippet":"max-snippet:-1","max-image-preview":"max-image-preview:large","max-video-preview":"max-video-preview:-1"},"canonical":"https:\/\/batijournal.com\/index.php\/prix-nationaux-vmf-2018\/97924\/","og_locale":"fr_FR","og_type":"article","og_title":"Prix nationaux VMF 2018","og_description":"L&rsquo;\u00e9dition 2018 des Prix nationaux VMF est lanc\u00e9. Les dossiers de candidatures sont \u00e0 remettre avant le 28 f\u00e9vrier 2018. Les prix nationaux VMF sont attribu\u00e9s par un jury de sp\u00e9cialistes et de m\u00e9c\u00e8nes. Ils visent \u00e0 encourager les actions de sauvegarde du patrimoine, des travaux de restaurations et de mise en valeur du patrimoine [&hellip;]","og_url":"https:\/\/batijournal.com\/index.php\/prix-nationaux-vmf-2018\/97924\/","og_site_name":"Batijournal","article_published_time":"2017-12-19T16:50:21+00:00","article_modified_time":"2019-07-15T09:15:19+00:00","og_image":[{"width":710,"height":240,"url":"https:\/\/batijournal.com\/wp-content\/uploads\/2017\/12\/bandeau-prix-sauvegarde-1.jpg","type":"image\/jpeg"}],"author":"Bati-journal","twitter_card":"summary_large_image","twitter_creator":"@bati_journal","twitter_site":"@bati_journal","twitter_misc":{"\u00c9crit par":"Bati-journal","Dur\u00e9e de lecture estim\u00e9e":"1 minute"},"schema":{"@context":"https:\/\/schema.org","@graph":[{"@type":"Article","@id":"https:\/\/batijournal.com\/index.php\/prix-nationaux-vmf-2018\/97924\/#article","isPartOf":{"@id":"https:\/\/batijournal.com\/index.php\/prix-nationaux-vmf-2018\/97924\/"},"author":{"name":"Bati-journal","@id":"https:\/\/batijournal.com\/#\/schema\/person\/6a657e8967569e1b299972574848aa76"},"headline":"Prix nationaux VMF 2018","datePublished":"2017-12-19T16:50:21+00:00","dateModified":"2019-07-15T09:15:19+00:00","mainEntityOfPage":{"@id":"https:\/\/batijournal.com\/index.php\/prix-nationaux-vmf-2018\/97924\/"},"wordCount":106,"image":{"@id":"https:\/\/batijournal.com\/index.php\/prix-nationaux-vmf-2018\/97924\/#primaryimage"},"thumbnailUrl":"https:\/\/batijournal.com\/wp-content\/uploads\/2017\/12\/bandeau-prix-sauvegarde-1.jpg","keywords":["prix nationaux","sauvegarde du patrimoine","VMF"],"articleSection":["Architecture &amp; Conception","\u00c9v\u00e9nements"],"inLanguage":"fr-FR"},{"@type":"WebPage","@id":"https:\/\/batijournal.com\/index.php\/prix-nationaux-vmf-2018\/97924\/","url":"https:\/\/batijournal.com\/index.php\/prix-nationaux-vmf-2018\/97924\/","name":"Prix nationaux VMF 2018","isPartOf":{"@id":"https:\/\/batijournal.com\/#website"},"primaryImageOfPage":{"@id":"https:\/\/batijournal.com\/index.php\/prix-nationaux-vmf-2018\/97924\/#primaryimage"},"image":{"@id":"https:\/\/batijournal.com\/index.php\/prix-nationaux-vmf-2018\/97924\/#primaryimage"},"thumbnailUrl":"https:\/\/batijournal.com\/wp-content\/uploads\/2017\/12\/bandeau-prix-sauvegarde-1.jpg","datePublished":"2017-12-19T16:50:21+00:00","dateModified":"2019-07-15T09:15:19+00:00","author":{"@id":"https:\/\/batijournal.com\/#\/schema\/person\/6a657e8967569e1b299972574848aa76"},"breadcrumb":{"@id":"https:\/\/batijournal.com\/index.php\/prix-nationaux-vmf-2018\/97924\/#breadcrumb"},"inLanguage":"fr-FR","potentialAction":[{"@type":"ReadAction","target":["https:\/\/batijournal.com\/index.php\/prix-nationaux-vmf-2018\/97924\/"]}]},{"@type":"ImageObject","inLanguage":"fr-FR","@id":"https:\/\/batijournal.com\/index.php\/prix-nationaux-vmf-2018\/97924\/#primaryimage","url":"https:\/\/batijournal.com\/wp-content\/uploads\/2017\/12\/bandeau-prix-sauvegarde-1.jpg","contentUrl":"https:\/\/batijournal.com\/wp-content\/uploads\/2017\/12\/bandeau-prix-sauvegarde-1.jpg","width":710,"height":240},{"@type":"BreadcrumbList","@id":"https:\/\/batijournal.com\/index.php\/prix-nationaux-vmf-2018\/97924\/#breadcrumb","itemListElement":[{"@type":"ListItem","position":1,"name":"Accueil","item":"https:\/\/batijournal.com\/"},{"@type":"ListItem","position":2,"name":"Actualit\u00e9s","item":"https:\/\/batijournal.com\/index.php\/category\/actualites\/"},{"@type":"ListItem","position":3,"name":"Architecture &amp; Conception","item":"https:\/\/batijournal.com\/index.php\/category\/actualites\/architecture-conception\/"},{"@type":"ListItem","position":4,"name":"Prix nationaux VMF 2018"}]},{"@type":"WebSite","@id":"https:\/\/batijournal.com\/#website","url":"https:\/\/batijournal.com\/","name":"Batijournal","description":"L&#039;actualit\u00e9 du b\u00e2timent","potentialAction":[{"@type":"SearchAction","target":{"@type":"EntryPoint","urlTemplate":"https:\/\/batijournal.com\/?s={search_term_string}"},"query-input":{"@type":"PropertyValueSpecification","valueRequired":true,"valueName":"search_term_string"}}],"inLanguage":"fr-FR"},{"@type":"Person","@id":"https:\/\/batijournal.com\/#\/schema\/person\/6a657e8967569e1b299972574848aa76","name":"Bati-journal","image":{"@type":"ImageObject","inLanguage":"fr-FR","@id":"https:\/\/secure.gravatar.com\/avatar\/a64364ea26392f9b4dd47e017ddaec74ff03aefc073b49e492e847201258f777?s=96&d=mm&r=g","url":"https:\/\/secure.gravatar.com\/avatar\/a64364ea26392f9b4dd47e017ddaec74ff03aefc073b49e492e847201258f777?s=96&d=mm&r=g","contentUrl":"https:\/\/secure.gravatar.com\/avatar\/a64364ea26392f9b4dd47e017ddaec74ff03aefc073b49e492e847201258f777?s=96&d=mm&r=g","caption":"Bati-journal"},"url":"https:\/\/batijournal.com\/index.php\/author\/elodie\/"}]}},"_links":{"self":[{"href":"https:\/\/batijournal.com\/index.php\/wp-json\/wp\/v2\/posts\/97924","targetHints":{"allow":["GET"]}}],"collection":[{"href":"https:\/\/batijournal.com\/index.php\/wp-json\/wp\/v2\/posts"}],"about":[{"href":"https:\/\/batijournal.com\/index.php\/wp-json\/wp\/v2\/types\/post"}],"author":[{"embeddable":true,"href":"https:\/\/batijournal.com\/index.php\/wp-json\/wp\/v2\/users\/1"}],"replies":[{"embeddable":true,"href":"https:\/\/batijournal.com\/index.php\/wp-json\/wp\/v2\/comments?post=97924"}],"version-history":[{"count":0,"href":"https:\/\/batijournal.com\/index.php\/wp-json\/wp\/v2\/posts\/97924\/revisions"}],"wp:featuredmedia":[{"embeddable":true,"href":"https:\/\/batijournal.com\/index.php\/wp-json\/wp\/v2\/media\/97925"}],"wp:attachment":[{"href":"https:\/\/batijournal.com\/index.php\/wp-json\/wp\/v2\/media?parent=97924"}],"wp:term":[{"taxonomy":"category","embeddable":true,"href":"https:\/\/batijournal.com\/index.php\/wp-json\/wp\/v2\/categories?post=97924"},{"taxonomy":"post_tag","embeddable":true,"href":"https:\/\/batijournal.com\/index.php\/wp-json\/wp\/v2\/tags?post=97924"}],"curies":[{"name":"wp","href":"https:\/\/api.w.org\/{rel}","templated":true}]}}