{"id":97996,"date":"2018-01-02T17:43:35","date_gmt":"2018-01-02T16:43:35","guid":{"rendered":"http:\/\/batijournal.com\/?p=97996"},"modified":"2019-07-15T11:15:18","modified_gmt":"2019-07-15T09:15:18","slug":"destruction-de-halle-lustucru-darles-remise-question","status":"publish","type":"post","link":"https:\/\/batijournal.com\/index.php\/destruction-de-halle-lustucru-darles-remise-question\/97996\/","title":{"rendered":"Arles : la destruction de la Halle Lustucru remise en question"},"content":{"rendered":"<p>La halle Eiffel construite en 1906 pour l&rsquo;exposition coloniale de Marseille a \u00e9t\u00e9 d\u00e9mont\u00e9e puis remont\u00e9e sur le site de l&rsquo;usine Lustucru d&rsquo;Arles. Labellis\u00e9e \u00ab\u00a0Patrimoine du XXe si\u00e8cle\u00a0\u00bb en 2012, elle perd son label en 2016. La ville d&rsquo;Arles a revendu le terrain pour une valeur de 900 000 \u20ac au groupe Frey qui souhaite y construire un centre commercial.<\/p>\n<p>Cette halle monumentale mesure 100m de long, 40m de large et 18m de haut. La destruction de cet \u00e9difice couterait 780 000\u20ac et 3,4M \u20ac de d\u00e9montage. Pour la conservation et le r\u00e9am\u00e9nagement du site, l&rsquo;estimation monte entre 3,3 et 5,9 M d&rsquo;\u20ac.<\/p>\n<p>De ce fait, le minist\u00e8re de la Culture doit statuer sur la question.\u00a0 Dans l&rsquo;attente d&rsquo;une d\u00e9cision de la Ministre, la d\u00e9molition est, pour l&rsquo;instant, programm\u00e9e pour d\u00e9but 2018.<\/p>\n<p><em><strong>Mise \u00e0 jour :<\/strong> <\/em><\/p>\n<p>Le mardi 9 janvier 2018, le groupe Frey, l&rsquo;Etat, la DRAC, la ville et la communaut\u00e9 d&rsquo;agglom\u00e9ration se sont r\u00e9unis pour sceller la proposition de la ministre Fran\u00e7oise Nyssen de d\u00e9monter la halle et de la remonter sur le site des Papeteries Etienne.<\/p>\n<p>Photo : Philippe Piron, 2012<\/p>\n","protected":false},"excerpt":{"rendered":"<p>La halle Eiffel construite en 1906 pour l&rsquo;exposition coloniale de Marseille a \u00e9t\u00e9 d\u00e9mont\u00e9e puis remont\u00e9e sur le site de l&rsquo;usine Lustucru d&rsquo;Arles. Labellis\u00e9e \u00ab\u00a0Patrimoine du XXe si\u00e8cle\u00a0\u00bb en 2012, elle perd son label en 2016. La ville d&rsquo;Arles a revendu le terrain pour une valeur de 900 000 \u20ac au groupe Frey qui souhaite [&hellip;]<\/p>\n","protected":false},"author":1,"featured_media":97997,"comment_status":"closed","ping_status":"closed","sticky":false,"template":"","format":"standard","meta":{"_et_pb_use_builder":"","_et_pb_old_content":"","_et_gb_content_width":"","footnotes":""},"categories":[6340],"tags":[9692,3031,12272],"class_list":["post-97996","post","type-post","status-publish","format-standard","has-post-thumbnail","hentry","category-architecture-conception","tag-eiffel","tag-halle","tag-lustucru"],"yoast_head":"<!-- This site is optimized with the Yoast SEO plugin v27.4 - https:\/\/yoast.com\/product\/yoast-seo-wordpress\/ -->\n<title>Arles : la destruction de la Halle Lustucru remise en question<\/title>\n<meta name=\"description\" content=\"La Halle Lustucru situ\u00e9e \u00e0 Arles. L&#039;avenir de ce monument est ajourd&#039;hui remis en question. Le minist\u00e8re de la Culture doit statuer sur la question.\" \/>\n<meta name=\"robots\" content=\"index, follow, max-snippet:-1, max-image-preview:large, max-video-preview:-1\" \/>\n<link rel=\"canonical\" href=\"https:\/\/batijournal.com\/index.php\/destruction-de-halle-lustucru-darles-remise-question\/97996\/\" \/>\n<meta property=\"og:locale\" content=\"fr_FR\" \/>\n<meta property=\"og:type\" content=\"article\" \/>\n<meta property=\"og:title\" content=\"Arles : la destruction de la Halle Lustucru remise en question\" \/>\n<meta property=\"og:description\" content=\"La Halle Lustucru situ\u00e9e \u00e0 Arles. L&#039;avenir de ce monument est ajourd&#039;hui remis en question. Le minist\u00e8re de la Culture doit statuer sur la question.\" \/>\n<meta property=\"og:url\" content=\"https:\/\/batijournal.com\/index.php\/destruction-de-halle-lustucru-darles-remise-question\/97996\/\" \/>\n<meta property=\"og:site_name\" content=\"Batijournal\" \/>\n<meta property=\"article:published_time\" content=\"2018-01-02T16:43:35+00:00\" \/>\n<meta property=\"article:modified_time\" content=\"2019-07-15T09:15:18+00:00\" \/>\n<meta property=\"og:image\" content=\"https:\/\/batijournal.com\/wp-content\/uploads\/2018\/01\/Halle-du-site-Lustucru.jpg\" \/>\n\t<meta property=\"og:image:width\" content=\"620\" \/>\n\t<meta property=\"og:image:height\" content=\"250\" \/>\n\t<meta property=\"og:image:type\" content=\"image\/jpeg\" \/>\n<meta name=\"author\" content=\"Bati-journal\" \/>\n<meta name=\"twitter:card\" content=\"summary_large_image\" \/>\n<meta name=\"twitter:creator\" content=\"@bati_journal\" \/>\n<meta name=\"twitter:site\" content=\"@bati_journal\" \/>\n<meta name=\"twitter:label1\" content=\"\u00c9crit par\" \/>\n\t<meta name=\"twitter:data1\" content=\"Bati-journal\" \/>\n\t<meta name=\"twitter:label2\" content=\"Dur\u00e9e de lecture estim\u00e9e\" \/>\n\t<meta name=\"twitter:data2\" content=\"1 minute\" \/>\n<script type=\"application\/ld+json\" class=\"yoast-schema-graph\">{\"@context\":\"https:\\\/\\\/schema.org\",\"@graph\":[{\"@type\":\"Article\",\"@id\":\"https:\\\/\\\/batijournal.com\\\/index.php\\\/destruction-de-halle-lustucru-darles-remise-question\\\/97996\\\/#article\",\"isPartOf\":{\"@id\":\"https:\\\/\\\/batijournal.com\\\/index.php\\\/destruction-de-halle-lustucru-darles-remise-question\\\/97996\\\/\"},\"author\":{\"name\":\"Bati-journal\",\"@id\":\"https:\\\/\\\/batijournal.com\\\/#\\\/schema\\\/person\\\/6a657e8967569e1b299972574848aa76\"},\"headline\":\"Arles : la destruction de la Halle Lustucru remise en question\",\"datePublished\":\"2018-01-02T16:43:35+00:00\",\"dateModified\":\"2019-07-15T09:15:18+00:00\",\"mainEntityOfPage\":{\"@id\":\"https:\\\/\\\/batijournal.com\\\/index.php\\\/destruction-de-halle-lustucru-darles-remise-question\\\/97996\\\/\"},\"wordCount\":203,\"image\":{\"@id\":\"https:\\\/\\\/batijournal.com\\\/index.php\\\/destruction-de-halle-lustucru-darles-remise-question\\\/97996\\\/#primaryimage\"},\"thumbnailUrl\":\"https:\\\/\\\/batijournal.com\\\/wp-content\\\/uploads\\\/2018\\\/01\\\/Halle-du-site-Lustucru.jpg\",\"keywords\":[\"eiffel\",\"halle\",\"lustucru\"],\"articleSection\":[\"Architecture &amp; Conception\"],\"inLanguage\":\"fr-FR\"},{\"@type\":\"WebPage\",\"@id\":\"https:\\\/\\\/batijournal.com\\\/index.php\\\/destruction-de-halle-lustucru-darles-remise-question\\\/97996\\\/\",\"url\":\"https:\\\/\\\/batijournal.com\\\/index.php\\\/destruction-de-halle-lustucru-darles-remise-question\\\/97996\\\/\",\"name\":\"Arles : la destruction de la Halle Lustucru remise en question\",\"isPartOf\":{\"@id\":\"https:\\\/\\\/batijournal.com\\\/#website\"},\"primaryImageOfPage\":{\"@id\":\"https:\\\/\\\/batijournal.com\\\/index.php\\\/destruction-de-halle-lustucru-darles-remise-question\\\/97996\\\/#primaryimage\"},\"image\":{\"@id\":\"https:\\\/\\\/batijournal.com\\\/index.php\\\/destruction-de-halle-lustucru-darles-remise-question\\\/97996\\\/#primaryimage\"},\"thumbnailUrl\":\"https:\\\/\\\/batijournal.com\\\/wp-content\\\/uploads\\\/2018\\\/01\\\/Halle-du-site-Lustucru.jpg\",\"datePublished\":\"2018-01-02T16:43:35+00:00\",\"dateModified\":\"2019-07-15T09:15:18+00:00\",\"author\":{\"@id\":\"https:\\\/\\\/batijournal.com\\\/#\\\/schema\\\/person\\\/6a657e8967569e1b299972574848aa76\"},\"description\":\"La Halle Lustucru situ\u00e9e \u00e0 Arles. L'avenir de ce monument est ajourd'hui remis en question. Le minist\u00e8re de la Culture doit statuer sur la question.\",\"breadcrumb\":{\"@id\":\"https:\\\/\\\/batijournal.com\\\/index.php\\\/destruction-de-halle-lustucru-darles-remise-question\\\/97996\\\/#breadcrumb\"},\"inLanguage\":\"fr-FR\",\"potentialAction\":[{\"@type\":\"ReadAction\",\"target\":[\"https:\\\/\\\/batijournal.com\\\/index.php\\\/destruction-de-halle-lustucru-darles-remise-question\\\/97996\\\/\"]}]},{\"@type\":\"ImageObject\",\"inLanguage\":\"fr-FR\",\"@id\":\"https:\\\/\\\/batijournal.com\\\/index.php\\\/destruction-de-halle-lustucru-darles-remise-question\\\/97996\\\/#primaryimage\",\"url\":\"https:\\\/\\\/batijournal.com\\\/wp-content\\\/uploads\\\/2018\\\/01\\\/Halle-du-site-Lustucru.jpg\",\"contentUrl\":\"https:\\\/\\\/batijournal.com\\\/wp-content\\\/uploads\\\/2018\\\/01\\\/Halle-du-site-Lustucru.jpg\",\"width\":620,\"height\":250,\"caption\":\"Destruction de la Halle Lustucru d Arles\"},{\"@type\":\"BreadcrumbList\",\"@id\":\"https:\\\/\\\/batijournal.com\\\/index.php\\\/destruction-de-halle-lustucru-darles-remise-question\\\/97996\\\/#breadcrumb\",\"itemListElement\":[{\"@type\":\"ListItem\",\"position\":1,\"name\":\"Accueil\",\"item\":\"https:\\\/\\\/batijournal.com\\\/\"},{\"@type\":\"ListItem\",\"position\":2,\"name\":\"Actualit\u00e9s\",\"item\":\"https:\\\/\\\/batijournal.com\\\/index.php\\\/category\\\/actualites\\\/\"},{\"@type\":\"ListItem\",\"position\":3,\"name\":\"Architecture &amp; Conception\",\"item\":\"https:\\\/\\\/batijournal.com\\\/index.php\\\/category\\\/actualites\\\/architecture-conception\\\/\"},{\"@type\":\"ListItem\",\"position\":4,\"name\":\"Arles : la destruction de la Halle Lustucru remise en question\"}]},{\"@type\":\"WebSite\",\"@id\":\"https:\\\/\\\/batijournal.com\\\/#website\",\"url\":\"https:\\\/\\\/batijournal.com\\\/\",\"name\":\"Batijournal\",\"description\":\"L&#039;actualit\u00e9 du b\u00e2timent\",\"potentialAction\":[{\"@type\":\"SearchAction\",\"target\":{\"@type\":\"EntryPoint\",\"urlTemplate\":\"https:\\\/\\\/batijournal.com\\\/?s={search_term_string}\"},\"query-input\":{\"@type\":\"PropertyValueSpecification\",\"valueRequired\":true,\"valueName\":\"search_term_string\"}}],\"inLanguage\":\"fr-FR\"},{\"@type\":\"Person\",\"@id\":\"https:\\\/\\\/batijournal.com\\\/#\\\/schema\\\/person\\\/6a657e8967569e1b299972574848aa76\",\"name\":\"Bati-journal\",\"image\":{\"@type\":\"ImageObject\",\"inLanguage\":\"fr-FR\",\"@id\":\"https:\\\/\\\/secure.gravatar.com\\\/avatar\\\/a64364ea26392f9b4dd47e017ddaec74ff03aefc073b49e492e847201258f777?s=96&d=mm&r=g\",\"url\":\"https:\\\/\\\/secure.gravatar.com\\\/avatar\\\/a64364ea26392f9b4dd47e017ddaec74ff03aefc073b49e492e847201258f777?s=96&d=mm&r=g\",\"contentUrl\":\"https:\\\/\\\/secure.gravatar.com\\\/avatar\\\/a64364ea26392f9b4dd47e017ddaec74ff03aefc073b49e492e847201258f777?s=96&d=mm&r=g\",\"caption\":\"Bati-journal\"},\"url\":\"https:\\\/\\\/batijournal.com\\\/index.php\\\/author\\\/elodie\\\/\"}]}<\/script>\n<!-- \/ Yoast SEO plugin. -->","yoast_head_json":{"title":"Arles : la destruction de la Halle Lustucru remise en question","description":"La Halle Lustucru situ\u00e9e \u00e0 Arles. L'avenir de ce monument est ajourd'hui remis en question. Le minist\u00e8re de la Culture doit statuer sur la question.","robots":{"index":"index","follow":"follow","max-snippet":"max-snippet:-1","max-image-preview":"max-image-preview:large","max-video-preview":"max-video-preview:-1"},"canonical":"https:\/\/batijournal.com\/index.php\/destruction-de-halle-lustucru-darles-remise-question\/97996\/","og_locale":"fr_FR","og_type":"article","og_title":"Arles : la destruction de la Halle Lustucru remise en question","og_description":"La Halle Lustucru situ\u00e9e \u00e0 Arles. L'avenir de ce monument est ajourd'hui remis en question. Le minist\u00e8re de la Culture doit statuer sur la question.","og_url":"https:\/\/batijournal.com\/index.php\/destruction-de-halle-lustucru-darles-remise-question\/97996\/","og_site_name":"Batijournal","article_published_time":"2018-01-02T16:43:35+00:00","article_modified_time":"2019-07-15T09:15:18+00:00","og_image":[{"width":620,"height":250,"url":"https:\/\/batijournal.com\/wp-content\/uploads\/2018\/01\/Halle-du-site-Lustucru.jpg","type":"image\/jpeg"}],"author":"Bati-journal","twitter_card":"summary_large_image","twitter_creator":"@bati_journal","twitter_site":"@bati_journal","twitter_misc":{"\u00c9crit par":"Bati-journal","Dur\u00e9e de lecture estim\u00e9e":"1 minute"},"schema":{"@context":"https:\/\/schema.org","@graph":[{"@type":"Article","@id":"https:\/\/batijournal.com\/index.php\/destruction-de-halle-lustucru-darles-remise-question\/97996\/#article","isPartOf":{"@id":"https:\/\/batijournal.com\/index.php\/destruction-de-halle-lustucru-darles-remise-question\/97996\/"},"author":{"name":"Bati-journal","@id":"https:\/\/batijournal.com\/#\/schema\/person\/6a657e8967569e1b299972574848aa76"},"headline":"Arles : la destruction de la Halle Lustucru remise en question","datePublished":"2018-01-02T16:43:35+00:00","dateModified":"2019-07-15T09:15:18+00:00","mainEntityOfPage":{"@id":"https:\/\/batijournal.com\/index.php\/destruction-de-halle-lustucru-darles-remise-question\/97996\/"},"wordCount":203,"image":{"@id":"https:\/\/batijournal.com\/index.php\/destruction-de-halle-lustucru-darles-remise-question\/97996\/#primaryimage"},"thumbnailUrl":"https:\/\/batijournal.com\/wp-content\/uploads\/2018\/01\/Halle-du-site-Lustucru.jpg","keywords":["eiffel","halle","lustucru"],"articleSection":["Architecture &amp; Conception"],"inLanguage":"fr-FR"},{"@type":"WebPage","@id":"https:\/\/batijournal.com\/index.php\/destruction-de-halle-lustucru-darles-remise-question\/97996\/","url":"https:\/\/batijournal.com\/index.php\/destruction-de-halle-lustucru-darles-remise-question\/97996\/","name":"Arles : la destruction de la Halle Lustucru remise en question","isPartOf":{"@id":"https:\/\/batijournal.com\/#website"},"primaryImageOfPage":{"@id":"https:\/\/batijournal.com\/index.php\/destruction-de-halle-lustucru-darles-remise-question\/97996\/#primaryimage"},"image":{"@id":"https:\/\/batijournal.com\/index.php\/destruction-de-halle-lustucru-darles-remise-question\/97996\/#primaryimage"},"thumbnailUrl":"https:\/\/batijournal.com\/wp-content\/uploads\/2018\/01\/Halle-du-site-Lustucru.jpg","datePublished":"2018-01-02T16:43:35+00:00","dateModified":"2019-07-15T09:15:18+00:00","author":{"@id":"https:\/\/batijournal.com\/#\/schema\/person\/6a657e8967569e1b299972574848aa76"},"description":"La Halle Lustucru situ\u00e9e \u00e0 Arles. L'avenir de ce monument est ajourd'hui remis en question. Le minist\u00e8re de la Culture doit statuer sur la question.","breadcrumb":{"@id":"https:\/\/batijournal.com\/index.php\/destruction-de-halle-lustucru-darles-remise-question\/97996\/#breadcrumb"},"inLanguage":"fr-FR","potentialAction":[{"@type":"ReadAction","target":["https:\/\/batijournal.com\/index.php\/destruction-de-halle-lustucru-darles-remise-question\/97996\/"]}]},{"@type":"ImageObject","inLanguage":"fr-FR","@id":"https:\/\/batijournal.com\/index.php\/destruction-de-halle-lustucru-darles-remise-question\/97996\/#primaryimage","url":"https:\/\/batijournal.com\/wp-content\/uploads\/2018\/01\/Halle-du-site-Lustucru.jpg","contentUrl":"https:\/\/batijournal.com\/wp-content\/uploads\/2018\/01\/Halle-du-site-Lustucru.jpg","width":620,"height":250,"caption":"Destruction de la Halle Lustucru d Arles"},{"@type":"BreadcrumbList","@id":"https:\/\/batijournal.com\/index.php\/destruction-de-halle-lustucru-darles-remise-question\/97996\/#breadcrumb","itemListElement":[{"@type":"ListItem","position":1,"name":"Accueil","item":"https:\/\/batijournal.com\/"},{"@type":"ListItem","position":2,"name":"Actualit\u00e9s","item":"https:\/\/batijournal.com\/index.php\/category\/actualites\/"},{"@type":"ListItem","position":3,"name":"Architecture &amp; Conception","item":"https:\/\/batijournal.com\/index.php\/category\/actualites\/architecture-conception\/"},{"@type":"ListItem","position":4,"name":"Arles : la destruction de la Halle Lustucru remise en question"}]},{"@type":"WebSite","@id":"https:\/\/batijournal.com\/#website","url":"https:\/\/batijournal.com\/","name":"Batijournal","description":"L&#039;actualit\u00e9 du b\u00e2timent","potentialAction":[{"@type":"SearchAction","target":{"@type":"EntryPoint","urlTemplate":"https:\/\/batijournal.com\/?s={search_term_string}"},"query-input":{"@type":"PropertyValueSpecification","valueRequired":true,"valueName":"search_term_string"}}],"inLanguage":"fr-FR"},{"@type":"Person","@id":"https:\/\/batijournal.com\/#\/schema\/person\/6a657e8967569e1b299972574848aa76","name":"Bati-journal","image":{"@type":"ImageObject","inLanguage":"fr-FR","@id":"https:\/\/secure.gravatar.com\/avatar\/a64364ea26392f9b4dd47e017ddaec74ff03aefc073b49e492e847201258f777?s=96&d=mm&r=g","url":"https:\/\/secure.gravatar.com\/avatar\/a64364ea26392f9b4dd47e017ddaec74ff03aefc073b49e492e847201258f777?s=96&d=mm&r=g","contentUrl":"https:\/\/secure.gravatar.com\/avatar\/a64364ea26392f9b4dd47e017ddaec74ff03aefc073b49e492e847201258f777?s=96&d=mm&r=g","caption":"Bati-journal"},"url":"https:\/\/batijournal.com\/index.php\/author\/elodie\/"}]}},"_links":{"self":[{"href":"https:\/\/batijournal.com\/index.php\/wp-json\/wp\/v2\/posts\/97996","targetHints":{"allow":["GET"]}}],"collection":[{"href":"https:\/\/batijournal.com\/index.php\/wp-json\/wp\/v2\/posts"}],"about":[{"href":"https:\/\/batijournal.com\/index.php\/wp-json\/wp\/v2\/types\/post"}],"author":[{"embeddable":true,"href":"https:\/\/batijournal.com\/index.php\/wp-json\/wp\/v2\/users\/1"}],"replies":[{"embeddable":true,"href":"https:\/\/batijournal.com\/index.php\/wp-json\/wp\/v2\/comments?post=97996"}],"version-history":[{"count":0,"href":"https:\/\/batijournal.com\/index.php\/wp-json\/wp\/v2\/posts\/97996\/revisions"}],"wp:featuredmedia":[{"embeddable":true,"href":"https:\/\/batijournal.com\/index.php\/wp-json\/wp\/v2\/media\/97997"}],"wp:attachment":[{"href":"https:\/\/batijournal.com\/index.php\/wp-json\/wp\/v2\/media?parent=97996"}],"wp:term":[{"taxonomy":"category","embeddable":true,"href":"https:\/\/batijournal.com\/index.php\/wp-json\/wp\/v2\/categories?post=97996"},{"taxonomy":"post_tag","embeddable":true,"href":"https:\/\/batijournal.com\/index.php\/wp-json\/wp\/v2\/tags?post=97996"}],"curies":[{"name":"wp","href":"https:\/\/api.w.org\/{rel}","templated":true}]}}