{"id":98003,"date":"2018-01-03T16:21:05","date_gmt":"2018-01-03T15:21:05","guid":{"rendered":"http:\/\/batijournal.com\/?p=98003"},"modified":"2019-07-15T11:27:03","modified_gmt":"2019-07-15T09:27:03","slug":"zac-du-grand-verger-a-chambery","status":"publish","type":"post","link":"https:\/\/batijournal.com\/index.php\/zac-du-grand-verger-a-chambery\/98003\/","title":{"rendered":"Min\u00e9ral en montagne"},"content":{"rendered":"<p><strong>Zac du Grand Verger \u00e0 Chamb\u00e9ry :\u00a0<\/strong><\/p>\n<p class=\"p1\">Ces trois volumes ont \u00e9t\u00e9 recoup\u00e9s et vitr\u00e9s sur toute la hauteur de leur fa\u00e7ade nord pour que les espaces de bureaux qu&rsquo;ils abritent b\u00e9n\u00e9ficient de la lumi\u00e8re naturelle et de la vue sur l\u2019ext\u00e9rieur. La volum\u00e9trie g\u00e9n\u00e9rale s\u2019en trouve adoucie, sa profondeur pond\u00e9r\u00e9e par l\u2019accentuation de la verticalit\u00e9. Les trois murs-rideaux transparents, en saillie du socle, sont pos\u00e9s sur pilotis en b\u00e9ton lasur\u00e9. Les autres fa\u00e7ades ont re\u00e7u une ITE en panneaux isolants de polystyr\u00e8ne expans\u00e9 (14 cm), coll\u00e9s sur support b\u00e9ton, couverts d\u2019un enduit arm\u00e9 d&rsquo;un treillis avec finition min\u00e9rale taloch\u00e9e fin. Les menuiseries aluminium thermolaqu\u00e9 sont \u00e9quip\u00e9es de brise-soleil orientables ou, en fa\u00e7ade sud, de volets motoris\u00e9s. En toiture-terrasse\u00a0: dalle b\u00e9ton arm\u00e9, primaire, pare-vapeur soud\u00e9, isolant polyur\u00e9thane (16 cm, lambda de 0,023 W\/(m.K), R de 6,95 min.), \u00e9cran d&rsquo;ind\u00e9pendance, \u00e9tanch\u00e9it\u00e9 et couvre-joints soud\u00e9s, gravillons 8\/20 (norme NF P84-204, DTU 43.1).<\/p>\n<p class=\"p1\">Compagnie des Alpes et SAS D\u00e9veloppement, Zac du Grand Verger \u00e0 Chamb\u00e9ry \u2022 Ma\u00eetrise d\u2019ouvrage\u00a0: SAS D\u00e9veloppement \u2022 Architectes\u00a0: Archigroup<\/p>\n<p class=\"p1\">Photos\u00a0: \u00c9rick Saillet<\/p>\n","protected":false},"excerpt":{"rendered":"<p>Zac du Grand Verger \u00e0 Chamb\u00e9ry :\u00a0 Ces trois volumes ont \u00e9t\u00e9 recoup\u00e9s et vitr\u00e9s sur toute la hauteur de leur fa\u00e7ade nord pour que les espaces de bureaux qu&rsquo;ils abritent b\u00e9n\u00e9ficient de la lumi\u00e8re naturelle et de la vue sur l\u2019ext\u00e9rieur. La volum\u00e9trie g\u00e9n\u00e9rale s\u2019en trouve adoucie, sa profondeur pond\u00e9r\u00e9e par l\u2019accentuation de la [&hellip;]<\/p>\n","protected":false},"author":1,"featured_media":98004,"comment_status":"closed","ping_status":"closed","sticky":false,"template":"","format":"standard","meta":{"_et_pb_use_builder":"","_et_pb_old_content":"","_et_gb_content_width":"","footnotes":""},"categories":[6340,10775],"tags":[],"class_list":["post-98003","post","type-post","status-publish","format-standard","has-post-thumbnail","hentry","category-architecture-conception","category-actualites-5facades"],"yoast_head":"<!-- This site is optimized with the Yoast SEO plugin v27.4 - https:\/\/yoast.com\/product\/yoast-seo-wordpress\/ -->\n<title>Zac du Grand Verger \u00e0 Chamb\u00e9ry : min\u00e9ral en montagne<\/title>\n<meta name=\"description\" content=\"Compagnie des Alpes et SAS D\u00e9veloppement, Zac du Grand Verger \u00e0 Chamb\u00e9ry \u2022 Ma\u00eetrise d\u2019ouvrage\u00a0: SAS D\u00e9veloppement \u2022 Architectes\u00a0: Archigroup\" \/>\n<meta name=\"robots\" content=\"index, follow, max-snippet:-1, max-image-preview:large, max-video-preview:-1\" \/>\n<link rel=\"canonical\" href=\"https:\/\/batijournal.com\/index.php\/zac-du-grand-verger-a-chambery\/98003\/\" \/>\n<meta property=\"og:locale\" content=\"fr_FR\" \/>\n<meta property=\"og:type\" content=\"article\" \/>\n<meta property=\"og:title\" content=\"Zac du Grand Verger \u00e0 Chamb\u00e9ry : min\u00e9ral en montagne\" \/>\n<meta property=\"og:description\" content=\"Compagnie des Alpes et SAS D\u00e9veloppement, Zac du Grand Verger \u00e0 Chamb\u00e9ry \u2022 Ma\u00eetrise d\u2019ouvrage\u00a0: SAS D\u00e9veloppement \u2022 Architectes\u00a0: Archigroup\" \/>\n<meta property=\"og:url\" content=\"https:\/\/batijournal.com\/index.php\/zac-du-grand-verger-a-chambery\/98003\/\" \/>\n<meta property=\"og:site_name\" content=\"Batijournal\" \/>\n<meta property=\"article:published_time\" content=\"2018-01-03T15:21:05+00:00\" \/>\n<meta property=\"article:modified_time\" content=\"2019-07-15T09:27:03+00:00\" \/>\n<meta property=\"og:image\" content=\"https:\/\/batijournal.com\/wp-content\/uploads\/2018\/01\/ZBA-Studio_Erick_Saillet.jpg\" \/>\n\t<meta property=\"og:image:width\" content=\"800\" \/>\n\t<meta property=\"og:image:height\" content=\"533\" \/>\n\t<meta property=\"og:image:type\" content=\"image\/jpeg\" \/>\n<meta name=\"author\" content=\"Bati-journal\" \/>\n<meta name=\"twitter:card\" content=\"summary_large_image\" \/>\n<meta name=\"twitter:creator\" content=\"@bati_journal\" \/>\n<meta name=\"twitter:site\" content=\"@bati_journal\" \/>\n<meta name=\"twitter:label1\" content=\"\u00c9crit par\" \/>\n\t<meta name=\"twitter:data1\" content=\"Bati-journal\" \/>\n\t<meta name=\"twitter:label2\" content=\"Dur\u00e9e de lecture estim\u00e9e\" \/>\n\t<meta name=\"twitter:data2\" content=\"1 minute\" \/>\n<script type=\"application\/ld+json\" class=\"yoast-schema-graph\">{\"@context\":\"https:\\\/\\\/schema.org\",\"@graph\":[{\"@type\":\"Article\",\"@id\":\"https:\\\/\\\/batijournal.com\\\/index.php\\\/zac-du-grand-verger-a-chambery\\\/98003\\\/#article\",\"isPartOf\":{\"@id\":\"https:\\\/\\\/batijournal.com\\\/index.php\\\/zac-du-grand-verger-a-chambery\\\/98003\\\/\"},\"author\":{\"name\":\"Bati-journal\",\"@id\":\"https:\\\/\\\/batijournal.com\\\/#\\\/schema\\\/person\\\/6a657e8967569e1b299972574848aa76\"},\"headline\":\"Min\u00e9ral en montagne\",\"datePublished\":\"2018-01-03T15:21:05+00:00\",\"dateModified\":\"2019-07-15T09:27:03+00:00\",\"mainEntityOfPage\":{\"@id\":\"https:\\\/\\\/batijournal.com\\\/index.php\\\/zac-du-grand-verger-a-chambery\\\/98003\\\/\"},\"wordCount\":211,\"image\":{\"@id\":\"https:\\\/\\\/batijournal.com\\\/index.php\\\/zac-du-grand-verger-a-chambery\\\/98003\\\/#primaryimage\"},\"thumbnailUrl\":\"https:\\\/\\\/batijournal.com\\\/wp-content\\\/uploads\\\/2018\\\/01\\\/ZBA-Studio_Erick_Saillet.jpg\",\"articleSection\":[\"Architecture &amp; Conception\",\"zz_Actualit\u00e9s - 5fa\u00e7ades\"],\"inLanguage\":\"fr-FR\"},{\"@type\":\"WebPage\",\"@id\":\"https:\\\/\\\/batijournal.com\\\/index.php\\\/zac-du-grand-verger-a-chambery\\\/98003\\\/\",\"url\":\"https:\\\/\\\/batijournal.com\\\/index.php\\\/zac-du-grand-verger-a-chambery\\\/98003\\\/\",\"name\":\"Zac du Grand Verger \u00e0 Chamb\u00e9ry : min\u00e9ral en montagne\",\"isPartOf\":{\"@id\":\"https:\\\/\\\/batijournal.com\\\/#website\"},\"primaryImageOfPage\":{\"@id\":\"https:\\\/\\\/batijournal.com\\\/index.php\\\/zac-du-grand-verger-a-chambery\\\/98003\\\/#primaryimage\"},\"image\":{\"@id\":\"https:\\\/\\\/batijournal.com\\\/index.php\\\/zac-du-grand-verger-a-chambery\\\/98003\\\/#primaryimage\"},\"thumbnailUrl\":\"https:\\\/\\\/batijournal.com\\\/wp-content\\\/uploads\\\/2018\\\/01\\\/ZBA-Studio_Erick_Saillet.jpg\",\"datePublished\":\"2018-01-03T15:21:05+00:00\",\"dateModified\":\"2019-07-15T09:27:03+00:00\",\"author\":{\"@id\":\"https:\\\/\\\/batijournal.com\\\/#\\\/schema\\\/person\\\/6a657e8967569e1b299972574848aa76\"},\"description\":\"Compagnie des Alpes et SAS D\u00e9veloppement, Zac du Grand Verger \u00e0 Chamb\u00e9ry \u2022 Ma\u00eetrise d\u2019ouvrage\u00a0: SAS D\u00e9veloppement \u2022 Architectes\u00a0: Archigroup\",\"breadcrumb\":{\"@id\":\"https:\\\/\\\/batijournal.com\\\/index.php\\\/zac-du-grand-verger-a-chambery\\\/98003\\\/#breadcrumb\"},\"inLanguage\":\"fr-FR\",\"potentialAction\":[{\"@type\":\"ReadAction\",\"target\":[\"https:\\\/\\\/batijournal.com\\\/index.php\\\/zac-du-grand-verger-a-chambery\\\/98003\\\/\"]}]},{\"@type\":\"ImageObject\",\"inLanguage\":\"fr-FR\",\"@id\":\"https:\\\/\\\/batijournal.com\\\/index.php\\\/zac-du-grand-verger-a-chambery\\\/98003\\\/#primaryimage\",\"url\":\"https:\\\/\\\/batijournal.com\\\/wp-content\\\/uploads\\\/2018\\\/01\\\/ZBA-Studio_Erick_Saillet.jpg\",\"contentUrl\":\"https:\\\/\\\/batijournal.com\\\/wp-content\\\/uploads\\\/2018\\\/01\\\/ZBA-Studio_Erick_Saillet.jpg\",\"width\":800,\"height\":533,\"caption\":\"Zac du Grand Verger \u00e0 Chamb\u00e9ry\"},{\"@type\":\"BreadcrumbList\",\"@id\":\"https:\\\/\\\/batijournal.com\\\/index.php\\\/zac-du-grand-verger-a-chambery\\\/98003\\\/#breadcrumb\",\"itemListElement\":[{\"@type\":\"ListItem\",\"position\":1,\"name\":\"Accueil\",\"item\":\"https:\\\/\\\/batijournal.com\\\/\"},{\"@type\":\"ListItem\",\"position\":2,\"name\":\"Actualit\u00e9s\",\"item\":\"https:\\\/\\\/batijournal.com\\\/index.php\\\/category\\\/actualites\\\/\"},{\"@type\":\"ListItem\",\"position\":3,\"name\":\"Architecture &amp; Conception\",\"item\":\"https:\\\/\\\/batijournal.com\\\/index.php\\\/category\\\/actualites\\\/architecture-conception\\\/\"},{\"@type\":\"ListItem\",\"position\":4,\"name\":\"Min\u00e9ral en montagne\"}]},{\"@type\":\"WebSite\",\"@id\":\"https:\\\/\\\/batijournal.com\\\/#website\",\"url\":\"https:\\\/\\\/batijournal.com\\\/\",\"name\":\"Batijournal\",\"description\":\"L&#039;actualit\u00e9 du b\u00e2timent\",\"potentialAction\":[{\"@type\":\"SearchAction\",\"target\":{\"@type\":\"EntryPoint\",\"urlTemplate\":\"https:\\\/\\\/batijournal.com\\\/?s={search_term_string}\"},\"query-input\":{\"@type\":\"PropertyValueSpecification\",\"valueRequired\":true,\"valueName\":\"search_term_string\"}}],\"inLanguage\":\"fr-FR\"},{\"@type\":\"Person\",\"@id\":\"https:\\\/\\\/batijournal.com\\\/#\\\/schema\\\/person\\\/6a657e8967569e1b299972574848aa76\",\"name\":\"Bati-journal\",\"image\":{\"@type\":\"ImageObject\",\"inLanguage\":\"fr-FR\",\"@id\":\"https:\\\/\\\/secure.gravatar.com\\\/avatar\\\/a64364ea26392f9b4dd47e017ddaec74ff03aefc073b49e492e847201258f777?s=96&d=mm&r=g\",\"url\":\"https:\\\/\\\/secure.gravatar.com\\\/avatar\\\/a64364ea26392f9b4dd47e017ddaec74ff03aefc073b49e492e847201258f777?s=96&d=mm&r=g\",\"contentUrl\":\"https:\\\/\\\/secure.gravatar.com\\\/avatar\\\/a64364ea26392f9b4dd47e017ddaec74ff03aefc073b49e492e847201258f777?s=96&d=mm&r=g\",\"caption\":\"Bati-journal\"},\"url\":\"https:\\\/\\\/batijournal.com\\\/index.php\\\/author\\\/elodie\\\/\"}]}<\/script>\n<!-- \/ Yoast SEO plugin. -->","yoast_head_json":{"title":"Zac du Grand Verger \u00e0 Chamb\u00e9ry : min\u00e9ral en montagne","description":"Compagnie des Alpes et SAS D\u00e9veloppement, Zac du Grand Verger \u00e0 Chamb\u00e9ry \u2022 Ma\u00eetrise d\u2019ouvrage\u00a0: SAS D\u00e9veloppement \u2022 Architectes\u00a0: Archigroup","robots":{"index":"index","follow":"follow","max-snippet":"max-snippet:-1","max-image-preview":"max-image-preview:large","max-video-preview":"max-video-preview:-1"},"canonical":"https:\/\/batijournal.com\/index.php\/zac-du-grand-verger-a-chambery\/98003\/","og_locale":"fr_FR","og_type":"article","og_title":"Zac du Grand Verger \u00e0 Chamb\u00e9ry : min\u00e9ral en montagne","og_description":"Compagnie des Alpes et SAS D\u00e9veloppement, Zac du Grand Verger \u00e0 Chamb\u00e9ry \u2022 Ma\u00eetrise d\u2019ouvrage\u00a0: SAS D\u00e9veloppement \u2022 Architectes\u00a0: Archigroup","og_url":"https:\/\/batijournal.com\/index.php\/zac-du-grand-verger-a-chambery\/98003\/","og_site_name":"Batijournal","article_published_time":"2018-01-03T15:21:05+00:00","article_modified_time":"2019-07-15T09:27:03+00:00","og_image":[{"width":800,"height":533,"url":"https:\/\/batijournal.com\/wp-content\/uploads\/2018\/01\/ZBA-Studio_Erick_Saillet.jpg","type":"image\/jpeg"}],"author":"Bati-journal","twitter_card":"summary_large_image","twitter_creator":"@bati_journal","twitter_site":"@bati_journal","twitter_misc":{"\u00c9crit par":"Bati-journal","Dur\u00e9e de lecture estim\u00e9e":"1 minute"},"schema":{"@context":"https:\/\/schema.org","@graph":[{"@type":"Article","@id":"https:\/\/batijournal.com\/index.php\/zac-du-grand-verger-a-chambery\/98003\/#article","isPartOf":{"@id":"https:\/\/batijournal.com\/index.php\/zac-du-grand-verger-a-chambery\/98003\/"},"author":{"name":"Bati-journal","@id":"https:\/\/batijournal.com\/#\/schema\/person\/6a657e8967569e1b299972574848aa76"},"headline":"Min\u00e9ral en montagne","datePublished":"2018-01-03T15:21:05+00:00","dateModified":"2019-07-15T09:27:03+00:00","mainEntityOfPage":{"@id":"https:\/\/batijournal.com\/index.php\/zac-du-grand-verger-a-chambery\/98003\/"},"wordCount":211,"image":{"@id":"https:\/\/batijournal.com\/index.php\/zac-du-grand-verger-a-chambery\/98003\/#primaryimage"},"thumbnailUrl":"https:\/\/batijournal.com\/wp-content\/uploads\/2018\/01\/ZBA-Studio_Erick_Saillet.jpg","articleSection":["Architecture &amp; Conception","zz_Actualit\u00e9s - 5fa\u00e7ades"],"inLanguage":"fr-FR"},{"@type":"WebPage","@id":"https:\/\/batijournal.com\/index.php\/zac-du-grand-verger-a-chambery\/98003\/","url":"https:\/\/batijournal.com\/index.php\/zac-du-grand-verger-a-chambery\/98003\/","name":"Zac du Grand Verger \u00e0 Chamb\u00e9ry : min\u00e9ral en montagne","isPartOf":{"@id":"https:\/\/batijournal.com\/#website"},"primaryImageOfPage":{"@id":"https:\/\/batijournal.com\/index.php\/zac-du-grand-verger-a-chambery\/98003\/#primaryimage"},"image":{"@id":"https:\/\/batijournal.com\/index.php\/zac-du-grand-verger-a-chambery\/98003\/#primaryimage"},"thumbnailUrl":"https:\/\/batijournal.com\/wp-content\/uploads\/2018\/01\/ZBA-Studio_Erick_Saillet.jpg","datePublished":"2018-01-03T15:21:05+00:00","dateModified":"2019-07-15T09:27:03+00:00","author":{"@id":"https:\/\/batijournal.com\/#\/schema\/person\/6a657e8967569e1b299972574848aa76"},"description":"Compagnie des Alpes et SAS D\u00e9veloppement, Zac du Grand Verger \u00e0 Chamb\u00e9ry \u2022 Ma\u00eetrise d\u2019ouvrage\u00a0: SAS D\u00e9veloppement \u2022 Architectes\u00a0: Archigroup","breadcrumb":{"@id":"https:\/\/batijournal.com\/index.php\/zac-du-grand-verger-a-chambery\/98003\/#breadcrumb"},"inLanguage":"fr-FR","potentialAction":[{"@type":"ReadAction","target":["https:\/\/batijournal.com\/index.php\/zac-du-grand-verger-a-chambery\/98003\/"]}]},{"@type":"ImageObject","inLanguage":"fr-FR","@id":"https:\/\/batijournal.com\/index.php\/zac-du-grand-verger-a-chambery\/98003\/#primaryimage","url":"https:\/\/batijournal.com\/wp-content\/uploads\/2018\/01\/ZBA-Studio_Erick_Saillet.jpg","contentUrl":"https:\/\/batijournal.com\/wp-content\/uploads\/2018\/01\/ZBA-Studio_Erick_Saillet.jpg","width":800,"height":533,"caption":"Zac du Grand Verger \u00e0 Chamb\u00e9ry"},{"@type":"BreadcrumbList","@id":"https:\/\/batijournal.com\/index.php\/zac-du-grand-verger-a-chambery\/98003\/#breadcrumb","itemListElement":[{"@type":"ListItem","position":1,"name":"Accueil","item":"https:\/\/batijournal.com\/"},{"@type":"ListItem","position":2,"name":"Actualit\u00e9s","item":"https:\/\/batijournal.com\/index.php\/category\/actualites\/"},{"@type":"ListItem","position":3,"name":"Architecture &amp; Conception","item":"https:\/\/batijournal.com\/index.php\/category\/actualites\/architecture-conception\/"},{"@type":"ListItem","position":4,"name":"Min\u00e9ral en montagne"}]},{"@type":"WebSite","@id":"https:\/\/batijournal.com\/#website","url":"https:\/\/batijournal.com\/","name":"Batijournal","description":"L&#039;actualit\u00e9 du b\u00e2timent","potentialAction":[{"@type":"SearchAction","target":{"@type":"EntryPoint","urlTemplate":"https:\/\/batijournal.com\/?s={search_term_string}"},"query-input":{"@type":"PropertyValueSpecification","valueRequired":true,"valueName":"search_term_string"}}],"inLanguage":"fr-FR"},{"@type":"Person","@id":"https:\/\/batijournal.com\/#\/schema\/person\/6a657e8967569e1b299972574848aa76","name":"Bati-journal","image":{"@type":"ImageObject","inLanguage":"fr-FR","@id":"https:\/\/secure.gravatar.com\/avatar\/a64364ea26392f9b4dd47e017ddaec74ff03aefc073b49e492e847201258f777?s=96&d=mm&r=g","url":"https:\/\/secure.gravatar.com\/avatar\/a64364ea26392f9b4dd47e017ddaec74ff03aefc073b49e492e847201258f777?s=96&d=mm&r=g","contentUrl":"https:\/\/secure.gravatar.com\/avatar\/a64364ea26392f9b4dd47e017ddaec74ff03aefc073b49e492e847201258f777?s=96&d=mm&r=g","caption":"Bati-journal"},"url":"https:\/\/batijournal.com\/index.php\/author\/elodie\/"}]}},"_links":{"self":[{"href":"https:\/\/batijournal.com\/index.php\/wp-json\/wp\/v2\/posts\/98003","targetHints":{"allow":["GET"]}}],"collection":[{"href":"https:\/\/batijournal.com\/index.php\/wp-json\/wp\/v2\/posts"}],"about":[{"href":"https:\/\/batijournal.com\/index.php\/wp-json\/wp\/v2\/types\/post"}],"author":[{"embeddable":true,"href":"https:\/\/batijournal.com\/index.php\/wp-json\/wp\/v2\/users\/1"}],"replies":[{"embeddable":true,"href":"https:\/\/batijournal.com\/index.php\/wp-json\/wp\/v2\/comments?post=98003"}],"version-history":[{"count":0,"href":"https:\/\/batijournal.com\/index.php\/wp-json\/wp\/v2\/posts\/98003\/revisions"}],"wp:featuredmedia":[{"embeddable":true,"href":"https:\/\/batijournal.com\/index.php\/wp-json\/wp\/v2\/media\/98004"}],"wp:attachment":[{"href":"https:\/\/batijournal.com\/index.php\/wp-json\/wp\/v2\/media?parent=98003"}],"wp:term":[{"taxonomy":"category","embeddable":true,"href":"https:\/\/batijournal.com\/index.php\/wp-json\/wp\/v2\/categories?post=98003"},{"taxonomy":"post_tag","embeddable":true,"href":"https:\/\/batijournal.com\/index.php\/wp-json\/wp\/v2\/tags?post=98003"}],"curies":[{"name":"wp","href":"https:\/\/api.w.org\/{rel}","templated":true}]}}